{"id":15248,"date":"2012-12-27T15:40:19","date_gmt":"2012-12-27T14:40:19","guid":{"rendered":"http:\/\/www.hohenlohe-ungefiltert.de\/?p=15248"},"modified":"2012-12-27T15:40:45","modified_gmt":"2012-12-27T14:40:45","slug":"ohne-gesetzliche-grundlage-darf-bei-demostrationen-nicht-gefilmt-werden-stuttgarter-bundnis-fur-versammlungsfreiheit","status":"publish","type":"post","link":"https:\/\/www.hohenlohe-ungefiltert.de\/?p=15248","title":{"rendered":"&#8222;Ohne gesetzliche Grundlage darf bei Demostrationen nicht gefilmt werden&#8220; \u2013 Kritik des Stuttgarter B\u00fcndnisses f\u00fcr Versammlungsfreiheit"},"content":{"rendered":"<p><strong>Das Stuttgarter B\u00fcndnis f\u00fcr Versammlungsfreiheit hat das Innen- und Justizministerium Stuttgart um eine Stellungnahme zur anlasslosen Video\u00fcberwachung bei Demonstrationen gebeten.<\/strong><\/p>\n<p><em>Von Thomas Tr\u00fcten, Stuttgarter B\u00fcndnis f\u00fcr Versammlungsfreiheit<\/em><\/p>\n<p><strong>Akute Gefahrensituationen, Beweissicherung von Straftaten, Gef\u00e4hrdungen der \u00f6ffentlichen Ordnung<\/strong><\/p>\n<p>Die erste Stellungnahme von Innenminister Gall beziehungsweise dessen Stellvertreter, Landespolizeipr\u00e4sident Professor Dr. Hammann ging \u00fcberhaupt nicht darauf ein, dass laut einem Urteil des Oberverwaltungsgerichts Nordrhein-Westfalen vom 23.11.2010 (Aktenzeichen 5 A 2288\/09) nicht ohne gesetzliche Grundlage gefilmt werden darf. Diese existiert nur in akuten Gefahrensituationen beziehungsweise zur Beweissicherung von Straftaten oder anderer akuten Gef\u00e4hrdungen der \u00f6ffentlichen Ordnung. In anderen F\u00e4llen darf nicht gefilmt werden. Auch wenn nur der Anschein der Video\u00fcberwachung entsteht, schr\u00e4nkt dies die \u201einnere Versammlungsfreiheit\u201c ein und ist daher unzul\u00e4ssig.<\/p>\n<p><strong>&#8222;Beweissicherungsbeamte \u00fcberpr\u00fcfen gelegentlich die Funktionsf\u00e4higkeit ihrer Videotechnik&#8220;<\/strong><\/p>\n<p>Auf erneutes Nachfragen durch das Versammlungsrechtsb\u00fcndnis wird vom Innenministerium wieder nicht auf diesen Sachverhalt eingegangen und lapidar darauf verwiesen, dass die \u201e&#8230;Beweissicherungsbeamten gelegentlich die Funktionsf\u00e4higkeit ihrer Videotechnik \u00fcberpr\u00fcfen (&#8230;). Dies bedeutet aber nicht, dass zeitgleich eine Aufzeichnung erfolgt\u201c. Mit einer ernsthaften Auseinandersetzung mit dem Thema durch das Innenministerium ist offensichtlich nicht zu rechnen, wenn derart haneb\u00fcchene Ausreden herhalten m\u00fcssen, um berechtigte Fragen nach der Rechtsstaatlichkeit des Einsatzes von Video\u00fcberwachung bei Demonstrationen abzuwiegeln.<\/p>\n<p><strong> Fl\u00e4chendeckender Rechtsbruch\u00a0<\/strong><\/p>\n<p>Wir hatten unserem zweiten Schreiben eine ausf\u00fchrliche Dokumentation von 19 F\u00e4llen anlassloser Video- und Foto\u00fcberwachung aus den Jahren 2011\/12 durch die Polizei bei Demonstrationen in neun St\u00e4dten und Gemeinden Baden-W\u00fcrttembergs beigef\u00fcgt. Das Innenministerium geht in seinem Antwortschreiben darauf mit keinem Wort ein. Unseres Erachtens l\u00e4sst das nur den Schluss zu, dass dieser fl\u00e4chendeckende Rechtsbruch im Einverst\u00e4ndnis oder sogar auf Veranlassung des Innenministeriums geschieht. Ein Weiterf\u00fchren des Schriftwechsels mit dem Innenministerium scheint aufgrund der bisherigen Korrespondenz (1) nicht sinnvoll.<\/p>\n<p><strong>Uli Sckerl will aktiv werden<\/strong><\/p>\n<p>Uli Sckerl, parlamentarischer Gesch\u00e4ftsf\u00fchrer und stellvertretender Fraktionsvorsitzender der Gr\u00fcnen im Landtag, hat am 5. Dezember 2012 im Stuttgarter Rathaus bei der Veranstaltung \u201eDer schwarze Donnerstag \u2013 was noch aufzuarbeiten ist\u201c angek\u00fcndigt, wegen der Dauervideoaufzeichnungen, die bei Protesten gegen S21 und Naziaufm\u00e4rschen zu einer regelrechten Unsitte geworden sind, aktiv zu werden. (2) Uli Sckerl unterst\u00fctzt damit eine Forderung, die unser B\u00fcndnis seit Jahren erhebt. Wir begr\u00fc\u00dfen daher diese Initiative, geltendes Recht endlich zur Anwendung zu bringen. Wir pr\u00fcfen dar\u00fcber hinaus weitere Mittel, um gegen diesen fortw\u00e4hrenden Rechtsbruch vorzugehen.<\/p>\n<p><strong>Weitere Informationen und Kontakt:<\/strong><\/p>\n<p>(1) <a href=\"http:\/\/www.versammlungsrecht.info\/neu\/files\/versammlungsrecht_innenministerium.pdf\" target=\"_blank\">http:\/\/www.versammlungsrecht.info\/neu\/files\/versammlungsrecht_innenministerium.pdf<\/a><\/p>\n<p>(2) <a href=\"http:\/\/embed.bambuser.com\/broadcast\/3203595\" target=\"_blank\">http:\/\/embed.bambuser.com\/broadcast\/3203595<\/a><\/p>\n<div class=\"pdf24Plugin-cp\"> \t<form name=\"pdf24Form0\" method=\"post\" action=\"https:\/\/doc2pdf.pdf24.org\/wordpress.php\" target=\"pdf24PopWin\" onsubmit=\"var pdf24Win = window.open('about:blank', 'pdf24PopWin', 'resizable=yes,scrollbars=yes,width=600,height=250,left='+(screen.width\/2-300)+',top='+(screen.height\/3-125)+''); pdf24Win.focus(); if(typeof pdf24OnCreatePDF === 'function'){void(pdf24OnCreatePDF(this,pdf24Win));}\"> \t\t<input type=\"hidden\" name=\"blogCharset\" value=\"Cw1x07UAAA==\" \/><input type=\"hidden\" name=\"blogPosts\" value=\"MwQA\" \/><input type=\"hidden\" name=\"blogUrl\" value=\"yygpKSi20tcvLy\/Xy8jPSM3LARK6pXnpqWmZOSWpRSV6KakA\" \/><input type=\"hidden\" name=\"blogName\" value=\"88jPSM3LARK6pXnpqWmZOSWpRSUA\" \/><input type=\"hidden\" name=\"blogValueEncoding\" value=\"gzdeflate base64\" \/><input type=\"hidden\" name=\"postId_0\" value=\"MzQ1MrEAAA==\" \/><input type=\"hidden\" name=\"postTitle_0\" value=\"FYwxCsJAEEWvMiCkllRCOhEsLCwE+9X9uzu4O4GZCYKVd\/A66XITT2JsH++9brPr+344FwFlGPxV+V5AR50k1pBBMWiiG5gOaKO5BudRICSr52uTuDanJzRCuv9tO9D3\/aGTsvODIowuPrnnoA6l\/TJLFDZbeVpmpSvUQmt1kmxJwQXsPw==\" \/><input type=\"hidden\" name=\"postLink_0\" value=\"yygpKSi20tcvLy\/Xy8jPSM3LARK6pXnpqWmZOSWpRSV6Kan69gW2hqZGJhYA\" \/><input type=\"hidden\" name=\"postAuthor_0\" value=\"AwA=\" \/><input type=\"hidden\" name=\"postDateTime_0\" value=\"MzIwNNIFIiNzBUNTK0MjK0NLAA==\" \/><input type=\"hidden\" name=\"postContent_0\" value=\"rVbNbttGEL73KQYuUDiAIlkyDORHMaDAtduk+UEcx8dgKS7JhZZLYXcpFTzlHXot2h78DD3pVL1JnqTfDClbtpwiLXqII4nc3Znvb3Y8Px6H6CuXH5+oQOexjjFXPmpPz9crlzoTKFuvPH3QPqiytLXLQ+a1KbSJVKhIKZb96Jx2D6l2Kb2oQzRNabAQm5i6vNmT8EUbp\/GLtryRU0Wpqak9KWdVCLYK2tEHk+pqvUq0X6ppgdco0YZOdFk5VKqiqXAY5TrRUbv+eNCVPx7Mj78Zox1dHn+oHL0vqhKlvffrFd7r\/cvWxgNsc71ld8RkVkdNZzpThdcumFh31fTouV5qE4KZFtpzyQtUcI5qs6jkdCxaXxU+xTMUn6KG9Z9Zpl20vMTRG586PNvp5sRoQnnxLmi8v6C+QZrOlLVAqjGaMQtcjsZBgSGVtQvtowdmvkc\/KYcn88qaRpu5X18FYO4ivfVVhhWVpxPfpx8AinKA2qAhIaRQ9TySQ8nMu1d1xoT2WAOBrKqj8FvSBVA2lk+nN1i2YCpt5LJyaAKrA72ufOqBtHt4qUPMlEWZi6qk0WF\/OOyPDoYHtD+ZATtUKAgd0YRGo0ePBgePH3QlVAXElOugYyMw0hmwT63K+dfM2DLSUvuUAVc+6xPABCb6ZwBmAAY5KM84Ukyru4\/XHTxZq\/9MNVVMLuPr+f\/rrb+G\/T4o7ZY6Ol1fWduV3vV7u6k+TeppgS+giDvhbScuTBlU+bJrJJwIrRSxR3gNtLsZeAQo\/Ic+f\/rNQFFe32uIz59+ZXLF48APZaF9fGtqC\/kEk\/fvuuW7bx+NRqOnd+AKiVYl5Cx1QXqrTMxsdd7BIbWc1igNFATGzeQzDhtT+E1TUU8LZ2ZywsHTHdNMWJfeaWAPoaH3zCsBvva8P1Jhu0OvWZDJJhKWxqeixFv24iBbGs2wtlyw9hk6dhdOWLA5rOg\/17kSnhkqq+YGDG7cwk6QRZ1nOty5kcODL0D1n+G5jfF+d8iD1geQdsoAoZNk01RXFBwXc8u2a+MacIoJnUjIZ5XNWQ59emVaw3tGO8QCFsBBkzrgR5ExO5MXlXgxRS68L3SptmjYgZiVVbEzGIS23xbupibmSbJWFI\/deaQUymlQxy7iQkEm271o2cCncr0KAjc2R59Mtckhv9NWEU5xJWjgnYggRKXkVEGU4+t744KKDT6xzb9uNKmkqcEyWHM7pqBT2IWrTfV0xn83RyceZv7rjx0tXxrPYzaKngI6KKmBSvj7OTysTYJPQpOqIYdV4dsoPKlmdQnNSFFS\/PDxdabcjNtOMe3sPq3i7e6wJTGeLyQYCak8HAxHGwIhxLftCLkXBoQFLMjZuL5KY+eHM12iWN7zucLfh5cYwGiuxKE5a9Ig49arPEKk9+kjR3jxxqGdMxMXl5WP4RqIzmast1n7yiWeMz59uhD4QKlHd6gHE4uTq73BtAEqmNqaPVDfOJRRyu7Qts0amZJ1suA5jUyVFJEpECrcNyQpkDct5owq6+puZ4Hn2LTAsEHr2IwumWMvhMrICEK3yeISBwdtw7WpdkBqR4BEVM4DUQSemABXGBb9y8p7nv5MQ0P7w804DYj\/RWXtjmgvrMHpM+0tMhC3DIXwWXRTaEewNy\/3aK68VaJCb7gq3FK4y\/VVFlutyghJKWzfT8QU8GebcIvKYyA37a\/87wx5JvIq5RoTVd6Te6gq6Qiq0Y2IibU64ne2r33vFDKqFpm1A5JZgeflasI5fMKkTYul8g07iKchHvOjX2jJKqnANmBtauWT1oRAnUcjJ\/6MRwjShRNqM+dPVI37D1tMbaWo5D\/sw4XgzoUx1cY8rzofDQWT16oxWFOur3yQSwIisA1bz9EiUYZfL\/i+EvnCAyewgsFi2usowpLNXWF\/9IC2eKxdFLmuYsMGKLskRwTgdR4+bYESOTfX5cCx2IUBIlYnECsHVKJzsLL+XRzINItroEwTDeJgoXs8w4Ta0DoHV5FU4p1vVBOHSOfLEReceB6hrt14M7zgawkmKjBZwKAkIG4qr7h3K+neoteN5AyuX\/KVS0vWbJsVgmpq5IjeDefLbtcfHdaXmxxjMl5W0PAsPtlRO7tnrAgHZc\/2ihjnTwaD5XLZX9y9YPQNNh0gEAe4w+kw2Hnho7nj4\/48zfYI1sl1fLb3MbHKzfaO\/\/8zxgN1085otx32U9pPVJlgsPv+tCoHia9UOlUhDg5HB4dHj4++WOfXLL4u4G8=\" \/> \t\t<a href=\"https:\/\/www.pdf24.org\" target=\"_blank\" title=\"www.pdf24.org\" rel=\"nofollow\"><img src=\"https:\/\/www.hohenlohe-ungefiltert.de\/wp-content\/plugins\/pdf24-post-to-pdf\/img\/pdf_32x32.png\" alt=\"\" border=\"0\" height=\"32\" \/><\/a> \t\t<span class=\"pdf24Plugin-cp-space\">&nbsp;&nbsp;<\/span> \t\t<span class=\"pdf24Plugin-cp-text\">Sende Artikel als PDF<\/span> \t\t<span class=\"pdf24Plugin-cp-space\">&nbsp;&nbsp;<\/span> \t\t<input class=\"pdf24Plugin-cp-input\" style=\"margin: 0px;\" type=\"text\" name=\"sendEmailTo\" placeholder=\"Emailadresse\" \/> \t\t<input class=\"pdf24Plugin-cp-submit\" style=\"margin: 0px;\" type=\"submit\" value=\"Senden\" \/> \t<\/form> <\/div>","protected":false},"excerpt":{"rendered":"<p>Das Stuttgarter B\u00fcndnis f\u00fcr Versammlungsfreiheit hat das Innen- und Justizministerium Stuttgart um eine Stellungnahme zur anlasslosen Video\u00fcberwachung bei Demonstrationen gebeten. Von Thomas Tr\u00fcten, Stuttgarter B\u00fcndnis f\u00fcr Versammlungsfreiheit Akute Gefahrensituationen, Beweissicherung von Straftaten, Gef\u00e4hrdungen der \u00f6ffentlichen Ordnung Die erste Stellungnahme von Innenminister Gall beziehungsweise dessen Stellvertreter, Landespolizeipr\u00e4sident Professor Dr. Hammann ging \u00fcberhaupt nicht darauf ein, dass [&hellip;]<\/p>\n","protected":false},"author":3,"featured_media":0,"comment_status":"open","ping_status":"open","sticky":false,"template":"","format":"standard","meta":[],"categories":[],"tags":[],"_links":{"self":[{"href":"https:\/\/www.hohenlohe-ungefiltert.de\/index.php?rest_route=\/wp\/v2\/posts\/15248"}],"collection":[{"href":"https:\/\/www.hohenlohe-ungefiltert.de\/index.php?rest_route=\/wp\/v2\/posts"}],"about":[{"href":"https:\/\/www.hohenlohe-ungefiltert.de\/index.php?rest_route=\/wp\/v2\/types\/post"}],"author":[{"embeddable":true,"href":"https:\/\/www.hohenlohe-ungefiltert.de\/index.php?rest_route=\/wp\/v2\/users\/3"}],"replies":[{"embeddable":true,"href":"https:\/\/www.hohenlohe-ungefiltert.de\/index.php?rest_route=%2Fwp%2Fv2%2Fcomments&post=15248"}],"version-history":[{"count":3,"href":"https:\/\/www.hohenlohe-ungefiltert.de\/index.php?rest_route=\/wp\/v2\/posts\/15248\/revisions"}],"predecessor-version":[{"id":15315,"href":"https:\/\/www.hohenlohe-ungefiltert.de\/index.php?rest_route=\/wp\/v2\/posts\/15248\/revisions\/15315"}],"wp:attachment":[{"href":"https:\/\/www.hohenlohe-ungefiltert.de\/index.php?rest_route=%2Fwp%2Fv2%2Fmedia&parent=15248"}],"wp:term":[{"taxonomy":"category","embeddable":true,"href":"https:\/\/www.hohenlohe-ungefiltert.de\/index.php?rest_route=%2Fwp%2Fv2%2Fcategories&post=15248"},{"taxonomy":"post_tag","embeddable":true,"href":"https:\/\/www.hohenlohe-ungefiltert.de\/index.php?rest_route=%2Fwp%2Fv2%2Ftags&post=15248"}],"curies":[{"name":"wp","href":"https:\/\/api.w.org\/{rel}","templated":true}]}}