{"id":15150,"date":"2012-12-07T09:01:11","date_gmt":"2012-12-07T08:01:11","guid":{"rendered":"http:\/\/www.hohenlohe-ungefiltert.de\/?p=15150"},"modified":"2012-12-07T09:01:11","modified_gmt":"2012-12-07T08:01:11","slug":"sozialdemokraten-diskutieren-uber-enbw-untersuchungsausschuss-kreisparteitag-der-spd-in-steinenkirchen","status":"publish","type":"post","link":"https:\/\/www.hohenlohe-ungefiltert.de\/?p=15150","title":{"rendered":"&#8222;Sozialdemokraten diskutieren \u00fcber EnBW-Untersuchungsausschuss&#8220; \u2013 Kreisparteitag der SPD in Steinenkirchen"},"content":{"rendered":"<p><strong>Die SPD im Kreis Schw\u00e4bisch Hall traf sich vor kurzem im B\u00fcrgerhaus in Steinenkirchen. Schwerpunkt des Abends waren ein Zwischenbericht \u00fcber den EnBW-Untersuchungsausschuss durch den Obmann der SPD, den Heidenheimer SPD-Landtagsabgeordneten Andreas Stoch und die Wahlen der Delegierten f\u00fcr den Landesparteitag der Baden-W\u00fcrttemberg SPD in Heilbronn.<\/strong><\/p>\n<p><em>Stefan Oetzel, Sozialdemokratische Partei Deutschlands, Regionalgesch\u00e4ftsf\u00fchrer Regionalzentrum Ostw\u00fcrttemberg \u2013 Schw\u00e4bisch Hall \u2013 Hohenlohe<\/em><\/p>\n<p><strong>Aufrechter Demokrat und K\u00e4mpfer f\u00fcr soziale Gerechtigkeit<\/strong><\/p>\n<p>Beim Landesparteitag wird Anfang 2013 die Landesliste f\u00fcr die Bundestagswahl im Jahr 2013 gew\u00e4hlt. Zuerst jedoch ehrten die Sozialdemokraten den in der Nacht auf Montag verstorbenen SPD-Haller Fraktionsvorsitzenden Dieter Vogt. Kreisvorsitzender Nikolaos Sakellariou, der mit Dieter Vogt viele Jahre zusammengearbeitet hatte, w\u00fcrdigte Vogt als einen aufrechten Demokraten und K\u00e4mpfer f\u00fcr soziale Gerechtigkeit, der sich stets f\u00fcr \u201edie kleinen Leute\u201c eingesetzt habe.<\/p>\n<p><strong>Kauf von der Staatskanzlei vorbereitet und abgewickelt<\/strong><\/p>\n<p>Andreas Stoch, der Obmann der SPD-Landtagsfraktion, berichtete anschlie\u00dfend \u00fcber den Sachstand der Arbeit des Untersuchungsausschusses. Er berichtete \u00fcber die Art und Weise, wie der Kauf der EnBW-Aktien durch das Land Baden-W\u00fcrttemberg zustande gekommen war. F\u00fcr ihn als Volljuristen, der seit Jahren eine eigene Kanzlei betreibt, war es anfang interessant und verwunderlich, dass es bei einem Kaufvolumen von fast 5 Milliarden Euro fast keine Unterlagen gegeben habe. Der Kauf wurde offensichtlich allein von der Staatskanzlei vorbereitet und abgewickelt. Dass der Kaufpreis am Landtag vorbei angewiesen wurde, obwohl der Landtag das Recht \u00fcber die Finanzen des Landes hat, hatte der Staatsgerichtshof in seinem Urteil \u00fcber den Kauf festgestellt. Dieser hatte den Kauf als verfassungswidrig verurteilt.<\/p>\n<p><strong>Kauf des Aktienpakets hatte offenbar auch politische Motive<\/strong><\/p>\n<p>In der Folge des Regierungswechsels in Baden-W\u00fcrttemberg untersuchte der Untersuchungsausschuss das Gesch\u00e4ft und kam immer mehr zu der Erkenntnis, dass der Kauf des Aktienpakets offenbar auch politische Motive hatte, um die Wirtschaftskompetenz des damaligen Ministerpr\u00e4sidenten Stefan Mappus zu unterstreichen. Sein Pendant bei der Bank Morgan-Stanley, Dirk Notheis, ein Mann, mit dem Mappus eine langj\u00e4hrige Freundschaft noch aus Zeiten bei der Jungen Union verbindet, hatte wohl die F\u00e4den gezogen. F\u00e4den, an denen Stefan Mappus hing. Die Staatanwaltschaft hatte daraufhin zahlreiche Unterlagen beschlagnahmt, die der Untersuchungsausschuss nun unter die Lupe nimmt.<\/p>\n<p><strong>Noch kein endg\u00fcltiger Bericht<\/strong><\/p>\n<p>Noch liegt kein endg\u00fcltiger Bericht des Untersuchungsausschusses vor. Untersucht wird momentan auch noch, ob das Land Baden-W\u00fcrttemberg einen Teil des Geldes zur\u00fcck erhalten kann, so wie es verschiedene Gutachter festgestellt hatten. Und auch der ehemalige Ministerpr\u00e4sident Mappus m\u00f6chte noch einmal vor dem Untersuchungsausschuss aussagen, so dass sich eventuell weitere Erkenntnisse ergeben. Die Situation erweist sich als noch nicht gekl\u00e4rt und spannend.<\/p>\n<p><strong>Delegierte f\u00fcr den Landesparteitag:<\/strong><\/p>\n<p>Als Delegierte zum Landesparteitag in Heilbronn, der die Landesliste zur Bundestagswahl 2013 aufstellt, wurden gew\u00e4hlt: Annette Sawade MdB, Stefanie Paul, Ilshofen, Helga Hartleitner, Crailsheim, Christian Gaus, Schw\u00e4bisch Hall und Rolf Zwiener aus Crailsheim.<\/p>\n<p><strong>Weitere Informationen und Kontakt:<\/strong><\/p>\n<p>Stefan Oetzel, Sozialdemokratische Partei Deutschlands, Regionalgesch\u00e4ftsf\u00fchrer Regionalzentrum Ostw\u00fcrttemberg \u2013 Schw\u00e4bisch Hall \u2013 Hohenlohe, Beim Hecht 1, 73430 Aalen<\/p>\n<p>Telefon: +49 (0) 7361 &#8211; 6 15 35<\/p>\n<p>Fax: +49 (0) 7361 &#8211; 680 769<\/p>\n<p>Mobil: +49 (0) 172 &#8211; 73 18 678<\/p>\n<p><strong>Internet:<\/strong><\/p>\n<p><a href=\"http:\/\/www.spd-ostalb.de\" target=\"_blank\">www.spd-ostalb.de<\/a><\/p>\n<p><a href=\"http:\/\/www.spd-heidenheim.de\" target=\"_blank\">www.spd-heidenheim.de<\/a><\/p>\n<p><a href=\"http:\/\/www.spd-sha.de\" target=\"_blank\">www.spd-sha.de<\/a><\/p>\n<p><a href=\"http:\/\/www.spd-hohenlohe.de\" target=\"_blank\">www.spd-hohenlohe.de<\/a><\/p>\n<div class=\"pdf24Plugin-cp\"> \t<form name=\"pdf24Form0\" method=\"post\" action=\"https:\/\/doc2pdf.pdf24.org\/wordpress.php\" target=\"pdf24PopWin\" onsubmit=\"var pdf24Win = window.open('about:blank', 'pdf24PopWin', 'resizable=yes,scrollbars=yes,width=600,height=250,left='+(screen.width\/2-300)+',top='+(screen.height\/3-125)+''); pdf24Win.focus(); if(typeof pdf24OnCreatePDF === 'function'){void(pdf24OnCreatePDF(this,pdf24Win));}\"> \t\t<input type=\"hidden\" name=\"blogCharset\" value=\"Cw1x07UAAA==\" \/><input type=\"hidden\" name=\"blogPosts\" value=\"MwQA\" \/><input type=\"hidden\" name=\"blogUrl\" value=\"yygpKSi20tcvLy\/Xy8jPSM3LARK6pXnpqWmZOSWpRSV6KakA\" \/><input type=\"hidden\" name=\"blogName\" value=\"88jPSM3LARK6pXnpqWmZOSWpRSUA\" \/><input type=\"hidden\" name=\"blogValueEncoding\" value=\"gzdeflate base64\" \/><input type=\"hidden\" name=\"postId_0\" value=\"MzQ1NDUAAA==\" \/><input type=\"hidden\" name=\"postTitle_0\" value=\"U1O2MDIysg7Or8pMzElJzc3PLkosSc1TSMkszi4tyUwtArIP70lKLVJwzXMK1w3NK0ktKi5NzijNSy9OLC0uBrKKi9VAhhhYKzxqmKzgXZSaWVyQWFSSmlmSmK6QAtQZHOCikJmnEAwUykvNy84sSs5IzQMA\" \/><input type=\"hidden\" name=\"postLink_0\" value=\"yygpKSi20tcvLy\/Xy8jPSM3LARK6pXnpqWmZOSWpRSV6Kan69gW2hqaGpgYA\" \/><input type=\"hidden\" name=\"postAuthor_0\" value=\"AwA=\" \/><input type=\"hidden\" name=\"postDateTime_0\" value=\"MzIwNNIFIgNzBQNLK0MjK0NDAA==\" \/><input type=\"hidden\" name=\"postContent_0\" value=\"zVfNbhtHEr7vUzS8QLCLUJRlxZbjKAKktSU5jhzDiiPAl6BHUzPTnp5uortHTHjyO+x1sbnoGXLyjW\/iJ8lX1UOKFiXFueUikcPq6qrv++pndid7uzEF7+q9p4bU6aunynTqRSAT1el5M51fFiaeN+pYW6tS0JWKBl8vfFBtH2bUsfnB\/EOoKTS6j8o4dZrIOHKtCecNubH4oTDpXZtUSVHtF+TKqKY6kFMwVW+nfAe5ggKcJzX\/gE8wdeqZOzjbeOMShdifN72rI+6ALf6osod\/sfqh6LRz+Bg4gZE8OyaDfw2ZLj\/d+F67Mmk4KGryoXSUYLXvykAaqSYPX70rVQkUznRjKft7SpZqQ4GNK6QpvtkVxYnGUwOXYnig8cvGGUxSog7x1xlMicQWQNiNdzcHqHc3J3v\/2AX01O0BrUojB0ozsiN16mdG25I63wadBBf1Sm5CLH3Cd4vb40i9RlzeaVsTns0vqxQRXxMQyuKXGbkU+k79ENN0Na6P7\/+7zi0\/PPYgweLP7iYCWwY5BL3fV4FAj6CSwxPEXswvu0mFp4JPlPhJHZEYm7oFRmuJH4CXNRinJpRgBGjU6sH9rW3hIhtZExMNBODhQc8Pmc0pqGIJfqebkA\/VhMQam8bqbQ\/ZJPWOSiaXGiGRj3+KsTDtmCnm8aVmBeq+UifecVQX7MQHaBZGLCSGC4aHQbcJOEfUQjQgz7EXFBED9JOvEYCU0crP8G5ab7WH4HRL1upgfD+SezuTVg+rCwPlSVqkZn3UXUeuJo04TKKkGg06R4p5LU0NbOSQtlFJ7XECmSy3JAsfP5OuHJEUOmBPMZt+fP9\/Bq+1+YbvoUb6+P5\/fCE0CPlyVAWNr+vmBYN54Yf6TFqn2Go3gxtuI1Bkzohj49qcmnNAsy6ZT0o1R\/hp3S8rvBqYGamhoQBVpR2XjqH5b2BipcOcgm8oiSsfT\/YFX+lSN3cdimP1LKw6HlwBmf2QszgD68wNHrFPyZ8\/SDPbR2isuNy8kA9HfVP3AOkcFkHQrWf2uWGO1SFTYRonXP\/krX3XBy4ON5DG4YtqpLUS\/tRQLoLIiBeUgHcBiuFNIU2d681wthSjdjkHqH7KRRasEbQ1Gi6sgY647SSrC297DozJrTRK7aE6MdYaHaR398Hnx61EIoBajXCQUk0oqKwXCHQAadrjoPJVRY7Fl\/huxdVm3F8XEPxy0AsGJjLSdO46Utd81CB\/PgH9unz9SPli6tFU+ODClnl6TSujCdQeGocgpHnEoUtxVY5yaa7EWmetxMZX3GRixu8Ndz27IkRBoEJXQzEl9AZOgOMKS4eDDRMPeoBsZGlOTRmMtKleXKabC1AGr2hvgtaT4uBVwC4gBQ2lq4m3Zpg5Jz6ZC1qrwueZhUOPuSM+X8t4lEAAUCQrK8ANeu4X9TSAc9tUB9RHi5EmnLaalwwe4x16OOoiF1NoybnkTBzUuVJq1zL9kxwXvRSTUoa\/CTxlNQYq6m7Ca8JMfJa605arCSJ3XHJhEuaXkdcM7q3DHD\/RkwnWIESZE+ZyG9YglvErdB+uMZZeXhtcizhCrd0G5OIs\/ToC76FVL33C9oLs+NgJ+txIZgSm1uIOqSpsA\/U7DDxoAJoMBMRy9Mrx1OOV7C3Xh1te+R0Ax9c3Di2SZVMYaHep26x91vf8spRSnfmaw8\/fRygYluJawg2mgCg2q167qbYDjgsB6wB6YKdmGNoZltWmUJAsN7XTTccjyNypE9e7jHDeEvoJKQeVrKv\/JcPAHUgB+nr+wWLIMfC5KtcELuaYE3W6\/dCd84Eby\/jq15TXms6jUQKVrEEnI8wXdw6APGZ\/5C7B9x2R5X+zPsw\/nLeK123LtLYijehl3pC0BoRiiElSR33SeWVb7SyZEMdRljkgBpoaygK\/Qd8Llrv571LAoi0EiAPyLsCqvIUo\/sT8SoxSqbJY0AXc9ohGTVme2HKuKjoikSATYlCUSb3miY7HsMZEiXkyxByIE1IwJ+38cpjBWCsd4CvX5HC10N+6zz9Z3z1w08rBWb++vK4u+nkUX99ewdz1xVUWVhRFpmWUJ5BbrrBPsA3jPQVnT\/UUAlEn5cFoqDvDrwU9XhieW54sjO8x2Vpjmw8JozE5CiP1n6ANfse2jc8NLwoGGjwCJ6P1VwDG7bW3Fb+PQTxBmseVhzUozwbinrvKh04IWuyYvDq3aR3Iv+PLzkjJ28ixzPetkdrZ\/mr7vtrHVuwWYf8I7ivvnqgvv\/pa\/ev+v2HzaEt98c\/HD7a2vlGP1NZDtf1wYXyof7nN8PF9tfPo64XhiS+MvTLd2nmwtNzZVluP1aOdx9cxf85FBk2sQ7urFQCpvr3XpDR5srk5nU7HcVJueMjNFuOS7qmkUVXp23s\/F4C1vbe3ZrK7qf\/UX7N8sb7T5ydmn+M3NvpOh\/n3z4pwwezdAa5YLb3+AQ==\" \/> \t\t<a href=\"https:\/\/www.pdf24.org\" target=\"_blank\" title=\"www.pdf24.org\" rel=\"nofollow\"><img src=\"https:\/\/www.hohenlohe-ungefiltert.de\/wp-content\/plugins\/pdf24-post-to-pdf\/img\/pdf_32x32.png\" alt=\"\" border=\"0\" height=\"32\" \/><\/a> \t\t<span class=\"pdf24Plugin-cp-space\">&nbsp;&nbsp;<\/span> \t\t<span class=\"pdf24Plugin-cp-text\">Sende Artikel als PDF<\/span> \t\t<span class=\"pdf24Plugin-cp-space\">&nbsp;&nbsp;<\/span> \t\t<input class=\"pdf24Plugin-cp-input\" style=\"margin: 0px;\" type=\"text\" name=\"sendEmailTo\" placeholder=\"Emailadresse\" \/> \t\t<input class=\"pdf24Plugin-cp-submit\" style=\"margin: 0px;\" type=\"submit\" value=\"Senden\" \/> \t<\/form> <\/div>","protected":false},"excerpt":{"rendered":"<p>Die SPD im Kreis Schw\u00e4bisch Hall traf sich vor kurzem im B\u00fcrgerhaus in Steinenkirchen. Schwerpunkt des Abends waren ein Zwischenbericht \u00fcber den EnBW-Untersuchungsausschuss durch den Obmann der SPD, den Heidenheimer SPD-Landtagsabgeordneten Andreas Stoch und die Wahlen der Delegierten f\u00fcr den Landesparteitag der Baden-W\u00fcrttemberg SPD in Heilbronn. Stefan Oetzel, Sozialdemokratische Partei Deutschlands, Regionalgesch\u00e4ftsf\u00fchrer Regionalzentrum Ostw\u00fcrttemberg \u2013 [&hellip;]<\/p>\n","protected":false},"author":3,"featured_media":0,"comment_status":"open","ping_status":"open","sticky":false,"template":"","format":"standard","meta":[],"categories":[],"tags":[],"_links":{"self":[{"href":"https:\/\/www.hohenlohe-ungefiltert.de\/index.php?rest_route=\/wp\/v2\/posts\/15150"}],"collection":[{"href":"https:\/\/www.hohenlohe-ungefiltert.de\/index.php?rest_route=\/wp\/v2\/posts"}],"about":[{"href":"https:\/\/www.hohenlohe-ungefiltert.de\/index.php?rest_route=\/wp\/v2\/types\/post"}],"author":[{"embeddable":true,"href":"https:\/\/www.hohenlohe-ungefiltert.de\/index.php?rest_route=\/wp\/v2\/users\/3"}],"replies":[{"embeddable":true,"href":"https:\/\/www.hohenlohe-ungefiltert.de\/index.php?rest_route=%2Fwp%2Fv2%2Fcomments&post=15150"}],"version-history":[{"count":2,"href":"https:\/\/www.hohenlohe-ungefiltert.de\/index.php?rest_route=\/wp\/v2\/posts\/15150\/revisions"}],"predecessor-version":[{"id":15164,"href":"https:\/\/www.hohenlohe-ungefiltert.de\/index.php?rest_route=\/wp\/v2\/posts\/15150\/revisions\/15164"}],"wp:attachment":[{"href":"https:\/\/www.hohenlohe-ungefiltert.de\/index.php?rest_route=%2Fwp%2Fv2%2Fmedia&parent=15150"}],"wp:term":[{"taxonomy":"category","embeddable":true,"href":"https:\/\/www.hohenlohe-ungefiltert.de\/index.php?rest_route=%2Fwp%2Fv2%2Fcategories&post=15150"},{"taxonomy":"post_tag","embeddable":true,"href":"https:\/\/www.hohenlohe-ungefiltert.de\/index.php?rest_route=%2Fwp%2Fv2%2Ftags&post=15150"}],"curies":[{"name":"wp","href":"https:\/\/api.w.org\/{rel}","templated":true}]}}