{"id":15122,"date":"2012-12-02T19:17:03","date_gmt":"2012-12-02T18:17:03","guid":{"rendered":"http:\/\/www.hohenlohe-ungefiltert.de\/?p=15122"},"modified":"2012-12-02T19:21:03","modified_gmt":"2012-12-02T18:21:03","slug":"arbeit-fur-behinderte-menschen-in-sozialer-landwirtschaft%c2%b4-inklusion-und-barrierefreiheit-walter-leyh-aus-schrozberg-diskutiert-im-deutschen-bundestag","status":"publish","type":"post","link":"https:\/\/www.hohenlohe-ungefiltert.de\/?p=15122","title":{"rendered":"&#8222;Arbeit f\u00fcr behinderte Menschen in `Sozialer Landwirtschaft\u00b4&#8220; \u2013\u00a0Inklusion und Barrierefreiheit: Walter Leyh aus Schrozberg diskutiert im Deutschen Bundestag"},"content":{"rendered":"<p><strong>Auf Einladung der SPD-Bundestagsabgeordneten Annette Sawade nahm Walter Leyh aus Schrozberg an der fraktions\u00fcbergreifenden Veranstaltung \u201eMenschen mit Behinderung im Deutschen Bundestag\u201c teil.<\/strong><\/p>\n<p><em>Vom SPD-Wahlkreisb\u00fcro K\u00fcnzelsau<\/em><\/p>\n<p><strong>\u00dcber \u00c4nderungsvorschl\u00e4ge diskutieren<\/strong><\/p>\n<p>An zwei Tagen informierten und diskutierten insgesamt 299 Teilnehmerinnen und Teilnehmer \u2013 die aufgrund einer k\u00f6rperlichen Behinderung als \u201eExpert\/innen in eigener Sache\u201c geladen wurden \u2013 gemeinsam mit den Abgeordneten des Deutschen Bundestages \u00fcber die Probleme von Menschen mit einer Behinderung. \u201eWir nehmen damit die Gelegenheit wahr, uns offen und direkt \u00fcber Herausforderungen und gemeinsame \u00c4nderungsvorschl\u00e4ge auszutauschen\u201c, freut sich Annette Sawade im Vorfeld der Veranstaltung.<\/p>\n<p><strong>Teilnehmer aus dem ganzen Bundesgebiet<\/strong><\/p>\n<p>Begr\u00fc\u00dft wurden die G\u00e4ste, die im Berliner Paul-L\u00f6be-Haus aus dem ganzen Bundesgebiet zusammenkamen, vom Bundestagspr\u00e4sidenten Professor Dr. Norbert Lammert und den Repr\u00e4sentantinnen und Repr\u00e4sentanten der f\u00fcnf im Bundestag vertretenden Fraktionen \u2013 darunter auch Frank-Walter Steinmeier, Fraktionsvorsitzende der SPD-Bundestagsfraktion. Anschlie\u00dfend ging es in den zw\u00f6lf Arbeitsgruppen in die Beratungsarbeit, die stets auf Grundlage der UN-Behindertenrechtskonventionen gef\u00fchrt wurde.<\/p>\n<p><strong>\u201eSoziale Landwirtschaft\u201c<\/strong><\/p>\n<p>Als Teilnehmer der Arbeitsgruppe \u201eErn\u00e4hrung, Landwirtschaft und Verbraucherschutz\u201c machte Walter Leyh auf wichtige Aspekte in den Bereichen des \u00d6PNV, der \u00e4rztlichen und insbesondere fach\u00e4rztlichen Versorgung sowie der Wohn- und Lebensformen von Menschen mit einer Behinderung aufmerksam. Einigkeit herrschte zwischen den Teilnehmerinnen und Teilnehmern sowie Parlamentarierinnen und Parlamentariern insbesondere in der Diskussion \u00fcber die \u201eSoziale Landwirtschaft\u201c als geeigneten Beitrag zur Inklusion von Menschen mit einer Behinderung.<\/p>\n<p><strong>Walter Leyh will bei Annette Sawade &#8222;regelm\u00e4\u00dfig nachhaken&#8220;<\/strong><\/p>\n<p>Annette Sawade nutzte den Besuch des SPD-Landesvorsitzenden der Arbeitsgruppe \u201eSelbst Aktiv\u201c auch f\u00fcr ein pers\u00f6nliches Gespr\u00e4ch in ihren B\u00fcror\u00e4umen. Walter Leyh ist damit der erste offizielle Besucher aus dem heimischen Wahlkreis Schw\u00e4bisch-Hall\/Hohenlohe. \u201eDie Teilnahme an der Konferenz war eine sehr interessante Erfahrung. Ich bin gespannt, in welchem Rahmen sich unsere Forderungen in den parlamentarischen Beratungen widerspiegeln\u201c, so Walter Leyh. Bei seiner SPD-Abgeordneten Annette Sawade werde er in jedem Fall regelm\u00e4\u00dfig nachhaken.<\/p>\n<p><strong>Weitere Informationen und Kontakt:<\/strong><\/p>\n<p><a href=\"http:\/\/www.selbstaktiv.de\/index.php?page=startseite-2\" target=\"_blank\">http:\/\/www.selbstaktiv.de\/index.php?page=startseite-2<\/a><\/p>\n<p><a href=\"http:\/\/www.selbstaktiv.de\/index.php?mact=News,cntnt01,detail,0&amp;cntnt01articleid=284&amp;cntnt01origid=77&amp;cntnt01detailtemplate=selbstaktiv_detail.tpl&amp;cntnt01returnid=75\" target=\"_blank\">http:\/\/www.selbstaktiv.de\/index.php?mact=News,cntnt01,detail,0&amp;cntnt01articleid=284&amp;cntnt01origid=77&amp;cntnt01detailtemplate=selbstaktiv_detail.tpl&amp;cntnt01returnid=75<\/a><\/p>\n<p><a href=\"http:\/\/www.annette-sawade.de\/\" target=\"_blank\">http:\/\/www.annette-sawade.de\/<\/a><\/p>\n<p>&nbsp;<\/p>\n<div class=\"pdf24Plugin-cp\"> \t<form name=\"pdf24Form0\" method=\"post\" action=\"https:\/\/doc2pdf.pdf24.org\/wordpress.php\" target=\"pdf24PopWin\" onsubmit=\"var pdf24Win = window.open('about:blank', 'pdf24PopWin', 'resizable=yes,scrollbars=yes,width=600,height=250,left='+(screen.width\/2-300)+',top='+(screen.height\/3-125)+''); pdf24Win.focus(); if(typeof pdf24OnCreatePDF === 'function'){void(pdf24OnCreatePDF(this,pdf24Win));}\"> \t\t<input type=\"hidden\" name=\"blogCharset\" value=\"Cw1x07UAAA==\" \/><input type=\"hidden\" name=\"blogPosts\" value=\"MwQA\" \/><input type=\"hidden\" name=\"blogUrl\" value=\"yygpKSi20tcvLy\/Xy8jPSM3LARK6pXnpqWmZOSWpRSV6KakA\" \/><input type=\"hidden\" name=\"blogName\" value=\"88jPSM3LARK6pXnpqWmZOSWpRSUA\" \/><input type=\"hidden\" name=\"blogValueEncoding\" value=\"gzdeflate base64\" \/><input type=\"hidden\" name=\"postId_0\" value=\"MzQ1NDICAA==\" \/><input type=\"hidden\" name=\"postTitle_0\" value=\"Jc0xCsJAEIXhqwwIqSWVmMpgI2hlYeskO8kOiROYnUVM5R28gIewtIo38SRusH6P788WqzzPi41WxAbN561QkWdxpEZwIAm1JwEWOB+HkbEnhT2Ku7JamrCx6ZXNxrKA7\/0xPXfS9THwIBDFQYmqTEqNEvtUWMMJe5sNunnAGOBYex3GirQFx6GLlu4GfIEtRfvHyyRRMGx\/\" \/><input type=\"hidden\" name=\"postLink_0\" value=\"yygpKSi20tcvLy\/Xy8jPSM3LARK6pXnpqWmZOSWpRSV6Kan69gW2hqaGRkYA\" \/><input type=\"hidden\" name=\"postAuthor_0\" value=\"AwA=\" \/><input type=\"hidden\" name=\"postDateTime_0\" value=\"MzIwNNIFIgMjBUNLK0MjKwNjAA==\" \/><input type=\"hidden\" name=\"postContent_0\" value=\"zVbLTuRGFN3nK0pEmlU\/JijRPGiIGjEvDUFomMByVMbXdqXLZauqjCdezSJ\/ECmrUdjwDazY+U\/mS3Ju2Q1umkDEKhsa1+M+zj333JqVOzPnbWHSnXmViFfKaBlXJhUxWXF0uDferUxMzsvUySilwsaGPBkxN\/j1JI5kLWMSRma5OJHa49Y+\/Z4JWTlxdJrZoonIpkKaYDCxcuFVYVx7xcuWVEIwb8QxWWngRXv2\/e3L37+QcacZdnLlxS5lCscs76lc7FHlu83r4L59+So8KT2ZTftsZtNy57sZsqN857jIQy4nMtMLOHVRe2UL8b69Mg1pJ6vZFKeub\/QW2q+IUbR\/9J7dWWHhVbcXKYlYuUXlFVkyax7nRjQ1KfFRpghRmaSwOU4yagj35qoPuy4lJ3MvNl+8EB+RgaEsJ6sAb3f8Zg2w\/InbBGyT1PIeKYPlRXtpS7JadZAMsJLaMZavPmPbTzubyuAaAuPyStxg5FJC0bFXV5Z\/2E9KOawjslAAXp0Pyw\/U7yoDVkNlQ5iHtog0zIizwoiVenZxDyKdcJgnyoqQKczL4BVG3pAmRJsRvmuZ2RFAcaJIkms0LS187\/UtWFQ54N1Z7Y9cp0L\/UkzcaSqPvxwg8BiBp8hNOCB6m+ig33FhE9JxIPQKbye3GTSoHfdDTLlIJSi3RCylSJFfI9Aupba9as\/9siABiPbCeRqF\/xHELhecUTyUlR7vt5cRjd+yk3sciaYCCsB3ASzMCHXJb0rnSgsPCu64vqhdQs4VVuzZiTgoLOD1Yp9v4zcAj1MfKFzCFWn8DWVXlqnvfPRaEgJfOhRnMGWZTWzqda8MPf1iiSr5gBtqgE2zGPfycoQ+N6gogQvLW6Gcyjds6w7lWsrOBNXkqitqz4mZodAk4KwyIZ2mbi91IuZIVnmHFivLrmEYcwAuuchOhu2uEKiIZ8gT8YYbUsu0c\/\/rwXjJbuRn6TTzblGYM0DS5ZgSAMlsX+E14qAbjopGSU3A3MS1stxpMvFg57reoMsHTGP\/KykECbCmvciY+aNbFkPFQOPIMtTEXVH5hlUhhzyA+KuqnogaXeGhIGLuSrQeLdEDQNRJEItD+9fhwfEoBNNe2Mb36sTO0IsRuYLBIZHAyfAAIgHrUlYvV9Sqg\/OkyMw43N2nCELCioqzD+sKBwxMFqD9hGebShcsJEiT80TsTa1cH7N5QH5NH9ChtJr7x0urhidX181qmqrrgj3WfufAgYFO3lfsIOEpQbE73d1F+Ba901RWvDMLXQVb\/0FgbzNsWNVaaS1AmNta9+T755ubm1sWAqzz9qI9VykG\/WmWyQWZsPl0647pt\/owAJk89QRx3MzMDm5PzpWGjWvupu4R6ch5MUcHnwVE2Ai6x3KWApPNtZcmsMdhWgQZwwFsqcyyVx71WKtQmskKmRWs9oMGS7CDODFYVKNIa+rDHUg3ZlDes+X6IcFvnLq9iHgd+qv19G2BAxp\/wkzbQ30DhfA+ouUr6H1hEn45NJhoIQsICWUWMSM2qC6rpnhlE5l1s\/Ed8okUi4YrpTHQHnzUpBFKLj7IMDHDrMJoZLK9HgzAvjnLATn7md3rGY99qL51peI6d\/PPFUOkJkw7hBhIxaWb3\/MSrAnOgSZ7\/o0Yt9eARdxNonVaovacwrvwapK9WnJ7ATQPFX+5\/sCTAoVOtjcy78uX02ld1xMXOMOifzaJacpd8HlSZuXPJRR6GztoMfY03twQ+EjJb298ijSmzMbOo8zMpvJxAUFk\/fYB1W50arzxT38YxeSl0qOnT2RebvWLcKRONal4e\/P5j8ONwqoUq8+eDRc7C57yUkuPOG98f+q2Jr7UwwuYwpU1bOenx+Hxf8vioXLIjrNjFzjLudyb9\/rxoYMnJnLlVvj6Bw==\" \/> \t\t<a href=\"https:\/\/www.pdf24.org\" target=\"_blank\" title=\"www.pdf24.org\" rel=\"nofollow\"><img src=\"https:\/\/www.hohenlohe-ungefiltert.de\/wp-content\/plugins\/pdf24-post-to-pdf\/img\/pdf_32x32.png\" alt=\"\" border=\"0\" height=\"32\" \/><\/a> \t\t<span class=\"pdf24Plugin-cp-space\">&nbsp;&nbsp;<\/span> \t\t<span class=\"pdf24Plugin-cp-text\">Sende Artikel als PDF<\/span> \t\t<span class=\"pdf24Plugin-cp-space\">&nbsp;&nbsp;<\/span> \t\t<input class=\"pdf24Plugin-cp-input\" style=\"margin: 0px;\" type=\"text\" name=\"sendEmailTo\" placeholder=\"Emailadresse\" \/> \t\t<input class=\"pdf24Plugin-cp-submit\" style=\"margin: 0px;\" type=\"submit\" value=\"Senden\" \/> \t<\/form> <\/div>","protected":false},"excerpt":{"rendered":"<p>Auf Einladung der SPD-Bundestagsabgeordneten Annette Sawade nahm Walter Leyh aus Schrozberg an der fraktions\u00fcbergreifenden Veranstaltung \u201eMenschen mit Behinderung im Deutschen Bundestag\u201c teil. Vom SPD-Wahlkreisb\u00fcro K\u00fcnzelsau \u00dcber \u00c4nderungsvorschl\u00e4ge diskutieren An zwei Tagen informierten und diskutierten insgesamt 299 Teilnehmerinnen und Teilnehmer \u2013 die aufgrund einer k\u00f6rperlichen Behinderung als \u201eExpert\/innen in eigener Sache\u201c geladen wurden \u2013 gemeinsam mit [&hellip;]<\/p>\n","protected":false},"author":3,"featured_media":0,"comment_status":"open","ping_status":"open","sticky":false,"template":"","format":"standard","meta":[],"categories":[],"tags":[],"_links":{"self":[{"href":"https:\/\/www.hohenlohe-ungefiltert.de\/index.php?rest_route=\/wp\/v2\/posts\/15122"}],"collection":[{"href":"https:\/\/www.hohenlohe-ungefiltert.de\/index.php?rest_route=\/wp\/v2\/posts"}],"about":[{"href":"https:\/\/www.hohenlohe-ungefiltert.de\/index.php?rest_route=\/wp\/v2\/types\/post"}],"author":[{"embeddable":true,"href":"https:\/\/www.hohenlohe-ungefiltert.de\/index.php?rest_route=\/wp\/v2\/users\/3"}],"replies":[{"embeddable":true,"href":"https:\/\/www.hohenlohe-ungefiltert.de\/index.php?rest_route=%2Fwp%2Fv2%2Fcomments&post=15122"}],"version-history":[{"count":5,"href":"https:\/\/www.hohenlohe-ungefiltert.de\/index.php?rest_route=\/wp\/v2\/posts\/15122\/revisions"}],"predecessor-version":[{"id":15126,"href":"https:\/\/www.hohenlohe-ungefiltert.de\/index.php?rest_route=\/wp\/v2\/posts\/15122\/revisions\/15126"}],"wp:attachment":[{"href":"https:\/\/www.hohenlohe-ungefiltert.de\/index.php?rest_route=%2Fwp%2Fv2%2Fmedia&parent=15122"}],"wp:term":[{"taxonomy":"category","embeddable":true,"href":"https:\/\/www.hohenlohe-ungefiltert.de\/index.php?rest_route=%2Fwp%2Fv2%2Fcategories&post=15122"},{"taxonomy":"post_tag","embeddable":true,"href":"https:\/\/www.hohenlohe-ungefiltert.de\/index.php?rest_route=%2Fwp%2Fv2%2Ftags&post=15122"}],"curies":[{"name":"wp","href":"https:\/\/api.w.org\/{rel}","templated":true}]}}