{"id":15064,"date":"2012-11-30T06:00:02","date_gmt":"2012-11-30T05:00:02","guid":{"rendered":"http:\/\/www.hohenlohe-ungefiltert.de\/?p=15064"},"modified":"2012-11-30T08:33:12","modified_gmt":"2012-11-30T07:33:12","slug":"fur-ein-freiwilliges-engagement-begeistern-lassen-erster-haller-markt-des-ehrenamtlichen-engagements-am-8-dezember-2012","status":"publish","type":"post","link":"https:\/\/www.hohenlohe-ungefiltert.de\/?p=15064","title":{"rendered":"&#8222;F\u00fcr ein freiwilliges Engagement begeistern lassen&#8220; \u2013\u00a0Erster Schw\u00e4bisch Haller Markt des ehrenamtlichen Engagements am 8. Dezember 2012"},"content":{"rendered":"<p><strong>Der erste Schw\u00e4bisch Haller Markt des ehrenamtlichen Engagements findet am Samstag, 8. Dezember 2012, von 10 bis 13 Uhr im Haus der Bildung statt.\u00a0<strong>20 Organisationen, Vereine und Gruppen haben bereits zugesagt.<\/strong><\/strong><\/p>\n<p><em>Von der Stadtverwaltung Schw\u00e4bisch Hall<\/em><\/p>\n<p><strong>Er\u00f6ffnung ist am Samstag, 8. Dezember 2012, um 10 Uhr<\/strong><\/p>\n<p>Um den vielen ehrenamtlich T\u00e4tigen, die sich weltweit f\u00fcr das Gemeinwohl engagieren, Dank und Anerkennung auszusprechen, haben die Vereinten Nationen den 5. Dezember zum Internationalen Tag des Ehrenamtes bestimmt. Die Stadt Schw\u00e4bisch Hall greift diesen Gedanken auf und veranstaltet am 8. Dezember 2012, von 10 bis 13 Uhr im Haus der Bildung den Ersten Haller Markt des ehrenamtlichen Engagements. Die offizielle Er\u00f6ffnung ist um 10 Uhr durch Oberb\u00fcrgermeister Hermann-Josef Pelgrim.<\/p>\n<p><strong>20 Organisationen, Vereine und Gruppen haben zugesagt<\/strong><\/p>\n<p>Bisher haben 20 Organisationen, Vereine und Gruppen ihre Beteiligung zugesagt. Interessierte k\u00f6nnen \u00fcber den \u201eMarkt\u201c flanieren und sich dabei \u00fcber die vielf\u00e4ltigen ehrenamtlichen Bet\u00e4tigungsfelder informieren oder sich gleich f\u00fcr ein freiwilliges Engagement begeistern lassen. Verb\u00e4nde und Vereine pr\u00e4sentieren sich in ihrer ganzen Vielfalt.<\/p>\n<p><strong>Weitere Informationen und Kontakt:<\/strong><\/p>\n<p>F\u00fcr weitere Informationen steht das B\u00fcro der B\u00fcrgerbeauftragten der Stadt Schw\u00e4bisch Hall unter der Telefonnummer 0791\/751-204 zur Verf\u00fcgung.<\/p>\n<p><strong>Folgende Organisationen haben bereits zugesagt:<\/strong><\/p>\n<p>AWO: Ansporn, Caf\u00e9 Zeitlos, Hilfe f\u00fcr Fl\u00fcchtlinge, Ganztagsbetreuung, Lesepaten<\/p>\n<p>Blinden- und Sehbehindertenverband Bezirksgruppe Schw\u00e4bisch Hall<\/p>\n<p>Diakonieverband Schw\u00e4bisch Hall: Brenzl\u00e4dle, Frauen und Kinderschutzhaus, Tiefer Brunnen<\/p>\n<p>Familienforum Schw\u00e4bisch Hall e.V.<\/p>\n<p>Feuerwehrmuseum<\/p>\n<p>Freundeskreis Asyl<\/p>\n<p>Gerhards Marionettentheater<\/p>\n<p>Hospiz-Dienst Schw\u00e4bisch Hall e.V.<\/p>\n<p>Internationaler Frauenkreis<\/p>\n<p>Mehrgenerationenhaus\/Haus der Bildung<\/p>\n<p>Mensa Schulzentrum West<\/p>\n<p>Neustart Gemeinn\u00fctzige GmbH<\/p>\n<p>\u00d6kumenische Krankenhaushilfe \u201eGr\u00fcne Damen\u201d<\/p>\n<p>Pro Familia e.V.<\/p>\n<p>Schw\u00e4bisch Haller B\u00fcrgerstiftung<\/p>\n<p>S.M.O. Selbsthilfe Mobbingopfer e.V.<\/p>\n<p>Sonnenhof e.V.<\/p>\n<p>Stadtseniorenrat e.V.<\/p>\n<p>Verein teilAuto Schw\u00e4bisch Hall e.V.<\/p>\n<p>Wellcome<\/p>\n<p>Stadtverwaltung Schw\u00e4bisch Hall, Am Markt 6, 74523 Schw\u00e4bisch Hall<\/p>\n<p>Telefon: 0791\/751-245<\/p>\n<p>Fax: 0791\/751-466<\/p>\n<p><strong>Internet:<\/strong><\/p>\n<p><a href=\"http:\/\/www.schwaebischhall.de\" target=\"_blank\">www.schwaebischhall.de<\/a><\/p>\n<p><a href=\"http:\/\/www.facebook.com\/schwaebischhall\" target=\"_blank\">www.facebook.com\/schwaebischhall<\/a><\/p>\n<p><a href=\"http:\/\/www.twitter.com\/ob_schwaebhall\" target=\"_blank\">www.twitter.com\/ob_schwaebhall<\/a><\/p>\n<div class=\"pdf24Plugin-cp\"> \t<form name=\"pdf24Form0\" method=\"post\" action=\"https:\/\/doc2pdf.pdf24.org\/wordpress.php\" target=\"pdf24PopWin\" onsubmit=\"var pdf24Win = window.open('about:blank', 'pdf24PopWin', 'resizable=yes,scrollbars=yes,width=600,height=250,left='+(screen.width\/2-300)+',top='+(screen.height\/3-125)+''); pdf24Win.focus(); if(typeof pdf24OnCreatePDF === 'function'){void(pdf24OnCreatePDF(this,pdf24Win));}\"> \t\t<input type=\"hidden\" name=\"blogCharset\" value=\"Cw1x07UAAA==\" \/><input type=\"hidden\" name=\"blogPosts\" value=\"MwQA\" \/><input type=\"hidden\" name=\"blogUrl\" value=\"yygpKSi20tcvLy\/Xy8jPSM3LARK6pXnpqWmZOSWpRSV6KakA\" \/><input type=\"hidden\" name=\"blogName\" value=\"88jPSM3LARK6pXnpqWmZOSWpRSUA\" \/><input type=\"hidden\" name=\"blogValueEncoding\" value=\"gzdeflate base64\" \/><input type=\"hidden\" name=\"postId_0\" value=\"MzQ1MDMBAA==\" \/><input type=\"hidden\" name=\"postTitle_0\" value=\"TYyxDcIwEEVXOQkpJQquIqUliIaKCc7mY5+wr7AtRUrFDixAwRhUZBMmIelo39N7zaYzxvSH+Z0JonTNkFFiFI9Cg3r2SNBKFh5SKrJS5FKgzRq2PX3vj89zyKuiswvj\/LJSXKAjx7igE+dbpcsyQ8hQTjWKC9C\/dyFO1G1pjwnJLo1pd+YH\" \/><input type=\"hidden\" name=\"postLink_0\" value=\"yygpKSi20tcvLy\/Xy8jPSM3LARK6pXnpqWmZOSWpRSV6Kan69gW2hqYGZiYA\" \/><input type=\"hidden\" name=\"postAuthor_0\" value=\"AwA=\" \/><input type=\"hidden\" name=\"postDateTime_0\" value=\"MzIwNNI1NNQ1NlAwMLMyNLQyMAIA\" \/><input type=\"hidden\" name=\"postContent_0\" value=\"nVZNUxtHEL3nV3RxFhJgwAklU4UCiMTBuAoMVbm4ZrW9u1OanVHNzKJEJ35FTkkqBy75Az5xyv4TfknezEqyPgDHuYC029P9+r3XPeqODrvOW6Pzw2O2xNZ5pstBMa7vE+kGBZ0JpfDiXNihp5QdcWFZi9IrOShY04nORc4la+8okzplT6KkS1E6L\/IWfdumY55wmSDHztb2TotujabtLUJ22n5FHwpLskSVyiG7pZ5UaaVzwmnv2\/\/8NQO3s0UXNhdaOuGl0axbdM2WpWaqdEp9W41GQFOIBH+T8AZ4JlXOTuS+3e1M0yx8GB1+00XzXB5eA1GofelF6m\/ZjoXyAcMqDd0OgucHp4lObP0py3SIl+5LvVdlaB09r+H4UAKCplvJCv8WOaar+t7LPHScSiYXHo1Z+TFapKx+sJQKR31IIPXYFIo4KCJBAU4cCz2MBB1ptkPWESe4nlRuZDkI2JpyFnI3jHp8ezdlOYLaW+hjghZ+QIjVMUIEtFcij844maLGx4Sdl2XpcRJ5I7FrdFKOapkPlR2y9DkFWHwQVRYhQwmhwaTyjaf+r5VCCyfB1\/przNwgN1kmJ9BEMa0IPZeS0sqiowvASqBGzhZKoJqlM3wUWm\/+aBxn9J5VbmXZXjXQVzl75ug1\/\/SkK1CyifqPKSWapx57lkrmoa\/5vDQSs3OwEfbBsP6kgxnqh8B94PPx7s9I4uPd75QpVAp2i8mjP1PAkLNw0BhsndX3Kvp4lXQgiA4HApexCtJJnRlbNklNeBCz5orDv+h5NEMZWhpLBfDBfHPpYL68UUCTEg7eaof2k\/oe2ylinJExsvU9XvumUKwhG1osgb4JHl4H5LDgmmw3GD8cA1MB6mxcQva3Rnsx9AdrGp0G4OMnzwFt4eMg9xBkGv82bkoYA+EtZOGFNbU+TVWQLAZcYYdkBrNelvi29fq77c7rve3Nna1dKGxD96Aw0L3W1KlREAgsLdvnmbW63uHRzcUBVo0bGQvPfS+y+m\/6GWeUcS06kyrjRr1TVT8MChhA59yiPqjGwnQJe8sVcLXoJ6yEkUDHc3+rcLfozcjwJRcJF+EB3KmxJxKBpz2eSDt0eXT3E8u7SXQsxdDAr7NTq3EH1IMZJqq+TxWwnVpRzXSNBRFX+UmBJdOiK8lZEMpWYTzmMosSA8VBXyyJNZ24fT3n\/ZQrXDeYh7JyXJXzx6ABtdwQfDs6cr\/O0ffZFsKmLqywII1H\/75gMGVnIWfGjeRkE9sLy\/Pl8suL3E6bjVVnIecAB0tgFTdWCI13Vlfs52DtRChZKcyOD+3f4CKYvX7HFda59dPLStcPfoLZpX6ZnM1i6t+GFYY44GV6a+ONEGoW0TxYO31bP2B0jwWiHu\/+mJ17j6FpiBdLLT7xU2Y6V7igMr8A\/rJ93r5ow1sqcb4pd26SBBY1o6DyUlYTBC9Mtvw0DCb2iTRwEAhbetnsHArL9qjy5mVhbnDjDEzJS5lf+GXSoqNyeqvtt+j17t7Oq2cHYLodDhYWw+7eZ+\/+svBid39\/dUM0luEnZr8rCIsze7NReD866HTG43EbtceCI4YCENopbxAckLN\/s\/Exwb0x3Dh8Oq7bES9mzsSAE2OGbdDUWTn+dI2XTnypmh9LTJqNR03ycXr6+VrPx88r\/Qs=\" \/> \t\t<a href=\"https:\/\/www.pdf24.org\" target=\"_blank\" title=\"www.pdf24.org\" rel=\"nofollow\"><img src=\"https:\/\/www.hohenlohe-ungefiltert.de\/wp-content\/plugins\/pdf24-post-to-pdf\/img\/pdf_32x32.png\" alt=\"\" border=\"0\" height=\"32\" \/><\/a> \t\t<span class=\"pdf24Plugin-cp-space\">&nbsp;&nbsp;<\/span> \t\t<span class=\"pdf24Plugin-cp-text\">Sende Artikel als PDF<\/span> \t\t<span class=\"pdf24Plugin-cp-space\">&nbsp;&nbsp;<\/span> \t\t<input class=\"pdf24Plugin-cp-input\" style=\"margin: 0px;\" type=\"text\" name=\"sendEmailTo\" placeholder=\"Emailadresse\" \/> \t\t<input class=\"pdf24Plugin-cp-submit\" style=\"margin: 0px;\" type=\"submit\" value=\"Senden\" \/> \t<\/form> <\/div>","protected":false},"excerpt":{"rendered":"<p>Der erste Schw\u00e4bisch Haller Markt des ehrenamtlichen Engagements findet am Samstag, 8. Dezember 2012, von 10 bis 13 Uhr im Haus der Bildung statt.\u00a020 Organisationen, Vereine und Gruppen haben bereits zugesagt. Von der Stadtverwaltung Schw\u00e4bisch Hall Er\u00f6ffnung ist am Samstag, 8. Dezember 2012, um 10 Uhr Um den vielen ehrenamtlich T\u00e4tigen, die sich weltweit f\u00fcr [&hellip;]<\/p>\n","protected":false},"author":3,"featured_media":0,"comment_status":"open","ping_status":"open","sticky":false,"template":"","format":"standard","meta":[],"categories":[],"tags":[],"_links":{"self":[{"href":"https:\/\/www.hohenlohe-ungefiltert.de\/index.php?rest_route=\/wp\/v2\/posts\/15064"}],"collection":[{"href":"https:\/\/www.hohenlohe-ungefiltert.de\/index.php?rest_route=\/wp\/v2\/posts"}],"about":[{"href":"https:\/\/www.hohenlohe-ungefiltert.de\/index.php?rest_route=\/wp\/v2\/types\/post"}],"author":[{"embeddable":true,"href":"https:\/\/www.hohenlohe-ungefiltert.de\/index.php?rest_route=\/wp\/v2\/users\/3"}],"replies":[{"embeddable":true,"href":"https:\/\/www.hohenlohe-ungefiltert.de\/index.php?rest_route=%2Fwp%2Fv2%2Fcomments&post=15064"}],"version-history":[{"count":4,"href":"https:\/\/www.hohenlohe-ungefiltert.de\/index.php?rest_route=\/wp\/v2\/posts\/15064\/revisions"}],"predecessor-version":[{"id":15099,"href":"https:\/\/www.hohenlohe-ungefiltert.de\/index.php?rest_route=\/wp\/v2\/posts\/15064\/revisions\/15099"}],"wp:attachment":[{"href":"https:\/\/www.hohenlohe-ungefiltert.de\/index.php?rest_route=%2Fwp%2Fv2%2Fmedia&parent=15064"}],"wp:term":[{"taxonomy":"category","embeddable":true,"href":"https:\/\/www.hohenlohe-ungefiltert.de\/index.php?rest_route=%2Fwp%2Fv2%2Fcategories&post=15064"},{"taxonomy":"post_tag","embeddable":true,"href":"https:\/\/www.hohenlohe-ungefiltert.de\/index.php?rest_route=%2Fwp%2Fv2%2Ftags&post=15064"}],"curies":[{"name":"wp","href":"https:\/\/api.w.org\/{rel}","templated":true}]}}