{"id":15047,"date":"2012-11-27T18:19:43","date_gmt":"2012-11-27T17:19:43","guid":{"rendered":"http:\/\/www.hohenlohe-ungefiltert.de\/?p=15047"},"modified":"2012-11-27T18:20:42","modified_gmt":"2012-11-27T17:20:42","slug":"krankenkassen-mussten-mehr-kuren-genehmigen-und-hohere-tagessatze-bezahlen-ungewisse-zukunft-des-adelheidstifts-in-kirchbergjagst-kurheim-fur-behinderte-menschen-politiker-und-drk-ant","status":"publish","type":"post","link":"https:\/\/www.hohenlohe-ungefiltert.de\/?p=15047","title":{"rendered":"&#8222;Krankenkassen m\u00fcssten mehr Kuren genehmigen und h\u00f6here Tagess\u00e4tze bezahlen&#8220; \u2013 Ungewisse Zukunft des Adelheidstifts in Kirchberg\/Jagst, Kurheim f\u00fcr behinderte Menschen: Politiker und DRK antworten"},"content":{"rendered":"<p><strong>Die DRK-Kurklinik Adelheidstift in KirchbergJagst, eine Vorsorge- und Rehabilitationseinrichtung f\u00fcr M\u00fctter und V\u00e4ter mit geistig und mehrfach behinderten Kindern schloss am 23. Oktober 2012 \u2013 nach 40 Jahren. Hohenlohe-ungefiltert dokumentiert die j\u00fcngste Geschichte in einem Artikel. Au\u00dferdem ver\u00f6ffentlicht Hohenlohe-ungefiltert Antworten von Politikern, Kirchbergs B\u00fcrgermeister Ohr und des DRK-Landesverbands Baden-W\u00fcrttemberg auf Fragen der Redaktion.<\/strong><\/p>\n<p><em>Zusammengestellt von Ralf Garmatter, Hohenlohe-ungefiltert<\/em><\/p>\n<p><strong>Friedrich Bullinger (FDP) und Christian von Stetten (CDU) antworteten nicht<\/strong><\/p>\n<p>Die Fragen wurden allen Beteiligten am 29. Oktober 2012 geschickt. Wer zuerst antwortete steht oben, wer als Letzter antwortete steht unten. Die Antworten geben den jeweiligen Stand beim Eingang in der Redaktion wieder.<\/p>\n<p>Es antworteten der DRK-Landesverband Baden-W\u00fcrttemberg, Annette Sawade (SPD-Bundestagsabgeordnete), Landtagsabgeordneter R\u00fceck (CDU), Kirchbergs B\u00fcrgermeister Stefan Ohr, das Sozialministerium Baden-W\u00fcrttemberg und der Gr\u00fcnen-Bundestagsabgeordnete Harald Ebner. Nicht geantwortet haben der FDP-Landtagsabgeordnete Friedrich Bullinger und der CDU-Bundestagsabgeordnete Christian Stetten.<\/p>\n<p><strong>Der Artikel von Ralf Garmatter, Hohenlohe-ungefiltert:<\/strong><\/p>\n<p><strong>\u201eKein Herz f\u00fcr behinderte Menschen\u201c<\/strong><\/p>\n<p><strong>DRK-Kurklinik Adelheidstift schlie\u00dft aus wirtschaftlichen Gr\u00fcnden \u2013 Ein Investor ist nicht in Sicht<\/strong><\/p>\n<p>Die Kurklinik Adelheidstift in Kirchberg an der Jagst (Landkreis Schw\u00e4bisch Hall) ist Geschichte. Das Deutsche Rote Kreuz (DRK), Landesverband Baden-W\u00fcrttemberg, hat die Vorsorge- und Rehabilitationseinrichtung f\u00fcr M\u00fctter und V\u00e4ter mit geistig und mehrfach behinderten Kindern aus wirtschaftlichen Gr\u00fcnden geschlossen. Auch alleinreisende Behinderte konnten sich in den vergangenen vier Jahrzehnten im Adelheidstift erholen. Die letzten Kurg\u00e4ste reisten am 23. Oktober 2012 ab. Viele waren traurig und entt\u00e4uscht. Manche von ihnen waren Stammg\u00e4ste der Kureinrichtung in Kirchberg.<\/p>\n<p><strong>&#8222;Uns ist es total unverst\u00e4ndlich, wie man so eine Entscheidung treffen kann\u201c<\/strong><\/p>\n<p>Rund 40 Jahre lang existierte das Adelheidstift als Kurklinik f\u00fcr behinderte Menschen und deren Angeh\u00f6rige. Bundesweit gibt es jetzt nur noch eine Kurklinik f\u00fcr alleinreisende behinderte Menschen. Diese steht in Nordrhein-Westfalen. \u201eUns ist es total unverst\u00e4ndlich, wie man so eine Entscheidung treffen kann\u201c, sagt Sandy Heller (31), eine der letzten Kurg\u00e4ste im Adelheidstift vor ihrer Abreise. \u201eDas Adelheidstift ist ideal f\u00fcr Menschen mit Behinderung, da es \u00fcber viel Platz und gute Hilfsmittel verf\u00fcgt und rollstuhlgerecht ausgestattet ist\u201c, so Heller. In einem offenen Brief, der bei einer Betriebsversammlung verlesen wurde, schrieb sie: \u201eLeute, die pflegebed\u00fcrftige Angeh\u00f6rige haben und diese zu Hause oft rund um die Uhr versorgen, gelangen schnell an die Grenze der Belastbarkeit.\u201c Deshalb sei es wichtig, einen Ort der Erholung und des Besinnens zu haben. \u201eMensch sein, hei\u00dft Herz haben und Herz zeigen\u201c, erkl\u00e4rte die schwer k\u00f6rperlich behinderte junge Frau.<\/p>\n<p><strong> Restriktive Kurgenehmigungen der Krankenkassen<\/strong><\/p>\n<p>Das Aus f\u00fcr das Adelheidstift kommt nicht \u00fcberraschend. Bereits seit einigen Jahren stand die Einrichtung immer wieder auf der Kippe. Durch restriktive Kurgenehmigungen der Krankenkassen sind die Belegungszahlen gesunken. Viele Kurg\u00e4ste mussten ihre Kuren durch Widerspr\u00fcche und gerichtliche Klagen durchsetzen. Dazu kommt ein gro\u00dfer Investitionsstau.<\/p>\n<p><strong>DRK-Landespr\u00e4sidium drehte den Geldhahn zu<\/strong><\/p>\n<p>Am 19. Juli 2012 hatte das DRK-Landespr\u00e4sidium in einer Pressemitteilung verk\u00fcndet, den Geldhahn f\u00fcr das Adelheidstift zum Jahresende 2012 zuzudrehen. In den vergangenen zehn Jahren habe der Fehlbetrag bei \u00fcber 300.000 Euro j\u00e4hrlich gelegen, begr\u00fcndete DRK-Landespr\u00e4sident Dr. Lorenz Menz den Pr\u00e4sidiumsbeschluss. Um das Haus wirtschaftlich f\u00fchren zu k\u00f6nnen sei eine Erh\u00f6hung der Bettenkapazit\u00e4t auf 120 Betten erforderlich. Der Ausbau w\u00fcrde etwa elf Millionen Euro kosten. Das Geld daf\u00fcr habe das DRK nicht, so Menz. Einen Investor hat das DRK nicht gefunden. Deshalb m\u00fcsse das Adelheidstift geschlossen werden.<\/p>\n<p><strong>Welle der Unterst\u00fctzung f\u00fcr das Adelheidstift<\/strong><\/p>\n<p>Nachdem das DRK die Schlie\u00dfung angek\u00fcndigt hatte, gab es eine Welle der Unterst\u00fctzung f\u00fcr das Adelheidstift. Die Fraueninitiative Poststra\u00dfe, die Stadt Kirchberg, die evangelische Kirchengemeinde und zahlreiche Einzelpersonen erkl\u00e4rten sich solidarisch und setzten sich f\u00fcr einen Erhalt des Kurheims ein. Auch einige Bundes- und Landespolitiker aus der Region schalteten sich ein. Der Betriebsrat des Adelheidstifts stellte eine offene Petition \u201eVielfalt leben \u2013 Gemeinsam f\u00fcr den Erhalt des Adelheidstifts\u201c ins Internet. Diese haben inzwischen \u00fcber 3000 Menschen unterzeichnet (<a href=\"https:\/\/www.openpetition.de\/petition\/online\/vielfalt-leben-gemeinsam-fuer-den-erhalt-des-adelheidstifts\" target=\"_blank\">https:\/\/www.openpetition.de\/petition\/online\/vielfalt-leben-gemeinsam-fuer-den-erhalt-des-adelheidstifts<\/a>).<\/p>\n<p><strong>&#8222;Investition von zwei bis drei Millionen Euro w\u00fcrde reichen&#8220;<\/strong><\/p>\n<p>Die Schlie\u00dfung aus \u201einfrastrukturellen Gr\u00fcnden\u201c m\u00fcsste nicht sein, meint die Betriebsratsvorsitzende Michaela Strobel. Die Kurklinik sei noch \u201ebis mindestens Ende des Jahres 2013 zertifiziert\u201c. F\u00fcr &#8222;viel zu hoch gegriffen&#8220; h\u00e4lt die Betriebsratsvorsitzende die vom DRK-Pr\u00e4sidium genannten Investitionskosten von etwa elf Millionen Euro. &#8222;Eine Erweiterung um 20 Betten w\u00fcrde reichen&#8220;, meint Michaela Strobel. &#8222;Mit zwei bis drei Millionen Euro w\u00e4re das zu machen.&#8220;<\/p>\n<p><strong>Seit 2007 nur noch Saisonbetrieb<\/strong><\/p>\n<p>Seit 2007 wurde das Adelheidstift nur noch als Saisonbetrieb von M\u00e4rz bis Oktober gef\u00fchrt. In den Wintermonaten war geschlossen, die Mitarbeiter bauten Urlaub und \u00dcberstunden ab und meldeten sich zwei Monate lang arbeitslos. Die K\u00fcche und Reinigungsarbeiten wurden schon vor einigen Jahren an eine externe Firma vergeben.<\/p>\n<p><strong>Entt\u00e4uscht von Eva Luise K\u00f6hler, der Gattin von Ex-Bundespr\u00e4sident Horst K\u00f6hler<\/strong><\/p>\n<p>Die knapp 40 Mitarbeiterinnen und Mitarbeiter des Adelheidstifts k\u00e4mpften jahrelang um das \u00dcberleben der Kurklinik mit 54 Betten. Entt\u00e4uscht sind sie von Eva Luise K\u00f6hler, der Gattin des fr\u00fcheren Bundespr\u00e4sidenten Horst K\u00f6hler. Als damalige Schirmherrin des Deutschen M\u00fcttergenesungswerks besuchte sie 2004 das Adelheidstift. \u201eIch bin begeistert von dieser wunderbaren Einrichtung\u201c, schrieb die damalige Bundespr\u00e4sidentengattin ins G\u00e4stebuch. \u201eDoch au\u00dfer warmen Worten ist nichts passiert, obwohl wir ihr 2006 nochmals schriftlich mitteilten, dass uns das Wasser bis zum Hals steht\u201c, berichtet die Betriebsratsvorsitzende Michaela Strobel.<\/p>\n<p><strong>Rechtsanspruch auf Erholungsma\u00dfnahmen geltend machen<\/strong><\/p>\n<p>Dieter Sudermann (59) kritisiert den DRK-Landesverband. Sudermann leitete das Adelheidstift von 1982 bis 2010. Seit 1996 habe sich das DRK nicht ausreichend um h\u00f6here Tagess\u00e4tze bem\u00fcht, so Sudermann. \u201eMir ist nicht bekannt, dass der Landesverband in den letzten Jahren die Initiative ergriffen hat, die Tagess\u00e4tze neu zu verhandeln.\u201c Sudermann hatte die Leitung vor zwei Jahren aus gesundheitlichen Gr\u00fcnden abgegeben und ist nicht mehr f\u00fcr das DRK t\u00e4tig. \u201eSchon vor Jahren h\u00e4tte das Haus deutlich vergr\u00f6\u00dfert werden und intensiv ein neuer Tr\u00e4ger gesucht werden m\u00fcssen\u201c, meint der fr\u00fchere Heimleiter. Nach dem Aus des DRK-Kurheims in Kirchberg ist es laut Sudermann wieder eine staatliche Aufgabe, Erholungsma\u00dfnahmen f\u00fcr M\u00fctter und V\u00e4ter mit behinderten Kindern sicher zu stellen. \u201eDiese haben sogar einen Rechtsanspruch darauf, den sie vor den Sozialgerichten einklagen k\u00f6nnen\u201c, meint der fr\u00fchere Leiter des Adelheidstifts.<\/p>\n<p><strong>DRK und Politiker schauten dem Niedergang zu lange nur zu<\/strong><\/p>\n<p>Viele Kritiker sind der Ansicht, dass von Seiten des DRK und der Politik dem schleichenden Niedergang des Adelheidstifts zu lange zugeschaut worden ist. Zu sp\u00e4t seien die Verantwortlichen aufgewacht. Jetzt ist der Jammer gro\u00df. Ein potenter Investor ist nicht in Sicht.<\/p>\n<p><strong>Eine kurzer Abriss der Geschichte des Adelheidstifts:<\/strong><\/p>\n<p>Im Jahr 1854 kaufte F\u00fcrstin Adelheid zu Hohenlohe-Kirchberg das 1779 erbaute Haus in Kirchberg-Tal. 1855 stiftete sie das Adelheidstift als Krankenhaus. Die Finanzierung des Abmangels \u00fcbernahmen sp\u00e4ter die Stadt Kirchberg und das Oberamt Gerabronn. Zahlreiche Erweiterungen und Modernisierungen fanden \u00fcber die Jahre statt. Bis 1956 wurde das Adelheidstift als Krankenhaus und Entbindungsklinik genutzt.<\/p>\n<p><strong>DRK ist seit 1956 Eigent\u00fcmer<\/strong><\/p>\n<p>1956 kaufte das Deutsche Rote Kreuz (DRK) das Krankenhaus und baute es zu einem Kurhaus f\u00fcr Kinder um, die vornehmlich aus dem Raum Berlin kamen. Zu Beginn der 1970er Jahre wurde der stattliche Neubau in Form eines riesigen Satteldaches errichtet. Von da an wurden vermehrt Mutter-Kind-Kuren angeboten. 1974 wurde das Kurheim vom M\u00fcttergenesungswerk anerkannt. Der Einbau einer neuen K\u00fcche, eines behindertengerechten Aufzugs und eines Hallenbads folgte. Der Schwerpunkt verlagerte sich \u00fcber die Jahre hin zu Kuren f\u00fcr mehrfach-behinderte Menschen und deren pflegende Angeh\u00f6rige. Ein Brand zerst\u00f6rte 1998 gro\u00dfe Teile des Neubaus. Das Geb\u00e4ude wurde innerhalb weniger Monate wieder instand gesetzt. Der Kurbetrieb wurde schnell wieder aufgenommen. Trotz Anerkennung als Vorsorge- und Reha-Einrichtung kam das Adelheidstift wegen r\u00fcckl\u00e4ufiger Kurzahlen ab 2002 in wirtschaftliche Schwierigkeiten. Ende 2012 wird die Kurklinik geschlossen. Die Geb\u00e4ude stehen zum Verkauf. rag (Journalistisches K\u00fcrzel)<\/p>\n<p><em>(Quelle: \u201eDas Adelheidstift\u201c von Peter Gut\u00f6hrle, Reihe Kirchberger Hefte, Heft 4, 2007)<\/em><\/p>\n<p><strong>Fragen an den SPD-Landtagsabgeordneten Nik Sakellariou. Die Antworten hat Nik Sakellariou direkt unter die Fragen geschrieben:<\/strong><\/p>\n<p><em>1. Nach meinen Informationen haben Sie sich als Landtagsabgeordneter wegen der Schlie\u00dfung des Adelheidstifts an das Sozialministerium Baden-W\u00fcrttemberg gewandt. Um welche Art der Unterst\u00fctzung haben Sie das Sozialministerium gebeten?<\/em><\/p>\n<p>Um die Finanzierung eines Gutachten zur Wirtschaftlichkeit einer solchen Einrichtung vor dem Hintergrund des Bedarfs an Heimpl\u00e4tzen f\u00fcr alleinreisende Menschen mit Behinderung und \u00e4lterer M\u00fctter und V\u00e4ter mit \u00e4lteren (bis sehr alten) &#8222;Kindern&#8220; mit Behinderung.<\/p>\n<p><em>2. Wie haben Sie Ihre Bitte(n) um Unterst\u00fctzung begr\u00fcndet?<\/em><\/p>\n<p>Ich erhoffe mir so f\u00fcr Investoren eine wirtschaftlich interessante Perspektive durch die Begutachtung des &#8222;Marktes&#8220; und der Refinanzierungsm\u00f6glichkeiten durch einen sachverst\u00e4ndigen Gutachter.<\/p>\n<p><em>3. Welche Unterst\u00fctzung kann das Sozialministerium im Fall Adelheidstift leisten?<\/em><\/p>\n<p>Ich hoffe es kann die Finnzierung dieses Gutachtens unterst\u00fctzen.<\/p>\n<p><em>4. Welche Antworten hat Ihnen das Sozialministerium gegeben?<\/em><\/p>\n<p>Noch keine. Das Schreiben ist in Bearbeitung.<\/p>\n<p><em>5. Nach Darstellung des DRK-Landesverbands sind die Tagess\u00e4tze f\u00fcr Behindertenkuren im Adelheidstift seit Jahren nicht kostendeckend gewesen. Wie kann erreicht werden, dass die Tagess\u00e4tze kostendeckend werden?<\/em><\/p>\n<p>Durch die Investition in eine Erweiterung der Einrichtung um zahlenm\u00e4\u00dfig mehr Menschen aufnehmen zu k\u00f6nnen.<\/p>\n<p><em>6. Wer handelt mit wem die Tagess\u00e4tze aus? Wie hei\u00dfen die beteiligten Institutionen?<\/em><\/p>\n<p>Krankenkassen und Tr\u00e4ger (DRK)<\/p>\n<p><em>7. Welche Rahmenbedingungen seitens der Politik gibt es derzeit bei Kuren f\u00fcr Behinderte und Tagess\u00e4tze in Kurkliniken?<\/em><\/p>\n<p>Das wei\u00df ich nicht.<\/p>\n<p><em>8. Wie m\u00fcssten die Rahmenbedingungen seitens der Politik ver\u00e4ndert werden, um ausk\u00f6mmliche Tagess\u00e4tze zu erreichen?<\/em><\/p>\n<p>Die Versicherten du ihre Vertretungen m\u00fcssten bereit sein, h\u00f6here Beitr\u00e4ge zu bezahlen, um diesen Bereich ausk\u00f6mmlich zu finanzieren.<\/p>\n<p><em>9. Viele Betroffene mussten ihre Kuren durch Widerspr\u00fcche und Entscheide von Sozialgerichten durchsetzen. Warum ist das so? Wie kann dies politisch verbessert werden?<\/em><\/p>\n<p>Im Sozialrecht geht es um viel Geld und um Ermessensentscheidungen. Da wird h\u00e4ufig vor Gericht gestritten und bekommt man erst vor dem Sozialgericht Recht. Bei Krankenversicherungen und Rentenversicherungen ist aber immer ein Widerspruchsausschuss vorgeschaltet, in dem sowohl Arbeitnehmervertreter als auch Arbeitgebervertreter (jeweils als Beitragszahlervertreter) sitzen und den Beschluss zuvor gepr\u00fcft haben.<\/p>\n<p><em>10. Welche Institutionen sind f\u00fcr die restriktive Behandlung von Kurantr\u00e4gen verantwortlich?<\/em><\/p>\n<p>s.o.<\/p>\n<p><em>11. Welche politischen Gremien k\u00f6nnen die aktuelle Genehmigungspraxis bei Kurantr\u00e4gen f\u00fcr die Betroffenen verbessern?<\/em><\/p>\n<p>Die Vertreterversammlungen der Krankenversicherungen und der Rentenversicherung die parit\u00e4tisch besetzt sind.<\/p>\n<p><em>12. Welche Gesetze oder Ausf\u00fchrungsbestimmungen m\u00fcssten ver\u00e4ndert werden?<\/em><\/p>\n<p>\u00a7\u00a7 24 ff SGB V<\/p>\n<p><em>13. K\u00f6nnte das Land Baden-W\u00fcrttemberg das Kurheim Adelheidstift in Kirchberg\/Jagst kaufen oder pachten, in Eigenregie renovieren und weiter betreiben?<\/em><\/p>\n<p>Nein.<\/p>\n<p><em>14. Wer kontrolliert und \u00fcberpr\u00fcft eine Kureinrichtung wie das Adelheidstift hinsichtlich notwendiger Zertifizierungen?<\/em><\/p>\n<p>Fachaufsicht &#8211; ich vermute die zahlenden Kassen und Versicherungen.<\/p>\n<p><em>15. Welche Zertifizierungen sind aktuell notwendig, damit eine Kureinrichtung geistig und mehrfach behinderte Menschen und deren Angeh\u00f6rige (M\u00fctter\/V\u00e4ter) aufnehmen kann?<\/em><\/p>\n<p>Das wei\u00df ich schlicht nicht.<\/p>\n<p><em>16. Was kann jetzt noch getan werden, damit das Adelheidstift weiterhin als Kureinrichtung f\u00fcr behinderte Menschen und deren Angeh\u00f6rige erhalten bleibt?<\/em><\/p>\n<p>Ich versuche mein Bestes. Wir brauchen aber einen (neuen) Tr\u00e4ger, der bereit ist 11 Millionen zu investieren und der &#8211; das erhoffe ich mir von dem Gutachten &#8211; das auch gerne tut, weil er wei\u00df, dass er dieses Investition durch den Bedarf auf der Strecke auch refinanziert bekommt.<\/p>\n<p><em>17. Falls dies nicht m\u00f6glich ist: Wie kann das Adelheidstift weiter genutzt werden?<\/em><\/p>\n<p>Das kann ich Ihnen beim besten Willen nicht beantworten.<\/p>\n<p><strong>Fragen von Hohenlohe-ungefiltert an den DRK-Landesverband Baden-W\u00fcrttemberg. Die Antworten des DRK-Landesverbands stehen unter dem Fragenkatalog:<\/strong><\/p>\n<p>1. In welchem Jahr hat das DRK das Adelheidstift in Kirchberg \u00fcbernommen? Mit welcher Zielgruppe wurde zun\u00e4chst gearbeitet? Ab wann wurden Kuren f\u00fcr behinderte Menschen angeboten?<\/p>\n<p>1.1.: Seit Jahren war das DRK-Kurheim Adelheidstift von der Schlie\u00dfung bedroht \u2013 Was hat der DRK-Kreisverband Schw\u00e4bisch Hall in den vergangenen Jahren unternommen, um die Schlie\u00dfung zu verhindern? Welche konkreten Aktivit\u00e4ten des Kreisverbands gab es?<\/p>\n<p>2. Als die Schlie\u00dfung in diesem Jahr konkret wurde (Juli 2012) \u2013 welche konkreten Aktivit\u00e4ten hat der DRK-Kreisverband seither unternommen, um die Schlie\u00dfung noch abzuwenden?<\/p>\n<p>3. Wie hat sich der inzwischen abgel\u00f6ste Kreisvorsitzende Ulrich St\u00fcckle konkret f\u00fcr das DRK-Kurheim Adelheidstift eingesetzt? Welche konkreten Aktivit\u00e4ten seitens Herrn St\u00fcckles gab es? Bitte nennen Sie die Aktivit\u00e4ten.<\/p>\n<p>4. Wie geht es mit dem Geb\u00e4ude des Adelheidstifts und dem dortigen Inventar weiter? Muss sich ein Hausmeister darum k\u00fcmmern, muss das Haus weiter geheizt werden? Welche Kosten entstehen dadurch pro Monat\/ pro Jahr?<\/p>\n<p>4.1.: F\u00fcr welchen Preis w\u00fcrden Sie das Adelheidstift samt Grundst\u00fcck und Inventar verkaufen? Wie ist Ihre derzeitige Verhandlungsbasis?<\/p>\n<p>5. Wird das bewegliche Inventar (Pflegebetten, K\u00fccheneinrichtung, Physiotherapie-Einrichtung etc.) separat verkauft? Welchen Erl\u00f6s versprechen Sie sich davon?<\/p>\n<p>6. Gibt es derzeit einen oder mehrere Interessenten, der\/die das Adelheidstift kaufen wollen?<\/p>\n<p>7. Versuchen Sie derzeit aktiv, das Adelheidstift zu verkaufen \u2013 oder warten Sie ab, wer auf Sie zukommt?<\/p>\n<p>8. Ist es richtig, dass die Tagess\u00e4tze f\u00fcr Kuren im Adelheidstift seit 1996 nicht mehr erh\u00f6ht wurden? Wenn ja, warum? Wenn nein, wie haben sich die Tagess\u00e4tze seit 1996 entwickelt?<\/p>\n<p>9. Hat das DRK in den Jahren 1997, 1998, 1999, 2000, 2001, 2002, 2003, 2004, 2005, 2006, 2007, 2008, 2009, 2010, 2011 oder 2012 versucht, bei den Krankenkassen h\u00f6here Tagess\u00e4tze auszuhandeln? Wenn ja, wie waren die Steigerungen?<\/p>\n<p>10. Wie hoch waren die Tagess\u00e4tze zuletzt f\u00fcr eine Mutter oder einen Vater?<\/p>\n<p>10.1.: Wie hoch waren die Tagess\u00e4tze zuletzt f\u00fcr einen behinderten Menschen, bei dem die Mutter oder der Vater mitreisten?<\/p>\n<p>11. Wie hoch waren die Tagess\u00e4tze zuletzt f\u00fcr eine\/n alleinreisende\/n behinderte\/n Menschen?<\/p>\n<p>12. Wie hoch h\u00e4tten die Tagess\u00e4tze im Jahr 2012 sein m\u00fcssen, um kostendeckend arbeiten zu k\u00f6nnen?<\/p>\n<p>13. Kann das DRK-Kurheim St. Ingbert (Saarland) kostendeckend arbeiten? Wenn ja, warum? Wenn nein, warum nicht?<\/p>\n<p>14. Woran liegt es, dass die Kuren im DRK-Kurheim St. Ingbert (Saarland) derzeit bereits bis 23. April 2013 ausgebucht sind? Was wird dort besser gemacht als in Kirchberg\/Jagst?<\/p>\n<p>15. Wie viele Betten f\u00fcr Kurg\u00e4ste gibt es in St. Ingbert?<\/p>\n<p>16. Wieso hat der Gesch\u00e4ftsf\u00fchrer des Adelheidstifts zuletzt nicht mehr gearbeitet, obwohl noch Kuren stattgefunden haben? Ist er selbst gegangen oder wurde er entlassen?<\/p>\n<p>17. Wann ist der Gesch\u00e4ftsf\u00fchrer des Adelheidstifts aus den Diensten des DRK ausgeschieden und aus welchen Gr\u00fcnden?<\/p>\n<p>18. Wie hoch ist der aktuelle Gewinn oder das aktuelle Defizit im Adelheidstift im Jahr 2012 (von 1. Januar bis 23. Oktober 2012)? Wie sind die aktuellen Zahlen?<\/p>\n<p>19. Urspr\u00fcnglich waren noch zwei Kuren im Jahr 2012 geplant. Diese standen vor einigen Tagen sogar noch auf Ihrer Internetseite? Warum wurden diese Kuren nicht mehr gemacht?<\/p>\n<p>20. H\u00e4ngt die Schlie\u00dfung des Adelheidstifts inhaltlich mit dem verst\u00e4rkten Engagement und den Investitionen des DRK in die neue Bildungseinrichtung zur Ausbildung von Rettungsassistenten in Stuttgart zusammen? Diese hat vor einigen Tagen ihren Betrieb aufgenommen.<\/p>\n<p><strong>Die Antworten von Udo Bangerter, Stabsstelle \u00d6ffentlichkeitsarbeit, des DRK-Landesverbands Baden-W\u00fcrttemberg:<\/strong><\/p>\n<p><strong>Zu 1.:<\/strong><\/p>\n<p>Der DRK-Landesverband \u00fcbernahm 1956 das Geb\u00e4ude, zun\u00e4chst als Kindererholungsheim. Mit der Anerkennung durch die Elly Heuss-Knapp-Stiftung (MGW) und dem Anbau des Haupthauses in den Jahren 1971\/72 bekam das Adelheidstift seine Zweckbestimmung als Mutter-Kind-Kurma\u00dfnahmen f\u00fcr Frauen mit geistig bzw. mehrfach behinderten Kindern.<\/p>\n<p><strong>Zu 1.1 bis 3.:<\/strong><\/p>\n<p>Das Adelheidstift ist eine Einrichtung des DRK-Landesverbands Baden-W\u00fcrttemberg e.V. mit Sitz in Stuttgart. Deshalb war und ist der DRK-Kreisverband Schw\u00e4bisch Hall f\u00fcr das Adelheidstift in keiner Weise zust\u00e4ndig, weder strukturell noch operativ. Selbstverst\u00e4ndlich waren die zust\u00e4ndigen Gremien im DRK-Landesverband Baden-W\u00fcrttemberg regelm\u00e4\u00dfig \u00fcber den Sachverhalt bez\u00fcglich des Adelheidstifts informiert worden.<\/p>\n<p><strong>Zu 4. bis 7.:<\/strong><\/p>\n<p>Auch nach dessen Schlie\u00dfung kommt der DRK-Landesverband Baden-W\u00fcrttemberg als Eigent\u00fcmer des Adelheidstifts seiner Verantwortung sowohl f\u00fcr das Geb\u00e4ude als auch f\u00fcr das Inventar nach und wird die daf\u00fcr notwendigen Kosten tragen. Selbstverst\u00e4ndlich hat der DRK-Landesverband Baden-W\u00fcrttemberg ein Interesse daran, dass das Haus nicht leer steht und steht daher sowohl Angeboten f\u00fcr eine neue Nutzung als auch Kaufangeboten offen gegen\u00fcber. Weitere Angaben sind derzeit nicht m\u00f6glich.<\/p>\n<p><strong>Zu 8. bis 12.:<\/strong><\/p>\n<p>Die jeweils aktuellen Tagess\u00e4tze f\u00fcr Kureinrichtungen wurden laufend vom DRK-Landesverband Baden-W\u00fcrttemberg gepr\u00fcft. H\u00e4tten sich Spielr\u00e4ume f\u00fcr eine Erh\u00f6hung ergeben, w\u00e4ren diese ohne zu z\u00f6gern sofort genutzt worden. Eine Kalkulation von \u201efiktiven\u201c kostendeckenden Tagess\u00e4tzen liegt nicht vor. Bei Fragen bez\u00fcglich der Kriterien f\u00fcr die Festlegung von Tagess\u00e4tzen f\u00fcr Kureinrichtungen bitten wir Sie, sich an das M\u00fcttergenesungswerk oder an die Krankenkassen zu wenden.<\/p>\n<p><strong>Zu 13. bis 15.:<\/strong><\/p>\n<p>Zu den Betriebsvorg\u00e4ngen im Kurheim St. Ingbert k\u00f6nnen wir keine Ausk\u00fcnfte erteilen. Bitte wenden Sie sich bei Fragen zu dieser Einrichtung an den dortigen Tr\u00e4ger.<\/p>\n<p><strong>Zu 16. und 17.:<\/strong><\/p>\n<p>Der Einrichtungsleiter (nicht Gesch\u00e4ftsf\u00fchrer) Olaf Starke hat die Einrichtung auf eigenen Wunsch zum 30.9.2012 verlassen. Bis dahin hat er sich wie alle Mitarbeiter des Hauses mit voller Kraft f\u00fcr den Erhalt des Adelheidstifts eingesetzt.<\/p>\n<p><strong>Zu 18. bis 20.:<\/strong><\/p>\n<p>Die Prognose f\u00fcr 2012 zeigte keine Verbesserung der wirtschaftlichen Situation des Adelheidstifts. Zu weiteren aktuellen betriebswirtschaftlichen Daten des laufenden Gesch\u00e4ftsjahres k\u00f6nnen wir keine Ausk\u00fcnfte erteilen. Bereits in den vergangenen Jahren wurde nicht jede angebotene Kur belegt bzw. durchgef\u00fchrt. So verh\u00e4lt es sich auch mit den angebotenen Kurterminen ab dem 23. Oktober 2012. Ein Zusammenhang der Schlie\u00dfung mit weiteren Gesch\u00e4ftst\u00e4tigkeiten des DRK-Landesverbands Baden-W\u00fcrttemberg besteht nicht.<\/p>\n<p><strong>Die Fragen an die SPD-Bundestagsabgeordnete Annette Sawade:<\/strong><\/p>\n<p>1. Nach meinen Informationen haben Sie sich als Bundestagsabgeordnete wegen der Schlie\u00dfung des Adelheidstifts an das Sozialministerium Baden-W\u00fcrttemberg gewandt. Um welche Art der Unterst\u00fctzung haben Sie das Sozialministerium gebeten? Haben Sie noch weitere Institutionen um Hilfe gebeten? Wenn ja, welche und mit welchem Ergebnis?<\/p>\n<p>2. Wie haben Sie Ihre Bitte(n) um Unterst\u00fctzung begr\u00fcndet? Wie sch\u00e4tzen Sie das Vorgehen des DRK-Landesverbands Baden-W\u00fcrttemberg ein?<\/p>\n<p>3. Welche Unterst\u00fctzung kann das Sozialministerium im Fall Adelheidstift leisten?<\/p>\n<p>4. Welche Antworten hat Ihnen das Sozialministerium gegeben?<\/p>\n<p>5. Nach Darstellung des DRK-Landesverbands sind die Tagess\u00e4tze f\u00fcr Behindertenkuren im Adelheidstift seit Jahren nicht kostendeckend gewesen. Wie kann erreicht werden, dass die Tagess\u00e4tze kostendeckend werden?<\/p>\n<p>6. Wer handelt mit wem die Tagess\u00e4tze aus? Wie hei\u00dfen die beteiligten Institutionen?<\/p>\n<p>7. Welche Rahmenbedingungen seitens der Politik gibt es derzeit bei Kuren f\u00fcr Behinderte und Tagess\u00e4tze in Kurkliniken?<\/p>\n<p>8. Wie m\u00fcssten die Rahmenbedingungen seitens der Politik ver\u00e4ndert werden, um ausk\u00f6mmliche Tagess\u00e4tze zu erreichen?<\/p>\n<p>9. Viele Betroffene mussten ihre Kuren durch Widerspr\u00fcche und Entscheide von Sozialgerichten durchsetzen. Warum ist das so? Wie kann dies politisch verbessert werden?<\/p>\n<p>10. Welche Institutionen sind f\u00fcr die restriktive Behandlung von Kurantr\u00e4gen verantwortlich?<\/p>\n<p>11. Welche politischen Gremien k\u00f6nnen die aktuelle Genehmigungspraxis bei Kurantr\u00e4gen f\u00fcr die Betroffenen verbessern?<\/p>\n<p>12. Welche Gesetze oder Ausf\u00fchrungsbestimmungen m\u00fcssten ver\u00e4ndert werden?<\/p>\n<p>13. K\u00f6nnte das Land Baden-W\u00fcrttemberg oder der Bund das Kurheim Adelheidstift in Kirchberg\/Jagst kaufen oder pachten, in Eigenregie renovieren und weiter betreiben?<\/p>\n<p>14. Wer kontrolliert und \u00fcberpr\u00fcft eine Kureinrichtung wie das Adelheidstift hinsichtlich notwendiger Zertifizierungen?<\/p>\n<p>15. Welche Zertifizierungen sind aktuell notwendig, damit eine Kureinrichtung geistig und mehrfach behinderte Menschen und deren Angeh\u00f6rige (M\u00fctter\/V\u00e4ter) aufnehmen kann?<\/p>\n<p>16. Was kann jetzt noch getan werden, damit das Adelheidstift weiterhin als Kureinrichtung f\u00fcr behinderte Menschen und deren Angeh\u00f6rige erhalten bleibt?<\/p>\n<p>17. Falls dies nicht m\u00f6glich ist: Wie kann das Adelheidstift weiter genutzt werden?<\/p>\n<p><strong>Die Antworten von Annette Sawade, SPD-Bundestagsabgeordnete:<\/strong><\/p>\n<p><strong>zu 1.)<\/strong><\/p>\n<p>Mit dem Sozialministerium wird zurzeit ein Gespr\u00e4chstermin abgestimmt. Es wird sich dabei um eine Gespr\u00e4chsrunde mit der AOK, dem DRK und dem M\u00fcttergenesungswerk handeln und sich auch um die Tagess\u00e4tze f\u00fcr Mutter-Kind-Kuren mit behinderten Kindern drehen und nat\u00fcrlich der Frage wie man die Arbeit im Adelheidstift fortsetzen k\u00f6nnte.<\/p>\n<p>Vor etwa 4 Wochen hatte ich in Berlin auch Gespr\u00e4che mit der Bundesgesch\u00e4ftsf\u00fchrung des M\u00fcttergenesungswerks und des Bundesverbands des DRK mit der Bitte, L\u00f6sungen in den Landesverb\u00e4nden zu suchen. Allen Gespr\u00e4chspartnern war die Situation am Adelheidstift bewusst &#8211; jedoch kam bisher keine Reaktion.<\/p>\n<p>Es gab auch ein Gespr\u00e4ch mit DRK Pr\u00e4sidenten in Stuttgart \u2013 ohne Ergebnis.<\/p>\n<p><strong>zu 2.a)<\/strong><\/p>\n<p>Ich habe es begr\u00fcndet mit der dringenden Notwendigkeit solcher Spezialkuren. Zudem gibt es sonst nur noch ein anderes Heim dieser Art in Deutschland.<\/p>\n<p><strong>zu 2.b)<\/strong><\/p>\n<p>Der DRK Landesverband hat, wie ich auch schon in einem \u00f6ffentlichen Brief geschrieben hatte, wahrscheinlich zu lange gewartet, um noch L\u00f6sungen zu finden.<\/p>\n<p><strong>zu 3.+4.)<\/strong><\/p>\n<p>Das Gespr\u00e4ch mit dem Ministerium hat noch nicht stattgefunden.<\/p>\n<p><strong>zu 5.)<\/strong><\/p>\n<p>Ihre Formulierung ist richtig. Daher soll der AOK Landesvorsitzende Dr. Hermann, aus diesem Grund bei dem Gespr\u00e4ch dabei sein. Ihm ist die Problematik sehr wohl bewusst.<\/p>\n<p><strong>zu 6.)<\/strong><\/p>\n<p>Die Krankenkassen sind die Hauptakteure.<\/p>\n<p><strong>zu 8.)<\/strong><\/p>\n<p>Man m\u00fcsste die Tagess\u00e4tze erh\u00f6hen, bzw. den Bedingungen anpassen.<\/p>\n<p><strong>zu 13.)<\/strong><\/p>\n<p>Das m\u00fcssten Sie die Landesregierung bzw. die Bundesregierung fragen. Vorstellbar w\u00e4re das.<\/p>\n<p><strong>zu 16.\/17.)<\/strong><\/p>\n<p>Auch hierzu muss ich das Gespr\u00e4ch mit der Ministerin abwarten. Und bin f\u00fcr gute Ideen immer offen.<\/p>\n<p><strong>Fragen an den Landtagsabgeordneten Helmut W. R\u00fceck (CDU), die Antworten wurden von Helmut W. R\u00fceck gleich unter die Fragen geschrieben:<br \/>\n<\/strong><\/p>\n<p><em>1. Nach meinen Informationen haben Sie sich als Landtagsabgeordneter wegen der Schlie\u00dfung des Adelheidstifts nicht \u00f6ffentlich ge\u00e4u\u00dfert. Was ist dort in den vergangenen Jahren falsch gelaufen?<\/em><\/p>\n<p>Ob und wenn ja, was falsch gelaufen ist, das ist f\u00fcr einen Aussenstehenden schwer zu beantworten. Ich war beim Gespr\u00e4ch zwischen Stadt Kirchberg und DRK-Gesch\u00e4ftsf\u00fchrung\/DRK-Pr\u00e4sident dabei. Ich habe dabei den Eindruck gewonnen, dass das DRK in den letzten Jahren viel unternommen hat um ein strukturelles Defizit abzubauen. Jetzt st\u00fcnde wohl zwingend eine grundlegende Sanierung\/Umbau in Millionenh\u00f6he an. Diese Kosten aufzubringen scheint f\u00fcr das DRK ein un\u00fcberwindbares Problem darzustellen.<\/p>\n<p><em>Welche Unterst\u00fctzung k\u00f6nnte das Sozialministerium Baden-W\u00fcrttemberg leisten, damit in Kirchberg\/Jagst Menschen mit Behinderungen und deren Angeh\u00f6rige weiterhin eine Kur machen k\u00f6nnen?<\/em><\/p>\n<p>Das SM h\u00e4tte, sofern es fr\u00fchzeitig eingeschaltet war, eine moderierende Rolle zwischen dem Tr\u00e4ger und den Krankenkassen \u00fcbernehmen k\u00f6nnen. Familien- und Mutter-Kind-Kuren sind gerade erst im Sommer durch die Bundesregierung aufgewertet worden \u2013 es ist k\u00fcnftig eher wieder mit einer Belebung der Auslastungen zu rechnen.<\/p>\n<p><em>2. Nach Darstellung des DRK-Landesverbands sind die Tagess\u00e4tze f\u00fcr Behindertenkuren im Adelheidstift seit Jahren nicht kostendeckend gewesen. Wie kann erreicht werden, dass die Tagess\u00e4tze kostendeckend werden?<\/em><\/p>\n<p>Betriebswirtschaftlich gesehen gibt ers nur zwei M\u00f6glichkeiten: Kosten senken oder Tagess\u00e4tze erh\u00f6hen.<\/p>\n<p><em>3. Wer handelt mit wem die Tagess\u00e4tze aus? Wie hei\u00dfen die beteiligten Institutionen?<\/em><\/p>\n<p>Die Leistungserbringer, also die Einrichtungen selbst und die Kostentr\u00e4ger (Krankenkassen und Rentenversicherung).<\/p>\n<p><em>4. Welche Rahmenbedingungen seitens der Politik gibt es derzeit bei Kuren f\u00fcr Behinderte und Tagess\u00e4tze in Kurkliniken?<\/em><\/p>\n<p>Reha-Ma\u00dfnahmen sind in den allerwenigsten F\u00e4llen echte Pflichtleistungen der Kassen &#8211; vielmehr sind diese frei zwischen den Kassen und den Einrichtungen zu verhandeln. Es gibt keinen Belegungsanspruch, wie dies in Krankenh\u00e4usern der Fall ist und es gibt nach Expertenmeinungen 25% \u00dcberkapazit\u00e4ten im Reha-Bereich. Umso wichtiger ist es, dass sich Einrichtungen rechtzeitig auf diese Marktsituation einstellen.<\/p>\n<p><em>5. Wie m\u00fcssten die Rahmenbedingungen seitens der Politik ver\u00e4ndert werden, um ausk\u00f6mmliche Tagess\u00e4tze zu erreichen?<\/em><\/p>\n<p>Der Reha-Bereich ist ein &#8222;freier&#8220; Markt &#8211; Angebot und Nachfrage regeln hier Erfolg oder Mi\u00dferfolg jeder Einrichtung. Die Bundespolitik hat &#8211; obwohl es ein Markteingriff ist &#8211; vor wenigen Monaten die Gesetzeslagezu Gunsten der Einrichtungen ver\u00e4ndert &#8211; bei nicht ausk\u00f6mmlichen Pfleges\u00e4tzen k\u00f6nnen die Einrichtungen nun die Schiedsstelle anrufen.<\/p>\n<p><em>6. Viele Betroffene mussten ihre Kuren durch Widerspr\u00fcche und Entscheide von Sozialgerichten durchsetzen. Warum ist das so? Wie kann dies politisch verbessert werden?<\/em><\/p>\n<p>Solange weite Teile der Reha keine Pflichtleistung in der Gesetzl.Krankenversicherung darstellt, so lange wird sich an der aktuellen Lage wenig \u00e4ndern &#8211; diese Thema ist seit Jahren &#8211; unabh\u00e4ngig, wer gerade das Gesundheitsministerium in Berlin leitet auf der Tagesordnung. Die Chancen guter Reha werden nach wie vor verkannt &#8211; dies wird sich bei immer \u00e4lter werdenen Arbeitnehmern und Fachkr\u00e4ftemangel r\u00e4chen.<\/p>\n<p><em>7. Welche Institutionen sind f\u00fcr die restriktive Behandlung von Kurantr\u00e4gen verantwortlich?<\/em><\/p>\n<p>Krankenkassen und Rentenversicherungstr\u00e4ger.<\/p>\n<p><em>8. Welche politischen Gremien k\u00f6nnen die aktuelle Genehmigungspraxis bei Kurantr\u00e4gen f\u00fcr die Betroffenen verbessern?<\/em><\/p>\n<p>Der Deutsche Bundestag und vor allem die Verwaltungsr\u00e4te der Selbstverwaltung bei Krankenkassen und Rentenversicherung.<\/p>\n<p><em>9. Welche Gesetze oder Ausf\u00fchrungsbestimmungen m\u00fcssten ver\u00e4ndert werden?<\/em><\/p>\n<p>Das Sozialgesetzbuch und die Begutachtungsrichtlinien des MDK.<\/p>\n<p><em>10. K\u00f6nnte das Land Baden-W\u00fcrttemberg das Kurheim Adelheidstift in Kirchberg\/Jagst kaufen oder pachten, in Eigenregie renovieren und weiter betreiben? <\/em><\/p>\n<p>Nach meinen Informationen sucht das DRK einen K\u00e4ufer. Das Land k\u00f6nnte das Adelheitstift kaufen \u2013 wie dies \u00fcbrigens jede andere Institution, Kommune oder Private auch k\u00f6nnte. Ob das Land hier\u00fcber konkrete \u00dcberlegungen anstellt kann ich nicht beantworten, das m\u00fcssen Sie die Gr\u00fcn\/Rote Landesregierung fragen.<\/p>\n<p><em>11. Welche andere Tr\u00e4ger kommen als Betreiber in Frage?<\/em><\/p>\n<p>Alle die ein sinnvolles und finanziell tragf\u00e4higes Konzept haben und bereit sind die notwendigen Investitionen auf sich zu nehmen.<\/p>\n<p><em>12. Wer kontrolliert und \u00fcberpr\u00fcft eine Kureinrichtung wie das Adelheidstift hinsichtlich notwendiger Zertifizierungen?<\/em><\/p>\n<p>Die Kostentr\u00e4ger, die eine Belegung verweigern, wenn die erforderliche Zertifizierung fehlt.<\/p>\n<p><em>13. Welche Zertifizierungen sind aktuell notwendig, damit eine Kureinrichtung geistig und mehrfach behinderte Menschen und deren Angeh\u00f6rige (M\u00fctter\/V\u00e4ter) aufnehmen kann?<\/em><\/p>\n<p>Das unterscheidet sich \u2013 je nach Kostentr\u00e4ger werden unterschiedliche Zertfizierungen erforderlich.<\/p>\n<p><em>14. Was kann jetzt noch getan werden, damit das Adelheidstift weiterhin als Kureinrichtung f\u00fcr behinderte Menschen und deren Angeh\u00f6rige erhalten bleibt?<\/em><\/p>\n<p>Ich hoffe, im Interesse der Betroffenen und der Stadt Kirchberg, dass es dem DRK gelingt einen investitionsfreudigen K\u00e4ufer aus diesem Bereich zu finden, der das Haus weiter, bzw. neu betreibt. Bisher scheint das leider nicht der Fall zu sein.<\/p>\n<p><em>15. Falls dies nicht m\u00f6glich ist: Wie kann das Adelheidstift weiter genutzt werden?<\/em><\/p>\n<p>Die prim\u00e4re Frage ist nicht WIE die Geb\u00e4ude genutzt werden k\u00f6nnen sondern OB sich jemand findet der bereit und finanziell in der Lage ist die notwendigen Investitionskosten zu aufzubringen. Zu Profil und Infrastruktur von Kirchberg w\u00fcrde eine Einrichtung in den Bereichen Pflege\/Betreuung\/Reha\/Erholung sehr gut passen. Es w\u00e4re ggf. alternativ zu pr\u00fcfen, ob sich ein Hotel- oder Tagungsbetrieb tragen w\u00fcrde.<\/p>\n<p><strong>Fragen an B\u00fcrgermeister Stefan Ohr, Kirchberg an der Jagst. Die Antworten hat B\u00fcrgermeister Stefan Ohr gleich unter die Fragen geschrieben:<br \/>\n<\/strong><\/p>\n<p><em>1. Nach meinen Informationen haben Sie sich als B\u00fcrgermeister der Stadt Kirchberg\/Jagst wegen der Schlie\u00dfung des Adelheidstifts an das Sozialministerium Baden-W\u00fcrttemberg gewandt. Um welche Art der Unterst\u00fctzung haben Sie das Sozialministerium gebeten?<\/em><\/p>\n<p><em>1.1.: Haben Sie weitere Institutionen um Hilfe gebeten? Wie war deren Reaktion?<\/em><\/p>\n<p>Das mit DRK, den Abgeordneten (insbesondere SPD), Gemeinder\u00e4ten, Kirchengemeinde und Dekanat abgestimmte Vorgehen sieht vor, dass zun\u00e4chst die wirtschaftliche Grundlage untersucht und verbessert werden muss, bevor konkrete Verhandlungen mit einem in Frage kommenden neuen Tr\u00e4ger gef\u00fchrt werden k\u00f6nnen.<\/p>\n<p><em>2. Wie haben Sie Ihre Bitte(n) um Unterst\u00fctzung begr\u00fcndet?<\/em><\/p>\n<p>Notwendigkeit der Einrichtung f\u00fcr die betroffenen Familien.<\/p>\n<p><em>3. Welche Unterst\u00fctzung kann das Sozialministerium im Fall Adelheidstift leisten?<\/em><\/p>\n<p>Unterst\u00fctzung und F\u00f6rderung einer Wirtschaftlichkeitsuntersuchung und Weitervermittlung der Problematik an die zust\u00e4ndigen Amts- und Mandatstr\u00e4ger.<\/p>\n<p><em>4. Welche Antworten hat Ihnen das Sozialministerium gegeben?<\/em><\/p>\n<p>Auf das Schreiben der Stadt Kirchberg vom 8.10.2012 erfolgte bislang aus dem Sozialministerium keine R\u00fcckmeldung. Auch die Politiker und kirchlichen Amtstr\u00e4ger erhielten bisher keine Antwort.<\/p>\n<p><em>5. Nach Darstellung des DRK-Landesverbands sind die Tagess\u00e4tze f\u00fcr Behindertenkuren im Adelheidstift seit Jahren nicht kostendeckend gewesen. Wie kann erreicht werden, dass die Tagess\u00e4tze kostendeckend werden?<\/em><\/p>\n<p>Die innerbetrieblichen Ma\u00dfnahmen zur Ergebnissteigerung d\u00fcrften sp\u00e4testens mit der Einf\u00fchrung des Saisonbetriebs ausgereizt sein. Eine Kostendeckung k\u00f6nnte evtl. durch eine Kapazit\u00e4tserweiterung der Einrichtung, im Idealfall mit einer angemessenen Anpassung der Tagess\u00e4tze zu erreichen.<\/p>\n<p><em>6. Wer handelt mit wem die Tagess\u00e4tze aus? Wie hei\u00dfen die beteiligten Institutionen?<\/em><\/p>\n<p>Die Tagess\u00e4tze der Krankenkassen sind bundesgesetzlich im Sozialgesetzbuch SGB V geregelt und unterliegen einer politischen Gesetzesinitiative.<\/p>\n<p><em>7. Wie m\u00fcssten die Rahmenbedingungen seitens der Politik ver\u00e4ndert werden, um ausk\u00f6mmliche Tagess\u00e4tze zu erreichen?<\/em><\/p>\n<p>Anerkennung der Bedeutung von Mutter-Kind-Kuren und mehr Unterst\u00fctzung von Menschen mit Behinderung.<\/p>\n<p><em>8. Viele Betroffene mussten ihre Kuren durch Widerspr\u00fcche und Entscheide von Sozialgerichten durchsetzen. Warum ist das so? Wie kann dies politisch verbessert werden?<\/em><\/p>\n<p>Diese Frage bitte an die jeweilige Krankenkasse oder an das zust\u00e4ndige Sozialministerium richten.<\/p>\n<p><em>9. Welche Institutionen sind f\u00fcr die restriktive Behandlung von Kurantr\u00e4gen verantwortlich?<\/em><\/p>\n<p>siehe Nr. 8<\/p>\n<p><em>10. Welche politischen Gremien k\u00f6nnen die aktuelle restriktive Genehmigungspraxis bei Kurantr\u00e4gen f\u00fcr die Betroffenen verbessern?<\/em><\/p>\n<p>siehe Nr. 8<\/p>\n<p><em>11. K\u00f6nnte Ihrer Meinung nach das Land Baden-W\u00fcrttemberg das Kurheim Adelheidstift in Kirchberg\/Jagst kaufen oder pachten, in Eigenregie renovieren und weiter betreiben?<\/em><\/p>\n<p>Nein.<\/p>\n<p><em>12. Was kann jetzt noch getan werden, damit das Adelheidstift weiterhin als Kureinrichtung f\u00fcr behinderte Menschen und deren Angeh\u00f6rige erhalten bleibt?<\/em><\/p>\n<p>\u00dcber unsere Abgeordneten und das Sozialministerium in Stuttgart die Problematik des Adelheidstifts und damit das Problem der Unterfinanzierung von Mutter-Kind-Kuren weitervermitteln.<\/p>\n<p><em>13. Falls dies nicht m\u00f6glich ist: Wie kann das Adelheidstift weiter genutzt werden?<\/em><\/p>\n<p>Das Adelheidstift wird mindestens noch ein halbes Jahr als Einrichtung erhalten bleiben. Es erfolgt keine Ausverkauf. Solange wird versucht den Mutter-Kinder-Kurbetrieb in Kirchberg zu retten.<\/p>\n<p><strong>Fragen an das Sozialministerium Baden-W\u00fcrttemberg:<\/strong><\/p>\n<p>1. Wie viele Kurheime f\u00fcr Menschen mit Behinderungen gibt es in Baden-W\u00fcrttemberg?<\/p>\n<p>2. Wo sind diese Kurheime?<\/p>\n<p>3. K\u00f6nnen dort auch alleinreisende Kurg\u00e4ste aufgenommen werden?<\/p>\n<p>4. Seit wann wei\u00df das Sozialministerium von der geplanten Schlie\u00dfung des DRK-Kurheims Adelheidstift in Kirchberg an der Jagst?<\/p>\n<p>5. Nach meinen Informationen haben sich Politiker des Landtags und des Bundestags wegen der Schlie\u00dfung des Adelheidstifts an das Sozialministerium Baden-W\u00fcrttemberg gewandt. Meines Wissens waren dies der SPD-Landtagsabgeordnete Nik Sakellariou, die SPD-Bundestagsabgeordnete Annette Sawade und der Gr\u00fcnen-Bundestagsabgeordnete Harald Ebner. Auch die Stadt Kirchberg\/Jagst soll sich an das Sozialministerium gewandt haben. Um welche Art der Unterst\u00fctzung wurde das Sozialministerium von den Politikern und der Stadtverwaltung gebeten?<\/p>\n<p>6. Welche Unterst\u00fctzung kann das Sozialministerium im Fall Adelheidstift leisten?<\/p>\n<p>7. Nach Darstellung des DRK-Landesverbands sind die Tagess\u00e4tze f\u00fcr Behindertenkuren im Adelheidstift seit Jahren nicht kostendeckend gewesen. Wie kann erreicht werden, dass die Tagess\u00e4tze kostendeckend werden?<\/p>\n<p>8. Wer handelt mit wem die Tagess\u00e4tze aus? Wie hei\u00dfen die beteiligten Institutionen?<\/p>\n<p>9. Welche Rahmenbedingungen seitens der Politik gibt es derzeit bei Kurtagess\u00e4tzen?<\/p>\n<p>10. Wie m\u00fcssten die Rahmenbedingungen seitens der Politik ver\u00e4ndert werden, um ausk\u00f6mmliche Tagess\u00e4tze zu erreichen?<\/p>\n<p>11. Viele Betroffene mussten ihre Kuren durch Widerspr\u00fcche und Entscheide von Sozialgerichten durchsetzen. Warum ist das so?<\/p>\n<p>12. Welche Institutionen sind f\u00fcr die restriktive Behandlung von Kurantr\u00e4gen verantwortlich?<\/p>\n<p>13. Welche politischen Gremien k\u00f6nnen die aktuelle Genehmigungspraxis bei Kurantr\u00e4gen f\u00fcr die Betroffenen verbessern?<\/p>\n<p>14. Welche Gesetze oder Ausf\u00fchrungsbestimmungen m\u00fcssten ver\u00e4ndert werden?<\/p>\n<p>15. Ist es geplant, dass das Land Baden-W\u00fcrttemberg das Kurheim Adelheidstift in Kirchberg\/Jagst kauft oder pachtet und in Eigenregie renoviert und weiter betreibt?<\/p>\n<p>16. Wer kontrolliert und \u00fcberpr\u00fcft eine Kureinrichtung wie das Adelheidstift hinsichtlich notwendiger Zertifizierungen?<\/p>\n<p>17. Welche Zertifizierungen sind aktuell notwendig, damit eine Kureinrichtung geistig und mehrfach behinderte Menschen und deren Angeh\u00f6rige (M\u00fctter\/V\u00e4ter) aufnehmen kann?<\/p>\n<p><strong>Die Antworten des Sozialministeriums Baden-W\u00fcrttemberg:<\/strong><\/p>\n<p>Im Fall des Behindertenkurheims \u201eAdelheidstift\u201c wurden Gespr\u00e4chsw\u00fcnsche und die Bitte um Moderation mit den Kostentr\u00e4gern an das Sozialministerium herangetragen.<\/p>\n<p>Das Sozialministerium hat die wichtigsten Kostentr\u00e4ger erneut um Stellungnahme gebeten, wie der Versorgungsbedarf Ihrer Versicherten f\u00fcr Mutter-Vater-Kind-Ma\u00dfnahmen f\u00fcr Eltern mit behinderten Kindern nach Schlie\u00dfung des \u201eAdelheidstift\u201c zum 31.12.2012 befriedigt werden kann.<\/p>\n<p>Nach Kenntnis des Sozialministeriums hat das DRK als Tr\u00e4ger der Einrichtung \u201eAdelheidstift\u201c nach jahrelangen Bem\u00fchen einer Aufrechterhaltung nunmehr entschieden, die Einrichtung bis zum Jahresende 2012 zu schlie\u00dfen. Laut DRK gen\u00fcgt die Einrichtung \u201eAdelheidstift\u201c mit teilweise \u00fcber 90 Jahre alter Bausubstanz nicht mehr den aktuellen gesetzlichen und fachlichen Anforderungen an eine Kureinrichtung. Eine Renovierung oder Modernisierung der Einrichtung \u201eAdelheidstift\u201c sei aufgrund des baulichen Zustandes und der geringen Bettenkapazit\u00e4t nicht m\u00f6glich. Beratungen und Bem\u00fchungen um einen wirtschaftlichen Betrieb des Hauses inklusive der Pr\u00fcfung eines neuen Betriebsmodells, eines m\u00f6glichen Neubaus und der Suche nach einem Investor waren im Vorfeld nicht erfolgreich.<\/p>\n<p>Krankenkassen sind Selbstverwaltungsk\u00f6rperschaften und treffen eigenverantwortlich Entscheidungen. Das Sozialministerium Baden-W\u00fcrttemberg f\u00fchrt \u00fcber die landesunmittelbaren Krankenversicherungen die Rechtsaufsicht, jedoch keine Fachaufsicht. Im Rahmen dieser Rechtsaufsicht tr\u00e4gt das Ministerium daf\u00fcr Sorge, dass die Krankenkassen die ihnen rechtlich gesetzten Grenzen &#8211; auch bei Kurbewilligungen &#8211; einhalten. Wenn eine Krankenkasse eine Entscheidung hinsichtlich einer Bewilligung trifft, kann diese von der Aufsichtsbeh\u00f6rde nur dann beanstandet werden, wenn sie offensichtlich rechtswidrig ist.<\/p>\n<p>Das Sozialministerium hat keinen \u00dcberblick \u00fcber &#8222;Kurheime&#8220; f\u00fcr Menschen mit Behinderung. F\u00fcr den Bereich der gesetzlichen Krankenversicherung gilt, dass Versorgungsvertr\u00e4ge zwischen Reha- und Vorsorgekliniken und den Krankenkassen geschlossen werden. Es besteht &#8211; im Gegensatz zum Krankenhausbereich &#8211; keine staatliche Planung und die Vertr\u00e4ge m\u00fcssen auch nicht den jeweils zust\u00e4ndigen Aufsichten zur Genehmigung vorgelegt werden. Die Verg\u00fctung wird zwischen den Vertragsparteien verhandelt. Im Konfliktfall entscheidet eine Schiedsstelle, die in Baden-W\u00fcrttemberg eingerichtet ist. Die leistungsrechtliche Genehmigung einer Krankenkasse richtet sich nach den jeweiligen Verh\u00e4ltnissen des Einzelfalles. Im Rahmen der Rechtsaufsicht hat das Sozialministerium bereits auf die ihm unterstellten landesunmittelbaren Krankenkassen dahingehend eingewirkt, dass pauschalierte Ablehnungsgr\u00fcnde, wie beispielsweise ein Verweis auf vorrangig zu nutzende ambulante Angebote, nicht zul\u00e4ssig seien. Eine m\u00f6gliche Zertifizierung einzelner Einrichtungen erfolgt freiwillig. Hierauf k\u00f6nnen die Krankenkassen als Vertragspartner gegebenenfalls einwirken.<\/p>\n<p><strong>Die Fragen an den Gr\u00fcnen-Bundestagsabgeordneten Harald Ebner. Harald Ebner hat die Antworten teilweise unter die Fragen geschrieben. Die restlichen Fragen stehen ganz unten:<\/strong><\/p>\n<p><em>1. Nach meinen Informationen haben Sie sich als Bundestagsabgeordneter wegen der Schlie\u00dfung des Adelheidstifts an das Sozialministerium Baden-W\u00fcrttemberg gewandt. Um welche Art der Unterst\u00fctzung haben Sie das Sozialministerium gebeten? Haben Sie noch weitere Institutionen um Hilfe gebeten? Wenn ja, welche und mit welchem Ergebnis?<\/em><\/p>\n<p>Ich habe mich in einem Brief direkt beim Deutschen Roten Kreuz f\u00fcr einen Erhalt des Adelheidstiftes eingesetzt und dabei angeregt, die M\u00f6glichkeiten f\u00fcr einen Erhalt des Stifts zusammen mit der Stadt Kirchberg und der Belegschaft des Stiftes zu pr\u00fcfen. Dies umso mehr vor dem Hintergrund der in den letzten Jahren steigenden Belegungszahlen und der gro\u00dfen sozialen Bedeutung des Adelheidstifts als Kureinrichtung f\u00fcr M\u00fctter mit ihren behinderten Kindern, die in S\u00fcddeutschland in dieser Form einmalig ist. Leider zeigte sich in der Antwort des Deutschen Roten Kreuzes, dass die Schlie\u00dfung des Adelheidstifts bereits endg\u00fcltig beschlossen war, da neben Zusch\u00fcssen von 500 Euro je Kurgast, die das Deutsche Rote Kreuz aus eigener Tasche aufgebracht hat, in K\u00fcrze Investitionen von etwa 11 Mio Euro f\u00fcr Umbau, Neubau zur Erweiterung der Kurpl\u00e4tze und Brandschutz anstehen w\u00fcrden. Diese Ma\u00dfnahmen w\u00e4ren laut DRK die Voraussetzung f\u00fcr einen betriebswirtschaftlichen Weiterbetrieb des Stifts. Bei den Sitzungen des Sozial- und Verwaltungsausschusses des Gemeinderats in Kirchberg wurde ich durch die Mitglieder der UGL und teilweise auch von Gr\u00fcnen Kreisr\u00e4ten vertreten und \u00fcber die Ergebnisse informiert. Leider ergaben sich auch hier keine Ansatzpunkte f\u00fcr einen weiteren Erhalt oder alternativen Betrieb des Stifts, das DRK hat lediglich seine Gr\u00fcnde erneut dargelegt und den Entschluss zur Schlie\u00dfung bekr\u00e4ftigt. Ein Hauptproblem im Betrieb des Stifts waren und sind ja gerade die viel zu geringen Pfleges\u00e4tze was die Mutter-Kind-Kuren angeht, und daneben die fehlende F\u00f6rderung von Kurreisen allein reisender, erwachsener Behinderter, die so als Zielgruppe und Kurbed\u00fcrftige offenbar noch nicht in den K\u00f6pfen der Verantwortlichen angekommen sind. Um mir ein Bild von den notwendigen politischen Schritten auf Bundesebene zu machen, habe ich deshalb auch Gespr\u00e4che mit Bundestagskollegen gef\u00fchrt, die Experten f\u00fcr Sozial-, Gesundheits- und Behindertenpolitik sind. Leider wurde mir dabei nicht viel Mut gemacht: eine Erh\u00f6hung der Tagess\u00e4tze der Krankenkassen ist mit einem langwierigen politischen Prozess verbunden, der f\u00fcr das Adelheidstift in seiner jetzigen Situation zu sp\u00e4t k\u00e4me.<\/p>\n<p><em>2. Wie haben Sie Ihre Bitte(n) um Unterst\u00fctzung begr\u00fcndet? Wie sch\u00e4tzen Sie das Vorgehen des DRK-Landesverbands Baden-W\u00fcrttemberg ein?<\/em><\/p>\n<p>Das Adelheidstift ist als Kureinrichtung f\u00fcr M\u00fctter mit ihren behinderten Kindern einmalig im s\u00fcddeutschen Raum, in ganz Deutschland gibt es nur drei solcher Einrichtungen. Daneben ist das Adelheidstift als Arbeitgeber von 35 Besch\u00e4ftigten nat\u00fcrlich auch f\u00fcr die Stadt Kirchberg eine wichtige Einrichtung. Das Engagement der Besch\u00e4ftigten, die schon vor Jahren eine Umstellung auf Saisonbetrieb mitgetragen haben, um das Stift zu erhalten, sowie die steigenden Belegungszahlen sind weitere Argumente, einen Weiterbetrieb des Adelheidstifts ernsthaft zu erw\u00e4gen. Das DRK als sozial t\u00e4tiger Einrichtung kommt hier eine besondere Verantwortung zum Erhalt zu, auch wenn betriebswirtschaftliche Gr\u00fcnde eine Schlie\u00dfung nahe legen.<\/p>\n<p><em>3. Welche Unterst\u00fctzung kann das Sozialministerium im Fall Adelheidstift leisten?<\/em><\/p>\n<p>Das Land selbst hat keine Mittel, um das Adelheidstift selbst zu erhalten oder in Tr\u00e4gerschaft zu nehmen. Das Sozialministerium wurde von MdL Nikolaos Sakellariou um Unterst\u00fctzung bei der Finanzierung eines Gutachtens gebeten, das f\u00fcr m\u00f6gliche Investoren die Wirtschaftlichkeit der notwendigen Investitionen in H\u00f6he von 9 bis 11 Milliarden Euro deutlich macht. Welche Antwort das Sozialministerium hierauf gegeben hat, ist mir nicht bekannt.<\/p>\n<p><em>4. Welche Antworten hat Ihnen das Sozialministerium gegeben?<\/em><\/p>\n<p>&#8212;<\/p>\n<p><em>5. Nach Darstellung des DRK-Landesverbands sind die Tagess\u00e4tze f\u00fcr Behindertenkuren im Adelheidstift seit Jahren nicht kostendeckend gewesen. Wie kann erreicht werden, dass die Tagess\u00e4tze kostendeckend werden? und die \u00fcbrigen Fragen:<\/em><\/p>\n<p>Der Landesverband des DRK erkl\u00e4rt laut Antwortschreiben vom 10. August 2012 an mich, ihre Pfleges\u00e4tze seien prinzipiell nicht kostendeckend, und zwar unabh\u00e4ngig von der Gr\u00f6\u00dfe der Einrichtung. Wenn das stimmt, ist es weder eine Frage der Belegung (und der Genehmigungspraxis der Kostentr\u00e4ger) noch eine Frage der Betriebsgr\u00f6\u00dfe (Erweiterungsbau\/Erweiterung des Leistungsspektrums), sondern einzig der Verg\u00fctung. Dann muss also konkret \u00fcber die Pfleges\u00e4tze gesprochen werden. Die Pfleges\u00e4tze sind Ergebnis der Verhandlungen mit den Krankenkassen und der Rentenversicherung, also den Kostentr\u00e4gern. Die Bundespolitik hat hier kein Eisen im Feuer und kann auch keine Kureinrichtung aufkaufen oder in Eigenregie betreiben \u2013 gleiches gilt f\u00fcr die Landespolitik. Gespr\u00e4che mit den Kassen und der Rentenversicherung zu suchen sind entsprechend der einzige Weg, eine wirtschaftlich rentable Finanzierungsgrundlage zu erhalten. Dem DRK ist das Zuschie\u00dfen der Finanzierungsl\u00fccke auf Dauer sicher nicht zuzumuten.<\/p>\n<p>Die restriktive Bewilligungspraxis von Kurantr\u00e4gen speziell f\u00fcr Mutter\/Vater-Kind-Ma\u00dfnahmen ist ein Umstand, den wir in den letzten Jahren leider vielfach beobachten mussten. Verantwortlich daf\u00fcr waren nicht zuletzt die restriktiven Finanzierungsbedingungen im Gesundheitsfonds der gesetzlichen Krankenversicherung (GKV). Der Gesundheitsfonds wurde von der Gro\u00dfen Koalition eingef\u00fchrt, dessen Finanzierungsgrundlagen rund um die Zusatzbeitr\u00e4ge der Kassen von Schwarz-Gelb zus\u00e4tzlich versch\u00e4rft. Dies l\u00f6ste einen enormen Spardruck bei den Kassen aus, u.a. an Mutter\/Vater-Kind-Ma\u00dfnahmen wurde einzusparen versucht und die Kurantr\u00e4ge z.T. willk\u00fcrlich abgelehnt.<\/p>\n<p>Gro\u00dfer politischer Druck auf die Krankenkassen in Verbindung mit einer \u00fcberarbeiteten &#8222;Begutachtungs-Richtlinie Vorsorge und Rehabilitation&#8220; mit Umsetzungsvorgaben f\u00fcr eine einheitliche Umsetzung und eine transparentere Bewilligungsstatistik haben die Situation inzwischen deutlich entsch\u00e4rft. So ist beispielsweise die Ablehnungsquote der Antr\u00e4ge bei den Krankenkassen im ersten Halbjahr 2012 auf 21% gesunken (Vorjahres-Halbjahr: 35%), wie das M\u00fcttergenesungswerk k\u00fcrzlich mitteilte. Allerdings geht ein Gro\u00dfteil der abgelehnten Reha-Antr\u00e4ge insgesamt auch auf fehlerhafte Antr\u00e4ge bzw. unvollst\u00e4ndige Unterlagen zur\u00fcck.<\/p>\n<p><strong>Die restlichen Fragen 6 bis 17:<\/strong><\/p>\n<p>6. Wer handelt mit wem die Tagess\u00e4tze aus? Wie hei\u00dfen die beteiligten Institutionen?<\/p>\n<p>7. Welche Rahmenbedingungen seitens der Politik gibt es derzeit bei Kuren f\u00fcr Behinderte und Tagess\u00e4tze in Kurkliniken?<\/p>\n<p>8. Wie m\u00fcssten die Rahmenbedingungen seitens der Politik ver\u00e4ndert werden, um ausk\u00f6mmliche Tagess\u00e4tze zu erreichen?<\/p>\n<p>9. Viele Betroffene mussten ihre Kuren durch Widerspr\u00fcche und Entscheide von Sozialgerichten durchsetzen. Warum ist das so? Wie kann dies politisch verbessert werden?<\/p>\n<p>10. Welche Institutionen sind f\u00fcr die restriktive Behandlung von Kurantr\u00e4gen verantwortlich?<\/p>\n<p>11. Welche politischen Gremien k\u00f6nnen die aktuelle Genehmigungspraxis bei Kurantr\u00e4gen f\u00fcr die Betroffenen verbessern?<\/p>\n<p>12. Welche Gesetze oder Ausf\u00fchrungsbestimmungen m\u00fcssten ver\u00e4ndert werden?<\/p>\n<p>13. K\u00f6nnte das Land Baden-W\u00fcrttemberg oder der Bund das Kurheim Adelheidstift in Kirchberg\/Jagst kaufen oder pachten, in Eigenregie renovieren und weiter betreiben?<\/p>\n<p>14. Wer kontrolliert und \u00fcberpr\u00fcft eine Kureinrichtung wie das Adelheidstift hinsichtlich notwendiger Zertifizierungen?<\/p>\n<p>15. Welche Zertifizierungen sind aktuell notwendig, damit eine Kureinrichtung geistig und mehrfach behinderte Menschen und deren Angeh\u00f6rige (M\u00fctter\/V\u00e4ter) aufnehmen kann?<\/p>\n<p>16. Was kann jetzt noch getan werden, damit das Adelheidstift weiterhin als Kureinrichtung f\u00fcr behinderte Menschen und deren Angeh\u00f6rige erhalten bleibt?<\/p>\n<p>17. Falls dies nicht m\u00f6glich ist: Wie kann das Adelheidstift weiter genutzt werden?<\/p>\n<div class=\"pdf24Plugin-cp\"> \t<form name=\"pdf24Form0\" method=\"post\" action=\"https:\/\/doc2pdf.pdf24.org\/wordpress.php\" target=\"pdf24PopWin\" onsubmit=\"var pdf24Win = window.open('about:blank', 'pdf24PopWin', 'resizable=yes,scrollbars=yes,width=600,height=250,left='+(screen.width\/2-300)+',top='+(screen.height\/3-125)+''); pdf24Win.focus(); if(typeof pdf24OnCreatePDF === 'function'){void(pdf24OnCreatePDF(this,pdf24Win));}\"> \t\t<input type=\"hidden\" name=\"blogCharset\" value=\"Cw1x07UAAA==\" \/><input type=\"hidden\" name=\"blogPosts\" value=\"MwQA\" \/><input type=\"hidden\" name=\"blogUrl\" value=\"yygpKSi20tcvLy\/Xy8jPSM3LARK6pXnpqWmZOSWpRSV6KakA\" \/><input type=\"hidden\" name=\"blogName\" value=\"88jPSM3LARK6pXnpqWmZOSWpRSUA\" \/><input type=\"hidden\" name=\"blogValueEncoding\" value=\"gzdeflate base64\" \/><input type=\"hidden\" name=\"postId_0\" value=\"MzQ1MDEHAA==\" \/><input type=\"hidden\" name=\"postTitle_0\" value=\"HY4xasNQEESvshBwFUhQZewqkCoiEILdpPv2H\/1dJK1hd4XBVe6QK\/gMrtzpJjlJvlLNK4Y3s3pYN02zbS1pD+2TO5TG+e4eC4CN2skqFih4lBo0aSaebwwD7VKB+3yNC+iAS+IBulqcz1v6\/f6hvRacpVrpa+on7YIynF4yBoZkD+nCSZRasSMfYOXpLRWPx2W1Nkbq5rtVM4tmWIDeoX5k6IY+ToOE9LD\/Q6+fLSWN86mW9A8=\" \/><input type=\"hidden\" name=\"postLink_0\" value=\"yygpKSi20tcvLy\/Xy8jPSM3LARK6pXnpqWmZOSWpRSV6Kan69gW2hqYGJuYA\" \/><input type=\"hidden\" name=\"postAuthor_0\" value=\"AwA=\" \/><input type=\"hidden\" name=\"postDateTime_0\" value=\"MzIwNNI1NNQ1MlcwtLAyNLQyMQYA\" \/><input type=\"hidden\" name=\"postContent_0\" value=\"7X3bjhxHkuX7fkWgF7NgYYtZLF5EUq1tgZyiSDZJicsSSUAvi0imZ2YoIyNq48Lqyaf+hwX2aTDzQmD+QE96mvqT\/pK1c8zcw+OSpdJAFEe9ArpLxcrIcHdzc7NjV\/\/i7E9f1E1VFqs\/nWQuOXn17PqzttrkWZFtkgcLl69dtqibbNkkWZE8y6p367mrVn9OV3VzmLiscMmbsqrLauWuJ22xSF65dTrP8qxJm6wsanmiyt6tm7ZYJcuLH6vkxcWPTeMqPvvm4gN+3WZNsnKZjLLin7duXS3Td+tk7tZZsXBV4zA0fiuS+t06L+s6SbfJzVuz5JtNU8qEkps3jm8mf\/vr\/0kKfPH2jeTP6bpyxSx5Uq5dkcuP6zIFt8xyGbFJFuWm3bqiyfgPWfj3Fz8WsiSXPHYyAmbssGAscJs8qJps4\/JZ8qC9+FdXLeRP71118cNyKa\/I8fCeYR4UzXnJ6b8vi+RlKWSRF1XFYUfJOnkoZFm5agsKyEq+WStxFq7mdjxPZeG1jDeXX+TpdOGK62\/lO0LGLd6QpO0y+apKVzKMkEh2YJFuQPzZF0e2tV8cnf3pv3whW+22f\/qurdOtrH3lZLg8bzi1V2m+TB6n1TbF5hxOL+eLI\/l6eJW9+qsqcwtscfKwzYVtZCXJta9OXh5wEf+4rrCvqRLgtHENiHHtH09eHySpEQd\/KUDE0XTBkbaw81bIXiRpnsvPh\/IdYbEVvgk+uD\/gg5Xu4aaZJW\/lb7vWVXUTjZfIymXP5AuyE+fyRJrXyXPX7ED\/0WNt0YCRMJluP1duTnIXyffunJNxWJ9skXBttk0eCSVS4flssCfJuZDLVTO\/xEd1jw54drTpE3t+KFMpQMzkND2XT5Nrpy9Prj9s8a1GzmY6X7myWsgj7uAwwdsGf5UpXfzo3m10Ly7jR9m0peyfsOVhskjr5LTcZWm+FQGBj7N2O8WSysBV8riScyUfTs4seZJWab5IHs0LoUjyNQ\/SygV6JCJJjCbCUNcnVpFMcZ8fWxa2Z9yOK40jZ0OuPpHv26m\/+vn4fHze7N9\/++u\/PBNRkjxx1U7FYCfakheuEHZ1xd\/++s97X3CZXIZEzNzFvwqHt7XwV9XIX9IlBZOQj1sARoV0FLZMnhbvhSRllQgN9OCBS0\/3nsCr6ANhYtKceiG5hq3aVMJAyem79fnFh3kmU5LtzvMDjtoJWTlXwlMnrsWkXfKqFII8q1y7S67Jmo13Lz8J61RF+K+rhy6nNSUQ9BQkx4NW3gHJJXOQ1zt5QkRY2P9NWUDCJDXYOFOhIuuF+HAFfs9I2HW1c2s+KOKlvxOuWpe5l1E55ViBbVtdfIBKq3iSi0mVmc5nyZvM5S45T0VfJk2VtpWtX5Rbc\/GhlZWIIH2RFtggHIZsjWnp8yLytlsbBwwgo8akjnlkdMj+23+9d\/PmzT++Lmoyhei7pmzSXMZ+D4F98aFYgK6HkJnJVjisLhVxPCrILdkCQzSVgx5ONmkxeYReYSkeECQ5hLL7CzaZxIdE6xMTuqBj+X2H1UsZ+e2B7NP64gehmnCzChzRCMJK2ZyL+h4bkhRtlRSl7DBXMBhgwBwT43Fva6+ShKxfizCrZNZyGuQ0L1Puv8iZX5aah0mdrhpRMsXin0R6yTRFu986PjDohx0f89uIP99D2Aj1RabOuUjO9GREesw7WziZtB5RT2scTH9gZJLQQ1jfxY9gYzkeefIyT5sd92TVQrFk+bKWbzUQ366St60aflqVeV437ToXReEg+eQYAwhBrHN8XXNpa52JsDQMWIIswB6icZaHXLkoen5YAZDIn+cQUwBXOSgpv+eyYwZdDiGm8Ywcc\/c5lv9cZJ78GZLrbJk7AIqFrHop0sfFPGVakPxGFti1Iklb+aUUklX4u+hgvOa1IEfMAEJQgM3K5RQhGLmQ5VBGy2OPhWl3uncP5ZG6mafVRhh2JmsXSVyv01xmibVBwgmRspVut4AAoGX53iMIHCzSA9WHrs4EkAjvyew4YW6x7iBeJvORfYaSog7s1sR\/7hzwE2nv5GBcfODRlLnKt4HPNkKKM6Fn1hPGyfdQvkCI7Ui2iPyX3zLBXO952iBK19ts1RYeJj+r0mLjik0KIT1WfGBOEfFkxLGQ2JTbrVeeZMMqJasuRAIIZ2VNjUU3IBuRoVojcnpT3UYo4k5IChyvDBgSzHN62dkZtGMr0lMk+M9ZjLCYjSL76\/BUvUvXuaqlFs95md+d2W1bU0fgmFKIy3s59Fs5kFV9JooN4p8nzHHmVHnJs1ztDjxbiySgpEqFCZRCAD2rqoTVZLgjozoWQoz3rAO+MtyHOlsAXC4qt6ZuEe3q8sU6XRfCY6P9erBNjsUM+HObZ6rY1jjS3LnJ15ptVyUvhba1o6zI\/LndUIs3h\/1R97DCTt7G7VXZzcF37a7FxEGNp2ONDkXuWQInQSGuW+dzkSPpioJFhdutGzdmN27cSB61VSk26oe1noEV9hVnfO5WCjkaN16n6O\/kRGTY8xInHuJ0x6m8DGSo58Qpsvez5PWWi3syBjZYOeeKbb34Aedc5QO1RyVyag3CqUABnN6kZ+kuE5XTkJ2Pb96wD+R0L0Vv6UkWRoFGaOt52ibnQlyhnmvORbQL1n6RCZwvMRKXvilrNcJkhtgQmSq3Q6mnm6zHkdIbS53hjLkI7hInxo8KGZdQ13ivib3txY\/CDRO7HAE6WIyLCZvhLVQGqfBaYBpU7o\/NLuDN0StHLPy1QE24FvwccYBPDdvjNeAecqYYvsreIuPTOcQ0d+Jnjq9oEcLTFSKlxByieHkplJaJpXJkVTkJwls0HYrTP7r3mE2eEbTzMzgUxGTEEYCQgMAROYiPZRt2Lj+DYirIAibgDfHWZZ4t0ooWAr5ZG56ojfMq0z3CaGneUNuIfJJlbLlug9cqaA1+qQVgZ8E7XYjY1RZfwRAHf+dqdXMovuskUuZVqqP1qFYn6jVxSnNFBclLp3INOg+SdYmZ5nQRwOp6TMoIMrCt6K+m\/34oYXlW2Fb2UKxVD\/xUYwopzzMFRUFA3IhBqXxpB7LLN5NrX6SJnNvl\/\/jDumnO6s+Pjs7Pz2flmSvObL6zhTvyvx+VhSBSd\/Te5n+d87++8nO\/vmxddR3ml+Pcr4PQaW\/uf0iaVJRT8z\/+8L\/mgj02f\/jTrzTwF0fpnw722ReR3qH5shN0nohFCtWSDQWNySFl3YJvuPHHSbO4dzSFtWTrs2IpOKCp2k0jGpSuKm8RYlspXIRzVPgoKMIaG9PVge1qAcx1BmUqU3khT6eC0+QgVmK35XpuOwMCkpiGhUwAq9pmdHkAiz3C98Fiqp+gm26J8qmEZtkO9o\/MapZ8BZ40WhFMA8KV1DKrKgODGxmS9cWH\/PLJ4rP35Za6qFMz8qYiVSM3BgEq1Lkne+T+zM\/rkaoa2FU0AQB5O60yuWmetmP62TtfCD77CV74UKkuEIpsU5phgSP6rHYKsHfzxo27nZ13mmYi8OZKqBEHdV+geTChccKLYJD2XkaKvZDJ7Th1b8+LNoOebgLkeJtBHGzLIm3UXo+1mMpxoUFazUnVRNQwnntd5Wk7pwS9+Oc59Ah1ZJLOzSmSLzqhSfq94AhqWuvbahnD+LTDja8oo4FGbcjg1ZVJ8WxWQ7ycKkoTg53CMPkqq7YpoRRExOjAP+ocFqTRo\/dp8rwVe1Om8YMA4ErttseiOzPlu0d\/MRdhBJmelPAW2zcmj\/6mSM\/O4FOIyEfzh+uMaTqhPzYXH7ZnS6z+eyySVGtV65PeufNOz+6MwwC+c9vYfZbE6yTWrzN3hQVjMkuRR2u6LYbrlj\/1Vi6KVRhvkW5TOLch7oT48tXK3uR9doV3pQHb1thewUebWqBp3TKMgskJp9+egiAis57CppN3CpRVj7PuHW1dsYowy2pOX1NkM6mZbhY1GDnMc7ysla4eSvUxjZ15C\/AJDwSPF2M6OB5bnBl17wfXaJ2ciU0FWXmYlPPzcp0DHMNMwpo+4wnd4oRyMoaXzZpoeMrk68IWNVf\/FvZZxVMLs+EJvwiPDtczV8PK\/Ux9MDwFr+DYqNNCiEDHoyBwb6\/XW8F1Rbre0hbEBBcm2Kb4nN7\/Vsi\/FeGdXLtz\/yDZVCK6a42ayTtGoYpZ9IUcR2DSxYb9Pb5\/7yYJIUrphnwN8vD4\/v3PFNJTuPTBuuhYE\/B0eMDqED5OvhX7s67F1NjBbyYq1kyAMA91RGSxu3vu4N5qbHNwQvpeZnPCes+WCSNsytMOKAvDq3YEFldpGs+lcC3UxntgFnl3XtC90lHH7FP51nNZOg1PkX+Up174Caigwb4Qyo08zIhnaBAKMqdbG5zWHeIH+WCHZSuS4TQIWm99yme2RU8UH7fKwpCx1cUPOBqNGTw6EE5Unb2nZS9rFNp9K2dtRf3DA++fVlNKnTqGcuQhL3+SJwLgySGI\/MDJDtPnAadQ+zC0gvxenMFcm6KimoiY5juhrqibNDXnxIN2KQaS2DFT\/H9ZFGAy8IxXIpioFoB5uGJwXper1Fsrg0MoBo6cQ3UoqLBWM0CDaeZRcdR2G\/WomKG9j3zP9+mXKa8Klxeiz7R8Wo02bpOvSTrGKmVp9BgSekz4WMxnVPnXZBZoe1DUannzODHQq+rdtjJE5GwKHBdAxI6zPBnNYkJlhontWiIYbP55SS4Tfpgl38menMHbIFjYDuobV1kc0Q6OkH\/lzlPGMv5MjzxYSWNW9L\/RTUWnQXJWNtAc1WWhsjH4APNtWjG\/6ObOTLJE+QTjlY0jhk\/VmZQc3xN9v5FJI8gpnFpDhfkv0wUcIpDd4cAxPr57934COUY\/OM50fH6uf5sKAJaX30k4A2f6eU8YRL2KQm9Dc19lguNhObR+o+ZbOgLMGW9Hi5sB7hy7D5QXZLRv5F\/pFqHAKp0LCeQ4fRf5DDqo71FViVNI3aN\/XKbkHDWDMZIGeOjLnyUPRbMc37\/z2V54PVgfxxBcJUgEcZDagJcM1AqvTB4q8EStakvGeQTc2lz8uJ3AjHzANnNxWbiTnw5npVvpeAw0FgHRmHrntMonUYmHZn1VcA5TiKtE3yavUkTp4XVDYGcL0SVH5qFbCWglkx7fv3vDgozOUwwnHLRUUfq1a+Gmkxd8VVZbzqNOBJ\/UmvgAZZYvgCTqBBCRMGaWvAGQSwHjDem\/R16B2CjJixZy9zomf13dzeCjeUl8K9O5HW2caQIallNYU74qP6HR1YEjJxFzVf8udFRhZsihzTsS7xYHQhivXYp4UZLrY0+YbTJPF0LpMl8xWA1IxJjEWVtsGgZ5RFxXjUGWITfKONg2XSG3yweVr18eVNSQEPBeL7wI6fSwAkbZ0cP3A74usOmeedmTbwV3qqTRHau9z3QuBsPCby6MlYoOz3MHg6vyNpwpUsHKjFSItIWo1HXLIrwBqm\/xcaUuciEzLrfkr2+rstnJ3GVjXFHQRyIHbhyivx4HQoQ3J07qOQiRIAABx2G75HxlMhbTELtUkPhNsOYgHs+dEnmRrTbURzN1iNBDL49qiKQzsnoxe0i7QDRAdLq\/t9ArOMizBH76a38uW5F5OaLJNXlf+EwUQH4QJ1xd+58t8MLnkzFPgELmhhFtP25lS9diAh7CWvauVchN+fCJW8Lli\/8ktw\/pPDjYk5JFBJEqikVi0ETqDHTuRg7uRuaWVlnZDjOc4C4fPCIEq9xGM6KUy20okg6c4YrPJ5POjg3kbZ355JclcmnU2aLo6TSzM8RkrKmMJWWEhR7B4HubwAtY+VUzlQAKZCzGP85dTthoUc6BG72b5vTLgcaFcF\/29uS1hmZ7ilOli+x1qpJnJ3DrbY91NxY7hAwuc4qG+JwoehT7kQ6eVdVFYQVnLrl+wOuznKZIMZljsC+4ro6fD0hocnvxsX0uRiEsuBomB3zpxYH3rRlo9o7DwRizmDVuzmTxLqLuUwjOhzChr8kLhbCDfehiXn1Sw5GATBixyWRAUE4X7kGcM2fSILhFGorZJnARjvyqPnMaaNX4p5riK90sz2\/eg5hWm8bVfpUe5r5yy2i76+3FDyu\/qSGsqueglpeG7AxqUs8VVY9Gt5DISN4c0AJabw87isL8SvZ8IExzzQUaU07pJmvTVyrPdlgPZk7Es7XKAJ1I7ImTt94Ok+0Lk6dMG9p3dmjL9qf1NdwzG1BKlZicemHfublnoAmdOtqGLHXHpM1JWtFW89s2kU4bQuWx7U626TK0ig3V9yitheDPDGk1DtSjvXDvNo7a89xRmYC\/SVaBRi7rbGTvgBgM33+LPtqnzElgzTi4YTHtnp98oXgoiA6hterN7cWHi3\/NVuovCMJAVBvQYy\/W2yPtZ5pSqz6Nhgf73G1HSxDg8aUeayR9mE02j9J2nxaYdasaoL+4fi4DDpX3MBAjx7O5G1jtFS2PuVtkhaVF1Dxudc\/w9ClZC0bJGgbaI2wWJeVx2GhBWdEhhdFuCG+eY50J5EnRtw7luXvKARb+UVpcbb7IMv\/AGQWOkQ0U4srWbLcKcuJZwkKozEs2mKPaxOrEUDGkuR7yx6Zyjc4hTHHOJBafuGOutofyJ+4Expk75aNDyz6qmZfNsXsTxLNBHA6Y6b7PQ4Gv00KpPyMRJSSuqfN76Evp5aS8TSvIxFpTAOryy+5QYvKJholr9XzNkRISaD6QlVsbSPPHVkjHk+\/Lyxk7Y3KC5WQ9ElsHPCz\/6zLsNItB8eda4Sz1+WOdN6CUYGyGtWj8OU2kQcIes9i97u+tVt1NyD3KvPn43m92Z0K\/ojt88AFIksJo0SwkuPU8pVshn2ylTL2lX6dS5wuC5ofqI90KJekTf0A5TNFRvVeOsrT6FO4v\/RgiPvr0mmbO13yMvJVaolL30EGifm\/TrWAxS1gRvgIpVg4csbRc8R53wa1s0qEnbVTmq4s0c73cKhEAItg0DajkiRdUQJan6Rp5lPpMUc\/K\/tDHYejAWHTeum3W+fY4fLppaB4IA4SkLqF9+pes9uKpm0OYdHdgio5hp4+8EjLKTOynjE3wiWKYIa9opqLYAfQn18zEo3VIevaXfzMs\/zGfcUm50FwfhiixxDnU1nY7kDsjgddf0r\/\/27\/\/W3LzdrJcJqePHyZveoMKSHoGwpqT5fl0vnjPo7A\/of1IM9lh68m0OPszhT5kfXp7Krci\/xTle8o2Eu\/cgqmyQcQqA0iDLJPerG+rQt2UssllnjO0QggOT4Lxtk8ZjjOrzye9dqK\/ap+clxRlI+b9gvbyd13UnyTvT+urFE7VJb9KcHt8\/MfEwgDb1uIUKu9xCJ91qvlNj336S7sTuGA4uh5BY\/1unsBD22x6vT+RmP8TidnJNbNkjtSKOYiQDpTAZQqd9RUgzFizHwMOpYaZLc9bMyeatIhAHhY15dgAq8BFZDnnoyKFq69PU2OguQXhzycsIxzlFnsBExxiVAwX4BIZpIKMpifF+fDFNbrNDjzy8vnOBAXQGMfHUbLEDn5BwtBwCvC45yMs3NtlGh2tNMIr6qMzguOnqTNWjPiL0EaJVpYndADInhhoVgcEjJIYApvNRkUBWzik057KcRQ8ra+uOgOt8Rq2v68CLGE81QoOLLJmdhwI8HkEH\/bsq\/cdTwN4zzR4nxpGLBubM3NHXs7kIR+t9BVR44wH87+AnNMViOYEukpN2dABtM9iUmeY+YBkD3UOm7RJ83I1dv8cMx9FXSsW3IgzMcfk68X7NKxAp+KXyKywF4lAE7S1qtqzM+\/TFHv44oMgFpaQaf5F82XyYJ6cM0Ko\/ucI7E+dreCD\/rKb\/fHsc41Om6WHPBqfVjytR5S5+14qQfpVKZuJdEBIDJLAiv2ewSnj92VYMDVVEWQz4RYobTwK741p4Wd1xXzpZbFomk1FB+ADgB6qc9vteCK15ZYGSty0hJDBIJmlatjW2tttT66FfOwDrvz80inspQlMozW9UJcvWNOl5rv2nHoqTP2WdzE1llhAF3fIpISTMb\/4odZYTNbLtnids7rwtKH7OUy9F2HfwwYO5YhESD9Fe2\/6PRHjrQhjhR1QZ1giO194ByQOavSGIBdu60q9VUK9AzHrPdkTzlIV10JMOfV0QUGeFk1amRyTYwe47XNkGVP0taELWlWbix9hOyCbEU92WeReDsponRz0tHim2X+wjVSiLFKV3mdVqeGII\/4KtvqyWx+OIzMWlZeQzY46Q00B7NyzA08NI43wk9YkLhcd1vleffqcm3wd+o0+SPMSQL2+0TQO5hDM0zrrjsUdKlGNac7FoFmpVR5efu2lFfc0xI4aiCoiTX+YvFz\/U52V4PD0LHO9iIhr3s3EBnKCu9PGTzTwE9KIwbhU7mcwSGM\/+iIVQRTmKUjl8cD7oaqe2BaICib+U3OGEv1T6x8tJilqwPi8hKIKg4jafGM4w7bChkLx8\/vDyeqJjvwUEZyOyNjG3pDOrURbFDn+vWuprsOQ90S9aE5I5WuVJp1qGiu9xJHH5KMoh8axsMEkGdkWGC89xOTarf27oIPkPPivlfCDobvXC1nPM4EheTf\/+zM5LJ06NGlvEl6+dPeQ8T3+vM+ozw3+PObPm\/x5iz81JnSHPz\/T+BB\/3uNPfveY3xXwRiozEGa4sDmktUkd2fO\/TeVZyeHetZbWFBMm81WkGvhHUVewNkyd3jBRDEndPdv3YTHvqkv9t1ixzll59k0KwRS9FFLh57636KX5eAzg6aDaJR4a\/+fAEKtV8KPbHI5\/\/sKOikFQ5iie0lE3p26Um9Eomrs1HiczVczthQfPp2JRZ\/adyyETt3P3doPBoPYIN1Zzp0wxXs2BL6+dpmmVCysc7Hnz5QeH+oOHrhsWOqwUHkxEr69wsqMTHQ7wFebTOXm1II\/JhrKmB2eVmBPMhWf157z1ebRfEpppaLikacB0zZVDjqSmjIx9BN3E7+jmvPcuzcZDza7MzjugkUXUzbp7xWd8RV0GLMT0oYsPoqi1CKuazo9SzoqkV4eBQ94q0ZESkIkdvvpJRdeXKkYr4Zh8ThCtcNMEMuEczl\/R5BQM3ZzhhKcpU\/+MKWtqSgGTo6jjXDEtyH23Rk6B2pIKJfJe+mM3+r3oRPgZRD61c6S46PGFYek\/OHHwRjRjVdA7PNeYqDqTvxRtWgUGigvoDxQzhDCSH6FgNlM8URH0r9V\/XagZqVKCu8K0z8Db3QRW7kx4uemKvzXnKc6U\/5YGoKYeKv4VRfmUZPclRISXX5oL3AwhLSXWIXtsQ1bvQL\/I6ycXH4pVMwLbE5uaFXBC+BToxPrkILqJOKmglWKVoqynaII\/NzLeIyZQo4K5OwJ+c2Zkxc4RRMxROKgfaYcOOW+sLahrSmbGEHDKRIILbYA0tO\/Nl6GgqpkgZEa9a7nXvZSWUQpYz1jGFF4vSjGrC6YDVYfIfJvXmiuaXPzf0CsIYWCrgDi8epOf\/b1FvmuFRccfn0x2kglZepq0tohSgw4jC5r+KOoh5zNnIWlntMA15bNL7Oni5I\/yHF0CxAi4\/gwlEtdPwRd45tqLx28PgqnxgPlZC6ZYtWcNctlUJvagz93jo7s3mas9lRVUExp8dy7qpnMlc+KD1LJhyq9WPPaafcx357NLu33MJol+TIlwa4r4k60NNDgbsfHVWzy52ZsZp3wqhmmPr7vaVTgmfC741VwLeyqakSWoySdvAUxwcixBAVBcEwNDjZsKnfJMjBeB+Ejkh\/rotZyI8FD3qigcYur8p\/xTSSV2VO7j1pZpx+RDJlGwnnLudhc\/qnidlE9IO6LXT9OHp\/ZV4Ae29e7EtrLStNBkdYLjWB5qnO6qDZzIqVHO6GSlqW5Cl8qMYSzgFrYumPYh2BY+CjYop8zghM96s\/LpLkJQeHu8oTdveh9jB81PLtCx1ZCZk0yAD\/kO3kGgiid35ChttbWw3xbpmslPGl30brnIKKBu+LrVNJiw9mcisYMTT6tzmVtSkF0Qj4BLgkmVZq+ps5pAse\/mneKNe8obAsM\/nywMCxHNgAImTdBOBHQ1cDlN4EWonvxJ+vrIJxV0EyryTs8EflbCElsXUaur0rfauUOtbvRAoFwXjOrvZPEsdiiXAMDBha2nhRX1QuN80+ZpqKf921\/\/ZanxU1a59syAPgU8pFdCi\/LViLU5sXtnt2KdgauyOOr5lQh6bWjBgXtvnibuXCPpKNk6zdCEhekJatJMphITKlqjlL4hLNRRt+KkMrhlnHFngjO+ay0iYU1iSlgDGnzfJlNGjI8PY9qUxAA7KP1HAjkUU8byE3UL6qQ6t8+8o+iu9WV0sdaxkEDw91mMZ3JZYo\/gTB7f3YMwovfWWs2TXNPdHVkBB8k3eboEKhLkEJp29SYmyJWNYBABadk5Bim3t27M7s+8r0KND83vFxmRqdeY1ShQNEDgwFvDGswnCjGgQd+X7GIkm7tsrlCPH7lxJylkIkGA8rRIeFmVq6Ks7TBqdxCHHCjb2Tc+eu+ztUZNxUTlt3raJqp9kMivflY4soPYsUTtevSyk9QbWyZw2OHEb9X3Wid+Vf4zw3p\/hELNRmWI7x2UlJfNtD1kmjnkAfEXYWRXw3xaMnjBinNn7meKeLUsoliNhnVQ6UynTjonxhwaapo775tfrlOjdqzBNZnNaNkRRevnNr2SpitANobyxlHjyHqI8rRhW+1r4Dho9TgZYftZydXTo\/xGsqvlKPsHiTxtwwYpPiiuzfKl677WeaF0GswjCPFEJGvJo0XWi3f9h\/OS1ScA\/qFu8qt6gxSq9c\/iItnSXhjrl84C7sJG\/\/GU3RAI+TtMug3Bk4+S9RqiJp8qizXEUD5NgmoIgfw20kCjGMZHzCuMAgqfJIUwCjX8Yjl8UUThCil6Idzy0FeL\/roJe1Eg4tOk5kUBhd9OAl0UwvhPmhLXBSx++eSun3IO90Hc4X64t9\/Tu4PT8WD08QtztY9VNN09uzZE+3GS0RkFPl7CZaa+8AwLRHtkoS9LHoDkaLXSN\/oeciicYXARBt88O+TYXZX\/nhJdixarhydg+XY7DQPG1cH7ujJol0W+tkgFEFXBf0B0HZrdMmOGFuEYUsDVoQpCxWrjAlx\/gwABelPdTt6W5DXt22Gtmq2mmmsJNOrIo\/u76lvCHhdNd80JpXxtDzH5wEh4c8b2f88vfqgtjV9tsA5oUQTTBaDpGMjeyl3MAmdp1RSgITPaYIEEQzMdkmjuzqGQQ5amGHMszpIHxfqFq07txFcuXD0Q+tsjiym1Hn3d8FwKlvQy7kDUi9gwHWRN75Vi89nEibg5S8dHggVt6CPDYm8PywP1FhVsem084UUnSy612FIsoDOHs0QIChMbbO1RV10Wdb+dc5IyUlKz6NJ7XGDmyEdW6o+I9PTs5wf7QjeDpjTsMgN2DqdH22aFWyqi+yh8n+K4MNe3jDwX7Ey8VPjyHO2tAVOtYrwYIXksreMureGZ8n3JJ7dm\/\/32hFjSsvN4tykcIvEEC4MDWUO8OCg9NdCdiVFolKElQZtbqSLAnaUCodJG3ciiJE1eeapGOX7okfpEO8kcamBaExqZMBbSQbq1qGys2TDy6drgpLp6RNXA8t5oTSyd13Z0phb02RTZRo7HYC0xWCbnywlbTr3u3pRySAMyG4lazXBiygsdMJo1HfB+Wpyps21KD93as+MBBfo0RSU3kRe3R4fKfKOu7oOlBR7QIwD24xwZiL4D3+QcPpsdiS4\/mA7TrOW1aNuHjETfTGrIjlXHjlCFmnU2E+t6wY5kVEXsJ\/504WiLIlBDzDy7vOZ+st7+icu3bZO8nQ2u3lj0sIJvlFFOfGHFjjk\/UX4\/r5Ijmdqnr8K37tidVJJ5Xnxgt7VGMSIPTqmCco8HcSnz0IbHmqHZy6L\/Zm4IPiQY1cMvYAzNO8RgUe6X2DE1U0+sA5F1GmdlY5dvnzzV8KVm53f8E3KHp9rbwOPxeKT0j6KemMiAoBTRAayLsU\/AeyQHvmqx3+68hJUXxc2iHMFBezKWH0YZ0hSvCuDieC0792nyCzKl5wiG+45I8ChBIFJuyRKpJBUBssmAb0lymhZ6aI9eb60rTKgGoUiRc+BzViysmKK7ylz1bqLqp59EzXm2GqeTkRdo+Vd7kYrwIULH2ncrZuk9DrHIyLySn9IcYt4wmTAs9\/VL2Gt+dKaMt8as1V6UaDeoCDl9YUl96GC3BDTzHRs1D9liEVaDCb60exi2sHdp0i7QVAi+gMCh0F2+gNpn3fQVjCaFmC1nNd9iIW0zOd2FtmoZA3JqJXlnyrywmrD6tKSEjBonDGS8NuFyvNzHGngB5Dk9nRphwDLXXT\/8beiEgWb2cx8lkeOLqwsCPEHy87BW\/ebfexuAh5NRHnbtwc4rYq1q7efGTq29VhSf+8Mps9t4p8kUQBj3ovi4HQBOtCsit1ewtIoN4XUR7eUwasjpM2PRbsiwRTW+Z8C4ncC4tvVgTwOLT9lVgN2RXnTJS2RRE\/2IcVZs3cT9++riA207drJKXi5ZrpgbAX25r67fG3DQFsz485yPCCV6IEdyo1fouej3oNFTF3W3hPuAhNiofg1XT\/geiGq80OWSBQmECviadjwsdpY72U46ex1zVx795YwnEMBFB7955x+0XW5314CeTZLNGhEg7CQcY5eYuMq6R9p5I8zpL4k1\/SZrWTlIurDNSx2MY3Qln9BEd\/4zdHlg5XZHAJ925hvWYIdd5fvVcF2BIyzJhsSH2CQe15yrgmhazHC0QVMx8QKHWv\/9vRs0GdFCQmvEa2sEGPEjWT6y3lugs4BiQzdVTjjwaFlZf7LC+pPZBTbqj67ReU1o8bj1GcTVYDsjwvp34myGfrIdfYtEy3R8NknsXu+\/U\/jPp8KKgvL5nWlRtctxq5TfXHeL01KdAQQvoZmcMpW5eAbixd9wqJuSzybaCgC96a0J7MxrIwRXo10d1yUvPKfjDhuf6PZF1cE8kN+uxcru+i+a7vXPtEU6XyPBRvMVK49SzAK0frp1L0oaXHnatDiUDfPYwfQJbP2PIvDeQbm2jaeLNbylpDq35q7vrSNhb+bRosGHak9qLy17CTBk1EpDRS+q8zcVjAmn3TYT9TP22e3ur9bt4ioatW6GWUXWCOeTd8WAc8333wwOeK4C+wbNuvUdZM8FZ2PgCtpFTV6fFWkf6WSuQI9h35uP0h7jJJg7mrE0by3vc9jErLYbnIrMkhFenDwb9U75z9hMI+l309jrzNBO1JFpyR6gH2T8SnuJcUGxmWizb3rljaxZ9qhFzCQYdkXtU5kWg7yTQ4Ge2DLbzpdV9h49Nemr9YGF5Jt5R1BoVc1j9oXB\/gqA4IKzO3pDr4BRSwB1bliFV\/C6sU7miO1lhw4487PtaVdjq\/IG40ZdCdqhRzehYhNYvKTPfA94+1Dm1OGQFQUT7TSi4dstCL5DfvHy4sNaKCmsUxY7d9ZE18H5xlPeHoszlPu1IhDRtXmw1Xid6EHzqRurnAztkUNPou5yNpzqc9ZK8jZi674X35Q1jP8mS7fOBx0rbv2Wm61oM0FFO1ajj6P3vVOl2rfoQjd6\/Y6gsI5G8bJ7d42Neu78Nrq2sGvKIeyaKJXe7qjyms73Wxlf1MU+KXUI0OLCLlRyqTjMopt4xC5orQpAhWQcBvG2RAgCaTeYQZm\/BRFw7YGJa+3CvdaG89rBXr6SY48rk2PB6kOYctQa6c7HbsKChlZVtmWQQcPFXZ\/3t08fmbFh9RX9N3UX4ZWKUL95qHz7PTDaQinVxG1zBnLQYPNzP+olws5flCREit2ozP19KWyQ5dbPILp9ShFdcEv76\/WGFUjmT7AtDmbQEYV9Cw8vEO5RuO+TYS3BEYmFhpg0QPqtVssZm8BWBQqBMFkKWbBLOY\/aR4hOyq8HX5NiHa22a+yqd871kgjLJReUT19IPdXaeO9LfvUoy2AmE0fZ8NNvsf+xEgTl+V3e7pVTdrWfgMlNn1ow1h6WSaC3azyIQ27XRGsLki4V1Jy+PDk4tMv4Fo6gvjicvL3wBBfEpE2UHuO65N06c1q9YhK2K5sEswx7kDOIDE+FKSwCU1obQ0uczgG0H4AdEgBh1HnEgg8a7fcgzCAaDVC2uu+uY9FU+oHA+ji9l\/tpFMOms8FAm0dqywcYfs1Gx4OX0rgWVbzo+nJPdeKuw875L2kZGZrjCalyH5OI4\/\/pRL3jg21jV1O+kB1Nm0kb+RfrnvwALoxe1+QJycJys3szMfdYmaIePeG6eVbrdW52g8R4TMv3QTcdXAlH\/wgD78yECHfNYLUbjGZuNtDAAzmgKKfwJ84hsnX\/f9bRObNbGUwZGrki\/z9q3n0iVB16qyR6Z3i4dEUvftx2h7CXc9a7RrDWXgsVmzNpNovW94XJxqFU977JZ1Hz8uRZcLzXbn\/DacWuuNN9iTPaRfNSSlyACGJi4An\/9X2+7l+7EfXJ4F17Ltqe+yw\/+D8JTbdjLwzblcITCX+6KgBKFRREOn8Xdc8rZk7u7mrekbfvU0cbek0AaJTg+jDvThyHjL01OZTtfHpPeH3oP\/zNedQ1C0JVNatRvWrQWmFYgTFPdQWovHY0aI8JCWzz3uNZ\/OgtjwUFueTrapbc29N0+co+3ng6v7i\/d988jzsHp3ZLeaGxRavv\/+00EL75m3Bm0K+JezBZfR9jdF\/iMQHs4mTgYYLlvk6GYaEhdchbMvGlHHsk1HmM6xDVHrrYPnpT2MGXEC+KLnQOGcdo+GH3OlsniahnYG8fzEg3ZNeV8773FxmFkB\/G8t3gaEpF9MF\/uuufeh1amXzTNJfnRF7RGp2sbe16atmp80UC+zOyojZb40F6FZ5lnADh3x9XXD7zEgt5inTlDy7S6Zp7Rd2ChnUht+2GU+1Fy9bS0zTxvWOt89Ogx8jobsxLOufGDpBRkeYlvgn6JToAjyF9HuigOoF\/+rhOiRd6V9LbjMmaXSMZhTR7rrYaXlt1+LPqq4M\/lTEUmdn0l56kVZoLppgXvCrZWz7TnhsmoMe9J6ZsOC7Z7jH4aW9Mdz3ePiYqul0cOImj+GXntIkqXT9KjfHdv+P64HsftT74\/i+Tj9ZE7VJGDTk\/Ve0vcNgnw\/QTta4fs6L31ieu6L39ESp674T2u6axolz1XwxANzF+buwe6ikI3Uwg6EF3zU9a0Hv3N1jQO13SSm\/SUBNcrXHhU1MXemNhLM8V0\/ztr\/8yuiLTqmK64sVz0c21FwJkftrWcr55UbBmavpWMb348SWAFB24hUJNP0PiZPrZ1Pv7mVzKc9KPUyOnvmUJxqnpO3ryvMq1fFht8IZbUfX88dYKtUh793XFdbHsQqx2y4tBd8NHjMDtLZelcTsEalMEZ+Ol45lIRjqG524pyF8YsgsnCI\/Meok4z5xY00VW7+ON+NYH2Cw+UDGMFkxNh\/Nmd6Jcu9I+dFvchO49Zw\/apd7jS9uHZnxbaBtvKgh2kz0cdZxC5yaslHhB4bx2aGr11hcHLT0TQdY2FkEvLn5cjTtXTU0ZWwDNfs4eiprmc\/+G3QvMQKmclrZu5+jquoubsC56rZw6x6IdZZxz700vNMXBZwtNyQnz6r4yEYnpagZv70LtK+2CoAAaOeHC0Xna2ky+a7U5bR2QJpSwbRWswy5Pe9hnD9HntOlKaXRr7d9by1YYNbLyLVqj7l5Zscnbmld3Mhoj8ry7blWDY75iAgUzYsn7C6H9XFAQrNcmd4CZl+aQ\/zTwFu6EV2NEdNibslri2jddl1ramn8+nTFJUT\/MJARqqs6Y0ZIuvV9EFBhbGLIrWh9WdMgnXCp3RePKwoLdVdU5N07OC50ecy5r+nYwgkOcs9rfFnUYSsHJevFFUoIMtgYlfVF0\/7sJJaUKhbgu2JpTniLgGvf+7hERf8kYE+PBD4UvWhMnoKrYRTnBNNwNOc3dOYrVDNn6J5w2LyZORA6WnqTYM6vJExHV+wjAFymFl8vysuVSKBS8xi6Y9w+MBCLw1wxAskZngQeR26dnqcPVzAqTk6rFp92YXHp9ni1EowPYXkFnWXkG\/XGIMm2MEfzFveYC8TUCl3paZnoTR5RBYic\/klhT+eCrLPc4MdJ9vPRPr5f0NSisZdB7xuzmcF8rs6eULbrD24hH75fvxRauNkMtJ1I502ZHBeDLUeTkz20l\/lllbNmR1CL6L+W8+EDwwt+xx3n7LExym89wKkJX0H4w2DjAInsR0NebFtkYzy\/BrvJbCWJTPIq+HnGhDucgeBk9HVymkN2sUR7DZ2WxzMV0YRAuXEfpDFj2ahlUS056zrT+UG0rtjTWmflSgDqcxJ7hYiejd5b8O+gTsY66RRcS4YLY+6\/I9LQ7+jh3jmFE3FwWyZaxYPFQY3wE\/GUAVt0jImTrrzJGoi0bse6Vhl70oO8kc0EWShHZj41n6DNhIRRoZsTgD+a5W4NbasubUNQnkqhGn9ZawQE8um8YRNWJCQMAiGZ0rsJfTGSSbuctfYKhH+6hMdmuzS8+1HWG\/Kws9GkNSm2YPepIyGJULuN9xKgSUik2S57IdzCl2DrtUwNQLma\/ghKACQmuWNJfLgOCRHuaqPdL5y\/1uhUDt1v8r4DIOyOlg1+XJXMpE8O4N5Flj9i1RCugM3z\/F7rafnJh1e\/tF0P7xWEKLIrjt9ZwRyGY9jZZZJXbNFqZ7ys6RGWw8\/OzyrW7uNx\/X39XFzd4tQgScALb+IsIVmnYr5vd895TfxmHthgNSRhTLQIWVs+8UrjXfd\/VUeak1tALNetSLQN\/+e8TXlrvcXi1pyOAZokUi7gaUy\/x7EB6VdIRWXPDtQGIxfCnWG9PjNA8CVyxXqAwYXsGvXJ68eNi0bXFCTfIVezjArpuRXwqnkEZMOZpLXNrYwO9goDHXH3IU9vfuzjmJw6VVwtCLVGyOS8FiKFEymQ\/MSLmauu8W5uqB6C7c+NG8qitSuSrIxqU1sY2tHZ9rRGLMZQvYV9oo2Mku\/BTxo7mVWraizHiZ0LbnRuUPWBAdqTiFZylDsxdYC+GQzNgLF2on5cjkzvL1RlLQ6uCt\/3dWhSMVpqsQ\/ZtaN8Q+ResYXjujWFin7LCDdFOhUjvaqU9DYg1dW4eWW+n1sn4obW\/wBUHvm7Zi6Lr\/rJZby2Fe6md+htCVmfa9C\/psUAJsWnoS\/Aia+Q8O99m8PXj52puBX1BBAdSmzrSiwE1ZTTxt1MXnfNQPQI+O8tFNw0EFkZvkxBfS32LmpDzBih61habxsVkDO2ITc5odkjIsh7YwUrJw+BlgUbM4bWhsaA3ZtgNOt47tUg91gxF3kSHdsX28BJLLUOUs6jtlNmR6MwC7dl2YjJmJWvbN\/nxfRrKMS2sC3kXfAVxFS7buXSXcMVxekhn2J4qr\/VU4knUxRArRVmd5p7XeK0FbxMfvUUDDeEpxAjUevNiywp1RPBC6EWXjWJIGpGaeAdPKo2yub9\/RyGZSeRnFz+cLU2vv+nZ77YKK7DiFdrQ0rgclxf0ZvkixPHiuoA4dIDUTm1wD4imwIK4CzTVZiOHqj\/tQgzeEzLVra4DJRtUbSlCUkeBec2sAj8x05yH8jCup71uzpsg+H3pt67NToGeRqxS9axdBQA+kG329w99Pry1YJgWOE7FQ1iny46Gl1CAdjUi2cuqFMXAGxOZt2fFLPtvQrFLOJBZw5d1TfLgJETOpWDjD1v3i+VV\/9K9oy9NMMn8ZT\/\/Ua0eqettUneaHao4bbfUY0TQUSO8EKCkzwNNJ3zfvZ49ApeWHm0fsuvPHfPWYmmgTK14uXUHV1tr5yUNqUZdIaPbUcaReuU43ypi0M5Axo7urlLwFo9iwoL9+IDRDIDxla+3IdzNOyzjFFzQ1scblFv0XtvUxKfGTNUvhdp5q0W9DNlRynpU\/qBatZiyOzR9Mta+w9sOKgEChKQc+pwhRqWA99srVky0Lf7Aa6yX4FCxcfFd8UX\/Fhv4XEyl7dpD3Rk6ufbghk5tmb+iu\/M3XcMDsfp1CwlCCbH1ngmeNUAL2e6wjcPkBD4d7apq9CyUbZg90NW07vHrqhxlFtviORJeyjwt6zjrZVLKZFpyF2fCqQc8XMRed\/EpzJ\/HpfMkeOe36dtxrQTfv79oF5iBDcIw8\/t6ZYpdJZ8yrEQ4Cxmit8il9CP3CyL2Be\/MU2G+B0PR1ApVKJtmT4aPU29Bf+HNP\/69Vy0Et6cvhzd3yeejLgv99qW+g62rNmKCyC7SjjCa16FGBfUoyEl50K5a2TtG49DCMkMDIeaD9CAi\/V0o4hR2PmNd5QQBFCfu9H600Bsk+OJFtPwgRnAy6mJDnwVTRVgCdmjtg+wONI13MK87WPO86i7kj41zNwhb4iDxQUjp7L9LheDKZnYtMuRqMe6O+oZd3TXLqs\/cpqnabX1wGCpT4e7LVh6Cmg+ZylVLzrStlr\/YvDNneoReAS9qB+TYKd3fDPCwN4L8eIPitbHL3pNr3DPDN\/waRfD3NRgKBpXsY60n5SvX+iokrFd7MUxlU4joiHO1+\/klIRmbZelaIMoGVXnTAQrld5vPbNwPetBOa2rFXbtmJSY89Xavt35F91IEr1sdesTS6\/1W4cY3Mcd6Mr5ehSLESPXg5kAtDPf4io4NDXqP9ESdo9SLjgphndZuXAqV3LtWVHobZwGfjDKmQmTMH4dR5lSNvsvO30yodt\/RdLaD72wFeJXijC\/swqJpX5iVncPQsDyZcq4Kz2ebzQYGmg9D2jWt3tFOP+EgG6zoUypOnNOuod5GWpbazPsKMbJrj5+9OcAWVeMXdMpf5Zf68J6VaZ75DmWR9aZXFU7zg1jCLEXSXEXcjtTsgKg1nhX1jWNy3bu1EGN3\/bGgGLg5cepJqffELSLVl3ZVbYJb6RtnoNMVZYUtOz0THc\/GpuGqcQshtLXI6Fk6g6i\/dNftHmI5BS2CDeqM6Wpq7Ypoz1DJbvbtLAHbbYINMIe7Yx2BACVfXHxVJSecpY8RDQxNxmrmMjF\/Z5RaiBSc\/tJlF1qu9druXH8V+u6EiKY1DBL0n8kEaFr64CteLvyt3jXeG0eDsrvWD0FrGU+xWXhS++fhc7EsCqUTzYH4CKLbNvLHNmal9hvAC4G78KKBMQ0b2i6fljyBg0AWwy8h5PW\/29LaJj3wGzJ9x7wcEgbg4FDK59+H64+xATeP\/wGHpWWHymtCNL2j7Lp\/8nOx+f7h4DDk6E3ePoDt3\/l7ieHlQyceNKypcFIBedd2QQKYAQ9oSzLPLD4UHdaRFSj4S7e+JEAmSt9TxeSNaL3oidGyFU5XykVUntsNfchl3UzGxcYRqc8UMN8dB6J+v6Do9wuKfr+g6PcLin6\/oOj3C4r2X1D0\/wA=\" \/> \t\t<a href=\"https:\/\/www.pdf24.org\" target=\"_blank\" title=\"www.pdf24.org\" rel=\"nofollow\"><img src=\"https:\/\/www.hohenlohe-ungefiltert.de\/wp-content\/plugins\/pdf24-post-to-pdf\/img\/pdf_32x32.png\" alt=\"\" border=\"0\" height=\"32\" \/><\/a> \t\t<span class=\"pdf24Plugin-cp-space\">&nbsp;&nbsp;<\/span> \t\t<span class=\"pdf24Plugin-cp-text\">Sende Artikel als PDF<\/span> \t\t<span class=\"pdf24Plugin-cp-space\">&nbsp;&nbsp;<\/span> \t\t<input class=\"pdf24Plugin-cp-input\" style=\"margin: 0px;\" type=\"text\" name=\"sendEmailTo\" placeholder=\"Emailadresse\" \/> \t\t<input class=\"pdf24Plugin-cp-submit\" style=\"margin: 0px;\" type=\"submit\" value=\"Senden\" \/> \t<\/form> <\/div>","protected":false},"excerpt":{"rendered":"<p>Die DRK-Kurklinik Adelheidstift in KirchbergJagst, eine Vorsorge- und Rehabilitationseinrichtung f\u00fcr M\u00fctter und V\u00e4ter mit geistig und mehrfach behinderten Kindern schloss am 23. Oktober 2012 \u2013 nach 40 Jahren. Hohenlohe-ungefiltert dokumentiert die j\u00fcngste Geschichte in einem Artikel. Au\u00dferdem ver\u00f6ffentlicht Hohenlohe-ungefiltert Antworten von Politikern, Kirchbergs B\u00fcrgermeister Ohr und des DRK-Landesverbands Baden-W\u00fcrttemberg auf Fragen der Redaktion. Zusammengestellt von [&hellip;]<\/p>\n","protected":false},"author":3,"featured_media":0,"comment_status":"open","ping_status":"open","sticky":false,"template":"","format":"standard","meta":[],"categories":[],"tags":[],"_links":{"self":[{"href":"https:\/\/www.hohenlohe-ungefiltert.de\/index.php?rest_route=\/wp\/v2\/posts\/15047"}],"collection":[{"href":"https:\/\/www.hohenlohe-ungefiltert.de\/index.php?rest_route=\/wp\/v2\/posts"}],"about":[{"href":"https:\/\/www.hohenlohe-ungefiltert.de\/index.php?rest_route=\/wp\/v2\/types\/post"}],"author":[{"embeddable":true,"href":"https:\/\/www.hohenlohe-ungefiltert.de\/index.php?rest_route=\/wp\/v2\/users\/3"}],"replies":[{"embeddable":true,"href":"https:\/\/www.hohenlohe-ungefiltert.de\/index.php?rest_route=%2Fwp%2Fv2%2Fcomments&post=15047"}],"version-history":[{"count":13,"href":"https:\/\/www.hohenlohe-ungefiltert.de\/index.php?rest_route=\/wp\/v2\/posts\/15047\/revisions"}],"predecessor-version":[{"id":15060,"href":"https:\/\/www.hohenlohe-ungefiltert.de\/index.php?rest_route=\/wp\/v2\/posts\/15047\/revisions\/15060"}],"wp:attachment":[{"href":"https:\/\/www.hohenlohe-ungefiltert.de\/index.php?rest_route=%2Fwp%2Fv2%2Fmedia&parent=15047"}],"wp:term":[{"taxonomy":"category","embeddable":true,"href":"https:\/\/www.hohenlohe-ungefiltert.de\/index.php?rest_route=%2Fwp%2Fv2%2Fcategories&post=15047"},{"taxonomy":"post_tag","embeddable":true,"href":"https:\/\/www.hohenlohe-ungefiltert.de\/index.php?rest_route=%2Fwp%2Fv2%2Ftags&post=15047"}],"curies":[{"name":"wp","href":"https:\/\/api.w.org\/{rel}","templated":true}]}}