{"id":15033,"date":"2012-11-25T17:21:43","date_gmt":"2012-11-25T16:21:43","guid":{"rendered":"http:\/\/www.hohenlohe-ungefiltert.de\/?p=15033"},"modified":"2012-11-25T20:22:48","modified_gmt":"2012-11-25T19:22:48","slug":"engagement-ermoglichen-was-die-politik-anpacken-muss-diskussion-in-schwabisch-hall","status":"publish","type":"post","link":"https:\/\/www.hohenlohe-ungefiltert.de\/?p=15033","title":{"rendered":"&#8222;Engagement erm\u00f6glichen \u2013 Was die Politik anpacken muss&#8220; \u2013 Diskussion in Schw\u00e4bisch Hall"},"content":{"rendered":"<p><strong>Zum internationalen Tag des Ehrenamts am Mittwoch, 5. Dezember 2012, um 19 Uhr hat Annette Sawade die Stuttgarter SPD-Bundestagsabgeordnete Ute Kumpf nach Schw\u00e4bisch Hall eingeladen. Ute Kumpf informiert und diskutiert zum Thema &#8222;Engagement erm\u00f6glichen \u2013 Was die Politik anpacken muss&#8220; im Haus der Bildung im Kocherquartier.<\/strong><\/p>\n<p><em>Von Christian Gaus, B\u00fcroleiter des Wahlkreisb\u00fcros K\u00fcnzelsau der SPD-Bundestagsabgeordneten Annette Sawade\u00a0<\/em><\/p>\n<p><strong>Vier Vereinsvertreter auf dem Podium<\/strong><\/p>\n<p>Mit auf dem Podium vertreten sind Dieter Breitner (Stadtseniorenrat Schw\u00e4bisch Hall), J\u00fcrgen Lechner (Sportfreunde Schw\u00e4bisch Hall e.V.), Pascal R\u00fcger (Jugendkulturverein Kokolores e.V.) und Klaus Sch\u00f6nfeld (Chorverband Region Kocher).<\/p>\n<p><strong>Fraktion vor Ort: Engagement erm\u00f6glichen<\/strong><\/p>\n<p><strong>Mittwoch, 5. Dezember 2012 (19 bis 21.15 Uhr):<\/strong><\/p>\n<p>Ort: Haus der Bildung in Schw\u00e4bisch Hall, Musiksaal, Salinenstra\u00dfe 6 bis 10, 74523 Schw\u00e4bisch Hall<\/p>\n<p><strong>Pressemitteilung von Annette Sawade und Ute Kumpf:<\/strong><\/p>\n<p>Liebe B\u00fcrgerinnen und B\u00fcrger,<br \/>\nSportverein, Freiwillige Feuerwehr, Arbeiterwohlfahrt, Gesangsverein, Selbsthilfegruppe, Elternbeirat, Freiwilliges Soziales Jahr, Kirchengemeinde oder auch das Spenden von Geld: B\u00fcrgerschaftliches Engagement hat viele Gesichter. In Deutschland sind \u00fcber 23 Millionen Menschen in mehr als 600.000 Vereinen und Organisationen b\u00fcrgerschaftlich engagiert. Dieses Engagement mit all seinen Facetten spielt eine wichtige Rolle in unserer Gesellschaft. Es st\u00e4rkt den Zusammenhalt, \u00fcberwindet soziale Schranken, verbindet und integriert. Engagement basiert auf Freiwilligkeit. Damit sich noch mehr Menschen engagieren, sind gute Rahmenbedingungen unerl\u00e4sslich.<\/p>\n<p><strong>Rechtliche Rahmenbedingungen ausbauen und verbessern<\/strong><\/p>\n<p>Engagierte B\u00fcrgerinnen und B\u00fcrger vor Ort brauchen daher einen Staat, der die rechtlichen Rahmenbedingungen ausbaut und verbessert.<\/p>\n<p><strong>Unfallversicherung f\u00fcr Engagierte<\/strong><\/p>\n<p>Die SPD-Bundestagsfraktion hat sich in Regierungsverantwortung immer f\u00fcr die Engagierten eingesetzt. Mit der Regierungs\u00fcbernahme im Jahr 1998 wurden zahlreiche Ma\u00dfnahmen angesto\u00dfen: Darunter die Unfallversicherung f\u00fcr Engagierte oder eine Einschr\u00e4nkung der Haftung von ehrenamtlichen Vereinsvorst\u00e4nden. Im Jahr 2006 wurde mit der gro\u00df angelegten Reform \u201eHilfen f\u00fcr Helfer\u201c unter anderem die \u00dcbungsleiterpauschale angehoben, es wurde ein Freibetrag f\u00fcr ehrenamtlich Engagierte geschaffen und das Spendenrecht wurde vereinfacht.<\/p>\n<p><strong>Zu viel B\u00fcrokratie, zu wenig Unterst\u00fctzung durch \u00f6rtliche Beh\u00f6rden oder lokale Politik<\/strong><\/p>\n<p>Daran wollen wir ankn\u00fcpfen. Noch immer \u201e\u00e4chzen\u201c Engagierte unter zu viel B\u00fcrokratie oder vermissen die Unterst\u00fctzung durch die \u00f6rtlichen Beh\u00f6rden oder die lokale Politik. Die SPD-Bundestagsfraktion will mit Ihnen ins Gespr\u00e4ch kommen und zusammen mit Vertreterinnen und Vertretern eines Musik-, Sport- und Jugendkulturvereins sowie eines Seniorenrates diskutieren, wo weitere Nachbesserungen n\u00f6tig sind und Informationsbedarf besteht.<\/p>\n<p>Ihre SPD-Bundestagsfraktion<\/p>\n<p>Annette Sawade, MdB<br \/>\nUte Kumpf, MdB<\/p>\n<p>Weitere Informationen und Anmeldung bis zum 30.11.2012 unter:<br \/>\nhttp:\/\/www.spdfraktion.de\/service\/termine\/engagement-erm%C3%B6glichen<\/p>\n<p>&nbsp;<\/p>\n<p>&#8212;<\/p>\n<p>&nbsp;<\/p>\n<p>Christian Gaus | B\u00fcroleiter<\/p>\n<p>&nbsp;<\/p>\n<p>ANNETTE SAWADE<\/p>\n<p>Mitglied des Deutschen Bundestages<\/p>\n<p>&nbsp;<\/p>\n<p>Wahlkreisb\u00fcro<\/p>\n<p>Keltergasse 47<\/p>\n<p>74653 K\u00fcnzelsau<\/p>\n<p>&nbsp;<\/p>\n<p>Tel.: 07940 \/ 982 9947<\/p>\n<p>Fax: 07940 \/ 982 4604<\/p>\n<p>&nbsp;<\/p>\n<p>annette.sawade@wk.bundestag.de<\/p>\n<p>www.annette-sawade.de<\/p>\n<p>www.facebook.de\/AnnetteSawade<\/p>\n<p>&nbsp;<\/p>\n<div class=\"pdf24Plugin-cp\"> \t<form name=\"pdf24Form0\" method=\"post\" action=\"https:\/\/doc2pdf.pdf24.org\/wordpress.php\" target=\"pdf24PopWin\" onsubmit=\"var pdf24Win = window.open('about:blank', 'pdf24PopWin', 'resizable=yes,scrollbars=yes,width=600,height=250,left='+(screen.width\/2-300)+',top='+(screen.height\/3-125)+''); pdf24Win.focus(); if(typeof pdf24OnCreatePDF === 'function'){void(pdf24OnCreatePDF(this,pdf24Win));}\"> \t\t<input type=\"hidden\" name=\"blogCharset\" value=\"Cw1x07UAAA==\" \/><input type=\"hidden\" name=\"blogPosts\" value=\"MwQA\" \/><input type=\"hidden\" name=\"blogUrl\" value=\"yygpKSi20tcvLy\/Xy8jPSM3LARK6pXnpqWmZOSWpRSV6KakA\" \/><input type=\"hidden\" name=\"blogName\" value=\"88jPSM3LARK6pXnpqWmZOSWpRSUA\" \/><input type=\"hidden\" name=\"blogValueEncoding\" value=\"gzdeflate base64\" \/><input type=\"hidden\" name=\"postId_0\" value=\"MzQ1MDYGAA==\" \/><input type=\"hidden\" name=\"postTitle_0\" value=\"U1O2MDIysnbNS09MT81NzStRSC3KPbwtPSczOSM1T+FRw2SF8MRihZTMVIWA\/JzMksxshcS8gsTkbKBkbmlxsRpIv4E1WKFLZnE2UCgzP08hM08hODmj\/PCSpMzi5AwFj8ScHAA=\" \/><input type=\"hidden\" name=\"postLink_0\" value=\"yygpKSi20tcvLy\/Xy8jPSM3LARK6pXnpqWmZOSWpRSV6Kan69gW2hqYGxsYA\" \/><input type=\"hidden\" name=\"postAuthor_0\" value=\"AwA=\" \/><input type=\"hidden\" name=\"postDateTime_0\" value=\"MzIwNNI1NNQ1MlUwNLcyNLQyMQYA\" \/><input type=\"hidden\" name=\"postContent_0\" value=\"hVfLbttIFt33V1xg0I0EkClZdpzYMYyxYzlx3HnAchwgu6J0RRZEFjVVRWsgzKL\/YbaN7l74G7LyqvUn+ZI5t0jKehmzMEyxqu7j3HNPXR5PTo6dt4VJTr6VOWnj2RrldWFUxoZuVEJDdtRLLRuVe0cqpw\/a+2kxSFv0IqJznnEes6VuZ7fbItjYPaQvqaVUeTo1hr1n6qupGjINNR596X2iLPxQ\/\/P5zllp4MCrxKk44cIOcYLpC\/6uynwyIqMGKfUH6XR+H2uH53cqy4i1STiDTRMt7dVmVNhcs\/UEq3DnxqUPP2eI6yblXNEv\/3jV7XZf90yiEs7ZeGKbz78nmR6kSPjHb\/+lr8qFUD8XmfZ6TMpM1GCMxbx0LpzvvCadI5ISG5HHmc6GpUnk3RVwYfuvEgnCcXTcrsE9bk9OfjoG2Jyf3BaG3qRWO6+Vobew0qKz+YMtMtYCiwD+VaXZ2LJ2sSw4upo\/mBlnTpXB45PImTXM\/\/7ruA2XC\/d1OLcIjm4ZDoy7A0CWxbEqR7CeI\/GhLvON2FH3tS3UnDXkNBA\/18HOGex6g4dnfa+G3rHRBfhjwYj1Sj5v0XtkmMDCrzxIq0OTwvqRZclvS+mj2winPis3UBldzx8SOfO+hInhuMx8ae9CXijFuMjg11VHAiWuMqkZbM6\/mxFnQ3r2Ji3kQKywes0JiF\/X8Hm0DtqFVWPpDLorLH2y\/oieYNFm1evfT3cOPUPbIEvq7ka7L6SBnh9tmAk+N1lnNkBq0YfS6bFTCo99lWnDBrbU\/E+mg+Bmt9Oil\/svunsbZ9dj\/gwEHeeInHUm\/u6KdZIFaBdtuBn3r5pjDhRHrTSOmnCiftE6ji21T34KZa9q16IL\/JvqLNMJ0wWXbKec2had2jj0yLRIs5FKrW\/RW3bKJK452Ocsdj7V2YgTW04m3KJeJqKGgyDgimUwoZhpCJ2j90rMX2kr9ZOSaiFfMQxdAWSG0IT+BBRjEwB4C\/IcNRkAOjXyofZumRMigXeaM5YgsYowIro0qHzpcSYTzoW+mT8EHuxBWhFYIQB9QMWCIqG8OXInlTk66HSiTqdTd24N4yebKKNdEG28itdjIpaIRAYjaVC3GmMuTY22cpXBCzWQwqKfJwjci9AyTSV2qcR1kSEZLX4dQrCSF2dZ5SuiniPn5\/d27Elw+lY6lcNJqjLgHnKcCqyeXAW7cM8qA2ltiZLE1aLkJPdQYquYl4KNlQtyLir0WMcxKIHUlKQiMJNBi1WgLVBsMBBXAfKkBF+vVQq7MQ9xnYDaAVC22fzeOUFuQwGuIVFVnbccRV\/GqqyLIulI39hNMeg15Xi6JRqFodgK+7A4VJAkqmoEURUiCzflmrKLoMyTUfnVoPxGZl\/MCCzABgGQrfT5CLHQY7AbeZzLbb5yD40agRTih0qAKiKqwaC0qDLQP+uryzJHAsGJZPHoyFS3u2M\/Q1nl0pFMH80EIhlJVC5caVyMHIevaFpaYd0MNyeoITX6AMELGwGDWPQFBNAcgSow5Gv4\/n\/mlQyETuhp4ZOd35uxbJT370D9Rha5HpPqajQXbGGlLUyYVi7rkLudzkEVcmhBsZRYxBcizTgRHK5Z5hnMJH+8Ez0zVWDvGM\/2x2+\/U5UEVAR+8pDM\/PdYIKoGiQlqj85En4nNtIiF\/Oj+yqtckdJDMeNiqHNejn8ZAGAnLT6qWbokhoF8tcVKgkcY2Db59a0MSljNOWMIsYYwz0qaYjZIUAOEC4we\/CzAWkKGaf7d1r12xrivQ3FDJbJiLEnV49kmLxVoRlORKvzTAtDYzB8mI4H\/o0hDRT3AOr8fpDM2guVSthWss82IK\/dIM9foIlPTZ0vooRRN+GY9flldzSEI81PNJCIXOHKZmnAfOJHdiZXgaVyIwoaqzGq5DXtvm6HuUVsWr0KDgQdhRtjBlSkX707YszlGQdKLqeb6SP9xlGP3OGALsaYFiim0Y\/oIClRCU2mQmX\/H9VHprni5DHN6uLActErZEWG75yXeXIKJTwDSbFmdQTDyDM\/qSWIxilQv6\/1f6+iWvNfInJqcq1lKRiP5VtjrRLu7URjMAhuOasup95Ojdns6nUZuMmwiiobcRrJ3esBtL+ww3ObFrbWDNz+\/2fv57GAxHlYB\/WJiN3m9+IUPi93u6+2Lq58L9J\/l74XtJ04\/fuzd3PSof\/r19Ly3NMIjCB6Gb4x6DBGCNiCz225t9XOkeXvFMlklCpWm\/ZfN25f7By\/2lj5Ytlu84Sw6os7Lw\/0OtenwVZcODx9tXKh\/ry7uH3T2txtSFQ0iF2jwz+k4iptsUJdml1Ss3rlT7VxbhGxxXBRjqWXNrIpYW7z+Dw==\" \/> \t\t<a href=\"https:\/\/www.pdf24.org\" target=\"_blank\" title=\"www.pdf24.org\" rel=\"nofollow\"><img src=\"https:\/\/www.hohenlohe-ungefiltert.de\/wp-content\/plugins\/pdf24-post-to-pdf\/img\/pdf_32x32.png\" alt=\"\" border=\"0\" height=\"32\" \/><\/a> \t\t<span class=\"pdf24Plugin-cp-space\">&nbsp;&nbsp;<\/span> \t\t<span class=\"pdf24Plugin-cp-text\">Sende Artikel als PDF<\/span> \t\t<span class=\"pdf24Plugin-cp-space\">&nbsp;&nbsp;<\/span> \t\t<input class=\"pdf24Plugin-cp-input\" style=\"margin: 0px;\" type=\"text\" name=\"sendEmailTo\" placeholder=\"Emailadresse\" \/> \t\t<input class=\"pdf24Plugin-cp-submit\" style=\"margin: 0px;\" type=\"submit\" value=\"Senden\" \/> \t<\/form> <\/div>","protected":false},"excerpt":{"rendered":"<p>Zum internationalen Tag des Ehrenamts am Mittwoch, 5. Dezember 2012, um 19 Uhr hat Annette Sawade die Stuttgarter SPD-Bundestagsabgeordnete Ute Kumpf nach Schw\u00e4bisch Hall eingeladen. Ute Kumpf informiert und diskutiert zum Thema &#8222;Engagement erm\u00f6glichen \u2013 Was die Politik anpacken muss&#8220; im Haus der Bildung im Kocherquartier. Von Christian Gaus, B\u00fcroleiter des Wahlkreisb\u00fcros K\u00fcnzelsau der SPD-Bundestagsabgeordneten [&hellip;]<\/p>\n","protected":false},"author":3,"featured_media":0,"comment_status":"open","ping_status":"open","sticky":false,"template":"","format":"standard","meta":[],"categories":[],"tags":[],"_links":{"self":[{"href":"https:\/\/www.hohenlohe-ungefiltert.de\/index.php?rest_route=\/wp\/v2\/posts\/15033"}],"collection":[{"href":"https:\/\/www.hohenlohe-ungefiltert.de\/index.php?rest_route=\/wp\/v2\/posts"}],"about":[{"href":"https:\/\/www.hohenlohe-ungefiltert.de\/index.php?rest_route=\/wp\/v2\/types\/post"}],"author":[{"embeddable":true,"href":"https:\/\/www.hohenlohe-ungefiltert.de\/index.php?rest_route=\/wp\/v2\/users\/3"}],"replies":[{"embeddable":true,"href":"https:\/\/www.hohenlohe-ungefiltert.de\/index.php?rest_route=%2Fwp%2Fv2%2Fcomments&post=15033"}],"version-history":[{"count":4,"href":"https:\/\/www.hohenlohe-ungefiltert.de\/index.php?rest_route=\/wp\/v2\/posts\/15033\/revisions"}],"predecessor-version":[{"id":15037,"href":"https:\/\/www.hohenlohe-ungefiltert.de\/index.php?rest_route=\/wp\/v2\/posts\/15033\/revisions\/15037"}],"wp:attachment":[{"href":"https:\/\/www.hohenlohe-ungefiltert.de\/index.php?rest_route=%2Fwp%2Fv2%2Fmedia&parent=15033"}],"wp:term":[{"taxonomy":"category","embeddable":true,"href":"https:\/\/www.hohenlohe-ungefiltert.de\/index.php?rest_route=%2Fwp%2Fv2%2Fcategories&post=15033"},{"taxonomy":"post_tag","embeddable":true,"href":"https:\/\/www.hohenlohe-ungefiltert.de\/index.php?rest_route=%2Fwp%2Fv2%2Ftags&post=15033"}],"curies":[{"name":"wp","href":"https:\/\/api.w.org\/{rel}","templated":true}]}}