{"id":15000,"date":"2012-11-25T17:01:32","date_gmt":"2012-11-25T16:01:32","guid":{"rendered":"http:\/\/www.hohenlohe-ungefiltert.de\/?p=15000"},"modified":"2012-11-25T20:02:51","modified_gmt":"2012-11-25T19:02:51","slug":"dezember-programm-des-hallisch-frankischen-museums","status":"publish","type":"post","link":"https:\/\/www.hohenlohe-ungefiltert.de\/?p=15000","title":{"rendered":"&#8222;Weihnukka \u2013 Weihnachten und Chanukka&#8220; \u2013 Dezember-Programm des H\u00e4llisch-Fr\u00e4nkischen Museums"},"content":{"rendered":"<p><strong>\u00a0Das H\u00e4llisch-Fr\u00e4nkische Museum in Schw\u00e4bisch Hall hat sein Dezember-Programm 2012 vorgelegt. Nach eigenen Angaben des Museums sind &#8222;\u00c4nderungen vorbehalten&#8220;.<\/strong><\/p>\n<p><em>Von der Stadtverwaltung Schw\u00e4bisch Hall<\/em><\/p>\n<p><strong>Sonderausstellungen:<\/strong><\/p>\n<p><strong>Bis 10. Februar 2013:<\/strong><\/p>\n<p>&#8222;Kommt zusammen! Moschee, Kirche, Synagoge&#8220;, Fotodokumentation von Jochen Gewecke (Europ\u00e4ischer B\u00fcrgerpreis 2009) \u2013 (in Kooperation mit dem Evangelischen Bildungswerk Schw\u00e4bisch Hall, der T\u00fcrkisch-Islamischen Union und der Volkshochschule Schw\u00e4bisch Hall)<\/p>\n<p><strong>Bis 2. Dezember 2012:<\/strong><\/p>\n<p>&#8222;Angewandte Kunst&#8220;, Verkaufsausstellung des Bundes der Kunsthandwerker Baden-W\u00fcrttemberg im Rathaus<\/p>\n<p><strong>Ausstellungen im \u201eWintergarten\u201c<\/strong><\/p>\n<p><strong>Bis 20. Januar 2012:<\/strong><\/p>\n<p>Dieter H\u00e4ussler, &#8222;Zwischen Diesseits und Jenseits&#8220;<\/p>\n<p><strong> F\u00fchrungen und sonstige Veranstaltungen:<\/strong><\/p>\n<p><strong>Mittwoch, 5. Dezember 2012, 20 Uhr:<\/strong><\/p>\n<p>&#8222;Der romanische Radleuchter der Comburg \u2013 Restauratorische Aufnahme&#8220;, Referentin: Diplom-Restauratorin Ines Frontzek (in Kooperation mit dem Historischen Verein f\u00fcr W\u00fcrttembergisch Franken)<\/p>\n<p><strong>Samstag, 8. Dezember 2012, 14.30 Uhr:<\/strong><\/p>\n<p>&#8222;Maria und das Jesuskind&#8220;, F\u00fchrung f\u00fcr Kinder ab acht Jahren mit Karin Bauer-Schellenberger, Anmeldung erforderlich (Telefon 0791\/751-289)<\/p>\n<p><strong>Sonntag, 9. Dezember 2012, 14.30 Uhr:<\/strong><\/p>\n<p>&#8222;Weihnukka \u2013 Weihnachten und Chanukka&#8220;, F\u00fchrung in der Sonderausstellung \u201eKommt zusammen! \u2013 Moschee, Kirche, Synagoge\u201c mit Nanette Unger M.A.<\/p>\n<p><strong>Samstag, 15. Dezember 2012, 14.30 Uhr:<\/strong><\/p>\n<p>&#8222;Last-Minute-Geschenke f\u00fcr das Weihnachtsfest&#8220;, Bastelworkshop f\u00fcr Kinder ab neun Jahren, Anmeldung erforderlich (Telefon 0791\/751-289)<\/p>\n<p><strong>Sonntag, 16. Dezember 2012, 14.30 Uhr:<\/strong><\/p>\n<p>&#8222;Moschee, Kirche, Synagoge&#8220;, F\u00fchrung durch die Sonderausstellung mit dem K\u00fcnstler Jochen Gewecke und Dr. Armin Panter<\/p>\n<p><strong>Samstag, 22. Dezember 2012, 14.30 Uhr:<\/strong><\/p>\n<p>&#8222;Warum feiern wir Weihnachten?&#8220;, F\u00fchrung f\u00fcr Kinder ab neun Jahren durch die Sonderausstellung \u201eKommt zusammen! \u2013 Moschee, Kirche, Synagoge\u201c mit Karin Bauer-Schellenberger. Anmeldung erforderlich (Telefon 0791\/751-289)<\/p>\n<p><strong>Sonntag, 30. Dezember 2012, 14.30 Uhr:<\/strong><\/p>\n<p>&#8222;Alles begann mit Abraham&#8220;, F\u00fchrung f\u00fcr Erwachsene und Kinder (ab acht Jahren) in der Sonderausstellung \u201eKommt zusammen! \u2013 Moschee, Kirche, Synagoge\u201c mit Nanette Unger M.A.<\/p>\n<p><strong>Weitere Informationen und Kontakt:<\/strong><\/p>\n<p><a href=\"http:\/\/www.schwaebischhall.de\/kulturstadt\/museen\/haellisch-fraenkisches-museum.html\" target=\"_blank\">http:\/\/www.schwaebischhall.de\/kulturstadt\/museen\/haellisch-fraenkisches-museum.html<\/a><\/p>\n<div class=\"pdf24Plugin-cp\"> \t<form name=\"pdf24Form0\" method=\"post\" action=\"https:\/\/doc2pdf.pdf24.org\/wordpress.php\" target=\"pdf24PopWin\" onsubmit=\"var pdf24Win = window.open('about:blank', 'pdf24PopWin', 'resizable=yes,scrollbars=yes,width=600,height=250,left='+(screen.width\/2-300)+',top='+(screen.height\/3-125)+''); pdf24Win.focus(); if(typeof pdf24OnCreatePDF === 'function'){void(pdf24OnCreatePDF(this,pdf24Win));}\"> \t\t<input type=\"hidden\" name=\"blogCharset\" value=\"Cw1x07UAAA==\" \/><input type=\"hidden\" name=\"blogPosts\" value=\"MwQA\" \/><input type=\"hidden\" name=\"blogUrl\" value=\"yygpKSi20tcvLy\/Xy8jPSM3LARK6pXnpqWmZOSWpRSV6KakA\" \/><input type=\"hidden\" name=\"blogName\" value=\"88jPSM3LARK6pXnpqWmZOSWpRSUA\" \/><input type=\"hidden\" name=\"blogValueEncoding\" value=\"gzdeflate base64\" \/><input type=\"hidden\" name=\"postId_0\" value=\"MzQ1MDAAAA==\" \/><input type=\"hidden\" name=\"postTitle_0\" value=\"U1O2MDIysg5PzczIK83OTlR41DBZAcxLTM4oSc1TKM1LUXDOSARLqoEUG1iD1bikVqXmJqUW6QYU5acXJebmKqSkFit4HF6Sk5NZnJyh61Z0eEleNogJNMS3tDi1NLcYAA==\" \/><input type=\"hidden\" name=\"postLink_0\" value=\"yygpKSi20tcvLy\/Xy8jPSM3LARK6pXnpqWmZOSWpRSV6Kan69gW2hqYGBgYA\" \/><input type=\"hidden\" name=\"postAuthor_0\" value=\"AwA=\" \/><input type=\"hidden\" name=\"postDateTime_0\" value=\"MzIwNNI1NNQ1MlUwNLcyNLQyNgIA\" \/><input type=\"hidden\" name=\"postContent_0\" value=\"xVbNTiNHEL7nKSpEikCyxz8sWWC9RPaCl8XxagW7IOUSlZnyTGtmuq3+YRROHPIGuUZRDjwGp\/hNeJJUtwfWsTErWRvlgmeY6uqq7\/vq6+5MDjrGaiWTg7\/\/OkQDx9PbPBfmMq339fRWZv6RYOgMuQKEhLPLtJzejvy\/4RjzHFK0YIi\/HNI1FSPS9Q9aJRqLAtrNVhuulE4op8RG8B55EYmEJEnoygRH\/BuTqdIbMELG8P13u+12+9X0NxmTdpKjfY4RpZhbkuFr81XUaVRldxqTg2863AYVB+fK59NwZjG2V6RLXsIZloruNDj4cWGV6Ez5DdEZYynPw8b7y7tU7z1hoNWMoE8j7VD7VreXo6tWBqooLFw7w6CQ\/BaGyoNKNRgIzQ81OPtVYqISqpqrQV9ZFavMcbhFK5SHQMKJ4mgJb6mky4xg88hpNZneBoo09KZ3jLSeaOLa2s3m3hbc3\/wOm0zNQKkJtxYSFcIyRgUcXSG3GKjmnD2Rx9yyKUlnS3DVAqgfOX+QQ\/2dybGoFn6SPqlj3nzMucozk3KZ\/NHltJRp6ykc29GjdoJkVuLIkqESZWwJBk4a+wjXOVeNbmzmyAu66nFd\/OMrCwtSXuw79GhhTLJ+wT1ZG7ZOQBRwihzjzGKV3XlR+Lj7mz8vhLS8CjWL8v7mj2eV0malnKCshPJEg4eCOJkfPt4pJ117mIKfywpnjjA8ZtYErE9IhpcKgcU9oT+9S6vZ8eFGcfM8dx4o5MfZWDyn76GwtmQea7CzwE6N\/8KnVK9k6ZADtSpQzqzjFOOc3GXq+\/NEvFHFyDHaXpunxLU4FqbSs+CuG0tMi8+DcEpj0jwEQu4zBJNcFfX5RRLeSSa4z3XYa8pWiv1YmIc9pAfB+9WYuYd5AQSV9hmgjOSSUM+w4G2TGuwu4dF6EW0\/D8kQtcDZkLDFnpBxJmOr+zzuFV2zmgbCGxHgCNgvLQsnZQRCKwP0LffQscvyaLEiSfrKvWC6sqAww0B6rDRnyAX3s\/mRzXfMUDRf7rUaL3da9fbu3tYT3idDd3trdHdBIpUuyzBwGt584ZX23vDQ+Y\/LzYrKrBd910\/XomX6zCttk8cvwPMeJTGZ7EmMCAyjbrSSxdbOGo3+hMbWh0I6S\/W3FMTENhw487w+dm7GNGdOPfSNlUp7Z5wsUizJyYrir8Vh64d1JPrlM+mBt9hxBMSCnqDuYeAG0zv2GXayxUPLS+JQR9DVBfP\/Ab2JrmSp3V5Hjqj5qjImQVpCKfS8In\/84sjN8fFso+tqdPUIR1+J\/u3mGqB1uQ4DI0pQzqymO9KYYrECryO+WvEhzxe5QGgF3+a\/LWvr\/5hwJpsVRXwuMIJFOAUqIxrwGYGZfeLMQ+Byx683Umsn+41GWZYR11EihYsL3zvzKKZG5vjU1MZfLRsFX1hJNlKk6rI81kjVZdnUi3CdjVJb5Btgkcm1rzd+GeV8smwc\/AebdBo4a+Yf\" \/> \t\t<a href=\"https:\/\/www.pdf24.org\" target=\"_blank\" title=\"www.pdf24.org\" rel=\"nofollow\"><img src=\"https:\/\/www.hohenlohe-ungefiltert.de\/wp-content\/plugins\/pdf24-post-to-pdf\/img\/pdf_32x32.png\" alt=\"\" border=\"0\" height=\"32\" \/><\/a> \t\t<span class=\"pdf24Plugin-cp-space\">&nbsp;&nbsp;<\/span> \t\t<span class=\"pdf24Plugin-cp-text\">Sende Artikel als PDF<\/span> \t\t<span class=\"pdf24Plugin-cp-space\">&nbsp;&nbsp;<\/span> \t\t<input class=\"pdf24Plugin-cp-input\" style=\"margin: 0px;\" type=\"text\" name=\"sendEmailTo\" placeholder=\"Emailadresse\" \/> \t\t<input class=\"pdf24Plugin-cp-submit\" style=\"margin: 0px;\" type=\"submit\" value=\"Senden\" \/> \t<\/form> <\/div>","protected":false},"excerpt":{"rendered":"<p>\u00a0Das H\u00e4llisch-Fr\u00e4nkische Museum in Schw\u00e4bisch Hall hat sein Dezember-Programm 2012 vorgelegt. Nach eigenen Angaben des Museums sind &#8222;\u00c4nderungen vorbehalten&#8220;. Von der Stadtverwaltung Schw\u00e4bisch Hall Sonderausstellungen: Bis 10. Februar 2013: &#8222;Kommt zusammen! Moschee, Kirche, Synagoge&#8220;, Fotodokumentation von Jochen Gewecke (Europ\u00e4ischer B\u00fcrgerpreis 2009) \u2013 (in Kooperation mit dem Evangelischen Bildungswerk Schw\u00e4bisch Hall, der T\u00fcrkisch-Islamischen Union und der [&hellip;]<\/p>\n","protected":false},"author":3,"featured_media":0,"comment_status":"open","ping_status":"open","sticky":false,"template":"","format":"standard","meta":[],"categories":[],"tags":[],"_links":{"self":[{"href":"https:\/\/www.hohenlohe-ungefiltert.de\/index.php?rest_route=\/wp\/v2\/posts\/15000"}],"collection":[{"href":"https:\/\/www.hohenlohe-ungefiltert.de\/index.php?rest_route=\/wp\/v2\/posts"}],"about":[{"href":"https:\/\/www.hohenlohe-ungefiltert.de\/index.php?rest_route=\/wp\/v2\/types\/post"}],"author":[{"embeddable":true,"href":"https:\/\/www.hohenlohe-ungefiltert.de\/index.php?rest_route=\/wp\/v2\/users\/3"}],"replies":[{"embeddable":true,"href":"https:\/\/www.hohenlohe-ungefiltert.de\/index.php?rest_route=%2Fwp%2Fv2%2Fcomments&post=15000"}],"version-history":[{"count":6,"href":"https:\/\/www.hohenlohe-ungefiltert.de\/index.php?rest_route=\/wp\/v2\/posts\/15000\/revisions"}],"predecessor-version":[{"id":15032,"href":"https:\/\/www.hohenlohe-ungefiltert.de\/index.php?rest_route=\/wp\/v2\/posts\/15000\/revisions\/15032"}],"wp:attachment":[{"href":"https:\/\/www.hohenlohe-ungefiltert.de\/index.php?rest_route=%2Fwp%2Fv2%2Fmedia&parent=15000"}],"wp:term":[{"taxonomy":"category","embeddable":true,"href":"https:\/\/www.hohenlohe-ungefiltert.de\/index.php?rest_route=%2Fwp%2Fv2%2Fcategories&post=15000"},{"taxonomy":"post_tag","embeddable":true,"href":"https:\/\/www.hohenlohe-ungefiltert.de\/index.php?rest_route=%2Fwp%2Fv2%2Ftags&post=15000"}],"curies":[{"name":"wp","href":"https:\/\/api.w.org\/{rel}","templated":true}]}}