{"id":14998,"date":"2012-11-20T08:56:45","date_gmt":"2012-11-20T07:56:45","guid":{"rendered":"http:\/\/www.hohenlohe-ungefiltert.de\/?p=14998"},"modified":"2012-11-22T10:50:06","modified_gmt":"2012-11-22T09:50:06","slug":"kommt-zusammen-moschee-kirche-synagoge-neue-sonderausstellung-im-hallisch-frankischen-museum-kommt-zusammen-moschee-kirche-synagoge","status":"publish","type":"post","link":"https:\/\/www.hohenlohe-ungefiltert.de\/?p=14998","title":{"rendered":"&#8222;Kommt zusammen! \u2013 Moschee, Kirche, Synagoge&#8220; \u2013 Neue Sonderausstellung im H\u00e4llisch-Fr\u00e4nkischen Museum"},"content":{"rendered":"<p><strong>&#8222;Kommt zusammen! \u2013 Moschee, Kirche, Synagoge&#8220; lautet der Titel einer neuen Sonderausstellung im H\u00e4llisch-Fr\u00e4nkischen Museum in Schw\u00e4bisch Hall. Sie wird am Sonntag, 25. November 2012, um 11.30 Uhr er\u00f6ffnet und dauert bis zum 10. Februar 2013.<\/strong><\/p>\n<p><em>Von der Stadtverwaltung Schw\u00e4bisch Hall<\/em><\/p>\n<p><strong>Der Christ setzt sich die Kippa auf<\/strong><\/p>\n<p>Der K\u00fcnstler Jochen Gewecke fotografiert schon seit vielen Jahren in Moscheen, Kirchen und Synagogen, wof\u00fcr er mit dem Europ\u00e4ischen B\u00fcrgerpreis ausgezeichnet wurde. Er selbst beschreibt sein Vorgehen so: \u201eEin Christ zieht die Schuhe aus und begibt sich auf Entdeckungsreise durch eine f\u00fcr ihn fremde Welt: die Yavuz Sultan Selim-Moschee in Mannheim. Der Christ setzt sich die Kippa auf und begibt sich auf Entdeckungsreise durch die Synagogen in Mannheim und M\u00fcnchen. Und er besucht Kirchen im S\u00fcden Deutschlands und Englands. Kleine Universen des Glaubens.<\/p>\n<p><strong>Eine eigenwillige Fotoserie<\/strong><\/p>\n<p>Die sehr eigenwillige Fotoserie, die st\u00e4ndig w\u00e4chst und nichts an Aktualit\u00e4t verliert, gew\u00e4hrt mehr als nur Einblicke in Gottesh\u00e4user. Der Betrachterin und dem Betrachter er\u00f6ffnen sich dabei unerwartete Sichtweisen. Scheinbar Nebens\u00e4chliches gewinnt im Foto an enormer Aussagekraft, vor allem auch im Vergleich mit entsprechenden Details aus anderen religi\u00f6sen Einrichtungen. Ungewohnte Perspektiven \u00f6ffnen neue Zug\u00e4nge und regen zum Nachdenken an.<\/p>\n<p><strong>Charakteristika der drei Buchreligionen Islam, Christentum und Judentum<\/strong><\/p>\n<p>Um die Gemeinsamkeiten aber auch die spezifischen Charakteristika der drei Buchreligionen Islam, Christentum und Judentum zu veranschaulichen, werden au\u00dfer den Fotografien typische Gegenst\u00e4nde aus Moschee, Kirche und Synagoge ausgestellt und erkl\u00e4rt. Dabei erg\u00e4nzen sich oft Bild und Exponat.<\/p>\n<p><strong>Kooperation mehrerer Organisationen<\/strong><\/p>\n<p>Bei der Er\u00f6ffnung spricht Frieder Birzele (SPD), ehemaliger Innenminister des Landes Baden-W\u00fcrttemberg und Ex-Landtagsabgeordneter. Die Ausstellung und das Begleitprogramm sind ein Projekt des Evangelischen Kreisbildungswerks, des H\u00e4llisch-Fr\u00e4nkischen Museums, der T\u00fcrkisch-Islamischen Union (DITIB) und der Volkshochschule Schw\u00e4bisch Hall.<\/p>\n<p><strong>Glaube und Religion f\u00fcr viele Menschen wesentliche Merkmale ihres Lebens<\/strong><\/p>\n<p>Bilkay \u00d6ney, die Ministerin f\u00fcr Integration des Landes Baden-W\u00fcrttemberg, betont in ihrem Gru\u00dfwort die besondere Bedeutung und Wichtigkeit solcher Integration stiftender Projekte f\u00fcr unsere Gesellschaft: \u201e\u2026 auch in der heutigen Zeit sind Glaube und Religion f\u00fcr viele Menschen immer noch wesentliche Merkmale ihres Lebens und ihrer Pers\u00f6nlichkeit. Wichtig ist, dass Religionsfreiheit automatisch mit dem gegenseitigen Toleranzgebot einhergehen kann, soll und muss und dass diese Toleranz ihre nat\u00fcrlichen Schranken in den anderen Grundrechten unserer Verfassung findet. Die Freiheit, die ich f\u00fcr mich selbst in Anspruch nehme, muss ich auch anderen zugestehen. Wichtigste Grundlage f\u00fcr diese notwendige Toleranz ist das Wissen um die anderen Religionen und Kulturen \u2026\u201c<\/p>\n<p><strong>Kurzinformationen:<\/strong><\/p>\n<p>Ausstellung von 25. November 2012 bis 10. Februar 2013 (24., 25. und 31. Dezember 2012 geschlossen). Er\u00f6ffnung: Sonntag, 25. November 2012, um 11.30 Uhr<\/p>\n<p>Stadtverwaltung Schw\u00e4bisch Hall, Am Markt 6, 74523 Schw\u00e4bisch Hall<\/p>\n<p>Telefon: 0791\/751-0<\/p>\n<p>Fax: 0791\/751-466<\/p>\n<p><strong>Internet:<\/strong><\/p>\n<p><a href=\"http:\/\/www.schwaebischhall.de\/Haellisch-Fraenk-Museum.283.0.html\" target=\"_blank\">http:\/\/www.schwaebischhall.de\/Haellisch-Fraenk-Museum.283.0.html<\/a><\/p>\n<p><a href=\"http:\/\/www.schwaebischhall.de\" target=\"_blank\">www.schwaebischhall.de<\/a><\/p>\n<p><a href=\"http:\/\/www.facebook.com\/schwaebischhall\" target=\"_blank\">www.facebook.com\/schwaebischhall<\/a><\/p>\n<p><a href=\"http:\/\/www.twitter.com\/ob_schwaebhall\" target=\"_blank\">www.twitter.com\/ob_schwaebhall<\/a><\/p>\n<p><a href=\"http:\/\/de.wikipedia.org\/wiki\/Frieder_Birzele\" target=\"_blank\">http:\/\/de.wikipedia.org\/wiki\/Frieder_Birzele<\/a><\/p>\n<p>&nbsp;<\/p>\n<p>&nbsp;<\/p>\n<p>&nbsp;<\/p>\n<div class=\"pdf24Plugin-cp\"> \t<form name=\"pdf24Form0\" method=\"post\" action=\"https:\/\/doc2pdf.pdf24.org\/wordpress.php\" target=\"pdf24PopWin\" onsubmit=\"var pdf24Win = window.open('about:blank', 'pdf24PopWin', 'resizable=yes,scrollbars=yes,width=600,height=250,left='+(screen.width\/2-300)+',top='+(screen.height\/3-125)+''); pdf24Win.focus(); if(typeof pdf24OnCreatePDF === 'function'){void(pdf24OnCreatePDF(this,pdf24Win));}\"> \t\t<input type=\"hidden\" name=\"blogCharset\" value=\"Cw1x07UAAA==\" \/><input type=\"hidden\" name=\"blogPosts\" value=\"MwQA\" \/><input type=\"hidden\" name=\"blogUrl\" value=\"yygpKSi20tcvLy\/Xy8jPSM3LARK6pXnpqWmZOSWpRSV6KakA\" \/><input type=\"hidden\" name=\"blogName\" value=\"88jPSM3LARK6pXnpqWmZOSWpRSUA\" \/><input type=\"hidden\" name=\"blogValueEncoding\" value=\"gzdeflate base64\" \/><input type=\"hidden\" name=\"postId_0\" value=\"MzSxtLQAAA==\" \/><input type=\"hidden\" name=\"postTitle_0\" value=\"U1O2MDIysvbOz80tUagqLU7MzU3NU1R41DBZwTe\/ODkjNVVHwTuzCMjQUQiuzEtMz09PVQPpMbAGK\/JLLU1VCM7PS0ktSiwtLi5JzckpzUtXyMxV8Di8JCcnE2iErlvR4SV52SBmap6Cb2lxamkuAA==\" \/><input type=\"hidden\" name=\"postLink_0\" value=\"yygpKSi20tcvLy\/Xy8jPSM3LARK6pXnpqWmZOSWpRSV6Kan69gW2hiaWlhYA\" \/><input type=\"hidden\" name=\"postAuthor_0\" value=\"AwA=\" \/><input type=\"hidden\" name=\"postDateTime_0\" value=\"MzIwNNI1NNQ1MlAwsLAyNLQyMQUA\" \/><input type=\"hidden\" name=\"postContent_0\" value=\"rVfNbtxGEr7nKSpeILCBEUca+ScrKwKkWJJlrbxG5B8kF6MpFsleNrsH3U1NPCe\/Q4A9BdmLsI\/gk2\/zJn6S\/arJURSNbTnIXqQZsrt+vvrqq5rt6c52iN7Zauebv307mUweHru2jTTvgmpbtl\/Th7e\/0IkLZzXziI61x4cRnb6xqnIVpzvrD8moLnKkgj0915ENsbb4bLljS6fO4oXqQsAb09mKdEuPFxfGaJhdO\/CLC9vIR5w96QJ3LWncOqtni4tcntNjZUxGp5pppn1BqhWbNqpqRJN7GT1159zm8DdZ35iMCPc3NrLNdXpRe2K\/eFeWFsF1tqBCdewjwSoyxLH1jA44951Kdzez7fEAxvZ4uvPVNsDhduelsymz06iKeM5+pkyULK5HuD3G4cuLg6FHuPh97XWIFDjO8VfjeIFUjvV0qkh15YpTuXO8eG9DNPj0xCVkDnnGZw1T6aKrvCq1JALXCC6wjnSu2eDYE1V7\/AOAQ9Hssmo2IbCsHB7PXLl4LwhRq6V2Le133k0XF0Mt9vC2Yj\/1DLhQvornjOAFy1nnC85o38O3yZFbzriDg7mkCecvHa6KkeC2QKHf9vFsgGGuuY4JAQDY1SymU2g5V+m+AARYaN\/GAikD6iAhMBUd8kjUohS5ri2VntuC6RWbuJWM\/qjOuzmddiYqkIiNbtcGJBIoytqadZvRFxTmz0SV8llie9VTMnKCagqmGb3AN3gGXt0ZYFiWBudOF+8LfHrEXUS4Rtmih2XfVulLRscm5f7CarAwsLAy0CF6L2cbsuvM25ezrBHOTKPVKqYDUCew17zKOEQfWNrlo+dHKb0Q0aiFrgisP6tD31EWuETQw9JuEztlNA6BjOyNEHREFeN0Daq2Yl6ZQLbzhNhyo4XOQOrQxcihXlyg931fmD2OXsEwnPe0FXb+\/vCyq+1QNZWzxjnpTQ8hQikkrJnUB5iDZwAuR5M\/ZYFKwof3GughPA0lEfwlW8mDrfMtfOxCsFTFDXoNeZw7id4gDIXCyfmX7CsjDZHah20M6BQpZl\/FqLRJbQObUA888yBjpRfvpHIAwEuIoFHPCgTiaovIn6G0U24iamxpmaUIKf3UVSgA6iKAeBaeiYg9BSZw2eCrsiss+L5WXjUCZIi6UUnIChCX9jppWInIiYejYFQ7GjoCyXQ9cZ90RfqywpgXbeLEIbeAFrOigQZJBCLDCaHEmCnPdTnIyf8pEuQs9FIWVlWXyihaxl5gV93iP2IWHw8uddJSfDNNQSBcoNbzuNeda5PtDxLZa14aWj3X2TdmceEjOJoIBwLA0nzJQldG2tOm6Lv256mzKq7U49i5KaKPyDW1BJjh6Z++UlaH9JTtCtZ78CVo7fesl9kDrgl96ADdKa\/2tJ9D\/+n26bNHd0YE6W2V9LCnIwuTrbYCpk+K8Q8hZKA9BZjWXkFI0X4yPqsh8DU5gOEaVF6x8wUEP\/UlCrp7ZYj38xR2WNogTr3A3bbAQqBC3z7z7l8gcvK5f67AXDNQ4ViUMwdUoqIoXRNG6dRnl4J0BvsFAk4v1hJRhiPQRAB6+9HR86O9O4NieEwh04Qa8xOHOsOrO8X16vRimu7\/MDCyHzVputIJ297djNHEMZEPD30DsCFlqCbQTRKzWkNtGvWGFv+2\/KaX05OhJnpwcYTurwZmfLZMI0yP6ES0bPLZ0qEH72fO92MVsyVtXIzSFJgmy2K9EsboSjoVY9kg9j86RVuWUeTLL0s3zNnOBrF2iKSNkbYrYxrqH97+d1DDfkGq4UzmB\/2UXAgPvhRQ3YrkWpTqZmyTNXngk1gu3lk5LGllyxwJyI6EneHSbcCmoGsJDLuqa5FyGKRbZkuVhAFvU\/zPnRGFmVecuyhcBlT9OtNgqo8EPZOiaNEPy0YIAj72geXlFCJBA5BuL1PCP7xp+gUh6dUwGlBAW8j0iGlNC0kVMGBKmJXylcCSY9+DB0MePYtEeBKgrXwatjFY37WQCKmN5bqFvqVI+x1G\/gx+510SuLSZDNDhax+OwfDrTfd5WYeBKvP\/aopwJhrwSgeZal0\/FJbWf\/hd1AWjY+xknTwHbz68\/XVFGTs\/17bE8B10cGulia7KzzmYtLL8p83++lZPtyd3s\/6XgoSxuSE7xvzKpUqWV+MkhTvZFZXd+uKfGcsAb\/qJMKLdFpuhhyreH9GDu\/cmmx\/5GdHbeo4GKZ3dovUHf98YP7i3sba+fHWgfr7y+O79+9exlLb20O1VCLcVgZbld7fqGKdb4\/FsNsvgeaY4RVCLKhY8fqz4UokVlou1XoOzybeb2XpWx9bcoqjQFPG7W69z7KfNrZ2\/anF7rP5kmKsxfPzcTZZLdYZOd0125trxtesf9\/G5Gzd5izMdZaLKVZe\/Hm5\/2tenz3\/OE36fzXSjp1xoleHX2Fi+jYd94fWwL3yyiF90+6r7b2wepg9v\/PY\/\" \/> \t\t<a href=\"https:\/\/www.pdf24.org\" target=\"_blank\" title=\"www.pdf24.org\" rel=\"nofollow\"><img src=\"https:\/\/www.hohenlohe-ungefiltert.de\/wp-content\/plugins\/pdf24-post-to-pdf\/img\/pdf_32x32.png\" alt=\"\" border=\"0\" height=\"32\" \/><\/a> \t\t<span class=\"pdf24Plugin-cp-space\">&nbsp;&nbsp;<\/span> \t\t<span class=\"pdf24Plugin-cp-text\">Sende Artikel als PDF<\/span> \t\t<span class=\"pdf24Plugin-cp-space\">&nbsp;&nbsp;<\/span> \t\t<input class=\"pdf24Plugin-cp-input\" style=\"margin: 0px;\" type=\"text\" name=\"sendEmailTo\" placeholder=\"Emailadresse\" \/> \t\t<input class=\"pdf24Plugin-cp-submit\" style=\"margin: 0px;\" type=\"submit\" value=\"Senden\" \/> \t<\/form> <\/div>","protected":false},"excerpt":{"rendered":"<p>&#8222;Kommt zusammen! \u2013 Moschee, Kirche, Synagoge&#8220; lautet der Titel einer neuen Sonderausstellung im H\u00e4llisch-Fr\u00e4nkischen Museum in Schw\u00e4bisch Hall. Sie wird am Sonntag, 25. November 2012, um 11.30 Uhr er\u00f6ffnet und dauert bis zum 10. Februar 2013. Von der Stadtverwaltung Schw\u00e4bisch Hall Der Christ setzt sich die Kippa auf Der K\u00fcnstler Jochen Gewecke fotografiert schon seit [&hellip;]<\/p>\n","protected":false},"author":3,"featured_media":0,"comment_status":"open","ping_status":"open","sticky":false,"template":"","format":"standard","meta":[],"categories":[],"tags":[],"_links":{"self":[{"href":"https:\/\/www.hohenlohe-ungefiltert.de\/index.php?rest_route=\/wp\/v2\/posts\/14998"}],"collection":[{"href":"https:\/\/www.hohenlohe-ungefiltert.de\/index.php?rest_route=\/wp\/v2\/posts"}],"about":[{"href":"https:\/\/www.hohenlohe-ungefiltert.de\/index.php?rest_route=\/wp\/v2\/types\/post"}],"author":[{"embeddable":true,"href":"https:\/\/www.hohenlohe-ungefiltert.de\/index.php?rest_route=\/wp\/v2\/users\/3"}],"replies":[{"embeddable":true,"href":"https:\/\/www.hohenlohe-ungefiltert.de\/index.php?rest_route=%2Fwp%2Fv2%2Fcomments&post=14998"}],"version-history":[{"count":3,"href":"https:\/\/www.hohenlohe-ungefiltert.de\/index.php?rest_route=\/wp\/v2\/posts\/14998\/revisions"}],"predecessor-version":[{"id":15014,"href":"https:\/\/www.hohenlohe-ungefiltert.de\/index.php?rest_route=\/wp\/v2\/posts\/14998\/revisions\/15014"}],"wp:attachment":[{"href":"https:\/\/www.hohenlohe-ungefiltert.de\/index.php?rest_route=%2Fwp%2Fv2%2Fmedia&parent=14998"}],"wp:term":[{"taxonomy":"category","embeddable":true,"href":"https:\/\/www.hohenlohe-ungefiltert.de\/index.php?rest_route=%2Fwp%2Fv2%2Fcategories&post=14998"},{"taxonomy":"post_tag","embeddable":true,"href":"https:\/\/www.hohenlohe-ungefiltert.de\/index.php?rest_route=%2Fwp%2Fv2%2Ftags&post=14998"}],"curies":[{"name":"wp","href":"https:\/\/api.w.org\/{rel}","templated":true}]}}