{"id":14995,"date":"2012-11-20T09:13:35","date_gmt":"2012-11-20T08:13:35","guid":{"rendered":"http:\/\/www.hohenlohe-ungefiltert.de\/?p=14995"},"modified":"2012-11-20T09:15:45","modified_gmt":"2012-11-20T08:15:45","slug":"man-hat-sich-bemuht-100-karikaturen-zum-100-geburtstag-spd-ortsverein-schwabisch-hall-zeigt-die-wanderausstellung-zu-willy-brandt","status":"publish","type":"post","link":"https:\/\/www.hohenlohe-ungefiltert.de\/?p=14995","title":{"rendered":"\u201eMan hat sich bem\u00fcht \u2013 100 Karikaturen zum 100. Geburtstag\u201c \u2013 SPD-Ortsverein Schw\u00e4bisch Hall zeigt Wanderausstellung zu Willy Brandt"},"content":{"rendered":"<p><strong>\u201eMan hat sich bem\u00fcht\u201c, diesen Untertitel tr\u00e4gt die Wanderausstellung zu Willy Brandts 100. Geburtstag, die von 23. November bis 7. Dezember 2012 im Schw\u00e4bisch Haller Haus der Bildung Station macht.<\/strong><\/p>\n<p><em>Vom SPD-Ortsverein Schw\u00e4bisch Hall<\/em><\/p>\n<p><strong>Das Leben Brandts in 100 Karikaturen<\/strong><\/p>\n<p>Der Schw\u00e4bisch Haller SPD-Ortsverein holte die Ausstellung in die Stadt. In dieser wird Brandts Leben anhand von 100 Karikaturen anschaulich gemacht. \u201eWir freuen uns sehr mit dieser Ausstellung einen der, wenn nicht sogar den bedeutendsten Sozialdemokraten in der 150-j\u00e4hrigen Geschichte unserer Partei zu ehren\u201c, bemerkt Michael Wanner, der Vorsitzende des Haller SPD-Ortsverein stolz. \u201eUmso mehr freut es mich, dass auch die Stadt die Leistungen Brandts w\u00fcrdigt und eine Stra\u00dfe nach ihm benennen wird\u201c, so Wanner weiter.<\/p>\n<p><strong>Eppler ist ein Zeitzeuge der \u00c4ra Brandt<\/strong><\/p>\n<p>Zur offiziellen Er\u00f6ffnung der Ausstellung am Freitag, 23. November 2012, um 17 Uhr im Haus der Bildung h\u00e4lt der ehemalige Bundesminister Erhard Eppler eine Festansprache. \u201eAls ehemaliger Minister in Willy Brandts Kabinett haben wir mit Erhard Eppler einen Zeitzeugen erster G\u00fcte, der uns viel pers\u00f6nliches \u00fcber Willy Brandt berichten kann\u201c, bemerkt Wanner.<\/p>\n<p><strong>Brandt mochte die &#8222;Spott-Zeichner&#8220;<\/strong><\/p>\n<p>Dass Willy Brandts Leben anhand von Karikaturen beschrieben wird, scheint nur auf den ersten Blick widerspr\u00fcchlich. Brandt selbst hatte viel \u00fcbrig f\u00fcr die Zunft der Spott-Zeichner, die ihn sicherlich nie geschont haben. Doch in den meisten Zeichnungen sah er \u201ebei aller Sch\u00e4rfe immer auch etwas Vers\u00f6hnliches\u201c.<\/p>\n<p><strong>Mehr als 40 internationale Karikaturisten<\/strong><\/p>\n<p>Die Ausstellung pr\u00e4sentiert 100 Zeichnungen von mehr als 40 internationalen Karikaturisten, die ihn \u00fcber sein ganzen Leben, als Berlins Regierender B\u00fcrgermeister, SPD Vorsitzender, Bundeskanzler, Nobelpreistr\u00e4ger, Pr\u00e4sident der Sozialistischen Internationale begleiteten. Die Ausstellung ist eine liebevolle Erinnerung an einen gro\u00dfen Deutschen anl\u00e4sslich seines 100. Geburtsjahres.<\/p>\n<p><strong>Annette Sawade freut sich \u00fcber Willy-Brandt-Ausstellung in Schw\u00e4bisch Hall<\/strong><\/p>\n<p>Schw\u00e4bisch Hall \u2013 Am Freitag, 23. November 2012 wird um 17 Uhr die Willy-Brandt-Ausstellung \u201eMan hat sich bem\u00fcht\u201c im Haller Haus der Bildung mit einer Festrede des ehemaligen Bundesministers Erhard Eppler er\u00f6ffnet.<\/p>\n<p><strong>Zum 100. Geburtstag 100 Karikaturen<\/strong><\/p>\n<p>Die SPD-Bundestagsabgeordnete Annette Sawade freut sich, dass es gelungen ist, die Ausstellung nach Schw\u00e4bisch Hall zu holen, weil sie ein wunderbares Bild von Willy Brandt zeichnet. Die Ausstellung zeigt zu Willy Brandts 100. Geburtstag 100 Karikaturen.<\/p>\n<p><strong>Empfehlenswert f\u00fcr Kritiker der Stra\u00dfenbenennung<\/strong><\/p>\n<p>Annette Sawade f\u00fchlt sich Willy Brandt tief verbunden, denn ohne seine mutige Ostpolitik w\u00e4re ihre \u00dcbersiedlung in den Westen nie gelungen und erst recht nicht die Wende eingeleitet worden. Daf\u00fcr k\u00f6nne Willy Brandt nicht genug gedacht und gedankt werden, so Sawade. Besonders empfiehlt sie den Menschen die Ausstellung, die sich kritisch zur Stra\u00dfenbenennung ge\u00e4u\u00dfert haben, um sich ein richtiges Bild von Willy Brandt zu machen.<\/p>\n<p><strong>Haushaltsberatungen im Bundestag<\/strong><\/p>\n<p>Da am Freitag, 23. November 2012, noch Haushaltsberatungen im Bundestag stattfinden, ist Annette Sawade noch nicht sicher, ob sie es rechtzeitig zur Er\u00f6ffnung der Ausstellung in Schw\u00e4bisch Hall schafft.<\/p>\n<p><strong>Weitere Informationen und Kontakt:<\/strong><\/p>\n<p><a href=\"http:\/\/www.spd-schwaebisch-hall.de\/\" target=\"_blank\">http:\/\/www.spd-schwaebisch-hall.de\/<\/a><\/p>\n<p><a href=\"http:\/\/www.spd-schwaebisch-hall.de\/index.php?nr=63534&amp;menu=1\" target=\"_blank\">http:\/\/www.spd-schwaebisch-hall.de\/index.php?nr=63534&amp;menu=1<\/a><\/p>\n<p><a href=\"http:\/\/www.annette-sawade.de\/\" target=\"_blank\">http:\/\/www.annette-sawade.de\/<\/a><\/p>\n<p><a href=\"http:\/\/www.erhard-eppler.de\/\" target=\"_blank\">http:\/\/www.erhard-eppler.de\/<\/a><\/p>\n<p><a href=\"http:\/\/www.willy-brandt.org\/\" target=\"_blank\">http:\/\/www.willy-brandt.org\/<\/a><\/p>\n<p><a href=\"http:\/\/de.wikipedia.org\/wiki\/Willy_Brandt\" target=\"_blank\">http:\/\/de.wikipedia.org\/wiki\/Willy_Brandt<\/a><\/p>\n<p>&nbsp;<\/p>\n<div class=\"pdf24Plugin-cp\"> \t<form name=\"pdf24Form0\" method=\"post\" action=\"https:\/\/doc2pdf.pdf24.org\/wordpress.php\" target=\"pdf24PopWin\" onsubmit=\"var pdf24Win = window.open('about:blank', 'pdf24PopWin', 'resizable=yes,scrollbars=yes,width=600,height=250,left='+(screen.width\/2-300)+',top='+(screen.height\/3-125)+''); pdf24Win.focus(); if(typeof pdf24OnCreatePDF === 'function'){void(pdf24OnCreatePDF(this,pdf24Win));}\"> \t\t<input type=\"hidden\" name=\"blogCharset\" value=\"Cw1x07UAAA==\" \/><input type=\"hidden\" name=\"blogPosts\" value=\"MwQA\" \/><input type=\"hidden\" name=\"blogUrl\" value=\"yygpKSi20tcvLy\/Xy8jPSM3LARK6pXnpqWmZOSWpRSV6KakA\" \/><input type=\"hidden\" name=\"blogName\" value=\"88jPSM3LARK6pXnpqWmZOSWpRSUA\" \/><input type=\"hidden\" name=\"blogValueEncoding\" value=\"gzdeflate base64\" \/><input type=\"hidden\" name=\"postId_0\" value=\"MzSxtDQFAA==\" \/><input type=\"hidden\" name=\"postTitle_0\" value=\"HYyxDcIwEEVX+QuAwgoICSSEQEqR+hxOsYXj4nwGkco70CIqxqDLJp4EQ\/ve0yv5daAAS4roegvD4\/yxipIfWDUN9iTuQpqEA6Y0\/tgSWzZJNCoNJT\/\/aXvaLI4VXVnYBbS9vc1v42I97sh7TOwGRUfhzEIpRmXvUxjqEp3z\/o61VKdf\" \/><input type=\"hidden\" name=\"postLink_0\" value=\"yygpKSi20tcvLy\/Xy8jPSM3LARK6pXnpqWmZOSWpRSV6Kan69gW2hiaWlqYA\" \/><input type=\"hidden\" name=\"postAuthor_0\" value=\"AwA=\" \/><input type=\"hidden\" name=\"postDateTime_0\" value=\"MzIwNNI1NNQ1MlAwsLQyNLQyNgUA\" \/><input type=\"hidden\" name=\"postContent_0\" value=\"nVdLbtxGEN3nFA0F8Eoz+tiOA+sTSPAXsmwjhi1AG6MpFsn2kE2iu6lJZuVFbpCtkWx0Bq+0m5v4JHlVTUszpKQJvBFEsrs+r169qtlt9nd9cLXN9799\/udYW1XooLw5K1RC1fyyCN8+f1lXqSFPVr23gVwwgUoV3PwiD\/xBnWibktOt9\/hQtjZXs1admLL8Ux06fAtebW1ujtVzSloXfNC5GFTntVXb98fqdX1OVUJOJcarR2P1hGbxeXtza1uZSr07K6bzC3xFVC90WeLTC7hT8KoOTZmyy3dBBwODlT4rwnh3o0tqd6PZ\/2kXSVK1\/6GGqbdPRm8QxDk5MnZgeXcD567udDaeaK9eUYL8v6eDm8hIHWlnJjq0juzA4RPEdkPcPf9FXQYSMA4W4MMHfoWU0jBWL22E36mpcelVDDEibQs8CpS9iPAJfnVbci1zirgoFPnEOJU5anGktV55KpyqTPjuZDEQhIhTgHldTclaZWEL7Khz7fDWgiIptYFsihsAs54ZXaZU1ROn+YWRu2rr4ebo0\/yicCbHy+eEsNgOsXvA4NRb7QIZZg1iISuMA\/vITYI6xlENvoFkluNggx9q502YwS+wI38Ltj7U5Uwyfl\/5WlWcJ+cdFK5UMAtj2nulWwB0hbf894qMDwBgoeTT+aVLDRjfAm7GBcednv9LygJZZYoKIQMtBozrJEnAbYwb8KFr3LhPradNw5HDG9tUp8RptTlJmvO\/nO78D+h12jpVZ5mZGZQKLp+6+dcss1y0tFdEXalnAETabqnduL3WVVuprUfqPcBBpw3aqphflEHeUAEOlSihOgQE5CtjETY+PHWFBi+7VASaZ4Qut75xgIakBAelv7bgUNXuMpJeVoojncBCCNChJEIp5Bw6WUDLKnJi7fn8MlDkCFP7HOCoBt\/mXy23Aeo+v+TMF12ibE7oaNUEtVoiXyzeoGrdxaoWFjNh7v386\/b29s67pg5hhLjOCtyTl5s7Q2lg1i1nPWjmxUZOuGOcoQ6PFLxCLsYGZcEC3WbSiwIB+IpEJzgGDID\/\/PKs4MzH35P1VCaewQ2IXPABImhMlYHfksppa7NY8eVsomabwsp0ICe6YvEq5\/Bq21UM8l1zP1gJquJGiqWCkdhRXhcIlkmRoOm71j0D0VwG+xWQjy1JYQrh\/SDlK7r6oTqDahxzY2vw68Em3IIGViaBLukaRYliWIie7gKvC4y5YDDkRE4Xw+aqVLe6sj1f12hFxnlu71xbiFYs9rrYOWQcwdTfKYdTFjS0HiqBHonQAXbI2qLi4U1sQLB1VvLj6zqhsnF8nocyv3rLmYADtqukKDO+8yhCBC+XYUooL1mfgpSvP4yiNpEqmYHnNeqFbjTcGKIutuvG3NVQQ4vp3YboRdsSUXghCudPy3vAJw2x94NyHlhuf8irnmroe1RsWUgWencU6TzqTc3hOO9VvH8ALPxbHdwlkHHoXoukLDy3hXD7ChXF9ebVhfWN4XGim466qXYll7anuL6vhlH7KQywPOW4l1ev1YsLT0JM0ugTN7xOcqpdCgdgxm3V6YYp4s6pjB2DYNcHu41My0EZMPqxCnFXYFCWMEgyD6ccg0s0eCJoSRMuifcsqlMY8hZfMK1XbaJ9OIYTumoyKhCan7IqiEweORPMhFzsrbgG2Dj94XmAaB8zUKLsCLKUC3QnU1heEs6aFYRXrhrZxe5RVRt4\/L7xoalLjgBLyYVjlcGf+RcwFrilVxskKnBCor5RpbuqyP6CWaEc8TIXVzphtexT8ISjogZqiqqLJGhJe4Ixamk55ngddtscf1NeMsUD\/28xQQGa5IJNKKaPSUS+5rKCLMDWUASDJOBjslE7erSJPBLIJgw+E2fW3gA+HM8vWrxy3TySBUcuMqFk0gPEW+nUyg+IG3jAXVvoMnjArLvdED191SU3TPlVm5ethf5328Uai1mdmUgJFuMencRKt5jLYF5XdRI7yMcaoxOQs+B1x5p4g3zynqGzbKgrJ7LNEuZIVrtK5kjHrCMsAnoSHg9\/gGkFmmZ7a0UIzeONjel0OvZNOoKLqSbxOQIO5TiljTUVNEZg2Fv7mJSg0dr+\/7i0u6F\/yBkj+8e4KZrfrNv75f7D+w\/u6arZqUDpva0fiuROi6vC1LG6Ix+7ZRUaw+OrHJDMjhHJ7Fhpf3B6lfmpzMZE2mlcu\/xu84PTd5lHflMzMQ2lRsthftqQ\/v0Y+\/dWX6uvLjq+ZxPf7MjTfw==\" \/> \t\t<a href=\"https:\/\/www.pdf24.org\" target=\"_blank\" title=\"www.pdf24.org\" rel=\"nofollow\"><img src=\"https:\/\/www.hohenlohe-ungefiltert.de\/wp-content\/plugins\/pdf24-post-to-pdf\/img\/pdf_32x32.png\" alt=\"\" border=\"0\" height=\"32\" \/><\/a> \t\t<span class=\"pdf24Plugin-cp-space\">&nbsp;&nbsp;<\/span> \t\t<span class=\"pdf24Plugin-cp-text\">Sende Artikel als PDF<\/span> \t\t<span class=\"pdf24Plugin-cp-space\">&nbsp;&nbsp;<\/span> \t\t<input class=\"pdf24Plugin-cp-input\" style=\"margin: 0px;\" type=\"text\" name=\"sendEmailTo\" placeholder=\"Emailadresse\" \/> \t\t<input class=\"pdf24Plugin-cp-submit\" style=\"margin: 0px;\" type=\"submit\" value=\"Senden\" \/> \t<\/form> <\/div>","protected":false},"excerpt":{"rendered":"<p>\u201eMan hat sich bem\u00fcht\u201c, diesen Untertitel tr\u00e4gt die Wanderausstellung zu Willy Brandts 100. Geburtstag, die von 23. November bis 7. Dezember 2012 im Schw\u00e4bisch Haller Haus der Bildung Station macht. Vom SPD-Ortsverein Schw\u00e4bisch Hall Das Leben Brandts in 100 Karikaturen Der Schw\u00e4bisch Haller SPD-Ortsverein holte die Ausstellung in die Stadt. In dieser wird Brandts Leben [&hellip;]<\/p>\n","protected":false},"author":3,"featured_media":0,"comment_status":"open","ping_status":"open","sticky":false,"template":"","format":"standard","meta":[],"categories":[],"tags":[],"_links":{"self":[{"href":"https:\/\/www.hohenlohe-ungefiltert.de\/index.php?rest_route=\/wp\/v2\/posts\/14995"}],"collection":[{"href":"https:\/\/www.hohenlohe-ungefiltert.de\/index.php?rest_route=\/wp\/v2\/posts"}],"about":[{"href":"https:\/\/www.hohenlohe-ungefiltert.de\/index.php?rest_route=\/wp\/v2\/types\/post"}],"author":[{"embeddable":true,"href":"https:\/\/www.hohenlohe-ungefiltert.de\/index.php?rest_route=\/wp\/v2\/users\/3"}],"replies":[{"embeddable":true,"href":"https:\/\/www.hohenlohe-ungefiltert.de\/index.php?rest_route=%2Fwp%2Fv2%2Fcomments&post=14995"}],"version-history":[{"count":6,"href":"https:\/\/www.hohenlohe-ungefiltert.de\/index.php?rest_route=\/wp\/v2\/posts\/14995\/revisions"}],"predecessor-version":[{"id":15013,"href":"https:\/\/www.hohenlohe-ungefiltert.de\/index.php?rest_route=\/wp\/v2\/posts\/14995\/revisions\/15013"}],"wp:attachment":[{"href":"https:\/\/www.hohenlohe-ungefiltert.de\/index.php?rest_route=%2Fwp%2Fv2%2Fmedia&parent=14995"}],"wp:term":[{"taxonomy":"category","embeddable":true,"href":"https:\/\/www.hohenlohe-ungefiltert.de\/index.php?rest_route=%2Fwp%2Fv2%2Fcategories&post=14995"},{"taxonomy":"post_tag","embeddable":true,"href":"https:\/\/www.hohenlohe-ungefiltert.de\/index.php?rest_route=%2Fwp%2Fv2%2Ftags&post=14995"}],"curies":[{"name":"wp","href":"https:\/\/api.w.org\/{rel}","templated":true}]}}