{"id":14931,"date":"2012-11-06T17:37:59","date_gmt":"2012-11-06T16:37:59","guid":{"rendered":"http:\/\/www.hohenlohe-ungefiltert.de\/?p=14931"},"modified":"2012-11-06T17:37:59","modified_gmt":"2012-11-06T16:37:59","slug":"das-wahlalter-bei-kommunalwahlen-wird-auf-16-jahre-abgesenkt-kommentar-des-spd-landtagsabgeordneten-nik-sakellariou","status":"publish","type":"post","link":"https:\/\/www.hohenlohe-ungefiltert.de\/?p=14931","title":{"rendered":"&#8222;Das Wahlalter bei Kommunalwahlen wird auf 16 Jahre abgesenkt&#8220; \u2013 Kommentar des SPD-Landtagsabgeordneten Nik Sakellariou"},"content":{"rendered":"<p><strong>Der Schw\u00e4bisch Haller SPD-Kreisvorsitzende Nikolaos Sakellariou begr\u00fc\u00dft die Landesinnenminister Reinhold Gall eingebrachte Absenkung des Wahlalters auf 16 Jahre bei Kommunalwahlen.<\/strong><\/p>\n<p><em>Vom SPD-Wahlkreisb\u00fcro Schw\u00e4bisch Hall<\/em><\/p>\n<p><strong>Kommunale Ebene betrifft unmittelbares Lebensumfeld junger Menschen<\/strong><\/p>\n<p>&#8222;Wir wollen, dass Jugendliche auch hier im Landkreis Schw\u00e4bisch Hall fr\u00fcher politisch mitentscheiden k\u00f6nnen&#8220;, so Sakellariou. &#8222;Denn nur wer aktiv teilhaben kann, wird sich auch aktiv einbringen.&#8220; Die Absenkung des Wahlalters biete die Chance, gr\u00f6\u00dferes politisches Interesse und Engagement bei jungen Menschen zu wecken. Die kommunale Ebene sei hierf\u00fcr \u201egeradezu pr\u00e4destiniert, da sie das unmittelbare Lebensumfeld von jungen Menschen betrifft\u201c, meint Nik Sakellariou.<\/p>\n<p><strong>Weitere Formen politischer Mitgestaltung unterst\u00fctzen<\/strong><\/p>\n<p>Der SPD-Kreisvorsitzende betonte, dass neben einer Absenkung des Wahlalters andere Formen politischer Mitgestaltung von Jugendlichen unterst\u00fctzt werden m\u00fcssten. Dazu geh\u00f6re zum Beispiel die F\u00f6rderung von Jugendgemeinder\u00e4ten, Jugendforen und jugendpolitischen Organisationen vor Ort.<\/p>\n<p><strong>Weitere Informationen und Kontakt:<\/strong><\/p>\n<p>Nikolaos Sakellariou Mitglied des Landtags von Baden-W\u00fcrttemberg, Vorsitzender des Arbeitskreises Innenpolitik und Polizeisprecher der SPD-Landtagsfraktion, Wahlkreisb\u00fcro Gelbinger Gasse 14, 74523 Schw\u00e4bisch Hall.<\/p>\n<p>Telefon 07 91\/88 75<\/p>\n<p>Telefax 07 91\/79 41<\/p>\n<p>E-Mail: wahlkreisbuero.nik@t-online.de<\/p>\n<p><strong>Internet:<\/strong><\/p>\n<p><a href=\"http:\/\/www.spd-sha.de\/\" target=\"_blank\">http:\/\/www.spd-sha.de\/<\/a><\/p>\n<p><a href=\"http:\/\/nik.sozi.info\/\" target=\"_blank\">http:\/\/nik.sozi.info\/<\/a><\/p>\n<p><a href=\"http:\/\/www.spd-schwaebisch-hall.de\/index.php?mod=content&amp;menu=506&amp;page_id=4551\" target=\"_blank\">http:\/\/www.spd-schwaebisch-hall.de\/index.php?mod=content&amp;menu=506&amp;page_id=4551<\/a><\/p>\n<div class=\"pdf24Plugin-cp\"> \t<form name=\"pdf24Form0\" method=\"post\" action=\"https:\/\/doc2pdf.pdf24.org\/wordpress.php\" target=\"pdf24PopWin\" onsubmit=\"var pdf24Win = window.open('about:blank', 'pdf24PopWin', 'resizable=yes,scrollbars=yes,width=600,height=250,left='+(screen.width\/2-300)+',top='+(screen.height\/3-125)+''); pdf24Win.focus(); if(typeof pdf24OnCreatePDF === 'function'){void(pdf24OnCreatePDF(this,pdf24Win));}\"> \t\t<input type=\"hidden\" name=\"blogCharset\" value=\"Cw1x07UAAA==\" \/><input type=\"hidden\" name=\"blogPosts\" value=\"MwQA\" \/><input type=\"hidden\" name=\"blogUrl\" value=\"yygpKSi20tcvLy\/Xy8jPSM3LARK6pXnpqWmZOSWpRSV6KakA\" \/><input type=\"hidden\" name=\"blogName\" value=\"88jPSM3LARK6pXnpqWmZOSWpRSUA\" \/><input type=\"hidden\" name=\"blogValueEncoding\" value=\"gzdeflate base64\" \/><input type=\"hidden\" name=\"postId_0\" value=\"MzSxNDYEAA==\" \/><input type=\"hidden\" name=\"postTitle_0\" value=\"HYxBCsIwFAWv8kDoTtAsROi2KxURunD9Sr5tSJrAT0K33sEbehJbt8PMNLuzMabtmPHkFBiKKAZxuKZ5rpFhWalELE4tWF84nnDhpAIOo2SJvjTb4tDi+\/78K4mFCisZ\/aPb3xht4Zg3PamNUtbb3Xn09BIC1aX6Aw==\" \/><input type=\"hidden\" name=\"postLink_0\" value=\"yygpKSi20tcvLy\/Xy8jPSM3LARK6pXnpqWmZOSWpRSV6Kan69gW2hiaWxoYA\" \/><input type=\"hidden\" name=\"postAuthor_0\" value=\"AwA=\" \/><input type=\"hidden\" name=\"postDateTime_0\" value=\"MzIwNNI1NNQ1MFMwNLcyNLQytQQA\" \/><input type=\"hidden\" name=\"postContent_0\" value=\"rVTLcts2FN33K+44M1npYbl27NiS2qRy3MRJm2k68TIDipckShDgAKCV0Sof0kk2\/gavvOOf5Et6AEuKZVlpF92RwH2ce865GNbjofPW6Hw8YUvvpsWsvUqkmxb0q1AqHL2ddM8tS3dprJN+zjpl+k2WRgnj6J0oWSlhpWko4dy2N+0XT6lkei0Q6KTWrCuppfOo9QdLXRiV0hlqE35yTqyYFp7pWeJYl43OCVl0IQolFFIciSajwRN6JQrLaCHp3FRVo4WaIYZ1b9hf4B\/26\/EPQ8zD1fi9qSLwUKcM4JP2xpqN8YZ9xK7yFnWW9ZlOE9ahp7cyyzw1GMR7VomwgPiaceuaKmPM8xeAY743OJkWrDcwPX50tLe3d3IhLc0MaNUdSoVz9KrJwaeSSMKgQFVIlJFVZC8C38BMGUguEFUbJX08BizWPnSWKWsq2+vAeuy5e9IhZ+7K1KMFmAlrTboBIhQTpZeX5FmqQiShhtDAOJM2JQd0t+BugyBbYoN0urdoQRP5HQETydA3WOKXQugpdwg2uW6\/cGBxNQS+X2ofzhyD6ZROdS5yrjBYVD0yrFcM07wB7mkJELF7eU80h5TAZQbd6eunz1BHpIyk2rZXAOhhSbY+yIABOaixpu+6vJdGbwBY2uLrp787VIEUH7Zijen7zrpgGSakF8ZirjuzwznS50AFygKDTWDC+fYmrNuGmSbbthKQDDIX3tJhgqAWwrdvF\/L+C6LAwB2z6rsQfXBQMF7V3jjseZBEgOqci\/YaxedNRc8BtZasog9e4Bht1+sGrWVA0175sB+3p5mxsVlYsfD\/DaGm320u8LAILw3sjlIWR34r6y81ilXL6FDyHGzB08cbDD\/4vAVClOQ0Uhj204vcxQGew1q6ewGrwT5Vwjbv0PtvutiY8czCxt7FpY5mB4rbacoI5i2+54Ely5H\/dKHyslNmw\/oZMHPvUTuDY2V8fs5EWJ7BfocO9w\/2ftx4OlbU\/MmKMwDfPaSng\/7RER0erF2Jj4urw6e0P1henXbfCKmOabbq37A1PS3Ln33XaAWn9VK+T3\/cas0PsDwUhDc9G+0U3tfH\/f5sNuu5Ou26QqBOf4e8sDn70c6HRAld7owfjhv2xdaSwNZzZi57EuJvr7ge9r2Cq96gVnCktlsEagEkuPdjry7qnyqTjqZhFbV\/LKr6BLvVjA52n8SfGs\/aB5mO9g8OBv8+4\/\/TZzXSPw==\" \/> \t\t<a href=\"https:\/\/www.pdf24.org\" target=\"_blank\" title=\"www.pdf24.org\" rel=\"nofollow\"><img src=\"https:\/\/www.hohenlohe-ungefiltert.de\/wp-content\/plugins\/pdf24-post-to-pdf\/img\/pdf_32x32.png\" alt=\"\" border=\"0\" height=\"32\" \/><\/a> \t\t<span class=\"pdf24Plugin-cp-space\">&nbsp;&nbsp;<\/span> \t\t<span class=\"pdf24Plugin-cp-text\">Sende Artikel als PDF<\/span> \t\t<span class=\"pdf24Plugin-cp-space\">&nbsp;&nbsp;<\/span> \t\t<input class=\"pdf24Plugin-cp-input\" style=\"margin: 0px;\" type=\"text\" name=\"sendEmailTo\" placeholder=\"Emailadresse\" \/> \t\t<input class=\"pdf24Plugin-cp-submit\" style=\"margin: 0px;\" type=\"submit\" value=\"Senden\" \/> \t<\/form> <\/div>","protected":false},"excerpt":{"rendered":"<p>Der Schw\u00e4bisch Haller SPD-Kreisvorsitzende Nikolaos Sakellariou begr\u00fc\u00dft die Landesinnenminister Reinhold Gall eingebrachte Absenkung des Wahlalters auf 16 Jahre bei Kommunalwahlen. Vom SPD-Wahlkreisb\u00fcro Schw\u00e4bisch Hall Kommunale Ebene betrifft unmittelbares Lebensumfeld junger Menschen &#8222;Wir wollen, dass Jugendliche auch hier im Landkreis Schw\u00e4bisch Hall fr\u00fcher politisch mitentscheiden k\u00f6nnen&#8220;, so Sakellariou. &#8222;Denn nur wer aktiv teilhaben kann, wird sich [&hellip;]<\/p>\n","protected":false},"author":3,"featured_media":0,"comment_status":"open","ping_status":"open","sticky":false,"template":"","format":"standard","meta":[],"categories":[],"tags":[],"_links":{"self":[{"href":"https:\/\/www.hohenlohe-ungefiltert.de\/index.php?rest_route=\/wp\/v2\/posts\/14931"}],"collection":[{"href":"https:\/\/www.hohenlohe-ungefiltert.de\/index.php?rest_route=\/wp\/v2\/posts"}],"about":[{"href":"https:\/\/www.hohenlohe-ungefiltert.de\/index.php?rest_route=\/wp\/v2\/types\/post"}],"author":[{"embeddable":true,"href":"https:\/\/www.hohenlohe-ungefiltert.de\/index.php?rest_route=\/wp\/v2\/users\/3"}],"replies":[{"embeddable":true,"href":"https:\/\/www.hohenlohe-ungefiltert.de\/index.php?rest_route=%2Fwp%2Fv2%2Fcomments&post=14931"}],"version-history":[{"count":2,"href":"https:\/\/www.hohenlohe-ungefiltert.de\/index.php?rest_route=\/wp\/v2\/posts\/14931\/revisions"}],"predecessor-version":[{"id":14933,"href":"https:\/\/www.hohenlohe-ungefiltert.de\/index.php?rest_route=\/wp\/v2\/posts\/14931\/revisions\/14933"}],"wp:attachment":[{"href":"https:\/\/www.hohenlohe-ungefiltert.de\/index.php?rest_route=%2Fwp%2Fv2%2Fmedia&parent=14931"}],"wp:term":[{"taxonomy":"category","embeddable":true,"href":"https:\/\/www.hohenlohe-ungefiltert.de\/index.php?rest_route=%2Fwp%2Fv2%2Fcategories&post=14931"},{"taxonomy":"post_tag","embeddable":true,"href":"https:\/\/www.hohenlohe-ungefiltert.de\/index.php?rest_route=%2Fwp%2Fv2%2Ftags&post=14931"}],"curies":[{"name":"wp","href":"https:\/\/api.w.org\/{rel}","templated":true}]}}