{"id":14912,"date":"2012-11-05T10:54:05","date_gmt":"2012-11-05T09:54:05","guid":{"rendered":"http:\/\/www.hohenlohe-ungefiltert.de\/?p=14912"},"modified":"2012-11-05T10:54:05","modified_gmt":"2012-11-05T09:54:05","slug":"czeslaw-trzcinski-wurde-1942-in-bretzfeld-rappach-hingerichtet-gedenkveranstaltung-in-waldenburg-fur-polnischen-zwangsarbeiter","status":"publish","type":"post","link":"https:\/\/www.hohenlohe-ungefiltert.de\/?p=14912","title":{"rendered":"&#8222;Czes\u0142aw Trzci\u0144ski wurde 1942 in Bretzfeld-Rappach hingerichtet&#8220; \u2013 Gedenkveranstaltung in Waldenburg f\u00fcr polnischen Zwangsarbeiter"},"content":{"rendered":"<p><strong> In der Kulturkneipe Gleis1 in Waldenburg findet am Freitag, 9. November 2012, um 20 Uhr eine Gedenkveranstaltung mit Vortr\u00e4gen und Musik im Kontext der Erinnerung an die Reichspogromnacht 1938 statt.<\/strong><\/p>\n<p><em>Vom Verein Gegen Vergessen \u2013 F\u00fcr Demokratie<\/em><\/p>\n<p><strong>T\u00e4ter waren Stuttgarter Gestapo-Leute<\/strong><\/p>\n<p>Regionaler Anlass ist der 70. Jahrestag der Ermordung des polnischen Zwangsarbeiters Czes\u0142aw Trzci\u0144ski, der am 11. November 1942 in Bretzfeld-Rappach durch die Stuttgarter Gestapo hingerichtet worden war.<\/p>\n<p><strong>Forschungsergebnisse zu Czes\u0142aw Trzci\u0144ski stellt der T\u00fcbinger Publizist Udo Grausam vor<\/strong><\/p>\n<p>Das anspruchsvolle Programm beginnt mit der Einf\u00fchrung des ehemaligen Pr\u00e4sidenten des baden-w\u00fcrttembergischen Landtags Dr. Alfred Geisel vom Verein Gegen Vergessen \u2013 F\u00fcr Demokratie e.V. Das Schicksal der Zwangsarbeiter unter dem NS-Regime wird von Friedemann Rincke vom Haus der Geschichte in Stuttgart dargestellt, die Forschungsergebnisse zu Czes\u0142aw Trzci\u0144ski stellt der T\u00fcbinger Publizist Udo Grausam vor. Das deutsch-polnische Verh\u00e4ltnis beleuchtet Frieder Birzele, ehemaliger Innenminister von Baden-W\u00fcrttemberg und ehemaliger Vorsitzender der Deutsch-Polnischen Gesellschaft. Birgit Kipfer wird den Dank des Vereins Gegen Vergessen \u2013 F\u00fcr Demokratie e.V. vortragen. Die musikalische Umrahmung gestaltet Hans Kumpf, Schw\u00e4bisch Hall, mit seiner Klarinette.<\/p>\n<p><strong>Bewusstsein f\u00fcr die freiheitlich-demokratischen Werte in unserem Rechtsstaat sch\u00e4rfen<\/strong><\/p>\n<p>Es geh\u00f6rt zu den Aufgaben der Bundesvereinigung Gegen Vergessen \u2013 F\u00fcr Demokratie e.V. an die Verbrechen, die in deutschem Namen w\u00e4hrend der Zeit des Nationalsozialismus geschehen sind, zu erinnern, um das Bewusstsein f\u00fcr die freiheitlich-demokratischen Werte in unserem Rechtsstaat zu sch\u00e4rfen.<\/p>\n<p><strong>Weitere Informationen und Kontakt:<\/strong><\/p>\n<p><a href=\"http:\/\/www.gleis1.net\/\" target=\"_blank\">http:\/\/www.gleis1.net\/<\/a><\/p>\n<p><a href=\"http:\/\/www.gegen-vergessen.de\/\" target=\"_blank\">http:\/\/www.gegen-vergessen.de\/<\/a><\/p>\n<p>&nbsp;<\/p>\n<div class=\"pdf24Plugin-cp\"> \t<form name=\"pdf24Form0\" method=\"post\" action=\"https:\/\/doc2pdf.pdf24.org\/wordpress.php\" target=\"pdf24PopWin\" onsubmit=\"var pdf24Win = window.open('about:blank', 'pdf24PopWin', 'resizable=yes,scrollbars=yes,width=600,height=250,left='+(screen.width\/2-300)+',top='+(screen.height\/3-125)+''); pdf24Win.focus(); if(typeof pdf24OnCreatePDF === 'function'){void(pdf24OnCreatePDF(this,pdf24Win));}\"> \t\t<input type=\"hidden\" name=\"blogCharset\" value=\"Cw1x07UAAA==\" \/><input type=\"hidden\" name=\"blogPosts\" value=\"MwQA\" \/><input type=\"hidden\" name=\"blogUrl\" value=\"yygpKSi20tcvLy\/Xy8jPSM3LARK6pXnpqWmZOSWpRSV6KakA\" \/><input type=\"hidden\" name=\"blogName\" value=\"88jPSM3LARK6pXnpqWmZOSWpRSUA\" \/><input type=\"hidden\" name=\"blogValueEncoding\" value=\"gzdeflate base64\" \/><input type=\"hidden\" name=\"postId_0\" value=\"MzSxNDQCAA==\" \/><input type=\"hidden\" name=\"postTitle_0\" value=\"FcyxCsIwEADQXzkQugkaHJRuOrhLQXC7JtfkaDjLJbXQScQ\/8HfcpD\/il2jXN7xisTXGlIeR0vTAASodLU\/P1DIMvTqC9W5jgAX2SnlsKLrlCbsObYDA4knZhky5mJtVCd\/7C47kSNobKUrKGHMvfg7OGP9e9+qh+bwVumsUTjaQwGVA8Qm1Js6kPw==\" \/><input type=\"hidden\" name=\"postLink_0\" value=\"yygpKSi20tcvLy\/Xy8jPSM3LARK6pXnpqWmZOSWpRSV6Kan69gW2hiaWhkYA\" \/><input type=\"hidden\" name=\"postAuthor_0\" value=\"AwA=\" \/><input type=\"hidden\" name=\"postDateTime_0\" value=\"MzIwNNI1NNQ1MFUwNLAyNLQyMAUA\" \/><input type=\"hidden\" name=\"postContent_0\" value=\"tVXNbiNFEL7zFKUcONnjdUCCLF5LCdlkIcsqyq\/EBfV4amZa7u4Zdfd4kE8I8Qa8Qp6BU27WvghPwlc9TjbgCBYJLtbMuKvqq+\/7qnrWzmch+sZVc\/rGUcGezjoTO790rFumU8M6TEk7ulWmYJd3vqJSu4IjKUsnnnVU1YgOMnrXrNjmSLD\/Yro\/os7iga5rT6wdEjGilyv2yoWoUMFVZHWkm8ZHv7mr2FHnCvquC3pJ2tJZ4yL\/GBOi1147x15CFDBqpgvWizq0TeUb69SijjQ9+OxLQuYYs9lk29Fs0s4\/maFDtvObxtINA64DFKmGl4pDwNPvP\/1KJ5t7T8dsm6VXUfNsgpDH8G26q81dBJpeeQRdxi7GSnn5csoo3Dbjt9xF3ql+wZVunDI4eOiMCoF0GPr64kVG36raS3i17dQ2vpBGCw7UNsbpsKhR7vteuSoon4Nv9oG+XnN4\/7Pq6cqvF\/r9L2GpRykDRJlOn4gxPfh8X+Q78hzXJZtifKHaFpRR0Xn5BZvP9EK1dhV7sByhdA9QAIHOs7+SctJ4IATiIHzmwBuY1t1zACEPGzO0frW5z1MFOu9yo9dCyXXR0KlXXUAPq8bvEHmsAvQPre+g\/aoxhuncwwLKWspBsnMxWSoRqV25ua\/9A5Vcs1VGi\/DnsFvQ6CeyS\/\/lCi\/jHg6IMZFWbUl\/q1wBZQId+4wOTem5AD86sAG+f2Mn4uwmI8F\/uaj1YhmUSSj\/rCoGQH4LtvTuciy2sUy99gWqOYyaxghZ5RxdaLdYcsLwBnSlVNBNUkMuUftRUSqU4ErEj5LY\/59gQ4cFhgAFxo\/mFWrqzZ2JeIVOhrvBVENDno60X+Pr6INGHqvIsbMaEcKItH+URLp9IlLaF09isEmCjmt2RSJR+B+QnH8YI7CEjvCsyphJ5Qp+OdNtKXMtTIvNj5VbJmMMAoePV3gly0zhMKjANyvLDOgSC9fWq9qKH0UPbEBQ8AZ2xr61bTkSZ\/Sbu1wO47sxo+TlIMsTO9ko7EBG6zsDeMR9F0KUg1QKKBEZVtU1TGXgiHHxgHLg4Jb9YJLOwQIw2wVDEKRQCvUWkMqX7Ham73UA8HrzGzwFtwhPh11ZqZyHW+MIanBYJcZ0JW1+NGvbnY6TuWeBOBhVuwcvyUAoKwtoc4dt6YpheDjNesB\/MS3Y0Ky1sA3ahWPESbsBl9VIIPNwi7h0NRVw6n\/LHCo8krcj0m0acIavy8bbhHd74ck9p5bx5e6lpQi9lq\/26hjbl5NJ3\/dZlW7jDEaY7FGUyY6v9n7IDQy7N3\/+3Gyi\/j6lqDRePaiUFfwPqXfPPy3xqctD+1V6+wM=\" \/> \t\t<a href=\"https:\/\/www.pdf24.org\" target=\"_blank\" title=\"www.pdf24.org\" rel=\"nofollow\"><img src=\"https:\/\/www.hohenlohe-ungefiltert.de\/wp-content\/plugins\/pdf24-post-to-pdf\/img\/pdf_32x32.png\" alt=\"\" border=\"0\" height=\"32\" \/><\/a> \t\t<span class=\"pdf24Plugin-cp-space\">&nbsp;&nbsp;<\/span> \t\t<span class=\"pdf24Plugin-cp-text\">Sende Artikel als PDF<\/span> \t\t<span class=\"pdf24Plugin-cp-space\">&nbsp;&nbsp;<\/span> \t\t<input class=\"pdf24Plugin-cp-input\" style=\"margin: 0px;\" type=\"text\" name=\"sendEmailTo\" placeholder=\"Emailadresse\" \/> \t\t<input class=\"pdf24Plugin-cp-submit\" style=\"margin: 0px;\" type=\"submit\" value=\"Senden\" \/> \t<\/form> <\/div>","protected":false},"excerpt":{"rendered":"<p>In der Kulturkneipe Gleis1 in Waldenburg findet am Freitag, 9. November 2012, um 20 Uhr eine Gedenkveranstaltung mit Vortr\u00e4gen und Musik im Kontext der Erinnerung an die Reichspogromnacht 1938 statt. Vom Verein Gegen Vergessen \u2013 F\u00fcr Demokratie T\u00e4ter waren Stuttgarter Gestapo-Leute Regionaler Anlass ist der 70. Jahrestag der Ermordung des polnischen Zwangsarbeiters Czes\u0142aw Trzci\u0144ski, der [&hellip;]<\/p>\n","protected":false},"author":3,"featured_media":0,"comment_status":"open","ping_status":"open","sticky":false,"template":"","format":"standard","meta":[],"categories":[],"tags":[],"_links":{"self":[{"href":"https:\/\/www.hohenlohe-ungefiltert.de\/index.php?rest_route=\/wp\/v2\/posts\/14912"}],"collection":[{"href":"https:\/\/www.hohenlohe-ungefiltert.de\/index.php?rest_route=\/wp\/v2\/posts"}],"about":[{"href":"https:\/\/www.hohenlohe-ungefiltert.de\/index.php?rest_route=\/wp\/v2\/types\/post"}],"author":[{"embeddable":true,"href":"https:\/\/www.hohenlohe-ungefiltert.de\/index.php?rest_route=\/wp\/v2\/users\/3"}],"replies":[{"embeddable":true,"href":"https:\/\/www.hohenlohe-ungefiltert.de\/index.php?rest_route=%2Fwp%2Fv2%2Fcomments&post=14912"}],"version-history":[{"count":1,"href":"https:\/\/www.hohenlohe-ungefiltert.de\/index.php?rest_route=\/wp\/v2\/posts\/14912\/revisions"}],"predecessor-version":[{"id":14913,"href":"https:\/\/www.hohenlohe-ungefiltert.de\/index.php?rest_route=\/wp\/v2\/posts\/14912\/revisions\/14913"}],"wp:attachment":[{"href":"https:\/\/www.hohenlohe-ungefiltert.de\/index.php?rest_route=%2Fwp%2Fv2%2Fmedia&parent=14912"}],"wp:term":[{"taxonomy":"category","embeddable":true,"href":"https:\/\/www.hohenlohe-ungefiltert.de\/index.php?rest_route=%2Fwp%2Fv2%2Fcategories&post=14912"},{"taxonomy":"post_tag","embeddable":true,"href":"https:\/\/www.hohenlohe-ungefiltert.de\/index.php?rest_route=%2Fwp%2Fv2%2Ftags&post=14912"}],"curies":[{"name":"wp","href":"https:\/\/api.w.org\/{rel}","templated":true}]}}