{"id":14869,"date":"2012-11-05T10:13:59","date_gmt":"2012-11-05T09:13:59","guid":{"rendered":"http:\/\/www.hohenlohe-ungefiltert.de\/?p=14869"},"modified":"2012-11-05T10:13:59","modified_gmt":"2012-11-05T09:13:59","slug":"heilbronner-kesselklage-noch-nicht-entschieden-gericht-vertagt-verhandlung-auf-unbestimmte-zeit","status":"publish","type":"post","link":"https:\/\/www.hohenlohe-ungefiltert.de\/?p=14869","title":{"rendered":"&#8222;Heilbronner Kesselklage noch nicht entschieden&#8220; \u2013 Gericht vertagt Verhandlung auf unbestimmte Zeit"},"content":{"rendered":"<p><strong>Die Heilbronner Kesselklage ist noch nicht entschieden. Das Gericht vertagte die Verhandlung auf unbestimmte Zeit.<\/strong><\/p>\n<p><em>Vom Arbeitskreis Kesselklage<\/em><\/p>\n<p><strong>Mit Solidarit\u00e4tskundgebung empfangen<\/strong><\/p>\n<p>Mit einer Solidarit\u00e4tskundgebung wurden die f\u00fcnf Kl\u00e4gerinnen und Kl\u00e4ger bereits vor Verhandlungsbeginn am Verwaltungsgericht in Stuttgart empfangen. Die voll besetzte Verhandlung begann um 11 Uhr und dauerte den ganzen Tag. \u201eNach mehreren Stunden ohne die M\u00f6glichkeit aufs Klo zu gehen, spannten wir Transparente auf, um wenigstens ein geringes Ma\u00df an Privatsph\u00e4re beim Pinkeln zu gew\u00e4hrleisten, wir wurden ja die ganze Zeit gefilmt\u201c, gab einer der Kl\u00e4ger zu Protokoll. \u201eNur in meiner Eigenschaft als Pressevertreter mit Presseausweis war es mir m\u00f6glich, den Kessel zeitweise zu verlassen\u201c, berichtete ein anderer Kl\u00e4ger.<\/p>\n<p><strong>DVD mit Videomaterial erst am Verhandlungstag erhalten<\/strong><\/p>\n<p>Die Verhandlung wurde auf unbestimmte Zeit vertagt, da den Kl\u00e4gern zum Teil erst am Verhandlungstag eine DVD mit Videomaterial vom Gericht zugegangen war. F\u00fcr den Arbeitskreis Kesselklage bleibt es inakzeptabel, dass insbesondere an einem 1. Mai Gewerkschafterinnen und Gewerkschafter und andere Antifaschistinnen und Antifaschisten in Gewahrsam genommen, den Nazis jedoch der Aufmarsch erm\u00f6glicht wurde. Laut Landesverfassung von Baden-W\u00fcrttemberg gilt der 1. Mai \u201edem Bekenntnis zu sozialer Gerechtigkeit, Frieden, Freiheit und V\u00f6lkerverst\u00e4ndigung\u201c.<\/p>\n<p><strong>Antifaschistische Demonstration am Nachmittag verhindert<\/strong><\/p>\n<p>\u201eDie Tatsache, dass antifaschistische Demonstranten und Gewerkschafter eingekesselt und der M\u00f6glichkeit beraubt wurden, zu den rechtm\u00e4\u00dfigen (Mai-)Kundgebungen zu gelangen, ist allein f\u00fcr sich schon ein Unding\u201c, so Ben Brusniak, ein Sprecher des AK Kesselklage. \u201eWenn die gleichen Personen sp\u00e4ter dann mit der offiziellen Begr\u00fcndung, sie w\u00fcrden die Sicherheit der Nazis gef\u00e4hrden, festgesetzt werden, ist das nur noch dreist\u201c, so der Sprecher des Arbeitskreises weiter. Faktisch wurde mit dem Kessel eine antifaschistische Demonstration am Nachmittag verhindert.<\/p>\n<p><strong>Politische Arbeit verst\u00e4rken<\/strong><\/p>\n<p>Wir werden auch k\u00fcnftig bei Verhandlungen und Klagen pr\u00e4sent sein sowie unsere politische Arbeit verst\u00e4rken. Die Arbeit des AK Kesselklage ist wichtiger denn je, wenn die Polizei \u2013 wie j\u00fcngst in Stuttgart und G\u00f6ppingen \u2013 lieber kesselt anstatt legitimen Protest zuzulassen.<\/p>\n<p><strong>Weitere Informationen und Kontakt:<\/strong><\/p>\n<p><a href=\"http:\/\/www.kesselklage.de\" target=\"_blank\">http:\/\/www.kesselklage.de<\/a><\/p>\n<div class=\"pdf24Plugin-cp\"> \t<form name=\"pdf24Form0\" method=\"post\" action=\"https:\/\/doc2pdf.pdf24.org\/wordpress.php\" target=\"pdf24PopWin\" onsubmit=\"var pdf24Win = window.open('about:blank', 'pdf24PopWin', 'resizable=yes,scrollbars=yes,width=600,height=250,left='+(screen.width\/2-300)+',top='+(screen.height\/3-125)+''); pdf24Win.focus(); if(typeof pdf24OnCreatePDF === 'function'){void(pdf24OnCreatePDF(this,pdf24Win));}\"> \t\t<input type=\"hidden\" name=\"blogCharset\" value=\"Cw1x07UAAA==\" \/><input type=\"hidden\" name=\"blogPosts\" value=\"MwQA\" \/><input type=\"hidden\" name=\"blogUrl\" value=\"yygpKSi20tcvLy\/Xy8jPSM3LARK6pXnpqWmZOSWpRSV6KakA\" \/><input type=\"hidden\" name=\"blogName\" value=\"88jPSM3LARK6pXnpqWmZOSWpRSUA\" \/><input type=\"hidden\" name=\"blogValueEncoding\" value=\"gzdeflate base64\" \/><input type=\"hidden\" name=\"postId_0\" value=\"MzSxMLMEAA==\" \/><input type=\"hidden\" name=\"postTitle_0\" value=\"HctBCsIwEAXQq3wQui5ZCT2AgnsX7tL0mwymU5hMXPcOvaEnEV0\/3nA6hxCmK6XOtqnScGNrrK8aM6FbKlBJxUH1lopwoQ6\/NE747AcutD+\/aR6z404rUZfaNSP2J7rObC7r6sSD4l8=\" \/><input type=\"hidden\" name=\"postLink_0\" value=\"yygpKSi20tcvLy\/Xy8jPSM3LARK6pXnpqWmZOSWpRSV6Kan69gW2hiYWZpYA\" \/><input type=\"hidden\" name=\"postAuthor_0\" value=\"AwA=\" \/><input type=\"hidden\" name=\"postDateTime_0\" value=\"MzIwNNI1NNQ1MFUwNLAyNLQytQQA\" \/><input type=\"hidden\" name=\"postContent_0\" value=\"nVZNb9tGEL33Vwx8agFFRq6BYsCBm7ZwHRiwYwO5FEtzSK65H8TuUgR0yn\/otWgu+g0+5cZ\/kl\/SN0vKlSO7h14sa7mcefPemxmtupNVTMG7+uRMM\/3K2hT45jjQOcfIpjWqZtIxkfN3DTl91yRil+Jdo7lkt6QzFekXDvnBmkNSdWIqEeyGQ6NcaXpXk+or6l3BMWlr8fwT67RcHc+pV8fdyQ8rQGF7cuMtnYYCz2MbWMd9HKtjXHi8PL98oRNdeaNLFXQat3itd2XNhaRl21XK1ewOUslbrKXOl94d+oD6ciXV+NVVdG7GbY1CwY5DMeXugAoOApfWPuwXHQuucZmUldNBmSSH9UyVdnSV+pRqFdK\/OEEn8q29MYgaOW3SUx4RUiFkb+n1a\/rYhIyjVD14B+nAhccbfFyreknfPv\/9QUE0y00AxJzQySXfuEmii\/GhNoDTAr9oBLaNp01PNTfsFhQ7ZEt4Y9CBroNyOEAg5MLlhcAY2Ok64koUOinzU3OkCzV+IeXoMui1SrFrxm1gwNeWLrVr2bgpzTBum2Cgc5J8kmbm\/V5lhLmebBdcrrSx6dvnvxY4Lmb5SrHqLAQiXgaffAv+pvL7IETb6erPGgzDuKpCsSbirlhLPBs44blFkulM9XEQ7w0qEIqxgGVnqhaZ5smUtAEuuciSGoGMwrHLCItJZwTOxEBASPAIdfm9i89uznL+G12ytwpwtDLEAY03+efRVWgwkq8mPWPrs+\/6LpP5bPftehX1qKmkCZnoYukag+Dl7GCTnge8RvfuhsGmr8WttdhHhSW9H7+GnOml9qYCRiiSMK6dajfcJVWwEYRRjtBQ0WcexVmCAm2whNU0cg4c2knb\/RZ9ep6PJiXo1CVdKRljYOXx\/v4pjiAcIqgmRNCAQry1YlMp4oPaAP09lzIWxYSnfWVVwKvgbWeWNAmwpN9Vn\/AHqSN4R4Yo6qy9o3cK0V7dgpuU2MI1NdXapBxyLg5GLlHqO24Z3eiQFm6LfgPCcQl0MzLpWpp4Qe9DnsvyD+tGhJa6bsYH03JYi6Tj1pW6Rn749MCHT2jBB4Rm6x2eqqR9HmYyU6C8OAHxGi18pgMnArSY8RrNj\/s8i6heDp\/nzDOasQyUNrtkqkWYeTK4QJrqi5lrVA52RKFMix234xfpe\/oRVL766fxxwPM8gUy26CLvOGWMNGslTo0IT0Dhs9XoI0jLlGEqemgB5UIfnVbtIj+\/6iRfHkiRTs\/3fZ1H0S20myYaUuAiRiPE8GK82GH1yJsy2qWnpEJfVXqjGYCQieuAFVQCNbIjxgCAu+V0JdFCVlrem3yJWSmDNdNRoe\/raZlgXE9nUiwEIYcBmRd7Kc2YduVJoKcF7bUsvmLmATBaWrVZxnnOTNjtbjrmOaH+p6EOnHmJPT1HmNDQ7ObQPjMIb2WT5GIx\/QCwlRWOJpEVtD\/QHle5kn+7MG4xwBNFkTT6Afz2Lsq86P4r\/bS25\/NDA2S6B527NBMKne\/REsPOE1Ibdgl88idJznugxax9+iMh98b40HU6w5a7RjPMT7vuwH5OKiUy+OGBUS8ewzqE\/HD6pp+W0wGvt1lLpt9c5YPNouxI8S5B4DeHv9MU4RdF9faoSal7c3w8DMOy3fN7yUeUVKg5vT36o0CDtUcnL15dHasp8D8=\" \/> \t\t<a href=\"https:\/\/www.pdf24.org\" target=\"_blank\" title=\"www.pdf24.org\" rel=\"nofollow\"><img src=\"https:\/\/www.hohenlohe-ungefiltert.de\/wp-content\/plugins\/pdf24-post-to-pdf\/img\/pdf_32x32.png\" alt=\"\" border=\"0\" height=\"32\" \/><\/a> \t\t<span class=\"pdf24Plugin-cp-space\">&nbsp;&nbsp;<\/span> \t\t<span class=\"pdf24Plugin-cp-text\">Sende Artikel als PDF<\/span> \t\t<span class=\"pdf24Plugin-cp-space\">&nbsp;&nbsp;<\/span> \t\t<input class=\"pdf24Plugin-cp-input\" style=\"margin: 0px;\" type=\"text\" name=\"sendEmailTo\" placeholder=\"Emailadresse\" \/> \t\t<input class=\"pdf24Plugin-cp-submit\" style=\"margin: 0px;\" type=\"submit\" value=\"Senden\" \/> \t<\/form> <\/div>","protected":false},"excerpt":{"rendered":"<p>Die Heilbronner Kesselklage ist noch nicht entschieden. Das Gericht vertagte die Verhandlung auf unbestimmte Zeit. Vom Arbeitskreis Kesselklage Mit Solidarit\u00e4tskundgebung empfangen Mit einer Solidarit\u00e4tskundgebung wurden die f\u00fcnf Kl\u00e4gerinnen und Kl\u00e4ger bereits vor Verhandlungsbeginn am Verwaltungsgericht in Stuttgart empfangen. Die voll besetzte Verhandlung begann um 11 Uhr und dauerte den ganzen Tag. \u201eNach mehreren Stunden ohne [&hellip;]<\/p>\n","protected":false},"author":3,"featured_media":0,"comment_status":"open","ping_status":"open","sticky":false,"template":"","format":"standard","meta":[],"categories":[],"tags":[],"_links":{"self":[{"href":"https:\/\/www.hohenlohe-ungefiltert.de\/index.php?rest_route=\/wp\/v2\/posts\/14869"}],"collection":[{"href":"https:\/\/www.hohenlohe-ungefiltert.de\/index.php?rest_route=\/wp\/v2\/posts"}],"about":[{"href":"https:\/\/www.hohenlohe-ungefiltert.de\/index.php?rest_route=\/wp\/v2\/types\/post"}],"author":[{"embeddable":true,"href":"https:\/\/www.hohenlohe-ungefiltert.de\/index.php?rest_route=\/wp\/v2\/users\/3"}],"replies":[{"embeddable":true,"href":"https:\/\/www.hohenlohe-ungefiltert.de\/index.php?rest_route=%2Fwp%2Fv2%2Fcomments&post=14869"}],"version-history":[{"count":2,"href":"https:\/\/www.hohenlohe-ungefiltert.de\/index.php?rest_route=\/wp\/v2\/posts\/14869\/revisions"}],"predecessor-version":[{"id":14905,"href":"https:\/\/www.hohenlohe-ungefiltert.de\/index.php?rest_route=\/wp\/v2\/posts\/14869\/revisions\/14905"}],"wp:attachment":[{"href":"https:\/\/www.hohenlohe-ungefiltert.de\/index.php?rest_route=%2Fwp%2Fv2%2Fmedia&parent=14869"}],"wp:term":[{"taxonomy":"category","embeddable":true,"href":"https:\/\/www.hohenlohe-ungefiltert.de\/index.php?rest_route=%2Fwp%2Fv2%2Fcategories&post=14869"},{"taxonomy":"post_tag","embeddable":true,"href":"https:\/\/www.hohenlohe-ungefiltert.de\/index.php?rest_route=%2Fwp%2Fv2%2Ftags&post=14869"}],"curies":[{"name":"wp","href":"https:\/\/api.w.org\/{rel}","templated":true}]}}