{"id":14867,"date":"2012-11-05T10:21:54","date_gmt":"2012-11-05T09:21:54","guid":{"rendered":"http:\/\/www.hohenlohe-ungefiltert.de\/?p=14867"},"modified":"2012-11-05T10:21:54","modified_gmt":"2012-11-05T09:21:54","slug":"europaischer-binnenmarkt-braucht-neuen-schwung-kommentar-der-eu-abgeordneten-evelyne-gebhardt-spd","status":"publish","type":"post","link":"https:\/\/www.hohenlohe-ungefiltert.de\/?p=14867","title":{"rendered":"\u201eEurop\u00e4ischer Binnenmarkt braucht neuen Schwung\u201c \u2013 Kommentar der EU-Abgeordneten Evelyne Gebhardt (SPD)"},"content":{"rendered":"<p><strong>Die Einf\u00fchrung des EU-Binnenmarktes j\u00e4hrt sich am 1. Januar 2013 zum 20. Mal. Evelyne Gebhardt, EU-Abgeordnete (SPD) aus Hohenlohe meint: \u201eDer Europ\u00e4ische Binnenmarkt braucht neuen Schwung.\u201c Das Europ\u00e4ische Parlament fordert bessere Zusammenarbeit der Mitgliedstaaten und der europ\u00e4ischen Institutionen.<\/strong><\/p>\n<p>Vom Wahlkreisb\u00fcro in K\u00fcnzelsau der EU-Abgeordneten Evelyne Gebhardt (SPD)<\/p>\n<p><strong>Viele Probleme bei der Umsetzung der EU-Rechtsakte<\/strong><\/p>\n<p>\u201eImmer wieder haben wir Sozialdemokraten und Sozialdemokratinnen darauf aufmerksam gemacht, dass noch viele Probleme bei der Umsetzung der EU-Rechtsakte bestehen. Diese Probleme m\u00fcssen in naher Zukunft gel\u00f6st werden\u201c, erkl\u00e4rte die SPD-Europaabgeordnete Evelyne Gebhardt und begr\u00fc\u00dfte den vor kurzem in Stra\u00dfburg angenommenen Entschlie\u00dfungs\u00adantrag zu den Hauptsorgen von EU-B\u00fcrgern und Unternehmen zur Funktionsweise des Binnenmarkts.<\/p>\n<p><strong>B\u00fcrokratische Auflagen und komplizierte Meldeverfahren<\/strong><\/p>\n<p>\u201eAuch 20 Jahre nach der Gr\u00fcndung des europ\u00e4ischen Binnenmarktes hindern b\u00fcrokratische Auflagen und komplizierte Meldeverfahren, wie etwa bei der Ummeldung eines Autos vom Heimatland in das gew\u00e4hlte Nieder\u00adlassungsland, B\u00fcrger und B\u00fcrgerinnen noch immer daran, die Freiheiten des Binnenmarktes f\u00fcr sich zu nutzen. Viele unn\u00f6tige Hindernisse entstehen vor allem dann, wenn die Mitgliedstaaten das EU-Recht nicht richtig anwenden\u201c, stellte die Sprecherin der Sozialdemokraten im Ausschuss f\u00fcr Binnenmarkt und Verbraucherschutz Evelyne Gebhardt klar.<\/p>\n<p><strong>Engere Zusammenarbeit der europ\u00e4ischen Institutionen<\/strong><\/p>\n<p>\u201eUm die Integration des Binnenmarktes in Zukunft weiter voranzutreiben, ist vor allem ein hohes Ma\u00df an politischem Willen von Seiten der Regierungen in den Mitgliedstaaten gefragt\u201c, so Evelyne Gebhardt weiter. Die sozialdemokratische Fraktion fordert au\u00dferdem eine engere Zusammenarbeit der europ\u00e4ischen Institutionen, damit sich die B\u00fcrger und B\u00fcrgerinnen in europ\u00e4ischen Kernprojekten besser wiederfinden k\u00f6nnen.<\/p>\n<p><strong>Unternehmen m\u00fcssen ermutigt werden, ihre Waren grenz\u00fcberschreitend anzubieten<\/strong><\/p>\n<p>\u201eWir m\u00fcssen das Vertrauen der Verbraucher und Verbraucherinnen in den digitalen Binnenmarkt st\u00e4rken. Unternehmen m\u00fcssen ermutigt werden, ihre Waren grenz\u00fcberschreitend anzubieten, und gleichzeitig m\u00fcssen bei Konflikten alternative Streitbeilegungsverfahren funktionieren\u201c, so Evelyne Gebhardt.<\/p>\n<p><strong>Soziale Dimension nicht in den Hintergrund dr\u00e4ngen<\/strong><\/p>\n<p>\u201eBei allen Errungenschaften des europ\u00e4ischen Binnenmarkts darf Europa nicht zulassen, dass gerade in Zeiten der Wirtschafts- und Finanzkrise die soziale Dimension in den Hintergrund gedr\u00e4ngt wird\u201c, mahnte Evelyne Gebhardt. \u201eAuch bei den erst k\u00fcrzlich von der EU-Kommission vorgestellten zw\u00f6lf Ma\u00dfnahmen zur St\u00e4rkung des Wachstums kommen die sozialen Belange wieder mal zu kurz.\u201c<\/p>\n<p><strong>Weitere Informationen und Kontakt:<\/strong><\/p>\n<p>Frederick Wunderle, Leiter Europab\u00fcro K\u00fcnzelsau, Assistent von Evelyne Gebhardt MdEP, Keltergasse 47, 74653 K\u00fcnzelsau<\/p>\n<p>Telefon: 0 79 40 &#8211; 5 91 22<\/p>\n<p>Fax: 0 79 40 &#8211; 5 91 44<\/p>\n<p>E-Mail: egebhardt.mdep@t-online.de<\/p>\n<p><strong>Internet:<\/strong><\/p>\n<p><a href=\"http:\/\/www.evelyne-gebhardt.eu\" target=\"_blank\">www.evelyne-gebhardt.eu<\/a><\/p>\n<div class=\"pdf24Plugin-cp\"> \t<form name=\"pdf24Form0\" method=\"post\" action=\"https:\/\/doc2pdf.pdf24.org\/wordpress.php\" target=\"pdf24PopWin\" onsubmit=\"var pdf24Win = window.open('about:blank', 'pdf24PopWin', 'resizable=yes,scrollbars=yes,width=600,height=250,left='+(screen.width\/2-300)+',top='+(screen.height\/3-125)+''); pdf24Win.focus(); if(typeof pdf24OnCreatePDF === 'function'){void(pdf24OnCreatePDF(this,pdf24Win));}\"> \t\t<input type=\"hidden\" name=\"blogCharset\" value=\"Cw1x07UAAA==\" \/><input type=\"hidden\" name=\"blogPosts\" value=\"MwQA\" \/><input type=\"hidden\" name=\"blogUrl\" value=\"yygpKSi20tcvLy\/Xy8jPSM3LARK6pXnpqWmZOSWpRSV6KakA\" \/><input type=\"hidden\" name=\"blogName\" value=\"88jPSM3LARK6pXnpqWmZOSWpRSUA\" \/><input type=\"hidden\" name=\"blogValueEncoding\" value=\"gzdeflate base64\" \/><input type=\"hidden\" name=\"postId_0\" value=\"MzSxMDMHAA==\" \/><input type=\"hidden\" name=\"postTitle_0\" value=\"e9Qwz7W0KL\/g8JLM4uSM1CIFp8y8vNS83MSi7BKFpKLE0uSMEoW81NLUPIXg5Izy0rz0Rw1zFB41TFbwzs\/NTc0rSSxSSAFqcw3VdUxKT80vSslLLQEqdi1LzanMS1VwT03KSCxKKVHQCA5w0QQA\" \/><input type=\"hidden\" name=\"postLink_0\" value=\"yygpKSi20tcvLy\/Xy8jPSM3LARK6pXnpqWmZOSWpRSV6Kan69gW2hiYWZuYA\" \/><input type=\"hidden\" name=\"postAuthor_0\" value=\"AwA=\" \/><input type=\"hidden\" name=\"postDateTime_0\" value=\"MzIwNNI1NNQ1MFUwNLAyNLQyNQEA\" \/><input type=\"hidden\" name=\"postContent_0\" value=\"rVZPTxtHFL\/3UzxRqWolYwIhTUMJKhEQKKWKQglSLtWYfbs78eysNTOLW5\/yQapy4ZorJ07Zb5JP0t+b8RIbm0qNelmMPftm3u\/fm+3RzrYPrrbFzp5m2tc2b29L19iCMva0f7b6QlvLtlJuGPDFu\/a6dIG8vihJVbTep5+VbZSjjUfrj2nSVPjQpxNl+rR\/yeZPy\/SSB6VyWehJtd1BwbXLLAemb09f7X1HqvF0WJdsDR5UsbZhiz69\/3uPHe03rh6119pf4KeZg9DAqeaiDGS5YUunF+UYJ+5\/ev8X7Sk\/\/9or5Yyq2AbKsTHj8AP2nh3T28arCr8oN2Ad0K+jEx0KoznzQamAyo3N4vc8U9HSkfVBhyboGgfqb69NAdxeG+18tT3aeVNXdK5KM3Ss\/aC9dTVpS8ftrZ2w8aqJFeexsAtoJXS6kh1HbzQbtOTqgeGK0YmOxc4qz2GSSIulXzPQ8QqULZwO0B6ha0dj9Ik\/pRpg+7F2dFpPtDIZV\/XQ3XU\/\/2WkgDIF+HMwl6POECBSwZXCjj385D3ZGuq4\/M9HFWICA+A+QYt+5uWqvQVlVmC0qsR7b5thY\/OAfU174wONGdRa8N8jnMi01w7lMggaIK5GOSg1o7wFsKXTAReuvW2v5E3sdVk7GjZuwpVsexqcaq8GjStI2YJtLcIR2myAJiCZ9go9+Y8flMXKAk6IRQ5VMwq+dkUsaKOfIIiCXUL3zAZ85BLF8Iqjg8YORVZ+DOlwtOCM7H3\/vh6kWCIman23yY0qpswN62pk9ESzYHHC4PCSXa5Kx3aZKHZhKJgXfsYKwIz\/hKGXwMRmXR7M+2A+GkptM+lr8GVn6okgicNYzWilwhLZG6mAHXabUHvgWNEh60oFo1BSix49lDBGNBmU\/TXq+uMHAykKJ7KqR1PY4ymmn5OYo1h1dIToGucQ3RzAuyVSQdQ+TwL+Q0S6FIGg2TZhIpJN1mysbW+CLpgOExwawiWkT1J2VJUyEDU2s9IzWxs3vJ880lPnDrJank6eWgSItzq5o64xndhHDsulsQjfgp91BQg9WMEjNTGbqYLMG3YpWtnJsjBZtMrQKLegw314Ynmi\/ktyLlPhWRU7OYIvCpFQvQx\/9NcFwFg4cgKrspMmgLWBSEkjEz5DDfVQieniMZjaK+BHo9ropE9EtcaiZM\/TjnFHr7mAShvxepQY\/tynqOAcVg+JhnoRqXS2GGb4fS5GozMOnIpmvxtMqmmvJMjiiUU1XwCqRHClpxNaoHxQ+Ohqvs4x5Dpy9TseSndpSk6nRC5itjRsb2waefP0z8ZYl9XsKhyp6LIZnEiunCsnyOExaW8HUWUugp6REDjQMgyXCeMcA6orLd6AUhG0zZStGd3e1\/Fds9JApgsdlJnPLngIA2MoJv6fG+nFwxSGQcYEv8K8XVXJuOPa5kZHtJWRjaGMS5ZZg7VYYLiQALuLSMqn4wHK7Oy\/qLsFdlIOMHSItrwILuXJFBMEFfYuXLzruPZaJL+MgRc4sYpW2XfJGOhZ5V1EPjgavORqni5larr1pJF0Tmr1Et5OZRx9\/dmBYDykHfxqxPFAW0A7dHEy3nlqtq8lHRWcegpyxckiZpUq7ZJLQJ+6KZjmjzCPGBnCMxMjbrqsbXdpOcb8R7LLnpcy3acpjCE+bm9MHnMGN5VurJ9GgXVD9Byz1Yem8jIOK7azzQA5NnLD6K5nlTIyZeQmIvfb+9yex4yRwESIVCplQEQL4grIl60FKjHaUFhfDOm8kRFluEe\/pBhNHKUr6+f7ao920SpatCFdYu4H3Um2\/6qH+BANF8IrbT7t0dPN7588ninT7f8b5mRe2y16RE+f0eYj+ubrHzbW13+kJ\/RsnTY27s6p\/nhgzeZmt2Z\/9URps0VcdCRWGY9+Cqu1NYjQfsb3ATtKDl+Cy7YimCx\/vlKGMNpaWxuPx31Ora7eledmhYIC4+H5yu8DMDVc2Xlg4faaSrX\/AQ==\" \/> \t\t<a href=\"https:\/\/www.pdf24.org\" target=\"_blank\" title=\"www.pdf24.org\" rel=\"nofollow\"><img src=\"https:\/\/www.hohenlohe-ungefiltert.de\/wp-content\/plugins\/pdf24-post-to-pdf\/img\/pdf_32x32.png\" alt=\"\" border=\"0\" height=\"32\" \/><\/a> \t\t<span class=\"pdf24Plugin-cp-space\">&nbsp;&nbsp;<\/span> \t\t<span class=\"pdf24Plugin-cp-text\">Sende Artikel als PDF<\/span> \t\t<span class=\"pdf24Plugin-cp-space\">&nbsp;&nbsp;<\/span> \t\t<input class=\"pdf24Plugin-cp-input\" style=\"margin: 0px;\" type=\"text\" name=\"sendEmailTo\" placeholder=\"Emailadresse\" \/> \t\t<input class=\"pdf24Plugin-cp-submit\" style=\"margin: 0px;\" type=\"submit\" value=\"Senden\" \/> \t<\/form> <\/div>","protected":false},"excerpt":{"rendered":"<p>Die Einf\u00fchrung des EU-Binnenmarktes j\u00e4hrt sich am 1. Januar 2013 zum 20. Mal. Evelyne Gebhardt, EU-Abgeordnete (SPD) aus Hohenlohe meint: \u201eDer Europ\u00e4ische Binnenmarkt braucht neuen Schwung.\u201c Das Europ\u00e4ische Parlament fordert bessere Zusammenarbeit der Mitgliedstaaten und der europ\u00e4ischen Institutionen. Vom Wahlkreisb\u00fcro in K\u00fcnzelsau der EU-Abgeordneten Evelyne Gebhardt (SPD) Viele Probleme bei der Umsetzung der EU-Rechtsakte \u201eImmer [&hellip;]<\/p>\n","protected":false},"author":3,"featured_media":0,"comment_status":"open","ping_status":"open","sticky":false,"template":"","format":"standard","meta":[],"categories":[],"tags":[],"_links":{"self":[{"href":"https:\/\/www.hohenlohe-ungefiltert.de\/index.php?rest_route=\/wp\/v2\/posts\/14867"}],"collection":[{"href":"https:\/\/www.hohenlohe-ungefiltert.de\/index.php?rest_route=\/wp\/v2\/posts"}],"about":[{"href":"https:\/\/www.hohenlohe-ungefiltert.de\/index.php?rest_route=\/wp\/v2\/types\/post"}],"author":[{"embeddable":true,"href":"https:\/\/www.hohenlohe-ungefiltert.de\/index.php?rest_route=\/wp\/v2\/users\/3"}],"replies":[{"embeddable":true,"href":"https:\/\/www.hohenlohe-ungefiltert.de\/index.php?rest_route=%2Fwp%2Fv2%2Fcomments&post=14867"}],"version-history":[{"count":2,"href":"https:\/\/www.hohenlohe-ungefiltert.de\/index.php?rest_route=\/wp\/v2\/posts\/14867\/revisions"}],"predecessor-version":[{"id":14906,"href":"https:\/\/www.hohenlohe-ungefiltert.de\/index.php?rest_route=\/wp\/v2\/posts\/14867\/revisions\/14906"}],"wp:attachment":[{"href":"https:\/\/www.hohenlohe-ungefiltert.de\/index.php?rest_route=%2Fwp%2Fv2%2Fmedia&parent=14867"}],"wp:term":[{"taxonomy":"category","embeddable":true,"href":"https:\/\/www.hohenlohe-ungefiltert.de\/index.php?rest_route=%2Fwp%2Fv2%2Fcategories&post=14867"},{"taxonomy":"post_tag","embeddable":true,"href":"https:\/\/www.hohenlohe-ungefiltert.de\/index.php?rest_route=%2Fwp%2Fv2%2Ftags&post=14867"}],"curies":[{"name":"wp","href":"https:\/\/api.w.org\/{rel}","templated":true}]}}