{"id":14832,"date":"2012-10-23T16:34:42","date_gmt":"2012-10-23T15:34:42","guid":{"rendered":"http:\/\/www.hohenlohe-ungefiltert.de\/?p=14832"},"modified":"2012-10-23T16:49:49","modified_gmt":"2012-10-23T15:49:49","slug":"wir-lassen-uns-nicht-festsetzen-verhandlung-in-stuttgart-wegen-heilbronner-polizeikessel","status":"publish","type":"post","link":"https:\/\/www.hohenlohe-ungefiltert.de\/?p=14832","title":{"rendered":"&#8222;Wir lassen uns nicht festsetzen&#8220; \u2013 Gerichtsverhandlung in Stuttgart wegen Heilbronner Polizeikessel"},"content":{"rendered":"<p><strong>Die Klage gegen den Polizeikessel am 1. Mai 2011 in Heilbronn wird am Donnerstag, 25. Oktober 2012, ab 11 Uhr, im Stuttgarter Verwaltungsgericht \u00f6ffentlich verhandelt.<\/strong><\/p>\n<p><em>Vom Arbeitskreis Kesselklage<\/em><\/p>\n<p><strong>Kundgebung vor dem Verwaltungsgericht um 10 Uhr<\/strong><\/p>\n<p>Bereits ab 9.30 Uhr findet im Lokal &#8222;Rote Kapelle&#8220; am Stuttgarter Feuersee ein Pressegespr\u00e4ch mit Lothar Letsche (Arbeitskreis Kesselklage), Tim M\u00fcller (Heilbronn stellt sich quer) und Thomas Tr\u00fcten (Stuttgarter B\u00fcndnis f\u00fcr Versammlungsfreiheit) statt. Ab 10 Uhr gibt es zudem eine Kundgebung vor dem Gerichtsgeb\u00e4ude in der Augustenstra\u00dfe 5.<\/p>\n<p><strong>Antifaschisten reichen Klage gegen Polizeikessel ein<\/strong><\/p>\n<p>Am 30. Juli 2012 demonstrierten hunderte Antifaschisten in der Stuttgarter Innenstadt gegen die sogenannte &#8222;Deutschlandtour&#8220; der neonazistischen NPD. Mit einem Gro\u00dfaufgebot versuchte die Polizei diesen legitimen Protest zu unterbinden. Mehrere Antifaschisten wurden verletzt und etwa 80 Personen festgenommen. In einem Polizeikessel wurden rund 70 Personen \u00fcber sechs Stunden festgesetzt.<\/p>\n<p><strong>Unrechtm\u00e4\u00dfigkeit der Ma\u00dfnahme feststellen lassen<\/strong><\/p>\n<p>Jetzt reichen Betroffene des Polizeikessels Klage beim Verwaltungsgericht Stuttgart ein, um die Unrechtm\u00e4\u00dfigkeit dieser Ma\u00dfnahme feststellen zu lassen. Unterst\u00fctzt werden sie hierbei durch den Arbeitskreis Kesselklage.<\/p>\n<p><strong>Unverh\u00e4ltnism\u00e4\u00dfiger Polizeieinsatz<\/strong><\/p>\n<p>Bereits im September haben sich die Landesregierung und der Stuttgarter Gemeinderat mit dem unverh\u00e4ltnism\u00e4\u00dfigen Polizeieinsatz befasst. Innenminister Reinhold Gall spielte den Polizeikessel herunter und sprach von einer \u201ePersonalienfeststellung\u201c, die nicht den sonst \u00fcblichen Polizeistandards entsprochen habe.<\/p>\n<p><strong>Fast sechs Stunden festgehalten<\/strong><\/p>\n<p>Ben Brusniak, einer der Kl\u00e4ger, stellt hierzu fest: \u201eIch wurde um 11.45 Uhr am Stuttgarter Roteb\u00fchlplatz gekesselt, um 16.20 Uhr auf die Wasenwache gebracht und durfte erst um 17.30 Uhr mit Platzverweisen f\u00fcr die komplette Innenstadt die Wasenwache verlassen. Es ist schon sehr zynisch, hier von einer Personalienkontrolle zu sprechen.\u201c<strong><\/strong><\/p>\n<p><strong>Wir lassen uns nicht festsetzen!\u201c\u00a0<\/strong><\/p>\n<p>Der Sprecher des Arbeitskreises Kesselklage, Lothar Letsche, erg\u00e4nzt: \u201eKessel geh\u00f6ren mittlerweile zur g\u00e4ngigen Polizeipraxis, um antifaschistischen Protest zu unterbinden, obwohl bereits mehrere Klagen hiergegen erfolgreich waren. F\u00fcr uns steht fest: Wir lassen uns nicht festsetzen!\u201c<\/p>\n<p><strong>Arbeitskreis Kesselklage unterst\u00fctzt mehrere F\u00e4lle<\/strong><\/p>\n<p>Der Arbeitskreis Kesselklage unterst\u00fctzt neben dem Stuttgarter Fall auch mehrere Klagen gegen einen Polizeikessel am 1. Mai 2011 in Heilbronn. Hier ist bereits der \u00f6ffentliche Verhandlungstermin im Verwaltungsgericht Stuttgart auf den 25. Oktober 2012, 11 Uhr terminiert. Im Rahmen einer Veranstaltung am 22. Oktober 2012, um 19 Uhr im Linken Zentrum Lilo Herrmann informierte der Arbeitskreis \u00fcber die beiden F\u00e4lle, das juristische Prozedere und die politische Dimension.<\/p>\n<p><strong>Termine:<\/strong><\/p>\n<p><strong>Donnerstag, 25. Oktober 2012, um 11 Uhr<\/strong><\/p>\n<p>Verhandlung des Heilbronner Kessels im Verwaltungsgericht Stuttgart, Augustenstra\u00dfe 5.<\/p>\n<p><strong>9.30 Uhr:<\/strong> Pressegespr\u00e4ch | Rote Kapelle (Feuerseeplatz 14, Stuttgart) mit:<\/p>\n<p>Lothar Letsche (Arbeitskreis Kesselklage), Tim M\u00fcller (Heilbronn stellt sich quer), Thomas Tr\u00fcten (Stuttgarter B\u00fcndnis f\u00fcr Versammlungsfreiheit)<strong><\/strong><\/p>\n<p><strong>10 Uhr:<\/strong> Kundgebung vor dem Gerichtsgeb\u00e4ude<strong><\/strong><\/p>\n<p><strong>11 Uhr:<\/strong> Gerichtsverhandlung (Augustenstra\u00dfe 5, Stuttgart)<\/p>\n<p><strong>Weitere Informationen und Kontakt:<\/strong><\/p>\n<p><a href=\"http:\/\/kesselklage.wordpress.com\/\" target=\"_blank\">http:\/\/kesselklage.wordpress.com\/<\/a><\/p>\n<p><a href=\"https:\/\/linksunten.indymedia.org\/\" target=\"_blank\">https:\/\/linksunten.indymedia.org\/<\/a><\/p>\n<div class=\"pdf24Plugin-cp\"> \t<form name=\"pdf24Form0\" method=\"post\" action=\"https:\/\/doc2pdf.pdf24.org\/wordpress.php\" target=\"pdf24PopWin\" onsubmit=\"var pdf24Win = window.open('about:blank', 'pdf24PopWin', 'resizable=yes,scrollbars=yes,width=600,height=250,left='+(screen.width\/2-300)+',top='+(screen.height\/3-125)+''); pdf24Win.focus(); if(typeof pdf24OnCreatePDF === 'function'){void(pdf24OnCreatePDF(this,pdf24Win));}\"> \t\t<input type=\"hidden\" name=\"blogCharset\" value=\"Cw1x07UAAA==\" \/><input type=\"hidden\" name=\"blogPosts\" value=\"MwQA\" \/><input type=\"hidden\" name=\"blogUrl\" value=\"yygpKSi20tcvLy\/Xy8jPSM3LARK6pXnpqWmZOSWpRSV6KakA\" \/><input type=\"hidden\" name=\"blogName\" value=\"88jPSM3LARK6pXnpqWmZOSWpRSUA\" \/><input type=\"hidden\" name=\"blogValueEncoding\" value=\"gzdeflate base64\" \/><input type=\"hidden\" name=\"postId_0\" value=\"MzSxMDYCAA==\" \/><input type=\"hidden\" name=\"postTitle_0\" value=\"FY0xCsJAEEWv8kFIHbYScgAtAxbWq\/luBpcJzMwqpPIO3tCTmNTv8V53OKaUhqsYananoqlD5T4HHvRwxkrtdqsf8Pt8caLt1F+0OetUmxaI4hItomQLvFm2zJlSb7ao0jAuVVbKk9ug\/gE=\" \/><input type=\"hidden\" name=\"postLink_0\" value=\"yygpKSi20tcvLy\/Xy8jPSM3LARK6pXnpqWmZOSWpRSV6Kan69gW2hiYWxkYA\" \/><input type=\"hidden\" name=\"postAuthor_0\" value=\"AwA=\" \/><input type=\"hidden\" name=\"postDateTime_0\" value=\"MzIwNNI1NNA1MlYwNLMyNLAyMQIA\" \/><input type=\"hidden\" name=\"postContent_0\" value=\"tVfLbttGFN33K25doLABgbLUpEkcxYAN14njpDVSJwG6KUbWFTkVOaPODKNG6CIfUjRd+Buy8qr8k3xJzx1SDi3JsYuiCwOWxLmPc849czmY7g58cNakuwea6ThXKVPKKRsa4e\/E5nrOesLec06qoF5Cz5Wm\/navR9rQE9b5EKcNzbQbyQMH+MDOB5V2qH83oR8mwQ7ZyYl+h9SQcPBl5jqkC\/oxlCGkygX8\/ordTOWhNKlP2emzLFD1YTxmE3J8oDfsMmVGnIdk0G0KHnSnu18M0AAXu69sQXtuyDr4iWPt6TiWPJF+Bl08cPlwc\/i4NKOUh8hHb6xDs8W6Ekp0vC31riTdZyfJpKMHyTfxGRprVBiks2d2onL6+qv7\/X7\/4QsbgKyacp5z\/Gr7oSDV7v6QS4DGTAxQT5zUnrKfuuocvRc6IGDIlKNnHPxZxrR5Xa9bHTpF\/ufVBZI52vxEkA\/IH8gLmr8i2xYBATrNbKE8nbrqIoDvzXZR+9WFGRnEH1cXkSCviiIXeMZImyH\/FqKqEBLaGzY4UaqHgdjTvBRI0Q5aX4X6cY0vcB5W53hStDRCyr0yLVGoAdiqes90N1nmbc8EPVYAQctzhEKAh7ki3KuiRQkr5O0V9M12Qk\/LPEq5LzVZSarZSdQMFct\/tJStqbIN0hHkjpNqFBZjgzHyFv8pYxCh0cABl8JcDg0HW7qFDCSaYWvUHAm0j618f3KAIQPnAh6gcrZ6r8oxoLJB5sCXQI5jnqZT+d\/jZM6pDroQCBw05wNYAMsocyjKNAjLmYNwl\/ualU6mHcFzDvMQlcFhpuj+Np0go0WPNEZAtGWLQiIdmaa+q2g3kZxEuNc6XF2ICXg+y7zAJ9U0Ab1kXKH5pXF4NhTVefVepxNoLWL1HKowKis4Ho6Slr4Vcq+y\/DT2slDIPuNXMRRAB31eKds3+sFMrbWBS8Kl5464gqC\/rkYh4royQUZdaYKjQUwSQ4cKZxwx8wiZQYBDIbR0GFP59rpBX4OYeGR1ngeMbFMTSmn6RN1ehfm1NiZuzNPAhdCUqWGsR0pAUc\/EeL2DuNjJEAu3y2PwmAsWjTkVol\/JkJfrKjJLFQFzCNGHpJ6kQhuRpKMX+D2z+YgeqzwnP9Wwfl5zJ2VSkxyQquCYSi4LW4vT0cd3f9YSVLlmc0kGuvj47o9O7M5EhiMBYgGi1LxWTJMIw21Gyo084TJCBht\/FIxWODhUCLBO5BkEtUah+6JLV3qj1aTTlCzIHufVOcjrLExbZAH1SKwd6ekITcZJixdUL7lzN3rv0qUi986wusjyaS5Ap1xDFqKAe98m\/dqx4S0RiNcK0pwpuV7gNQJkbQTQ4hjQi17jwXuL6054PpHQoHkGnKRbuSkk2MQWU3gJzrUMcimL2E0zD99BgQLdWQbqPEyK5m+N+GEn9t5itEXnxBrAidGSyQIxLMQkIHZwCfPyptB8fq1dM4ro0DcSiOqAZbD5EjH+\/mvl9IFovk7jooe0Z5OvTGdn6cIGuS6tzs285q9+EjBn1QeHIoBkyCOIsRncong2bU8LhP2b9pE51fLu5spYb\/cdssOZzXKMWD3kReP+0exMRLa+s9iNbZ5Gp6SZcsLIoTAp4ECCDTg7dAvcVu7ra\/yrLnRhgYvKDuEWOa9F\/naBDA\/j6rq0XomHqFJ2qasQNO1r82923YSeiCZFsAtkZWhb6yrLJSL7atyWUAFsjW66WuIcoo7VrblemamOIysKzLKgF3LBLMYCkZVMWQwuxff7y1Fkdh\/EQLKgajPB4Z9QsCvlY27RoHMFthY0O7ZIFTeg0TL09U0uo4wvpd6aM5gp9shfSrdQpYhyziMBO7oIDkyBcPPjgawpXluz4qGnsUveuXZ4P\/+GEQ1x7cbeoiRO7yWfYrjNGnADR51bLKiLt4FPDaws9L9T+5WANhfbf+3TvTudTxm3xBt2Fjn+h7eAzn99BbjRbHvLcNzifeDmoL2loIsIb1osb66w1UZ25VJAN6LWo6h+FXRcXEW7x7ho1CSskaQi2Mn40UYWwnSn25209rOZdaOpEJ+c2aK7QUHBbMOjjZ+HeAmYbOzeeGTQVesTeRzLMb9enM8k8Pq3BY+0SqxLr0n02SOXif4B\" \/> \t\t<a href=\"https:\/\/www.pdf24.org\" target=\"_blank\" title=\"www.pdf24.org\" rel=\"nofollow\"><img src=\"https:\/\/www.hohenlohe-ungefiltert.de\/wp-content\/plugins\/pdf24-post-to-pdf\/img\/pdf_32x32.png\" alt=\"\" border=\"0\" height=\"32\" \/><\/a> \t\t<span class=\"pdf24Plugin-cp-space\">&nbsp;&nbsp;<\/span> \t\t<span class=\"pdf24Plugin-cp-text\">Sende Artikel als PDF<\/span> \t\t<span class=\"pdf24Plugin-cp-space\">&nbsp;&nbsp;<\/span> \t\t<input class=\"pdf24Plugin-cp-input\" style=\"margin: 0px;\" type=\"text\" name=\"sendEmailTo\" placeholder=\"Emailadresse\" \/> \t\t<input class=\"pdf24Plugin-cp-submit\" style=\"margin: 0px;\" type=\"submit\" value=\"Senden\" \/> \t<\/form> <\/div>","protected":false},"excerpt":{"rendered":"<p>Die Klage gegen den Polizeikessel am 1. Mai 2011 in Heilbronn wird am Donnerstag, 25. Oktober 2012, ab 11 Uhr, im Stuttgarter Verwaltungsgericht \u00f6ffentlich verhandelt. Vom Arbeitskreis Kesselklage Kundgebung vor dem Verwaltungsgericht um 10 Uhr Bereits ab 9.30 Uhr findet im Lokal &#8222;Rote Kapelle&#8220; am Stuttgarter Feuersee ein Pressegespr\u00e4ch mit Lothar Letsche (Arbeitskreis Kesselklage), Tim [&hellip;]<\/p>\n","protected":false},"author":3,"featured_media":0,"comment_status":"open","ping_status":"open","sticky":false,"template":"","format":"standard","meta":[],"categories":[],"tags":[],"_links":{"self":[{"href":"https:\/\/www.hohenlohe-ungefiltert.de\/index.php?rest_route=\/wp\/v2\/posts\/14832"}],"collection":[{"href":"https:\/\/www.hohenlohe-ungefiltert.de\/index.php?rest_route=\/wp\/v2\/posts"}],"about":[{"href":"https:\/\/www.hohenlohe-ungefiltert.de\/index.php?rest_route=\/wp\/v2\/types\/post"}],"author":[{"embeddable":true,"href":"https:\/\/www.hohenlohe-ungefiltert.de\/index.php?rest_route=\/wp\/v2\/users\/3"}],"replies":[{"embeddable":true,"href":"https:\/\/www.hohenlohe-ungefiltert.de\/index.php?rest_route=%2Fwp%2Fv2%2Fcomments&post=14832"}],"version-history":[{"count":2,"href":"https:\/\/www.hohenlohe-ungefiltert.de\/index.php?rest_route=\/wp\/v2\/posts\/14832\/revisions"}],"predecessor-version":[{"id":14837,"href":"https:\/\/www.hohenlohe-ungefiltert.de\/index.php?rest_route=\/wp\/v2\/posts\/14832\/revisions\/14837"}],"wp:attachment":[{"href":"https:\/\/www.hohenlohe-ungefiltert.de\/index.php?rest_route=%2Fwp%2Fv2%2Fmedia&parent=14832"}],"wp:term":[{"taxonomy":"category","embeddable":true,"href":"https:\/\/www.hohenlohe-ungefiltert.de\/index.php?rest_route=%2Fwp%2Fv2%2Fcategories&post=14832"},{"taxonomy":"post_tag","embeddable":true,"href":"https:\/\/www.hohenlohe-ungefiltert.de\/index.php?rest_route=%2Fwp%2Fv2%2Ftags&post=14832"}],"curies":[{"name":"wp","href":"https:\/\/api.w.org\/{rel}","templated":true}]}}