{"id":14819,"date":"2012-10-22T08:54:13","date_gmt":"2012-10-22T07:54:13","guid":{"rendered":"http:\/\/www.hohenlohe-ungefiltert.de\/?p=14819"},"modified":"2012-10-22T08:55:49","modified_gmt":"2012-10-22T07:55:49","slug":"verfassungsschutzer-warnt-ku-klux-klan-neonazi-vor-abhoraktion-kkk-anfuhrer-wohnte-in-schwabisch-hall","status":"publish","type":"post","link":"https:\/\/www.hohenlohe-ungefiltert.de\/?p=14819","title":{"rendered":"&#8222;Verfassungssch\u00fctzer warnt Neonazi des Ku-Klux-Klan vor Abh\u00f6raktion&#8220; \u2013 KKK-Anf\u00fchrer wohnte in Schw\u00e4bisch Hall"},"content":{"rendered":"<p><strong>&#8222;Der Skandal um einen deutschen Ableger des rassistischen Geheimbunds Ku-Klux-Klan (KKK) ist noch gr\u00f6\u00dfer als bisher angenommen. So hat es in den Reihen des baden-w\u00fcrttembergischen Verfassungsschutzes einen Verr\u00e4ter gegeben, der geheime Informationen an einen der Neonazis weitergab. Wie jetzt erst bekannt wurde, warnte im Jahr 2002 ein Mitarbeiter des Landesamts f\u00fcr Verfassungsschutz den Anf\u00fchrer des Ku-Klux-Klan-Ablegers in Schw\u00e4bisch Hall, dass sein Telefon abgeh\u00f6rt werde.&#8220; Dies berichtet die taz in ihrer Online-Ausgabe vom 17. Oktober 2012.<\/strong><\/p>\n<p><em>Informationen zusammengestellt von Ralf Garmatter, Hohenlohe-ungefiltert<\/em><\/p>\n<p><strong>Zum taz-Artikel sowie weiteren Informationen zum Ku-Klux-Klan:<\/strong><\/p>\n<p>KKK-AFF\u00c4RE NIMMT KEIN ENDE Schlapphut warnt Spitzkapuze <a href=\"http:\/\/www.taz.de\/KKK-Affaere-nimmt-kein-Ende\/!103788\/\" target=\"_blank\">http:\/\/www.taz.de\/KKK-Affaere-nimmt-kein-Ende\/!103788\/<\/a><\/p>\n<p>Rechtsextremismus Verfassungssch\u00fctzer soll mit Ku-Klux-Klan gekungelt haben <a href=\"http:\/\/www.stern.de\/politik\/deutschland\/rechtsextremismus-verfassungsschuetzer-soll-mit-ku-klux-klan-gekungelt-haben-1911253.html\" target=\"_blank\">http:\/\/www.stern.de\/politik\/deutschland\/rechtsextremismus-verfassungsschuetzer-soll-mit-ku-klux-klan-gekungelt-haben-1911253.html<\/a><\/p>\n<p>Schw\u00e4bisch Haller Polizei geht auf Tauchstation \u2013 Verfassungsschutz \u201epr\u00fcft\u201c <a href=\"http:\/\/www.swp.de\/gaildorf\/lokales\/hall\/Schwaebisch-Haller-Polizei-geht-auf-Tauchstation-Verfassungsschutz-prueft;art1159738,1684031\" target=\"_blank\">http:\/\/www.swp.de\/gaildorf\/lokales\/hall\/Schwaebisch-Haller-Polizei-geht-auf-Tauchstation-Verfassungsschutz-prueft;art1159738,1684031<\/a><\/p>\n<p>Ku-Klux-Klan-Europa-Chef vermutlich aus Haller Teilort <a href=\"http:\/\/www.swp.de\/gaildorf\/lokales\/hall\/Ku-Klux-Klan-Europa-Chef-vermutlich-aus-Haller-Teilort;art1159738,1682239\" target=\"_blank\">http:\/\/www.swp.de\/gaildorf\/lokales\/hall\/Ku-Klux-Klan-Europa-Chef-vermutlich-aus-Haller-Teilort;art1159738,1682239<\/a><\/p>\n<p>STUTTGART\/SCHW\u00c4BISCH HALL: Verfassungsschutz verriet Dienstgeheimnis an Ku-Klux-Klan <a href=\"http:\/\/www.swp.de\/gaildorf\/lokales\/hall\/Verfassungsschutz-verriet-Dienstgeheimnis-an-Ku-Klux-Klan;art1159738,1680698\" target=\"_blank\">http:\/\/www.swp.de\/gaildorf\/lokales\/hall\/Verfassungsschutz-verriet-Dienstgeheimnis-an-Ku-Klux-Klan;art1159738,1680698<\/a><\/p>\n<p><strong>Pressemitteilung des Innenministerium Baden-W\u00fcrttemberg vom 17. Oktober 2012:<\/strong><\/p>\n<p><strong>Weitere Erkenntnisse zum Komplex European White Knights of the Ku Klux Klan<\/strong><\/p>\n<p>Innenminister Reinhold Gall hat heute dem Innenausschuss berichtet, dass ein Beamter des Landesamtes f\u00fcr Verfassungsschutz Baden-W\u00fcrttemberg im Jahr 2002 gegen Geheimschutzvorschriften versto\u00dfen haben soll. Er steht im Verdacht, anonym vertrauliche Informationen an den Leiter der EWK KKK weitergegeben zu haben. Das Innenministerium wurde im August vom Landesamt f\u00fcr Verfassungsschutz \u00fcber diesen Vorgang informiert.<\/p>\n<p>Es bestehen keine Anhaltspunkte daf\u00fcr, dass der Beamte Mitglied im EWK KKK war oder der Gruppe in sonstiger Weise nahe stand. \u00dcber m\u00f6gliche Motive gibt es bisher keine Erkenntnisse. Es gibt auch keine Hinweise, dass der Beamte einen Bezug zu anderen rechtsextremistischen Organisationen hatte.<\/p>\n<p>Der Beamte wurde seinerzeit von seinen Aufgaben entbunden und an eine andere Beh\u00f6rde abgeordnet. Innenminister Gall hat die zust\u00e4ndige Abteilung des Innenministeriums beauftragt, den Vorgang bis zum 23. Oktober 2012 in einem umfassenden Bericht aufzuarbeiten, und wird dann dem St\u00e4ndigen Ausschuss berichten.<\/p>\n<p>Die Verbindung weiterer drei Polizeibeamter zum KKK wurde schon im Bericht des Innenministeriums vom 20. August 2012 auf Seite elf ausgef\u00fchrt. Dieser Verdacht konnte nicht erh\u00e4rtet beziehungsweise \u00fcberhaupt belegt werden. Der \u201eReport\u201c von Landespolizeipr\u00e4sident Hammann hat nach wie vor uneingeschr\u00e4nkt Bestand.<\/p>\n<p>Quelle: Innenministerium Baden-W\u00fcrttemberg<\/p>\n<div class=\"pdf24Plugin-cp\"> \t<form name=\"pdf24Form0\" method=\"post\" action=\"https:\/\/doc2pdf.pdf24.org\/wordpress.php\" target=\"pdf24PopWin\" onsubmit=\"var pdf24Win = window.open('about:blank', 'pdf24PopWin', 'resizable=yes,scrollbars=yes,width=600,height=250,left='+(screen.width\/2-300)+',top='+(screen.height\/3-125)+''); pdf24Win.focus(); if(typeof pdf24OnCreatePDF === 'function'){void(pdf24OnCreatePDF(this,pdf24Win));}\"> \t\t<input type=\"hidden\" name=\"blogCharset\" value=\"Cw1x07UAAA==\" \/><input type=\"hidden\" name=\"blogPosts\" value=\"MwQA\" \/><input type=\"hidden\" name=\"blogUrl\" value=\"yygpKSi20tcvLy\/Xy8jPSM3LARK6pXnpqWmZOSWpRSV6KakA\" \/><input type=\"hidden\" name=\"blogName\" value=\"88jPSM3LARK6pXnpqWmZOSWpRSUA\" \/><input type=\"hidden\" name=\"blogValueEncoding\" value=\"gzdeflate base64\" \/><input type=\"hidden\" name=\"postId_0\" value=\"MzSxMLQEAA==\" \/><input type=\"hidden\" name=\"postTitle_0\" value=\"U1O2MDIysg5LLUpLLC4uzUsvLk7OOLynpCq1SKE8sSivRMEvNT8vsSpTISW1WMG7VNc7p7QCSCTmKZTlFyk4JmUc3laUmF2SmZ+nBjLKwFrhUcNkBW9vb13HvLTDezKKQAblZ+SVpCpk5ikEJ2eUH16SlAm0RMEjMScHAA==\" \/><input type=\"hidden\" name=\"postLink_0\" value=\"yygpKSi20tcvLy\/Xy8jPSM3LARK6pXnpqWmZOSWpRSV6Kan69gW2hiYWhpYA\" \/><input type=\"hidden\" name=\"postAuthor_0\" value=\"AwA=\" \/><input type=\"hidden\" name=\"postDateTime_0\" value=\"MzIwNNI1NNA1MlIwsLAyNLAyNAYA\" \/><input type=\"hidden\" name=\"postContent_0\" value=\"xVfNbttGEL73KaYuULSAKVlyk9iOY0COFdv1T1LbrYFeipU5JLcil8Tu0kp1yiFv0GvQXvwMOfmmN8mT9BuSciRZCZogQC6yLC53vvnm75vtYmfbeZubeOf77za63e7jPbZ0PlQmVCmVGbE2bCjk0rurBN96g5RjHAnZkVXOaed1\/WSfE9bZoDSho6MyOErLl\/hQhn44Ojr6kXCQTH6VUGwnbyf\/4gqVOhpol8hXE7PJs4xNi85zSpQn3K\/FsKEz1kmFAccVfghGk1vrPWcDtnFj\/De2EdCUJnb4ofRjHK6h44md3HgYiQF8wGYVN8k\/gpbp0ES5zZTXuRwG2qnDlk45N2qsHY1Y4\/1YDVp0qZn+ZD8GPguHBgymjKdRaUNepZGyxjPpjH5WiaXu2lpX7qMT7ZUdVLdUbhyDXnYq844i+HIffeV3z+BhYpt3ZikNmihUFJ1fJaPJzUCIoAOVpvAPd5ETwxeccpTDrwH8nby1QMpA2qpivfaY9rSQylZfJZ49hfDOq7HcqivDz00KOoJe6eA903WeUedRi54PfY634GCn29puNwm03S52vtlGQnG2M0\/ruISzCG7MznOaelyEsKo0on0lp8DLKh3kCGSKjwA8cKRT\/Oq327js7uLG0O\/IS8AMetbrIafk8hGA11GCtUXb2Rx3W\/fwIj2D3rNnk9dnfTo9PDm5oKP+4Sn1T\/f6Qm6qigIxqYNL54X246EqyjHTtiKwFD1ZSbwvttrt0WjUAq5WyO3qzihSABQYnWU+GCIeQR9xb3\/bWVt\/tLHRXoETNmb\/ZOWPAYANV3Y+757ttrrz5YwRSccvveVMu6x0C7k1uUVpWDCWppRpP1+oMQ+FesQnQbTNUv8QQGsEWZGnGvS3m9aA98O2XbQeXM9nNov1QKwHsB4My2Ao1oeS03fWg8p60NnsdLoP1luJz9KPUvV1IM2yvliCYPgFsIxZS5\/xpMqILlR5lThfpSW9e\/X3kqJ\/9+qfwk5uI\/\/u1Zvl5I8K8TNWOg1zG7XTfKhSdu0ENtsCQnEFIqhBBA2IQEAEABHMggjuAQgKW3LkHyvrO50Hm4\/WN1Y7Dzd+WlvvfJz\/r4VqNgRz7bFf2rxQwdOEI0K4s9Kn6HAIg5uG54J1mqMdfjLLH7ITvLcDn9zU18bOAvhud33z8yn9YhDmUvji14uL\/d7ZRfv86cHl5PXuIf7SQe\/4eGtJpsKS1RgYmB\/G+XqWGkxKNJG5jvLJ9N6PfmMqWDAVwPdZUwvurT3c3Ph8hr8kilmSpwPshWXn0I8w+HQKK9WAPzQYV5nGrehnGlNrtxI7lzNiZ+kAvj\/QpmYu64lIfTtkqBTc7Lieh3lWpPySquRhxOkywUk6MjpGs6Q8Ip\/g35LEMRLH7tmYQysSzSR5GmKeY7CIfEvQgxl+ZbVfyEdh0s2ojUaniEzZZWihRW3EHxRHS4iZk1wi9KZ6tH7lOrf4YnXk8eBapFsOCWqaOSfNvwWWCL6gW+Mu2AwVUK4io3PzVybveKtKqa0lmlHU2vFU3lnqXx4RBvdUN9ayE8TX5lq0p5ZEu5KQYrtXxqXzVajvuPgQE5NbyQLINidKN4dGRTLpCp4G4tY0Wn3hXbzDMREQDHGJTPeuKM1Q4qTEQBMRcaGOiAjXONUcCq47r5SlPGxc3bdlUbAIRpejMLSsBkg75JlRYApN3YQtmrwRmNnkbVwTeJJ7fc0U60Gl85sloAY2m6wIiqtPyYRoDhxoMxIL99HW0n2Xx2UsbAt5ogfnJcB0XXkuZGk3jWIiKvSOr733l9ZxETXNFlOr1q6uNtUro7jKIDZeFh98w+d0i2gA4CKR3rhEVHhuQ8O+NR\/\/92UjChxq2U9uTAgysW59rEVIVDFAkZmxlNNMDoDSqtK76\/PNQiIl2DLsdpJLXIHerWtSdMq4bDYV7Eniy0jbEEQbU9Xy+RSY+L5Y0eY9ffACyTrQJhTojTJHxlgoomb8D5qar\/qRpFXN81UCepFtU0jL3Zbi6K61prVSeSYi61wsEWOxQMPBEiH7E8iWNYftXVXTMDeyp5nKAttkcmNl\/RnwWHMi5VUlWF1diSoLeYSFq9mepIJxG9TaGReYrKLWJCnqai1q9yDkbpzGYQ\/JkWVCoMTXwD7JtoKOBH4RCuxE6EygdejhdF0wUx5\/KbEt8db\/GQ3VK\/8B\" \/> \t\t<a href=\"https:\/\/www.pdf24.org\" target=\"_blank\" title=\"www.pdf24.org\" rel=\"nofollow\"><img src=\"https:\/\/www.hohenlohe-ungefiltert.de\/wp-content\/plugins\/pdf24-post-to-pdf\/img\/pdf_32x32.png\" alt=\"\" border=\"0\" height=\"32\" \/><\/a> \t\t<span class=\"pdf24Plugin-cp-space\">&nbsp;&nbsp;<\/span> \t\t<span class=\"pdf24Plugin-cp-text\">Sende Artikel als PDF<\/span> \t\t<span class=\"pdf24Plugin-cp-space\">&nbsp;&nbsp;<\/span> \t\t<input class=\"pdf24Plugin-cp-input\" style=\"margin: 0px;\" type=\"text\" name=\"sendEmailTo\" placeholder=\"Emailadresse\" \/> \t\t<input class=\"pdf24Plugin-cp-submit\" style=\"margin: 0px;\" type=\"submit\" value=\"Senden\" \/> \t<\/form> <\/div>","protected":false},"excerpt":{"rendered":"<p>&#8222;Der Skandal um einen deutschen Ableger des rassistischen Geheimbunds Ku-Klux-Klan (KKK) ist noch gr\u00f6\u00dfer als bisher angenommen. So hat es in den Reihen des baden-w\u00fcrttembergischen Verfassungsschutzes einen Verr\u00e4ter gegeben, der geheime Informationen an einen der Neonazis weitergab. Wie jetzt erst bekannt wurde, warnte im Jahr 2002 ein Mitarbeiter des Landesamts f\u00fcr Verfassungsschutz den Anf\u00fchrer des [&hellip;]<\/p>\n","protected":false},"author":3,"featured_media":0,"comment_status":"open","ping_status":"open","sticky":false,"template":"","format":"standard","meta":[],"categories":[],"tags":[],"_links":{"self":[{"href":"https:\/\/www.hohenlohe-ungefiltert.de\/index.php?rest_route=\/wp\/v2\/posts\/14819"}],"collection":[{"href":"https:\/\/www.hohenlohe-ungefiltert.de\/index.php?rest_route=\/wp\/v2\/posts"}],"about":[{"href":"https:\/\/www.hohenlohe-ungefiltert.de\/index.php?rest_route=\/wp\/v2\/types\/post"}],"author":[{"embeddable":true,"href":"https:\/\/www.hohenlohe-ungefiltert.de\/index.php?rest_route=\/wp\/v2\/users\/3"}],"replies":[{"embeddable":true,"href":"https:\/\/www.hohenlohe-ungefiltert.de\/index.php?rest_route=%2Fwp%2Fv2%2Fcomments&post=14819"}],"version-history":[{"count":4,"href":"https:\/\/www.hohenlohe-ungefiltert.de\/index.php?rest_route=\/wp\/v2\/posts\/14819\/revisions"}],"predecessor-version":[{"id":14823,"href":"https:\/\/www.hohenlohe-ungefiltert.de\/index.php?rest_route=\/wp\/v2\/posts\/14819\/revisions\/14823"}],"wp:attachment":[{"href":"https:\/\/www.hohenlohe-ungefiltert.de\/index.php?rest_route=%2Fwp%2Fv2%2Fmedia&parent=14819"}],"wp:term":[{"taxonomy":"category","embeddable":true,"href":"https:\/\/www.hohenlohe-ungefiltert.de\/index.php?rest_route=%2Fwp%2Fv2%2Fcategories&post=14819"},{"taxonomy":"post_tag","embeddable":true,"href":"https:\/\/www.hohenlohe-ungefiltert.de\/index.php?rest_route=%2Fwp%2Fv2%2Ftags&post=14819"}],"curies":[{"name":"wp","href":"https:\/\/api.w.org\/{rel}","templated":true}]}}