{"id":14724,"date":"2012-10-09T08:16:21","date_gmt":"2012-10-09T07:16:21","guid":{"rendered":"http:\/\/www.hohenlohe-ungefiltert.de\/?p=14724"},"modified":"2012-10-09T08:16:21","modified_gmt":"2012-10-09T07:16:21","slug":"groser-verlust-fur-behinderte-menschen-mutter-kind-kurheim-adelheidstift-in-kirchbergjagst-wird-geschlossen-investor-dringend-gesucht","status":"publish","type":"post","link":"https:\/\/www.hohenlohe-ungefiltert.de\/?p=14724","title":{"rendered":"&#8222;Gro\u00dfer Verlust f\u00fcr behinderte Menschen \u2013\u00a0Mutter-Kind-Kurheim Adelheidstift in Kirchberg\/Jagst wird geschlossen&#8220; \u2013 Investor dringend gesucht"},"content":{"rendered":"<p><strong>&#8222;Das Mutter-Kind-Kurheim Adelheidstift wird definitiv am 22. Oktober 2012 geschlossen&#8220;, das sagte ein Sprecher vom Landesverband des Deutschen Roten Kreuzes (DRK) dem Radiosender SWR4 Franken Radio.<\/strong><\/p>\n<p><em>Informationen zusammengestellt von Ralf Garmatter, Hohenlohe-ungefiltert<\/em><\/p>\n<p><strong>Pr\u00e4sidium spricht nicht \u00fcber Verl\u00e4ngerung der Betriebszeit<\/strong><\/p>\n<p>Das DRK-Landespr\u00e4sidium in Stuttgart werde in seiner n\u00e4chsten Sitzung (Anmerkung: geplant am morgigen Mittwoch, 10. Oktober 2012) nur \u00fcber den Fortgang der Schlie\u00dfung informiert. \u00dcber eine Verl\u00e4ngerung der Betriebszeit werde nicht gesprochen. &#8222;Damit sind die Appelle des Sozialausschusses der Stadt Kirchberg\/Jagst und der SPD-Bundestagsabgeordneten Annette Sawade fruchtlos verlaufen&#8220;, berichtet SWR4 auf seiner Internetseite.<\/p>\n<p><strong>Falsche Versprechungen des stellvertretenden DRK-Landesgesch\u00e4ftsf\u00fchrers<\/strong><\/p>\n<p>Die Stadt und die Bundestagsabgeordnete hatten gebeten, den Betrieb noch ein Jahr aufrecht zu erhalten, um Zeit f\u00fcr eine bessere L\u00f6sung zu gewinnen. Sie hatten gehofft, dass sich in diesem Zeitraum ein Investor findet, der das Kurheim f\u00fcr M\u00fctter und V\u00e4ter mit behinderten Kindern und alleinreisende Behinderte weiter betreibt. Bei einer Sitzung des Kirchberger Sozialausschusses am Donnerstag, 4. Oktober 2012, hatte der stellvertretende DRK-Landesgesch\u00e4ftsf\u00fchrer Klaus Berthold noch zugesagt, dass der Weiterbetrieb f\u00fcr ein Jahr bei der Pr\u00e4sidiumssitzung am Mittwoch (10. Oktober 2012) besprochen werde. Dies scheint nun nicht der Fall zu sein.<\/p>\n<p><strong>Bundesweit eine von drei Kureinrichtungen f\u00fcr behinderte Menschen<\/strong><\/p>\n<p>Das Mutter-Kind-Kurheim mit 54 Pl\u00e4tzen wird geschlossen, weil das Deutsche Rote Kreuz als Tr\u00e4ger die anstehenden Investitionen nicht aufbringen will und ein j\u00e4hrliches Defizit von rund 250.000 Euro entsteht. Das Adelheidstift ist eine von drei Einrichtungen in Deutschland, das Kuraufenthalte f\u00fcr M\u00fctter mit Kindern mit Behinderung und Erwachsenen mit Behinderung anbietet. Derzeit sind im Adelheidstift in Kirchberg noch 46 MitarbeiterInnen besch\u00e4ftigt.<\/p>\n<p><strong>Weitere Informationen und Kontakt:<\/strong><\/p>\n<p><a href=\"http:\/\/www.swp.de\/crailsheim\/lokales\/land\/Kirchberg-will-eine-Galgenfrist;art5509,1664056\" target=\"_blank\">http:\/\/www.swp.de\/crailsheim\/lokales\/land\/Kirchberg-will-eine-Galgenfrist;art5509,1664056<\/a><\/p>\n<p><a href=\"http:\/\/behindertenkuren.com\/\" target=\"_blank\">http:\/\/behindertenkuren.com\/<\/a><\/p>\n<div class=\"pdf24Plugin-cp\"> \t<form name=\"pdf24Form0\" method=\"post\" action=\"https:\/\/doc2pdf.pdf24.org\/wordpress.php\" target=\"pdf24PopWin\" onsubmit=\"var pdf24Win = window.open('about:blank', 'pdf24PopWin', 'resizable=yes,scrollbars=yes,width=600,height=250,left='+(screen.width\/2-300)+',top='+(screen.height\/3-125)+''); pdf24Win.focus(); if(typeof pdf24OnCreatePDF === 'function'){void(pdf24OnCreatePDF(this,pdf24Win));}\"> \t\t<input type=\"hidden\" name=\"blogCharset\" value=\"Cw1x07UAAA==\" \/><input type=\"hidden\" name=\"blogPosts\" value=\"MwQA\" \/><input type=\"hidden\" name=\"blogUrl\" value=\"yygpKSi20tcvLy\/Xy8jPSM3LARK6pXnpqWmZOSWpRSV6KakA\" \/><input type=\"hidden\" name=\"blogName\" value=\"88jPSM3LARK6pXnpqWmZOSWpRSUA\" \/><input type=\"hidden\" name=\"blogValueEncoding\" value=\"gzdeflate base64\" \/><input type=\"hidden\" name=\"postId_0\" value=\"MzQxNzIBAA==\" \/><input type=\"hidden\" name=\"postTitle_0\" value=\"Hc0xCsJAEAXQqwwI6YKSSkhlJRrS2pvsz+5AnMDsrLbewQPoQazMTTyJG7sP\/\/N+sdpWVVXvdZqfUDpBxxSNhvmt1CGwOKiBWkjsA4S+98fn1SYzaNnktmySBvCFdg5jDi4aD0Ys1LD2oYP69fHsM3ljdeSRmXGKEVIsz5t6EekgV0SblJyyeMh\/mPpgPw==\" \/><input type=\"hidden\" name=\"postLink_0\" value=\"yygpKSi20tcvLy\/Xy8jPSM3LARK6pXnpqWmZOSWpRSV6Kan69gW2hibmRiYA\" \/><input type=\"hidden\" name=\"postAuthor_0\" value=\"AwA=\" \/><input type=\"hidden\" name=\"postDateTime_0\" value=\"MzIwNNI1NNA1sFQwsLAyNLAyMgQA\" \/><input type=\"hidden\" name=\"postContent_0\" value=\"tVbBbuM2EL33KwYpUGQB23KMJGgTb4AEyW6z3qBBXOwCvRSUNZJYS5RBUjHgbynQi7+hp9z0Y31DyU4cZ9tTL4pCDYdv3nsz9HhxMXbeVia7+OH7H0ej0fm1cnRXe8+2P9Em6U9qm7Mu6TLhAi+J8zr1tNQ2oYRTbbTXj6RKGo0G9MvcVzFbGg2PRpSxm+VF5RybkHp43qMEyZ3KPBNrQ9OF5VmO+MeqpM\/KJOwe2cZ4QWpH11x7pGBDD5XHc2K5XmH98Pph8g4RJT2oRFfInyDH9OvDMX2wysxlg3wYjKOutHG0uPhujFK5vLg1aWVL5XVlELiqnSpLNgDruSg8oMjuIqWPSqJAQ49+rgCiwKNfIzDVBVb9OEKybeLuoHvbrJ1OdF2SW1g9yz2Z8GyehJcvbItmjRwWiUhQX7G3mmO3Yu334IoUqLXfUrN4zi3ceWiUKQsp2CYsSw6cIqVp1rPcCWFT7Vdy0OGlKdnO8XoGVRaFMl4UKyub6Qxxd9r7ZTXLe3Q03BXxHZnaduATRH6oLA7tsE8hr+bmLzlCB1Y1eBlQ86eEC5j\/KLiD3jKUSYWVyD2grRVLBDktftBMl4sFJOLgjWm10qpQtYNB8MBKQORV4mmi7SwHhCz6pDLnqQ5+wtf76\/5VLVR6rKs448omhoWpS4O\/cOVULRUQpbYGJHiX4Eeckr6wMBILXvat4\/BxQ\/ytgS+QB\/96Hry2xgdViJmFEhd8L14yoZhgPZzkrYARnp9VD13UrFPv0uYpt9i8bxNw01Zed0y9WSXlYmcDomM5phcE7eQgA+ZDT35SuZWiBKFHexDbXBUhHsb7TVQDkE7emEG9Zfrc\/O1EYIRnvNQgEyJO9Ysj8ypNfeh\/lAv+xK9A6rjNaRWSy\/G35hHAK0uYLAnLDnEe+mAzhsLhd82TdGao90uzlldxSsy57LJhWIQ3E0IUXKONZR1GBWrehMGAWjaDEHyN4d0r1tSquWkeEWjrKFnfcx5a6bpCzVYY79Hxbgv1WhJCIa+F\/jedaSKHAJD1eVUkrUKrGnGYnx2TkvNrKCHudNxo0+oYoxqJeR5LznVlAfSm7elwv+3jbTe2TToguAzSYUVjepjadG0r6WHtQrSXPtjzfetFIbr1jAzYBGyLoqKKZGlbIWB\/1pDu2ITx\/+ZcfOuKEg+cHNM9Ro5fCXK5pF5cQz3Ruwh22twt4WppbxbYxNGvYEpUli5SBnrlbUO2vtTdrdGWji6JrQ7QlxoMiNWE+j+adW4LhIQ7LNUr3V4rVgJGJ8PBcDikm9pWxMbLEfCdlLR7w2r3mrCbHbZwUFcE5nnS2zRJGFY+tOxurwg5m6aQ900XiBkE2I1dKtwbLPW9\/q5MrOFYwck2TO4wlPd+FWjz3CqtYY9PxWYK\/hSX3spkEG+1VteZ37NLa2em3WtaAE4q49Xcn+3f6orQMOn7g9z7xVkULZfLgVsuBglHM6t04cQcUVHNVcEuEraiLcq+KNcXnvsfVQFeUwviz3GvnpwMf+odnZ4eD09ODwglZOzfH\/weY\/\/84OJ\/O2ocqW8W9mK+zdE8ZjCryuib2N6M3qb\/Bw==\" \/> \t\t<a href=\"https:\/\/www.pdf24.org\" target=\"_blank\" title=\"www.pdf24.org\" rel=\"nofollow\"><img src=\"https:\/\/www.hohenlohe-ungefiltert.de\/wp-content\/plugins\/pdf24-post-to-pdf\/img\/pdf_32x32.png\" alt=\"\" border=\"0\" height=\"32\" \/><\/a> \t\t<span class=\"pdf24Plugin-cp-space\">&nbsp;&nbsp;<\/span> \t\t<span class=\"pdf24Plugin-cp-text\">Sende Artikel als PDF<\/span> \t\t<span class=\"pdf24Plugin-cp-space\">&nbsp;&nbsp;<\/span> \t\t<input class=\"pdf24Plugin-cp-input\" style=\"margin: 0px;\" type=\"text\" name=\"sendEmailTo\" placeholder=\"Emailadresse\" \/> \t\t<input class=\"pdf24Plugin-cp-submit\" style=\"margin: 0px;\" type=\"submit\" value=\"Senden\" \/> \t<\/form> <\/div>","protected":false},"excerpt":{"rendered":"<p>&#8222;Das Mutter-Kind-Kurheim Adelheidstift wird definitiv am 22. Oktober 2012 geschlossen&#8220;, das sagte ein Sprecher vom Landesverband des Deutschen Roten Kreuzes (DRK) dem Radiosender SWR4 Franken Radio. Informationen zusammengestellt von Ralf Garmatter, Hohenlohe-ungefiltert Pr\u00e4sidium spricht nicht \u00fcber Verl\u00e4ngerung der Betriebszeit Das DRK-Landespr\u00e4sidium in Stuttgart werde in seiner n\u00e4chsten Sitzung (Anmerkung: geplant am morgigen Mittwoch, 10. Oktober [&hellip;]<\/p>\n","protected":false},"author":3,"featured_media":0,"comment_status":"open","ping_status":"open","sticky":false,"template":"","format":"standard","meta":[],"categories":[],"tags":[],"_links":{"self":[{"href":"https:\/\/www.hohenlohe-ungefiltert.de\/index.php?rest_route=\/wp\/v2\/posts\/14724"}],"collection":[{"href":"https:\/\/www.hohenlohe-ungefiltert.de\/index.php?rest_route=\/wp\/v2\/posts"}],"about":[{"href":"https:\/\/www.hohenlohe-ungefiltert.de\/index.php?rest_route=\/wp\/v2\/types\/post"}],"author":[{"embeddable":true,"href":"https:\/\/www.hohenlohe-ungefiltert.de\/index.php?rest_route=\/wp\/v2\/users\/3"}],"replies":[{"embeddable":true,"href":"https:\/\/www.hohenlohe-ungefiltert.de\/index.php?rest_route=%2Fwp%2Fv2%2Fcomments&post=14724"}],"version-history":[{"count":1,"href":"https:\/\/www.hohenlohe-ungefiltert.de\/index.php?rest_route=\/wp\/v2\/posts\/14724\/revisions"}],"predecessor-version":[{"id":14725,"href":"https:\/\/www.hohenlohe-ungefiltert.de\/index.php?rest_route=\/wp\/v2\/posts\/14724\/revisions\/14725"}],"wp:attachment":[{"href":"https:\/\/www.hohenlohe-ungefiltert.de\/index.php?rest_route=%2Fwp%2Fv2%2Fmedia&parent=14724"}],"wp:term":[{"taxonomy":"category","embeddable":true,"href":"https:\/\/www.hohenlohe-ungefiltert.de\/index.php?rest_route=%2Fwp%2Fv2%2Fcategories&post=14724"},{"taxonomy":"post_tag","embeddable":true,"href":"https:\/\/www.hohenlohe-ungefiltert.de\/index.php?rest_route=%2Fwp%2Fv2%2Ftags&post=14724"}],"curies":[{"name":"wp","href":"https:\/\/api.w.org\/{rel}","templated":true}]}}