{"id":14477,"date":"2012-08-25T21:25:28","date_gmt":"2012-08-25T20:25:28","guid":{"rendered":"http:\/\/www.hohenlohe-ungefiltert.de\/?p=14477"},"modified":"2012-08-25T21:28:27","modified_gmt":"2012-08-25T20:28:27","slug":"zwei-baden-wurttembergische-polizisten-im-ku-klux-klan-%e2%80%93-vollstandiger-bericht-des-landespolizeiprasidenten-und-eine-presseschau","status":"publish","type":"post","link":"https:\/\/www.hohenlohe-ungefiltert.de\/?p=14477","title":{"rendered":"&#8222;Zwei baden-w\u00fcrttembergische Polizisten im Ku Klux Klan&#8220; \u2013 Vollst\u00e4ndiger Bericht des Landespolizeipr\u00e4sidenten und eine Presseschau"},"content":{"rendered":"<p><strong>Der von Baden-W\u00fcrttembergs Innenminister Reinhold Gall bei Landespolizeipr\u00e4sident Wolf Hammann angeforderte Bericht best\u00e4tigt, dass zwei Polizisten von Sp\u00e4therbst 2001 bis l\u00e4ngstens September 2002 in engem Kontakt zum &#8222;European White Knights of the Ku Klux Klan&#8220; (EWK KKK) und dessen damaligem Leiter standen. Der Bericht wurde am 22. August 2012 \u00f6ffentlich vorgestellt.<br \/>\n<\/strong><\/p>\n<p><em>Informationen des Innenministeriums Baden-W\u00fcrttemberg<\/em><\/p>\n<p><strong>Lange Zeitdauer des Verfahrens nicht mehr l\u00fcckenlos nachvollziehbar<\/strong><\/p>\n<p>Sp\u00e4testens Ende 2003 habe sich der EWK KKK aufgel\u00f6st. Die beiden, damals im Einsatz bei der Bereitschaftspolizei in B\u00f6blingen, seien im Jahre 2005 beamtenrechtlich mit R\u00fcgen bedacht worden. Die Gr\u00fcnde f\u00fcr die lange Zeitdauer des Verfahrens seien heute nicht mehr l\u00fcckenlos nachvollziehbar, sagte Landespolizeipr\u00e4sident Hammann in Stuttgart. Auf der Basis des jetzt noch recherchierbaren Sachverhalts, nachdem f\u00fcr die Personal- und Disziplinarakten l\u00e4ngst ein Verwertungsverbot gelte, sei die Entfernung aus dem Dienst damals zumindest bei dem l\u00e4ngst verbeamteten Polizisten wohl nicht in Betracht gekommen. Beide h\u00e4tten keine Straftaten begangen, sie seien im EWK KKK auch nicht \u00f6ffentlichkeitswirksam aktiv geworden. Hammann teilte mit, dass die beiden Beamten nach wie vor der Polizei Baden-W\u00fcrttemberg angeh\u00f6rten.<\/p>\n<p><strong>Innenminister Gall: &#8222;Extremer Ausnahmefall&#8220;<\/strong><\/p>\n<p>\u201eAuf Basis der Untersuchungsergebnisse und der zwingenden L\u00f6schungsfristen und Verwertungsverbote des Disziplinarrechts sind weitere Ma\u00dfnahmen gegen die Polizisten aus Rechtsgr\u00fcnden nicht m\u00f6glich\u201c, stellte Innenminister Reinhold Gall fest. Neue Sachverhalte, die eine Wiederaufnahme der Verfahren rechtfertigten, h\u00e4tten sich laut Bericht des Landespolizeipr\u00e4sidenten nicht gezeigt. Der Minister ist davon \u00fcberzeugt, dass es sich bei den Kontakten der zwei Polizisten zu einer rassistischen Vereinigung wie dem EWK KKK um einen extremen Ausnahmefall handele. Er werde sicherstellen, dass disziplinarische Aufarbeitungen k\u00fcnftig z\u00fcgig erfolgten und transparent gemacht w\u00fcrden. Dass die Polizei Baden-W\u00fcrttemberg mit ihren rund 30.000 Bediensteten kein Hort f\u00fcr Rechtsextremismus sei, belege auch die Bilanz f\u00fcr die vergangenen zehn Jahre.<\/p>\n<p><strong>Drei F\u00e4lle mit rechtsextremem oder fremdenfeindlichem Hintergrund in der Polizei sind noch anh\u00e4ngig<\/strong><\/p>\n<p>In diesem Zeitraum seien landesweit nur rund 25 Vorkommnisse mit rechtsextremem oder fremdenfeindlichem Hintergrund in der Polizei ermittelt worden, berichtete Landespolizeipr\u00e4sident Hammann. Drei F\u00e4lle davon seien noch anh\u00e4ngig. Er hatte die Dienststellen nicht nur nach straf- und disziplinarrechtlichen Ermittlungen, sondern auch nach anderen bekannten Sachverhalten inner- und au\u00dferhalb des Dienstes befragt. Nach Aussage des Landespolizeipr\u00e4sidenten hat die Erhebung gezeigt, dass relevante Vorkommnisse von der Polizei bei der Staatsanwaltschaft angezeigt und von der Polizei selbst disziplinarrechtlich verfolgt w\u00fcrden. Dabei ging es im Wesentlichen um das Verwenden von Kennzeichen verfassungswidriger Organisationen, rechtsextreme oder fremdenfeindliche \u00c4u\u00dferungen und \u2013 in einem Fall \u2013 den Straftatbestand der Volksverhetzung. Aufgefallen waren auch vier Auszubildende, wovon drei nicht mehr bei der Polizei seien, erl\u00e4uterte Hammann. Nach strafrechtlichen Ermittlungen seien zahlreiche Verfahren von der Staatsanwaltschaft eingestellt worden. Zur Verurteilung zu einer Geldstrafe kam es in dem Fall wegen Volksverhetzung. Das Disziplinarverfahren in diesem Fall habe eine beamtenrechtliche Zur\u00fcckstufung ergeben.<\/p>\n<p><strong>In der Polizei gibt es noch Verbesserungspotenzial<\/strong><\/p>\n<p>Innenminister Gall zeigte sich mit dem Landespolizeipr\u00e4sidenten darin einig, dass es trotz der geringen Zahl an rechtsextremistischen Vorf\u00e4llen in der Polizei noch Verbesserungspotenzial gebe. So soll es insbesondere weitere Versch\u00e4rfungen beim Einstellungsverfahren geben, indem die Bewerber k\u00fcnftig explizit zur Mitgliedschaft in Organisationen mit verfassungsfeindlichen Zielen gefragt werden. Eine Sensibilisierung der Einstellungsberater (Schaffung eines Anforderungsprofils f\u00fcr diese Aufgabe und spezifische Fortbildung) werde im Einstellungsverfahren zu einer weiteren Qualit\u00e4tssteigerung f\u00fchren.<\/p>\n<p><strong>Erkennen von disziplinarrechtlich relevantem Fehlverhalten<\/strong><\/p>\n<p>Gut aufgestellt sieht der Minister die Polizei bei der Ausbildung. Hier werde das Thema \u201eExtremismus\u201c und das \u00f6ffentliche Dienstrecht intensiv aufgegriffen. Auch in der Fortbildung seien Themen wie Multikulturalit\u00e4t oder interkulturelle Kompetenz eingef\u00fchrt, ebenso gebe es Seminare zum Erkennen von disziplinarrechtlich relevantem Fehlverhalten. M\u00f6glichen extremistischen Tendenzen bei einzelnen Polizeibeamten soll k\u00fcnftig insbesondere auch durch die Einrichtung einer internen Ansprechstelle f\u00fcr Polizisten sowie durch eine anonymisierte Gesamtstatistik \u00fcber Dienstvergehen bei der Polizei entgegengewirkt werden.<\/p>\n<p><strong>Der gesamte Bericht des Innenministeriums Baden-W\u00fcrttemberg zur Ku Klux Klan-Aff\u00e4re zweier baden-w\u00fcrttembergischer Polizisten ist auf folgender Internetseite nachzulesen:<\/strong><\/p>\n<p><a href=\"http:\/\/www.innenministerium.baden-wuerttemberg.de\/fm7\/2028\/Bericht_KKK.pdf\" target=\"_blank\">http:\/\/www.innenministerium.baden-wuerttemberg.de\/fm7\/2028\/Bericht_KKK.pdf<\/a><\/p>\n<p><strong>Presseschau im Internet zur baden-w\u00fcrttembergischen Ku Klux Klan-Aff\u00e4re \u2013 zusammengestellt von Hohenlohe-ungefiltert:<\/strong><\/p>\n<p>Polizisten beim KU KLUX KLAN \u2013 Einer h\u00e4tte gefeuert werden k\u00f6nnen<\/p>\n<p><a href=\"http:\/\/www.taz.de\/Polizisten-beim-Ku-Klux-Klan\/!100138\/\" target=\"_blank\">http:\/\/www.taz.de\/Polizisten-beim-Ku-Klux-Klan\/!100138\/<\/a><\/p>\n<p>Vertrauen kann nur durch Transparenz wieder hergestellt werden \u2013 Die neue schw\u00e4bische Transparenz<\/p>\n<p><a href=\"http:\/\/www.taz.de\/Kommentar-Polizisten-beim-KKK\/!100151\/\" target=\"_blank\">http:\/\/www.taz.de\/Kommentar-Polizisten-beim-KKK\/!100151\/<\/a><\/p>\n<p>Mitgliedschaft im Ku-Klux-Klan \u2013 \u201eR\u00fcgen f\u00fcr Polizisten waren zu milde\u201c<\/p>\n<p><a href=\"http:\/\/www.faz.net\/aktuell\/politik\/inland\/rechtsextremismus\/mitgliedschaft-im-ku-klux-klan-ruegen-fuer-polizisten-waren-zu-milde-11864285.html\" target=\"_blank\">http:\/\/www.faz.net\/aktuell\/politik\/inland\/rechtsextremismus\/mitgliedschaft-im-ku-klux-klan-ruegen-fuer-polizisten-waren-zu-milde-11864285.html<\/a><\/p>\n<p>KU-KLUX-KLAN-AFF\u00c4RE \u2013 Rechtsextremismus bei der Landespolizei soll Ausnahme sein<\/p>\n<p><a href=\"http:\/\/www.badische-zeitung.de\/suedwest-1\/aufarbeiten-der-ku-klux-klan-affaere--63273106.html\" target=\"_blank\">http:\/\/www.badische-zeitung.de\/suedwest-1\/aufarbeiten-der-ku-klux-klan-affaere&#8211;63273106.html<\/a><\/p>\n<p>Ruine der Geyersburg bei Schw\u00e4bisch Hall: Hier traf sich der schw\u00e4bische Ku-Klux-Klan<\/p>\n<p><a href=\"http:\/\/www.bild.de\/regional\/stuttgart\/stuttgart\/geyersburg-25802444.bild.html\" target=\"_blank\">http:\/\/www.bild.de\/regional\/stuttgart\/stuttgart\/geyersburg-25802444.bild.html<\/a><\/p>\n<p>Schw\u00e4bisch Hall \u2013 Blut-Rituale auf der Geyersburg Hall: Hochburg des Ku-Klux-Klans<\/p>\n<p><a href=\"http:\/\/www.swp.de\/gaildorf\/lokales\/gaildorf\/Blut-Rituale-auf-der-Geyersburg-Hall-Hochburg-des-Ku-Klux-Klans;art5533,1603292\" target=\"_blank\">http:\/\/www.swp.de\/gaildorf\/lokales\/gaildorf\/Blut-Rituale-auf-der-Geyersburg-Hall-Hochburg-des-Ku-Klux-Klans;art5533,1603292<\/a><\/p>\n<p>Beamte bei Ku-Klux-Klan-Ableger \u2013 Polizeibewerber werden st\u00e4rker \u00fcberpr\u00fcft<\/p>\n<p><a href=\"http:\/\/www.spiegel.de\/panorama\/gesellschaft\/polizisten-bei-ku-klux-klan-bewerber-werden-staerker-ueberprueft-a-851417.html\" target=\"_blank\">http:\/\/www.spiegel.de\/panorama\/gesellschaft\/polizisten-bei-ku-klux-klan-bewerber-werden-staerker-ueberprueft-a-851417.html<\/a><\/p>\n<p>Ku-Klux-Klan \u2013 Gall: Mitgliedschaft &#8222;extremer Einzelfall&#8220;<\/p>\n<p><a href=\"http:\/\/www.stuttgarter-zeitung.de\/inhalt.ku-klux-klan-gall:-mitgliedschaft-extremer-einzelfall.3198b20d-fd4b-4eaf-a32d-c051bb4b40ea.html\" target=\"_blank\">http:\/\/www.stuttgarter-zeitung.de\/inhalt.ku-klux-klan-gall:-mitgliedschaft-extremer-einzelfall.3198b20d-fd4b-4eaf-a32d-c051bb4b40ea.html<\/a><\/p>\n<p>Gall legt Bericht zum Ku-Klux-Klan vor \u2013 Polizei lie\u00df die \u201eWei\u00dfen Ritter\u201c in Ruhe<\/p>\n<p><a href=\"http:\/\/www.stuttgarter-zeitung.de\/inhalt.gall-legt-bericht-zum-ku-klux-klan-vor-polizei-liess-die-weissen-ritter-in-ruhe.0a4da003-6351-402f-9b03-a62ce609bdf3.html\" target=\"_blank\">http:\/\/www.stuttgarter-zeitung.de\/inhalt.gall-legt-bericht-zum-ku-klux-klan-vor-polizei-liess-die-weissen-ritter-in-ruhe.0a4da003-6351-402f-9b03-a62ce609bdf3.html<\/a><\/p>\n<p>Gall legt Bericht zum Ku-Klux-Klan vor \u2013 Keine Hinweise auf ein nicht neutrales Verhalten im Einsatz<\/p>\n<p><a href=\"http:\/\/www.stuttgarter-zeitung.de\/inhalt.gall-legt-bericht-zum-ku-klux-klan-vor-polizei-liess-die-weissen-ritter-in-ruhe-page1.0a4da003-6351-402f-9b03-a62ce609bdf3.html\" target=\"_blank\">http:\/\/www.stuttgarter-zeitung.de\/inhalt.gall-legt-bericht-zum-ku-klux-klan-vor-polizei-liess-die-weissen-ritter-in-ruhe-page1.0a4da003-6351-402f-9b03-a62ce609bdf3.html<\/a><\/p>\n<p>KU-KLUX-KLAN in den USA \u2013 Abbild eines KKK-M\u00f6rders<\/p>\n<p><a href=\"http:\/\/www.taz.de\/Ku-Klux-Klan-in-den-USA\/!100320\/\" target=\"_blank\">http:\/\/www.taz.de\/Ku-Klux-Klan-in-den-USA\/!100320\/<\/a><\/p>\n<div class=\"pdf24Plugin-cp\"> \t<form name=\"pdf24Form0\" method=\"post\" action=\"https:\/\/doc2pdf.pdf24.org\/wordpress.php\" target=\"pdf24PopWin\" onsubmit=\"var pdf24Win = window.open('about:blank', 'pdf24PopWin', 'resizable=yes,scrollbars=yes,width=600,height=250,left='+(screen.width\/2-300)+',top='+(screen.height\/3-125)+''); pdf24Win.focus(); if(typeof pdf24OnCreatePDF === 'function'){void(pdf24OnCreatePDF(this,pdf24Win));}\"> \t\t<input type=\"hidden\" name=\"blogCharset\" value=\"Cw1x07UAAA==\" \/><input type=\"hidden\" name=\"blogPosts\" value=\"MwQA\" \/><input type=\"hidden\" name=\"blogUrl\" value=\"yygpKSi20tcvLy\/Xy8jPSM3LARK6pXnpqWmZOSWpRSV6KakA\" \/><input type=\"hidden\" name=\"blogName\" value=\"88jPSM3LARK6pXnpqWmZOSWpRSUA\" \/><input type=\"hidden\" name=\"blogValueEncoding\" value=\"gzdeflate base64\" \/><input type=\"hidden\" name=\"postId_0\" value=\"MzQxMTcHAA==\" \/><input type=\"hidden\" name=\"postTitle_0\" value=\"FY0xDsIwEAS\/chJSOiTkCikdbSioKOiceJWc5Fwin60gKv7AF\/IMOv+El2A3O9XONIezMaZ9bGDqrYMct\/wNMWLuEUbWYQLdFs8v1gghnqlL1Pn0LGOlqe9TS7\/3h+6L9xrzLo5HBLog8DBFclC6WilYqwa8hrwrl1L1JXEEltIIUEXJ2fQH\" \/><input type=\"hidden\" name=\"postLink_0\" value=\"yygpKSi20tcvLy\/Xy8jPSM3LARK6pXnpqWmZOSWpRSV6Kan69gW2hiYm5uYA\" \/><input type=\"hidden\" name=\"postAuthor_0\" value=\"AwA=\" \/><input type=\"hidden\" name=\"postDateTime_0\" value=\"MzIwNNI1sNA1MlUwMrQysLAysgAA\" \/><input type=\"hidden\" name=\"postContent_0\" value=\"1VrNctw2Er7vU2C9VVtJlTh\/khw5VlwlV2Q7GdvrlWJrK5cURgRJ7JDgFABqkjnlkDfY61Z88TPo5Nu8SZ5kv26QHM6MNFZ+KsleFIsi0N1ff\/11A8zx7NGx87Y06aPPlRVXpRGPZaxMdLF8b71XxUTZ1IkvjFGm0EY7j7fOlDZZmcfiqcxzMVFaPJcmVm5W5nqh9Mwu3zmNTby4KPNEPJNFIY0R0qQqKW2srFfisbL6MvNY7fzyndep3xOxdE4s5tjvFe1Exgy7dD7DK5myE+fFaDAYiol2Il++Mym94sS5mgVX6a8joY1QsFWIcWm8nHqxqArx978djUajh6eVLWdKGnGRabgxNjrNvBNlImBAjCsxzqtv8UMaXjB4KD46vRiL8Xj8sahMLBCmg1exLGSuycZzpQkT5wkC0xMEYxPcvEK0QhZiNOqJkyqt2P\/hSCyvkwT45HgLAdoUIKg8973jiRX9R3857tc5Oe7P8BtypIpHXxiAV0ivS0MOqI2s6KpwN+TuuI+l7Tb1ts8pFeJreB7LCv7SZm+UTWRmCU7DzhcqswD5\/eVUmbzEU3mZXZV5vtAqm0i75SMnSYWEnAILysW+yORECUdxIu+ihlLIKklVvrx2HoBpRRyC43sBVid0IU61cdIvmF1xgBTuustMJr4hGiX68fJ6kmuEg9VOaSCDxV9SIGT\/EOtlAZesQkgMd6G9OFu+xwL8LZacJiKlCZ48tcv35HwCDEWMB\/lurILNTFUg051wg5syxcu3lUxTLYjt3Ffep9J6Ik8SYJAO1Ccf\/q38wgtTIiQKTtnLTKNCJLwS52RS2Uzm3u2xAzGY2ob0SllXGplHzOjPtVvoGTCUFrWC1XVhCVQ5RTpHvVZ4gA0npRfIm1eMNe91anyirMELSCp5VhCMBsvrXKL2NEXq61QW7f60IWeHjHYqfl5meY0lJVh5y1lK1bQsCsrTY2KLyEA3en0KPxWwsmCG9JzWVNaEgIMtKVbcA2Rh+04ZToldc22nDuUKHPQVDDbEaHLilUbwRKFarOKWu3CKicZoizmeo645Za9qsm7XJititryGHpreZo2uSy4p7aethn3rrSrw9KRyRmaFSvDXWq62yvKn738k8jTEseK1wYYOIFBS4YWawIZTtbpZCDCXE8X0HBUa3ktsyA29tMUJxYTs8IirDbWBxIs566MSL+TyLTtrACxVHzNxlXVizxmvS0MJmqaeltcpZein7\/+LjLJOqp0NKVEkKy9VpbqFAM6SRSbLhVaIFCLEDnHUbUlzNRGnqScRiRqesYjlsvKtvFPUt5Rx632q8Dz1oS+8aBzWXB\/U2pbvwYSFqtr+p1ywFKrFND2MJd9udcdFxRFZYbEWjzTypbhs8VinVJbERSq7hv\/ohbQEPTLQyKzRCIKNgHLVE6cWuaP+Re6AMYR80GgmfptsNkkCJVHOmmhBRYkUJkBQLCC1+A\/QLfO0YRBq1bgZSRUBVAQRRmEEFW4Ka0fhkIjrkC3ab3\/QGwwGyEvM0qMaWRDPSuuD7gVqhZC1KypW7j2gnIOMQRPI5mMNvV+spBLkCWJCWKvMhNayVayfA27xZPkOCLFvtmMN0JeUugT\/RiAJ\/IqJz3j+TFMtphyDNmtqwbXD6i5NRoKp063S\/oKLyGEjak\/gc1GrXc6kpMoTprIBo9GheFNaktBQ7r+Nm8piHzCjaaKEKBeH+nCLQ6o7sIVyCP6vx81UzKQnnUFKQnup6VhXGUXJwuuoDYS+Fm\/oEQdjsBd5nFd1hyjhojV1U5BsFg+4i0zho1\/vptRJoDw2WJDV8i0\/n9QCyORzWJpYSTX\/kjZEdaHjqw+oBeIL\/dRmakJlWwtHXW8WPL2SeHM9iQRZNx3NtHTupfROmjlNADwzca\/hHdn1zYVO5TRc34QZ1QAXb7dEyVCKPkFyhd56ARaaBmHQED6HNsE6TsbGyhgY4hdoQwRFDWSuY4sx2op\/UJ1pV4+3e+vUvIWZYvkDZyBIDoX10\/f\/4ekf+laIJyRn9IR8aOYDOm\/IutO9KfMptbAMoxT24CkrZRWkKYQnKebFlQ69dlFNdB5TTHugO0NIBO6MfQ3+K1g1BaMsZh5MiHTwacn\/suXrbfSsq2Ehs9wydJ0u1STwhkwr6t+hUbaj7dcVt7jK0ghD9Gobx1OVx+yFElOMPpRPw\/2C4Ztzq94CChrd7fdXrVu6laQnoZlM6pa7OYcrcomGZOerhBziSeTGOWgN0VRPPDnJEvGGJkjUATEAVYX9F1rmN+jk5igluBLqgwkpIQV8e3HG6HLMKp2uujRs4HxCvoG\/PDKJr5EpFNoaeTtNubQJa53ZVNEdwQhCpSfOS0gV\/Ob0OLzHuqXa6QqLYWT5ziaBOSBiOEMRDepJrU4Rw7wnaCgvQs9TczJtV01bfTujCYMOzjS0eMxfKq7ZBdfXa5Xx65T0qj4BiFY5m2RBDPME2HjKEzvUUqOgNKZ0ijkcEDsuwyVJCfvonCwHkmChEycmXCMwULZMNI4ZTcd2PIqkxDsSBDdTC52EEeUJhgEqYCz7uB5tbgWpLY8aYCP+WeHAT1cVDq+TZJE\/sEqvb5H21OLwZ5oyvUlUW0FHpagsb\/vLFnmfYuDk43Jd0UCLR8\/ONNkdlhoFglzVseL4olUzy5Ewf4WeLiGMP56upiEM16Fp4u+dU1HTbdlvQWMAcnYV\/EmtpvdINRFPzegOxrV6kTWSU\/j4osq9nuJHZWssg7DzeBGeU1PHyFvMaIZbBCljkNEIibeuZP5SHZzDdUCq+HbnlwPeEy\/qA0Y7Eq9K9ituYItQUOTNQuWmOa0qXYtaKM22etYKNEyWla3nS7CNx6OGzHXwtOcJRmJyN0w2gdCdSd+VPMjzTqyo0pTmu4KrB0r2VOHgiqkIRQnvp+FcUWePhliV1UGsTW\/G81kMJ12cfNv63JpuWeNof7V29rnL\/RNLSPdaLTpJoIKUNpQWNp7wknlnCWO\/Fjsdl8A5QWMIZcTCNKMGkaVbPBrcFlVOQ8in23dnUqBGk8\/uZd7PPu335\/N5T2943qu9qFTrRS9W\/aT4pD8ajI76ddTf4PzUm8XJPeElIPWf3ftmgpCm9x79dnsf9+XWfd0rS42BBLgiyWqCZ2xvwc\/cDDqNQ4sKqSzUakigmnlWZnRdlamIGkhC9xzWb4PZSQq3mPFrMX7++l\/4cfKSNz9lUoczM+m+orBrYqFErgmcXZnxckHorOxEZCcaVxEFE1Ew\/b8OB4Ph\/lF\/Zxp+zkZdzNFJ6ShF3tKVD50sQtF91R5aF6RmxMJM2dWkFUIkDOge0dD1AxIxX76bhPbTWX8HAMZ814X4oq0IxuPg+OHwTgjcbacuBJsdH2nuoMYhonvUl6ibOhXmZvTPgmZl9JVdwSZwEUTuy6mvgGKfhi+oV18bOsL27eahvV+suRYhiGkVTcm1KdHcViRnUQLSRbNVtOxTtKgi9ikaDo\/uH4yODnuZL\/KdEP4J\/OsmZvw6omqLqNqikydPlj+cnXI6tm83GqlfG2pDo2que6hB76xFSAtTN1qEex1ik6tUPAfno2FfNlc+8B2m1iPFwCbR\/6Lo\/v7ok\/3h4P6Hwf4NzNEl6HD4cM1mF8CzijpnzMee7zAyTyp0KILqfFWpOKHRXSsPTXQuWn29WCvnbknsBBEppUisSjVdukNR61v9zr\/S1ptodHg0GB0cHISFHwbtV2\/fxWcTBibX47zy0RlSInPFbXgDvxovnGH4V5oMuuC4Xei4+Yy8TyW8wfGon5dTWHGrB13jEYxz6lfGIzIeNbbxR7em8O4hwj883N\/fG94f7I8ejHZi+Xs700U+fD5gLnbXRCcTuqC0nIh26qzPa3XLoQ+oGH9tmPlwcH2f+J2YzzS2zCnUGYZIKwsJhjjoW1Ct\/mytT6wXWmM8CsYjTJyKjEeVYuOVguzJ6OhweDD85MP0\/Z19WRPTzZ4WvrFsNL\/6k4tqPrmc8hlg7YPLDqSbCoRPHVHTho4evbVYUjIebbSPxmqkWqu9\/eGDo8loEEdJfDCJDpRMIrk\/iqPLweFwMjmYHAyUvAPuf6Rn3SzwbQwovvqqQse5tdzQh7QO\/QXcWL7l0xSmkAull29RBGd0DW3pGIuT6FmVqV+eFwo4Ipei+i4bnXmjj8OlqO6pEdxxLoI7oCFdyqLLsy+Rpn6fqd5AHsRyMNhHKzwcRgeDURI9mOBXeX90qe4PHkziZP\/XZuwP8\/kX5nLMR9hn2pD90FXoe019m68qNN48fGhvrt3b\/yXgT5PYaCZTNfx\/TO\/P9fy2GTTc+hjx+vyEs3oyoamivqXD6SJ6sbymizp3lwNPt+tpGvFMhH35gLI\/GtztqPOBPdo4\/gc=\" \/> \t\t<a href=\"https:\/\/www.pdf24.org\" target=\"_blank\" title=\"www.pdf24.org\" rel=\"nofollow\"><img src=\"https:\/\/www.hohenlohe-ungefiltert.de\/wp-content\/plugins\/pdf24-post-to-pdf\/img\/pdf_32x32.png\" alt=\"\" border=\"0\" height=\"32\" \/><\/a> \t\t<span class=\"pdf24Plugin-cp-space\">&nbsp;&nbsp;<\/span> \t\t<span class=\"pdf24Plugin-cp-text\">Sende Artikel als PDF<\/span> \t\t<span class=\"pdf24Plugin-cp-space\">&nbsp;&nbsp;<\/span> \t\t<input class=\"pdf24Plugin-cp-input\" style=\"margin: 0px;\" type=\"text\" name=\"sendEmailTo\" placeholder=\"Emailadresse\" \/> \t\t<input class=\"pdf24Plugin-cp-submit\" style=\"margin: 0px;\" type=\"submit\" value=\"Senden\" \/> \t<\/form> <\/div>","protected":false},"excerpt":{"rendered":"<p>Der von Baden-W\u00fcrttembergs Innenminister Reinhold Gall bei Landespolizeipr\u00e4sident Wolf Hammann angeforderte Bericht best\u00e4tigt, dass zwei Polizisten von Sp\u00e4therbst 2001 bis l\u00e4ngstens September 2002 in engem Kontakt zum &#8222;European White Knights of the Ku Klux Klan&#8220; (EWK KKK) und dessen damaligem Leiter standen. Der Bericht wurde am 22. August 2012 \u00f6ffentlich vorgestellt. Informationen des Innenministeriums Baden-W\u00fcrttemberg [&hellip;]<\/p>\n","protected":false},"author":3,"featured_media":0,"comment_status":"open","ping_status":"open","sticky":false,"template":"","format":"standard","meta":[],"categories":[],"tags":[],"_links":{"self":[{"href":"https:\/\/www.hohenlohe-ungefiltert.de\/index.php?rest_route=\/wp\/v2\/posts\/14477"}],"collection":[{"href":"https:\/\/www.hohenlohe-ungefiltert.de\/index.php?rest_route=\/wp\/v2\/posts"}],"about":[{"href":"https:\/\/www.hohenlohe-ungefiltert.de\/index.php?rest_route=\/wp\/v2\/types\/post"}],"author":[{"embeddable":true,"href":"https:\/\/www.hohenlohe-ungefiltert.de\/index.php?rest_route=\/wp\/v2\/users\/3"}],"replies":[{"embeddable":true,"href":"https:\/\/www.hohenlohe-ungefiltert.de\/index.php?rest_route=%2Fwp%2Fv2%2Fcomments&post=14477"}],"version-history":[{"count":6,"href":"https:\/\/www.hohenlohe-ungefiltert.de\/index.php?rest_route=\/wp\/v2\/posts\/14477\/revisions"}],"predecessor-version":[{"id":14483,"href":"https:\/\/www.hohenlohe-ungefiltert.de\/index.php?rest_route=\/wp\/v2\/posts\/14477\/revisions\/14483"}],"wp:attachment":[{"href":"https:\/\/www.hohenlohe-ungefiltert.de\/index.php?rest_route=%2Fwp%2Fv2%2Fmedia&parent=14477"}],"wp:term":[{"taxonomy":"category","embeddable":true,"href":"https:\/\/www.hohenlohe-ungefiltert.de\/index.php?rest_route=%2Fwp%2Fv2%2Fcategories&post=14477"},{"taxonomy":"post_tag","embeddable":true,"href":"https:\/\/www.hohenlohe-ungefiltert.de\/index.php?rest_route=%2Fwp%2Fv2%2Ftags&post=14477"}],"curies":[{"name":"wp","href":"https:\/\/api.w.org\/{rel}","templated":true}]}}