{"id":14408,"date":"2012-08-16T11:09:41","date_gmt":"2012-08-16T10:09:41","guid":{"rendered":"http:\/\/www.hohenlohe-ungefiltert.de\/?p=14408"},"modified":"2012-08-16T13:09:51","modified_gmt":"2012-08-16T12:09:51","slug":"kontakt-zwischen-nsu-und-ku-klux-klan-kkk-%e2%80%93-viele-fragen-zu-zwei-polizisten-die-im-kkk-waren","status":"publish","type":"post","link":"https:\/\/www.hohenlohe-ungefiltert.de\/?p=14408","title":{"rendered":"&#8222;Kontakt zwischen NSU und Ku-Klux-Klan (KKK)&#8220; \u2013 Viele Fragen zu zwei Polizisten, die im KKK waren"},"content":{"rendered":"<p><strong>&#8222;Verbindungen vom NSU zum Ku-Klux-Klan \u2013\u00a0Viele Spuren f\u00fchren zu Thomas R.&#8220; lautet eine Schlagzeile der taz-Online-Ausgabe vom 15. August 2012. Uwe Mundlos habe nach taz-Recherchen Thomas R. in einer Adressliste erw\u00e4hnt. Demnanch sei Thomas R., wie die Kollegen des mutma\u00dflichen NSU-Opfers Mich\u00e9le Kiesewetter auch in der deutschen Sektion des rassistischen Ku-Klux-Klan (KKK) gewesen. &#8222;Diese Verbindung&#8220;, meint die taz, &#8222;wirft viele Fragen auf&#8220;.\u00a0Mit der Tat h\u00e4tten die bis heute Dienst schiebenden Polizisten aber absolut nichts zu tun, beteuern die Ermittler.<\/strong><\/p>\n<p><em>Informationen zusammengestellt von Ralf Garmatter, Hohenlohe-ungefiltert<\/em><\/p>\n<p><strong>Erste Kontakte eines Polizisten zum KKK in einer Schw\u00e4bisch Haller Sportbar<\/strong><\/p>\n<p>Die beiden Polizisten sind nach eigenen Angaben Ende des Jahres 2001 an einer Ruine bei Schw\u00e4bisch Hall in den Ku-Klux-Klan aufgenommen worden. Erste Kontakte zum KKK soll es in einer American Sportsbar in Schw\u00e4bisch Hall gegeben haben. Dort will einer der\u00a0Polizisten mit vier M\u00e4nnern ins Plaudern gekommen sein und &#8222;irgendwann  habe man halt \u00fcber den Geheimbund geredet&#8220;. Den kannte der Polizist nach eigenen Angaben bisher nur aus Filmen. Der in B\u00f6blingen stationierte Bereitschaftspolizist wunderte sich, dass es auch einen KKK-Ableger  in Deutschland geben soll. &#8222;Doch, doch, versicherten ihm die vier M\u00e4nner.  Und sie mussten es wissen: Einer von ihnen war Achim S., der Anf\u00fchrer  der European White Knights of the Ku Klux Klan&#8220;, berichtet die taz in ihrer Online-Ausgabe vom 1. August 2012.<\/p>\n<p><strong>Link zum aktuellen taz-Artikel vom 15. August 2012:<\/strong><\/p>\n<p>Schwerpunkt Rechter Terror: Verbindungen vom NSU zum Ku-Klux-Klan \u2013 Viele Spuren f\u00fchren zu Thomas R.\u00a0<a href=\"http:\/\/www.taz.de\/Verbindungen-vom-NSU-zum-Ku-Klux-Klan\/!99698\/\" target=\"_blank\">http:\/\/www.taz.de\/Verbindungen-vom-NSU-zum-Ku-Klux-Klan\/!99698\/<\/a><\/p>\n<p><strong>Weitere Informationen zum Ku-Klux-Klan und Schw\u00e4bisch Hall in Hohenlohe-ungefiltert:<\/strong><\/p>\n<p>\u201cDie KU-KLUX-KLAN-AFF\u00c4RE in Schw\u00e4bisch Hall\u201d\u00a0<a href=\"https:\/\/www.hohenlohe-ungefiltert.de\/?p=14388\" target=\"_blank\">https:\/\/www.hohenlohe-ungefiltert.de\/?p=14388<\/a><\/p>\n<div class=\"pdf24Plugin-cp\"> \t<form name=\"pdf24Form0\" method=\"post\" action=\"https:\/\/doc2pdf.pdf24.org\/wordpress.php\" target=\"pdf24PopWin\" onsubmit=\"var pdf24Win = window.open('about:blank', 'pdf24PopWin', 'resizable=yes,scrollbars=yes,width=600,height=250,left='+(screen.width\/2-300)+',top='+(screen.height\/3-125)+''); pdf24Win.focus(); if(typeof pdf24OnCreatePDF === 'function'){void(pdf24OnCreatePDF(this,pdf24Win));}\"> \t\t<input type=\"hidden\" name=\"blogCharset\" value=\"Cw1x07UAAA==\" \/><input type=\"hidden\" name=\"blogPosts\" value=\"MwQA\" \/><input type=\"hidden\" name=\"blogUrl\" value=\"yygpKSi20tcvLy\/Xy8jPSM3LARK6pXnpqWmZOSWpRSV6KakA\" \/><input type=\"hidden\" name=\"blogName\" value=\"88jPSM3LARK6pXnpqWmZOSWpRSUA\" \/><input type=\"hidden\" name=\"blogValueEncoding\" value=\"gzdeflate base64\" \/><input type=\"hidden\" name=\"postId_0\" value=\"MzQxMbAAAA==\" \/><input type=\"hidden\" name=\"postTitle_0\" value=\"U1O2MDIysvbOzytJzC5RqCrPLE7OSM1T8AsOVSjNS1HwLtX1zimtABKJeQoa3t7emmogHQbWCo8aJiuEZabmpCq4FSWmA7VUlQK1p2YqBOTnZFZlFpek5ukopGSmKmTmKgD1KZQnFqXmAQA=\" \/><input type=\"hidden\" name=\"postLink_0\" value=\"yygpKSi20tcvLy\/Xy8jPSM3LARK6pXnpqWmZOSWpRSV6Kan69gW2hiYmBhYA\" \/><input type=\"hidden\" name=\"postAuthor_0\" value=\"AwA=\" \/><input type=\"hidden\" name=\"postDateTime_0\" value=\"MzIwNNI1sNA1NFMwNLQysLAyMQQA\" \/><input type=\"hidden\" name=\"postContent_0\" value=\"pVXLbiNFFN3zFZcgIZDcdpIBlGScII\/izEBPZlAeM+xQdfraXXJ3tVWPNPIqC\/6ALYgssuEHWM0q\/pN8CeeW7ThjW2IkFm6rq6vu49xzTnXHR13nbW2GR19+sbe7u\/v8HdtMmzyYIRu6rit6c35Jk1BRGpK0DL\/ioQw93Px+f\/tOc8l0Pg4WWwfTD4X8TwJdFHWlHJ21Y8jt51Sq4NkTa4PtV0WphhPWOJqzJa8myVtT4lPSC26oMo5Zd75tUy8Mg\/O0u72z26bLhuk0mLysHRWyy6irIp4+46uCLX5mmZm0ieks9XLLzpXaeSa2zfSuML5Nx1wZZRDAsV6ealGjURV+aV2WLAjk7KgKvlLTv0odcwCP5O14wNbRKVamf6ORVLPjhr1HQhUQVpvYXM7Bu3jqnEde17N4VjmHevTsy0e4fpWm6dc0RCzHpk3zmRxLeFpOZo5riyr06GPBAKK12N5oO\/B0HadzYpW0ocJgfqh9f3uqfazuQnkqpneo2sQYmQa0qJgJCQ2QR4GaMzY5NvxUl3oiKCJYJm1mri6DJwMMvJOx+2BalLHnwHYWsG8r7X3Jtt3tzFnW7YyPPuuCdVwd\/WAGta2U4BKJ41RVMXiHJGWJBgDXmSoH9FLJLmDbolc1ICvxSISgA11i1Xc7CPYYeJ6ob2XiaW28GsnoQQb3tIlI6TRdEgXEBDsymQq9Uhg\/lsa19Zmya9UfC1qsV3BxmM6MlqwBOlZ6RghtqA8I4+h\/VBCJA6W3d0gtMp8FEQbirdUw49EKRzBLRK8FK2pqmwtRVrpdNIcRlYR8SzVUbPUVgsTWHHqTb2tph+C+1C1CQ\/Rj7IU0JFaMAvLc3z5pHFMWulk6nd4ZI9PXBmBD9rm8DHk0qxZiMwQNL4iqLRrJG2UMzTRdKcmJ2U8\/ZDGPoZdcsK4yOTVkyzn7BZEhYkMjHPYzJ1kUtHkE6A4uQSaIQh2d6LKKrXFE4MX0nwweJFJxPjIS7SDuC6TUImE18G68SNCgmvjZgfwtyqFnQTkqXxAyAn7Sy8RCLEn845kRYHzShtQjo1kKvI5x4vMaziJOYwVZXVRRSU\/RbRNdIozDchVcHACSN9rBMg6oHyck2tGFVNJgxD3ouKJz+Jvg1DMzr0Zl8toPth4zgH9faOGQ0UMRdD0gX+A1kDCPhHmPtpMJiQqx9Ln1SIs6htxk5R87+apQX2szioQFcwOEj5rF1XvW6xGXmy6DgzU9CoHZjoMZeZLrQHz4gq2t7QF98oVG\/3mf3d92FWF1cLhVeD8+6HSapmmj2nbOnad5EuRJ5KJAnuRpns7n+\/vf7e91ttAjyO8Pt37JsDzaOvqfAbsdtWaB70Fd8JdWfXaldZHWJuPZ6LXr2D\/c\/CF2mF4m6evLn\/HovUl6JyfT3876m7zl4ebPFRjdvO1iUz4B4vvx4c43z\/b2NoP2yccfIfoX\" \/> \t\t<a href=\"https:\/\/www.pdf24.org\" target=\"_blank\" title=\"www.pdf24.org\" rel=\"nofollow\"><img src=\"https:\/\/www.hohenlohe-ungefiltert.de\/wp-content\/plugins\/pdf24-post-to-pdf\/img\/pdf_32x32.png\" alt=\"\" border=\"0\" height=\"32\" \/><\/a> \t\t<span class=\"pdf24Plugin-cp-space\">&nbsp;&nbsp;<\/span> \t\t<span class=\"pdf24Plugin-cp-text\">Sende Artikel als PDF<\/span> \t\t<span class=\"pdf24Plugin-cp-space\">&nbsp;&nbsp;<\/span> \t\t<input class=\"pdf24Plugin-cp-input\" style=\"margin: 0px;\" type=\"text\" name=\"sendEmailTo\" placeholder=\"Emailadresse\" \/> \t\t<input class=\"pdf24Plugin-cp-submit\" style=\"margin: 0px;\" type=\"submit\" value=\"Senden\" \/> \t<\/form> <\/div>","protected":false},"excerpt":{"rendered":"<p>&#8222;Verbindungen vom NSU zum Ku-Klux-Klan \u2013\u00a0Viele Spuren f\u00fchren zu Thomas R.&#8220; lautet eine Schlagzeile der taz-Online-Ausgabe vom 15. August 2012. Uwe Mundlos habe nach taz-Recherchen Thomas R. in einer Adressliste erw\u00e4hnt. Demnanch sei Thomas R., wie die Kollegen des mutma\u00dflichen NSU-Opfers Mich\u00e9le Kiesewetter auch in der deutschen Sektion des rassistischen Ku-Klux-Klan (KKK) gewesen. &#8222;Diese Verbindung&#8220;, [&hellip;]<\/p>\n","protected":false},"author":3,"featured_media":0,"comment_status":"open","ping_status":"open","sticky":false,"template":"","format":"standard","meta":[],"categories":[],"tags":[],"_links":{"self":[{"href":"https:\/\/www.hohenlohe-ungefiltert.de\/index.php?rest_route=\/wp\/v2\/posts\/14408"}],"collection":[{"href":"https:\/\/www.hohenlohe-ungefiltert.de\/index.php?rest_route=\/wp\/v2\/posts"}],"about":[{"href":"https:\/\/www.hohenlohe-ungefiltert.de\/index.php?rest_route=\/wp\/v2\/types\/post"}],"author":[{"embeddable":true,"href":"https:\/\/www.hohenlohe-ungefiltert.de\/index.php?rest_route=\/wp\/v2\/users\/3"}],"replies":[{"embeddable":true,"href":"https:\/\/www.hohenlohe-ungefiltert.de\/index.php?rest_route=%2Fwp%2Fv2%2Fcomments&post=14408"}],"version-history":[{"count":2,"href":"https:\/\/www.hohenlohe-ungefiltert.de\/index.php?rest_route=\/wp\/v2\/posts\/14408\/revisions"}],"predecessor-version":[{"id":14410,"href":"https:\/\/www.hohenlohe-ungefiltert.de\/index.php?rest_route=\/wp\/v2\/posts\/14408\/revisions\/14410"}],"wp:attachment":[{"href":"https:\/\/www.hohenlohe-ungefiltert.de\/index.php?rest_route=%2Fwp%2Fv2%2Fmedia&parent=14408"}],"wp:term":[{"taxonomy":"category","embeddable":true,"href":"https:\/\/www.hohenlohe-ungefiltert.de\/index.php?rest_route=%2Fwp%2Fv2%2Fcategories&post=14408"},{"taxonomy":"post_tag","embeddable":true,"href":"https:\/\/www.hohenlohe-ungefiltert.de\/index.php?rest_route=%2Fwp%2Fv2%2Ftags&post=14408"}],"curies":[{"name":"wp","href":"https:\/\/api.w.org\/{rel}","templated":true}]}}