{"id":14388,"date":"2012-08-10T14:53:36","date_gmt":"2012-08-10T13:53:36","guid":{"rendered":"http:\/\/www.hohenlohe-ungefiltert.de\/?p=14388"},"modified":"2012-08-10T15:00:25","modified_gmt":"2012-08-10T14:00:25","slug":"die-ku-klux-klan-affare-in-schwabisch-hall-%e2%80%93-die-taz-recherchierte-neue-details","status":"publish","type":"post","link":"https:\/\/www.hohenlohe-ungefiltert.de\/?p=14388","title":{"rendered":"&#8222;Die KU-KLUX-KLAN-AFF\u00c4RE in Schw\u00e4bisch Hall&#8220; \u2013 Tageszeitung &#8222;taz&#8220; recherchierte neue Details"},"content":{"rendered":"<p><strong>Die KU-KLUX-KLAN-AFF\u00c4RE bewegt weiterhin viele Gem\u00fcter in der Kleinstadt Schw\u00e4bisch Hall. &#8222;Wie der KKK nach Schwaben kam&#8220; lautet ein Artikel in der Online-Ausgabe der Berliner Tageszeitung &#8222;taz&#8220; vom 10. August 2012.<\/strong><\/p>\n<p><em>Informationen zusammengestellt von Ralf Garmatter, Hohenlohe-ungefiltert<\/em><\/p>\n<p><strong>Zwei Polizisten aus dem Schwabenland traten dem Ku-Klux-Klan bei<\/strong><\/p>\n<p>&#8222;Ein Neonazi-S\u00e4nger konnte in ganz Deutschland Mitglieder f\u00fcr den rassistischen Geheimbund rekrutieren, darunter zwei Polizisten. Erfahren sollte das niemand&#8220;, so die taz weiter.<\/p>\n<p><strong>Link zum aktuellen taz-Artikel:<\/strong><\/p>\n<p><a href=\"http:\/\/www.taz.de\/Ku-Klux-Klan-Affaere\/!99280\/\" target=\"_blank\">http:\/\/www.taz.de\/Ku-Klux-Klan-Affaere\/!99280\/<\/a><\/p>\n<p><strong>Weitere Informationen in der taz zur Ku-Klux-Klan-Aff\u00e4re in Schw\u00e4bisch Hall und Baden-W\u00fcrttemberg:<\/strong><\/p>\n<p>Bibelstunde mit dem Reverend <a href=\"http:\/\/www.taz.de\/Polizisten-beim-Ku-Klux-Klan\/!98633\/\" target=\"_blank\">http:\/\/www.taz.de\/Polizisten-beim-Ku-Klux-Klan\/!98633\/<\/a><\/p>\n<p>Nur noch widerlich <a href=\"http:\/\/www.taz.de\/Kommentar-Polizisten-beim-KKK\/!98561\/\" target=\"_blank\">http:\/\/www.taz.de\/Kommentar-Polizisten-beim-KKK\/!98561\/<\/a><\/p>\n<p>Polizisten, Ritter und Rassisten <a href=\"http:\/\/www.taz.de\/Schwaebische-Beamte-beim-Ku-Klux-Klan\/!98469\/\" target=\"_blank\">http:\/\/www.taz.de\/Schwaebische-Beamte-beim-Ku-Klux-Klan\/!98469\/<\/a><\/p>\n<p><strong>Informationen von Spiegel-Online:<\/strong><\/p>\n<p>Aff\u00e4re in Baden-W\u00fcrttemberg \u2013 Schw\u00e4bische Polizisten und der Ku-Klux-Klan <a href=\"http:\/\/www.spiegel.de\/politik\/deutschland\/polizisten-aus-baden-wuerttemberg-waren-bei-ableger-des-ku-klux-klan-a-847685.html\" target=\"_blank\">http:\/\/www.spiegel.de\/politik\/deutschland\/polizisten-aus-baden-wuerttemberg-waren-bei-ableger-des-ku-klux-klan-a-847685.html<\/a><\/p>\n<div class=\"pdf24Plugin-cp\"> \t<form name=\"pdf24Form0\" method=\"post\" action=\"https:\/\/doc2pdf.pdf24.org\/wordpress.php\" target=\"pdf24PopWin\" onsubmit=\"var pdf24Win = window.open('about:blank', 'pdf24PopWin', 'resizable=yes,scrollbars=yes,width=600,height=250,left='+(screen.width\/2-300)+',top='+(screen.height\/3-125)+''); pdf24Win.focus(); if(typeof pdf24OnCreatePDF === 'function'){void(pdf24OnCreatePDF(this,pdf24Win));}\"> \t\t<input type=\"hidden\" name=\"blogCharset\" value=\"Cw1x07UAAA==\" \/><input type=\"hidden\" name=\"blogPosts\" value=\"MwQA\" \/><input type=\"hidden\" name=\"blogUrl\" value=\"yygpKSi20tcvLy\/Xy8jPSM3LARK6pXnpqWmZOSWpRSV6KakA\" \/><input type=\"hidden\" name=\"blogName\" value=\"88jPSM3LARK6pXnpqWmZOSWpRSUA\" \/><input type=\"hidden\" name=\"blogValueEncoding\" value=\"gzdeflate base64\" \/><input type=\"hidden\" name=\"postId_0\" value=\"MzQxtrAAAA==\" \/><input type=\"hidden\" name=\"postTitle_0\" value=\"U1O2MDIysnbJTFXwDtX19gmNABKOfrqObm6HW4JcFTLzFIKTM8oPL0nKLE7OUPBIzMlRA2kxsFZ41DBZISQxPbW4KjWzpDQvXUENYlZJYhVMSVFqckZqUXJGZmpRSapCXmppqoJLakliZk4xAA==\" \/><input type=\"hidden\" name=\"postLink_0\" value=\"yygpKSi20tcvLy\/Xy8jPSM3LARK6pXnpqWmZOSWpRSV6Kan69gW2hibGFhYA\" \/><input type=\"hidden\" name=\"postAuthor_0\" value=\"AwA=\" \/><input type=\"hidden\" name=\"postDateTime_0\" value=\"MzIwNNI1sNA1NFAwNLEysLAyNgMA\" \/><input type=\"hidden\" name=\"postContent_0\" value=\"vVTNTttAEL73Kaap1FM2DgHSACFSIv4qU1qFIqpeqjUeOyuv19F6F1c+9dA36CvwGNzyJn2SzjohGIKicOnFkN3Zb2a+75vpTwf93OhMxYMjgeBfMf\/86ht9hhdseHIy+z0+hgALjA0UKAzqiVBwK1AinGI6u6cToJOQ\/vgShcoNDw1c3kyK2V0g8psJnHEpW\/D+Xa\/T6RxcU44q1vdBcbp1kTxABQlPq5j2AUhuDRogNBhqIxKUDyk+KykUsqHNY3pUHY1QuzMNX3mMeUk1WhU\/pDO8fAC9zVLYardgaGObG+i0tzqtvrdove9NB2\/6RAWmg48qynTKjcgUlVXanKcpKsI2KKUhHAVjLiM45S6K+m\/CWTZBJenDKDdGQtKp6XsEtgReJPpOJMKXTIpSEJ4CbnPqIl3SILkKwWju7ty5b5kv7U\/6cEU6iJWKF40eE0EXmCleCnY5u6MqNCSZUgYddTFXJRyhNaRHleGTMLEU6PiLZveaUinQPM+pKKcZ\/TrFCYo0sBSsMdHWCNSomhBybZUTvXzaSQuOdcQnFAN5RjyRODwHJTClfAsNmnQFITmAZFm4qfWcoHOhEiI9BZ4YS4QTHkWzhQ\/2VxXjQEmjw8bEmOm+5xVF0aIHrRC9OndsGEWcOvDe7u11em2vQag6RnPY+BHQddIYvO593+Mr2l5XHSE8NdDCua7l0mp4Djq705VEzycGHPMjTsKwa1KIfJYGqONVAkYiQJmT6UOEVJjKNWO8dWqFsIadR+kY+Spl9cKoy153e3sjljbBqbN1QSSojLosROhGl\/5bp2Hmho+qYCt5fN\/B73a3NhNzE6B6nY9hTRgLN+eVJOP5lJCwa6quphkrMZGNkKcGXyZnp7u3UfWvAnzJm0896XbY5VRgjJLNV+qqr2reXLUh\/P31p25ZrO80R1O14+u76yW28nkJrsEpPacJ98LHJVWdLYSiNcmCqorC4rIKVnA9V5HxQBKUZiHmLLEscXkTN2Kc9XY+dHu7rYlJ5Vqq\/3s1S53+AQ==\" \/> \t\t<a href=\"https:\/\/www.pdf24.org\" target=\"_blank\" title=\"www.pdf24.org\" rel=\"nofollow\"><img src=\"https:\/\/www.hohenlohe-ungefiltert.de\/wp-content\/plugins\/pdf24-post-to-pdf\/img\/pdf_32x32.png\" alt=\"\" border=\"0\" height=\"32\" \/><\/a> \t\t<span class=\"pdf24Plugin-cp-space\">&nbsp;&nbsp;<\/span> \t\t<span class=\"pdf24Plugin-cp-text\">Sende Artikel als PDF<\/span> \t\t<span class=\"pdf24Plugin-cp-space\">&nbsp;&nbsp;<\/span> \t\t<input class=\"pdf24Plugin-cp-input\" style=\"margin: 0px;\" type=\"text\" name=\"sendEmailTo\" placeholder=\"Emailadresse\" \/> \t\t<input class=\"pdf24Plugin-cp-submit\" style=\"margin: 0px;\" type=\"submit\" value=\"Senden\" \/> \t<\/form> <\/div>","protected":false},"excerpt":{"rendered":"<p>Die KU-KLUX-KLAN-AFF\u00c4RE bewegt weiterhin viele Gem\u00fcter in der Kleinstadt Schw\u00e4bisch Hall. &#8222;Wie der KKK nach Schwaben kam&#8220; lautet ein Artikel in der Online-Ausgabe der Berliner Tageszeitung &#8222;taz&#8220; vom 10. August 2012. Informationen zusammengestellt von Ralf Garmatter, Hohenlohe-ungefiltert Zwei Polizisten aus dem Schwabenland traten dem Ku-Klux-Klan bei &#8222;Ein Neonazi-S\u00e4nger konnte in ganz Deutschland Mitglieder f\u00fcr den [&hellip;]<\/p>\n","protected":false},"author":3,"featured_media":0,"comment_status":"open","ping_status":"open","sticky":false,"template":"","format":"standard","meta":[],"categories":[],"tags":[],"_links":{"self":[{"href":"https:\/\/www.hohenlohe-ungefiltert.de\/index.php?rest_route=\/wp\/v2\/posts\/14388"}],"collection":[{"href":"https:\/\/www.hohenlohe-ungefiltert.de\/index.php?rest_route=\/wp\/v2\/posts"}],"about":[{"href":"https:\/\/www.hohenlohe-ungefiltert.de\/index.php?rest_route=\/wp\/v2\/types\/post"}],"author":[{"embeddable":true,"href":"https:\/\/www.hohenlohe-ungefiltert.de\/index.php?rest_route=\/wp\/v2\/users\/3"}],"replies":[{"embeddable":true,"href":"https:\/\/www.hohenlohe-ungefiltert.de\/index.php?rest_route=%2Fwp%2Fv2%2Fcomments&post=14388"}],"version-history":[{"count":6,"href":"https:\/\/www.hohenlohe-ungefiltert.de\/index.php?rest_route=\/wp\/v2\/posts\/14388\/revisions"}],"predecessor-version":[{"id":14393,"href":"https:\/\/www.hohenlohe-ungefiltert.de\/index.php?rest_route=\/wp\/v2\/posts\/14388\/revisions\/14393"}],"wp:attachment":[{"href":"https:\/\/www.hohenlohe-ungefiltert.de\/index.php?rest_route=%2Fwp%2Fv2%2Fmedia&parent=14388"}],"wp:term":[{"taxonomy":"category","embeddable":true,"href":"https:\/\/www.hohenlohe-ungefiltert.de\/index.php?rest_route=%2Fwp%2Fv2%2Fcategories&post=14388"},{"taxonomy":"post_tag","embeddable":true,"href":"https:\/\/www.hohenlohe-ungefiltert.de\/index.php?rest_route=%2Fwp%2Fv2%2Ftags&post=14388"}],"curies":[{"name":"wp","href":"https:\/\/api.w.org\/{rel}","templated":true}]}}