{"id":14343,"date":"2012-08-05T20:59:53","date_gmt":"2012-08-05T19:59:53","guid":{"rendered":"http:\/\/www.hohenlohe-ungefiltert.de\/?p=14343"},"modified":"2012-08-05T20:59:53","modified_gmt":"2012-08-05T19:59:53","slug":"den-nazis-wurde-der-weg-von-der-polizei-regelrecht-frei-geprugelt-%e2%80%93-npd-deutschlandtour-machte-halt-in-stuttgart","status":"publish","type":"post","link":"https:\/\/www.hohenlohe-ungefiltert.de\/?p=14343","title":{"rendered":"&#8222;Den Nazis wurde der Weg von der Polizei regelrecht frei gepr\u00fcgelt&#8220; \u2013 NPD-Deutschlandtour machte Halt in Stuttgart"},"content":{"rendered":"<p><strong>Zur &#8222;Deutschlandtour der NPD&#8220; und zum Polizeikessel gegen AntifaschistInnen am 30. Juli 2012 in Stuttgart gibt das Stuttgarter B\u00fcndnis f\u00fcr Versammlungsfreiheit unten stehende Erkl\u00e4rung ab.<\/strong><\/p>\n<p><em>Von Markus Spreitzer, Sprecher des Stuttgarter B\u00fcndnisses f\u00fcr Versammlungsfreiheit<\/em><\/p>\n<p><strong>Mehrere Hundertschaften, Reiterstaffel und Greiftrupps (BFE-Einheiten) waren im Einsatz<\/strong><\/p>\n<p>Am 30. Juli 2012 versuchte die NPD im Rahmen ihrer selbst so genannten &#8222;Deutschlandtour&#8220; eine Kundgebung in der Stuttgarter Innenstadt abzuhalten. Zahlreiche Antifaschisten protestierten dagegen und versuchten mit Sitzblockaden die Kundgebung zu verhindern. Den Nazis wurde der Weg von der Polizei regelrecht frei gepr\u00fcgelt: Mehrere Hundertschaften, Reiterstaffel und Greiftrupps (BFE-Einheiten) waren im Einsatz.<\/p>\n<p><strong>Gegendemonstranten stundenlang bei praller Sonne im Polizeikessel ohne Wasser und Nahrung festgehalten<\/strong><\/p>\n<p>Die Gegendemonstranten wurden ohne Vorank\u00fcndigung eingekesselt, stundenlang bei praller Sonne im Polizeikessel ohne Wasser und Nahrung festgehalten und dann zum Teil mit auf dem R\u00fccken gefesselten H\u00e4nden zur Wasenwache nach Cannstatt gefahren. Der Ermittlungsausschuss der Antifaschisten meldete 75 Festnahmen.<\/p>\n<p><strong>Kesselung der Demonstranten und ihre anschlie\u00dfende Festnahme sind rechtswidrig<\/strong><\/p>\n<p>Thomas Tr\u00fcten, Sprecher des Stuttgarter B\u00fcndnisses f\u00fcr Versammlungsfreiheit: &#8222;Die Kesselung der Demonstranten und ihre anschlie\u00dfende Festnahme sind rechtswidrig und ein Versto\u00df gegen das Versammlungsrecht. Gegen diese illegale Praxis der Stuttgarter Polizei sind Feststellungsklagen von S21-Gegnern, die auch von dieser Praxis betroffen sind, beim Verwaltungsgericht Stuttgart anh\u00e4ngig. Diese Verfahren werden aber seit \u00fcber einem Jahr nicht entschieden. Der j\u00fcngste Vorfall zeigt aber, wie dringend notwendig das ist.&#8220;<\/p>\n<p><strong>Eine Meinungs\u00e4u\u00dferung zum Euro ist zul\u00e4ssig<\/strong><\/p>\n<p>Emp\u00f6rt zeigte sich Thomas Tr\u00fcten \u00fcber das Verhalten des Ordnungsamts: &#8222;Offenbar gab es bei der Stadt keine \u00dcberlegungen, die NPD-Aktion zu verbieten. Scheithauer, ein Mitarbeiter des Ordnungsamts erkl\u00e4rte vielmehr: &#8222;Eine Meinungs\u00e4u\u00dferung zum Euro ist zul\u00e4ssig \u2013 das soll und kann man nicht unterdr\u00fccken.&#8220;<\/p>\n<p><strong>Faschismus ist keine Meinung, sondern ein Verbrechen<\/strong><\/p>\n<p>Wer angesichts der Verstrickung f\u00fchrender NPD-Funktion\u00e4re in die NSU-Morde die Demagogie der Neonazis f\u00fcr eine &#8222;Meinungs\u00e4u\u00dferung&#8220; h\u00e4lt, verh\u00e4lt sich nach Ansicht des B\u00fcndnisses f\u00fcr Versammlungsfreiheit zumindest \u201egeschichtslos\u201c. F\u00fcr das B\u00fcndnis f\u00fcr Versammlungsfreiheit ist Faschismus keine Meinung, sondern ein Verbrechen. Deshalb sind wir prinzipiell f\u00fcr ein Verbot faschistischer Propaganda und daher auch gegen die Genehmigung von Naziaufm\u00e4rschen.<\/p>\n<p><strong>Einkesselung gab es auch schon in Heilbronn<\/strong><\/p>\n<p>Der Vorfall in Stuttgart ist kein Einzelfall: In Heilbronn wurden am 1. Mai 2011 ebenfalls hunderte Demonstranten, die gegen einen Naziaufmarsch protestieren wollten, stundenlang eingekesselt.<\/p>\n<p><strong>Schluss mit einer Polizeipraxis, die demokratische und antifaschistische Proteste mit Repressionen \u00fcberzieht<\/strong><\/p>\n<p>Nachdem in der Vergangenheit mehrfach die Unzul\u00e4ssigkeit dieser Polizeipraxis gerichtlich festgestellt wurde, fordern wir die Landesregierung auf, endlich ihr Versprechen eines \u201eb\u00fcrgerfreundlichen Versammlungsrechts\u201c einzul\u00f6sen. F\u00fcr uns geh\u00f6rt zu einem fortschrittlichen Versammlungsrecht dazu, dass endlich Schluss sein muss mit einer Polizeipraxis, die demokratische und antifaschistische Proteste mit Repressionen \u00fcberzieht, w\u00e4hrend Naziaufm\u00e4rsche gegebenenfalls durchgepr\u00fcgelt werden.<\/p>\n<p><strong>bei Bu\u00dfgeldbescheiden, Vorladungen oder \u00e4hnlichem an die \u00f6rtlichen Rechtshilfegruppen wenden<\/strong><\/p>\n<p>Das B\u00fcndnis f\u00fcr Versammlungsfreiheit erkl\u00e4rt sich solidarisch mit allen, die von dem Polizeikessel betroffen waren und fordert die Einstellung s\u00e4mtlicher  Verfahren gegen die antifaschistischen Gegendemonstranten. Vorsorglich empfiehlt das B\u00fcndnis, sich bei Bu\u00dfgeldbescheiden, Vorladungen oder \u00e4hnlichem an die \u00f6rtlichen Rechtshilfevereinigungen und -gruppen zu wenden.<\/p>\n<p><strong>Weitere Informationen und Kontakt:<\/strong><\/p>\n<p><a href=\"http:\/\/www.versammlungsrecht.info\" target=\"_blank\">http:\/\/www.versammlungsrecht.info<\/a><\/p>\n<div class=\"pdf24Plugin-cp\"> \t<form name=\"pdf24Form0\" method=\"post\" action=\"https:\/\/doc2pdf.pdf24.org\/wordpress.php\" target=\"pdf24PopWin\" onsubmit=\"var pdf24Win = window.open('about:blank', 'pdf24PopWin', 'resizable=yes,scrollbars=yes,width=600,height=250,left='+(screen.width\/2-300)+',top='+(screen.height\/3-125)+''); pdf24Win.focus(); if(typeof pdf24OnCreatePDF === 'function'){void(pdf24OnCreatePDF(this,pdf24Win));}\"> \t\t<input type=\"hidden\" name=\"blogCharset\" value=\"Cw1x07UAAA==\" \/><input type=\"hidden\" name=\"blogPosts\" value=\"MwQA\" \/><input type=\"hidden\" name=\"blogUrl\" value=\"yygpKSi20tcvLy\/Xy8jPSM3LARK6pXnpqWmZOSWpRSV6KakA\" \/><input type=\"hidden\" name=\"blogName\" value=\"88jPSM3LARK6pXnpqWmZOSWpRSUA\" \/><input type=\"hidden\" name=\"blogValueEncoding\" value=\"gzdeflate base64\" \/><input type=\"hidden\" name=\"postId_0\" value=\"MzQxNjEGAA==\" \/><input type=\"hidden\" name=\"postTitle_0\" value=\"HYwxCgIxFESvMiBsJ0gqYdsUVsuChXXYjNlATOTvj8JW3sHr2HkTT2K0m\/fgTbfZG2N6y4zBrXHBvYonPAUnBtxK\/u+xpLgyQhiYhNOsOEvjwKu8X81p9zva9fg8nhhGu7WsukxzctlrqYKLaxFxcEkRM45aVYMT\/QI=\" \/><input type=\"hidden\" name=\"postLink_0\" value=\"yygpKSi20tcvLy\/Xy8jPSM3LARK6pXnpqWmZOSWpRSV6Kan69gW2hibGJsYA\" \/><input type=\"hidden\" name=\"postAuthor_0\" value=\"AwA=\" \/><input type=\"hidden\" name=\"postDateTime_0\" value=\"MzIwNNI1sNA1MFUwMrAysLAyNQYA\" \/><input type=\"hidden\" name=\"postContent_0\" value=\"vVjBThxHEL3nK1pEihJpWQxRlAhjJBwgjh0wAttIvkQ9TM1MZ2Z6Vt09bLQn\/0OuVnzhG3zitn\/iL8mr6plll8EJUexc0DJMV1e9eu9VLTuT3R0fXGPz3detU199+cPW1tbDfWqDvygqbdPQ4HFKTh2f7MtfHzxUrU3VrK3VSVOZGZmSvKdK5ZSTVXs2mEzjsPHhZ2vxRNfq2wdj9bStjNp6sLmljFVnoQ0h1y6o3CRBpdrfPMJdj+fXNrXGq2x+7dQrcl7XddXa3GeOTEEmIIeA2D5QQTYldeDKan7l8IrSyXhno6tpZ2Oy+8UOaqR691Vj1ZF2ZYu7JggTZuRG8vGiIK7x7hw8\/U0aOxsIvLiku\/SICkeO1BPgRI6B1BmSHalTnECQoLMMeDGKPyFOFlw7mXj19ePDg\/UDYzku2W\/UVDtUaGqFZ16H2aCovdvAXiJ4e1EEUqkhbhifPtVFzXE4J4U+JT4o36BbVlvB8O6e970mY0k9Q645JYwumsdsWEZK2oyq0gDsZ22hK4Qdq9e6qFAewF0hBW6cuCaQDwbg4LdUR+YwHosKrKrR5DM0Kamai1Kn\/KJZyWTW8uuFYZBx3T7eONYzkGbaOjCCszynXF02MeOOrMrhsop7HhR3EUBM3Pwaz8K2+kydG99myE9ccEp1A9ic7pjMd1rAn6sEaU2crioGugG6HGtVbE2Bp+can52kc6wLIX8GXHOKLRgQZh8A3nG14GVjyFcNHpZMfZNzPLQ\/p3hnGH2OJOUPKagojvKCTCWd122GroG98+uLEm\/llMUk8PnJ\/IqzwAHH0clONZPM4qf6EZHQphD4BK4jYYaDPyBqEO3q1qOx+CG0uEXNmqqUIKDvv1OHyNKKeAb9eya5cCkcYn8FTa6Hxaa0ZTkZmr8Th1qEUx6UVcJAPzWpM\/mgUS+KpoYlvgAxhX7\/zaS2FxJnAX3a1OUMSCIXh2b+rhsD7OjLuciZcWQfC9mDLqBOritSJ07\/bvzAVnrByp2cAhpUSbCy0hyGlX22tbmOoBYWMBKD0LCPqHm+xPXBEwLCEK+VcCNmb80JTkFCDpmTM2wJN4NJ2wI8y00OAkm+eDsySk1JBKMTcVSwdX7NH9kqa\/UU7ygrwciyhRhKexb+hnblKINllkE6CvXlQQKN1BTZA1LL+lS2CVNiEQqS4Oa4M+TbVDxgfz7C1VzF\/KpFy1x0R9hP6xo+i18wHL2\/g2kH9WT+HtVKItxfoLfKvq64rqGdaJmHz10ql+o6+AXFnjPGiXYq14kiLy4RG8vjoZRpMn+LgOh9y6WO+lm1vlcG09jO1hNDMkTOLpjBhW4ZIebZkQnaJWLHgywUxS0AhVwaqmq4+SKxf4eT+vDmDynZN1X0+5Itqta2ay2vHy510Z0+1pvD6Ct1Kx3squ9ygJk2Mrl69SQi8aFpn6NQ+C1xa0JUiWgNfC3FTOfXTMpuRVs\/bK3gCBhIhjWje\/Zy\/aiRoYjfoHmdN7mJI\/KYGitTU+xDMuwQG4LV7wQQBk8Dnr78KbJG7HfPSprSmXt5E+PPExzwfHjzJ6oEYFxn1fgPb96O1SEf5EbcYyVkjJcgvxfcrEsPUifRZqbGYagZOzMTEKhagCInGmwM3aQwXuz4xDUTnWNj0t0Y44fiQHlvdLA8S0Udpyn7Eu8omG41GuQlgzsUXS5MupORxMTrOI9knmBKJnj3jgnP7Oi8ZWXN7vnHK8mMKn5hG4vbTah+C8C2vjnGniwr5aaihCy\/7FURdyJanRlRvrFaxvumPs3lLa167JsQk5xZ3iOWN4wBFpB\/xZOaVwIOv5gKE7H1eDtvM6XTsSnSCL001OPTk5gHSaRTrHy4ECrp7W1mqAgDNI9BaV5Cup0XHMhZibLnKXaXjDnPKby0C+so+Y\/98FlOVnUzpmK1xBVIJlqI0I9UxhIFQ5mEHPQXzcLAvmqiVQFVeKBNJQDmtKggbgYRfM8aSkBZ3ARVtPFVssNJzOLiI5z1e88yEKG1lrMs4kRou4GGtHiMOd6fPhIOzJ+1I9apXyTYt84z6+r\/rYmYo\/MrMcTbShOWgs49odPWXRQ323831QcU5An2GA6Id9KE\/YlMyhyGzCqdygxTDdMD11oBqEbqUhPj2EF2KqgXpsoo5y8NskWwBoYSvp\/Z9aMumi\/GlEm1Y5ji+ozdqtNm\/P5zezW\/2YfilxUGPPJPyCvfXLp1S2EC1LEOp5a2oBuLG3TK3vE1Y8yI+cblwg6qJxnaVYUVcx\/Faj455JhUIJ6JG4fUut53ATSPjRg0\/lyWDIJLAphah8g0PvyssUGXYXv4bwatAE32aK0IYbK9sTGdTseXgy3YIOCawhqTU3i09msCGyzXdv\/xyM6Gjhf9BQ==\" \/> \t\t<a href=\"https:\/\/www.pdf24.org\" target=\"_blank\" title=\"www.pdf24.org\" rel=\"nofollow\"><img src=\"https:\/\/www.hohenlohe-ungefiltert.de\/wp-content\/plugins\/pdf24-post-to-pdf\/img\/pdf_32x32.png\" alt=\"\" border=\"0\" height=\"32\" \/><\/a> \t\t<span class=\"pdf24Plugin-cp-space\">&nbsp;&nbsp;<\/span> \t\t<span class=\"pdf24Plugin-cp-text\">Sende Artikel als PDF<\/span> \t\t<span class=\"pdf24Plugin-cp-space\">&nbsp;&nbsp;<\/span> \t\t<input class=\"pdf24Plugin-cp-input\" style=\"margin: 0px;\" type=\"text\" name=\"sendEmailTo\" placeholder=\"Emailadresse\" \/> \t\t<input class=\"pdf24Plugin-cp-submit\" style=\"margin: 0px;\" type=\"submit\" value=\"Senden\" \/> \t<\/form> <\/div>","protected":false},"excerpt":{"rendered":"<p>Zur &#8222;Deutschlandtour der NPD&#8220; und zum Polizeikessel gegen AntifaschistInnen am 30. Juli 2012 in Stuttgart gibt das Stuttgarter B\u00fcndnis f\u00fcr Versammlungsfreiheit unten stehende Erkl\u00e4rung ab. Von Markus Spreitzer, Sprecher des Stuttgarter B\u00fcndnisses f\u00fcr Versammlungsfreiheit Mehrere Hundertschaften, Reiterstaffel und Greiftrupps (BFE-Einheiten) waren im Einsatz Am 30. Juli 2012 versuchte die NPD im Rahmen ihrer selbst so [&hellip;]<\/p>\n","protected":false},"author":3,"featured_media":0,"comment_status":"open","ping_status":"open","sticky":false,"template":"","format":"standard","meta":[],"categories":[],"tags":[],"_links":{"self":[{"href":"https:\/\/www.hohenlohe-ungefiltert.de\/index.php?rest_route=\/wp\/v2\/posts\/14343"}],"collection":[{"href":"https:\/\/www.hohenlohe-ungefiltert.de\/index.php?rest_route=\/wp\/v2\/posts"}],"about":[{"href":"https:\/\/www.hohenlohe-ungefiltert.de\/index.php?rest_route=\/wp\/v2\/types\/post"}],"author":[{"embeddable":true,"href":"https:\/\/www.hohenlohe-ungefiltert.de\/index.php?rest_route=\/wp\/v2\/users\/3"}],"replies":[{"embeddable":true,"href":"https:\/\/www.hohenlohe-ungefiltert.de\/index.php?rest_route=%2Fwp%2Fv2%2Fcomments&post=14343"}],"version-history":[{"count":2,"href":"https:\/\/www.hohenlohe-ungefiltert.de\/index.php?rest_route=\/wp\/v2\/posts\/14343\/revisions"}],"predecessor-version":[{"id":14345,"href":"https:\/\/www.hohenlohe-ungefiltert.de\/index.php?rest_route=\/wp\/v2\/posts\/14343\/revisions\/14345"}],"wp:attachment":[{"href":"https:\/\/www.hohenlohe-ungefiltert.de\/index.php?rest_route=%2Fwp%2Fv2%2Fmedia&parent=14343"}],"wp:term":[{"taxonomy":"category","embeddable":true,"href":"https:\/\/www.hohenlohe-ungefiltert.de\/index.php?rest_route=%2Fwp%2Fv2%2Fcategories&post=14343"},{"taxonomy":"post_tag","embeddable":true,"href":"https:\/\/www.hohenlohe-ungefiltert.de\/index.php?rest_route=%2Fwp%2Fv2%2Ftags&post=14343"}],"curies":[{"name":"wp","href":"https:\/\/api.w.org\/{rel}","templated":true}]}}