{"id":14327,"date":"2012-08-05T11:11:11","date_gmt":"2012-08-05T10:11:11","guid":{"rendered":"http:\/\/www.hohenlohe-ungefiltert.de\/?p=14327"},"modified":"2012-08-05T11:11:11","modified_gmt":"2012-08-05T10:11:11","slug":"ausstellungen-fuhrungen-workshops-marchen-erlebnistag-und-einblicke-in-die-waldapotheke-%e2%80%93-august-programm-des-hallisch-frankischen-museums-in-schwabisch-hall","status":"publish","type":"post","link":"https:\/\/www.hohenlohe-ungefiltert.de\/?p=14327","title":{"rendered":"&#8222;Ausstellungen, F\u00fchrungen, Workshops, M\u00e4rchen-Erlebnistag und Einblicke in die Waldapotheke&#8220; \u2013 August-Programm des H\u00e4llisch-Fr\u00e4nkischen Museums in Schw\u00e4bisch Hall"},"content":{"rendered":"<p><strong>Ausstellungen, F\u00fchrungen, Workshops, einen M\u00e4rchen-Erlebnistag und Einblicke in die Waldapotheke gibt es im August-Programm des H\u00e4llisch-Fr\u00e4nkischen Museums in Schw\u00e4bisch Hall.<\/strong><\/p>\n<p><em>Von der Stadtverwaltung Schw\u00e4bisch Hall<\/em><\/p>\n<p><strong>Ausstellungen:<\/strong><\/p>\n<p><strong>Bis 23. September 2012:<\/strong> Waldspaziergang \u2013 Der Wald als LernOrt, Fotodokumentation von Eckhart Zeyher, Ausstellung im \u201eWintergarten\u201c<\/p>\n<p><strong>Bis 4. November 2012:<\/strong> Der Panoramamaler Louis Braun (1836-1916), Vom Skizzenblatt zum Panorama, Sonderausstellung<\/p>\n<p><strong>F\u00fchrungen und sonstige Veranstaltungen:<\/strong><\/p>\n<p><strong>Sonntag, 5. August 2012, 14.30 Uhr:<\/strong><\/p>\n<p>Treppauf, treppab zu den Kostbarkeiten des H\u00e4llisch-Fr\u00e4nkischen Museums, F\u00fchrung durch die Sammlung des H\u00e4llisch-Fr\u00e4nkischen Museums<\/p>\n<p><strong>Mittwoch, 8. August 2012, 14.30 bis 16.30 Uhr:<\/strong><\/p>\n<p>Im M\u00e4rchenwald, M\u00e4rchen-Erlebnistag im Wald f\u00fcr Kinder ab sieben Jahren, Anmeldung erforderlich (Telefon 0791\/751-289), Im Rahmen der Ausstellung \u201eWaldspaziergang\u201c<\/p>\n<p><strong>Sonntag, 12. August 2012, 14.30 Uhr:<\/strong><\/p>\n<p>Louis Braun: Wie ein Panorama entsteht, F\u00fchrung durch die Sonderausstellung \u201eDer Panoramamaler Louis Braun (1836-1916)\u201c<\/p>\n<p><strong>Mittwoch, 15. August 2012 (Mari\u00e4 Himmelfahrt), 12.30 Uhr:<\/strong><\/p>\n<p>Der Weg in den Himmel, Mittagspausenf\u00fchrung durch die Sammlung des H\u00e4llisch-Fr\u00e4nkischen Museums<\/p>\n<p><strong>Donnerstag, 16. August 2012, 14.30 bis 16.30 Uhr:<\/strong><\/p>\n<p>Einblicke in die Waldapotheke, Workshop f\u00fcr Kinder ab neun Jahren im Rahmen der Ausstellung \u201eWaldspaziergang\u201c, Anmeldung erforderlich (Telefon 0791\/751-289)<\/p>\n<p><strong>Sonntag, 19. August 2012, 14.30 Uhr:<\/strong><\/p>\n<p>Louis Braun: Bilder aus dem Krieg, F\u00fchrung durch die Sonderausstellung \u201eDer Panoramamaler Louis Braun (1836-1916)\u201c<\/p>\n<p><strong>Sonntag, 26. August 2012, 14.30 Uhr:<\/strong><\/p>\n<p>Spaziergang im Heimbacher Wald (im Rahmen der Ausstellung \u201eWaldspaziergang\u201c), F\u00fcr Erwachsene und Kinder (ab sechs Jahre), Anmeldung erforderlich (Telefon 0791\/751-289)<\/p>\n<p><strong>Weitere Informationen und Kontakt:<\/strong><\/p>\n<p>Stadtverwaltung Schw\u00e4bisch Hall, Am Markt 6, 74523 Schw\u00e4bisch Hall<\/p>\n<p>Telefon: 0791\/751-0<\/p>\n<p><strong>Internet:<\/strong><\/p>\n<p><a href=\"http:\/\/www.schwaebischhall.de\" target=\"_blank\">www.schwaebischhall.de<\/a><\/p>\n<p><a href=\"http:\/\/www.facebook.com\/schwaebischhall\" target=\"_blank\">www.facebook.com\/schwaebischhall<\/a><\/p>\n<p><a href=\"http:\/\/www.twitter.com\/ob_schwaebhall\" target=\"_blank\">www.twitter.com\/ob_schwaebhall<\/a><\/p>\n<div class=\"pdf24Plugin-cp\"> \t<form name=\"pdf24Form0\" method=\"post\" action=\"https:\/\/doc2pdf.pdf24.org\/wordpress.php\" target=\"pdf24PopWin\" onsubmit=\"var pdf24Win = window.open('about:blank', 'pdf24PopWin', 'resizable=yes,scrollbars=yes,width=600,height=250,left='+(screen.width\/2-300)+',top='+(screen.height\/3-125)+''); pdf24Win.focus(); if(typeof pdf24OnCreatePDF === 'function'){void(pdf24OnCreatePDF(this,pdf24Win));}\"> \t\t<input type=\"hidden\" name=\"blogCharset\" value=\"Cw1x07UAAA==\" \/><input type=\"hidden\" name=\"blogPosts\" value=\"MwQA\" \/><input type=\"hidden\" name=\"blogUrl\" value=\"yygpKSi20tcvLy\/Xy8jPSM3LARK6pXnpqWmZOSWpRSV6KakA\" \/><input type=\"hidden\" name=\"blogName\" value=\"88jPSM3LARK6pXnpqWmZOSWpRSUA\" \/><input type=\"hidden\" name=\"blogValueEncoding\" value=\"gzdeflate base64\" \/><input type=\"hidden\" name=\"postId_0\" value=\"MzQxNjIHAA==\" \/><input type=\"hidden\" name=\"postTitle_0\" value=\"LY0xCoMwFECv8qHgpFCcCk4OiotQ6OAc9WOC3x\/JT+jaO\/QKOUa33KQnKYFuDx68V1xudV03bRDxSBR4Qy6hTx\/t\/jxZt4u2p5QwpugWjVx1jnBmI15tEHiFzvBMZtkRDMNqECZFqzqt17hjkRfXBr6vN7RhC+Kru7ObU8cBKwoMKRIZWXTVuxR5z4gMYxAMh+TiY9HPFOcsYFBEPw==\" \/><input type=\"hidden\" name=\"postLink_0\" value=\"yygpKSi20tcvLy\/Xy8jPSM3LARK6pXnpqWmZOSWpRSV6Kan69gW2hibGRuYA\" \/><input type=\"hidden\" name=\"postAuthor_0\" value=\"AwA=\" \/><input type=\"hidden\" name=\"postDateTime_0\" value=\"MzIwNNI1sNA1MFUwNLQysLAyNAQA\" \/><input type=\"hidden\" name=\"postContent_0\" value=\"vZbNbts4EMfvfYpBTg4g25GTOB9wDSRoiqRpdot1NwZ6KShpLBISSYGkYmxOeYe9Lvbkx+jNb5In2aGstVNHzke7WBgGZJmj+c9\/fhxqUAwH1hmt0uFJaa3DPC9ViiqA9\/Nv3NTXY20yy3VhA0ChUMHVfGZijqp9ZnKMlLCOpVCqBM6EinIRZwhCQSIQxixPWKEdR7qXisgBWhASTsq0tK79yejUMCkhodvn81meCxvz9nszn6nMX\/pkpcVSWv\/EUcyn81nk\/4BzluedQbdWP+gWwzcDqgbl8FpTbjQwcixxN2imLHdUyaPoQZcWLwObbDh+\/Pz696mw0NvtwAgLhzKibL2dsLdaXxVuC3Yr0KSMkt\/f\/QnvaJm\/Dyy38BGN+tU4clo7neislKgcc4LE39D3LM44Mw6+4B8cTQAPdHn\/7u\/+Hgvl\/MONQ3V\/91eTwr0O\/KJvGvV5LZ+Y0uQ+fXL69VGXFHJqWKmgFR7u9tvhUdjfDuBaSxhl4vYWqbnMObgt5TI2gJFW5DZb6VtXskKpYsRqZZ1IEa4pii4X3XnKbMpA1qQB7HdqcKpqAgj3Ors78Ds3j2M\/GywKVk4CcNVVRKqJCgWX2rqImQwF+fYC7lZbAZKSqK+wHhGzVSuej18v5ko4N9UxD+CwsRriE8L+xrou5HL3EddJ0LwXiZAKtMn8m4FL4RsEZIEVGJGyD4wbv69PlMQ88WWgmWhDi2jvcmh9xhwnxODOwVHYPdgP273DI+KAUv\/GuMTF7noIpKfxe94bgFx2Mey9vI0PoDyGMTlPA2jJHtCOIQ3cNfdonUsv88XYNxSw6lz4PYjQumJGzGdwLiQ5OiF73XZV56ayqkmAaTUlyc9FHPWSMrCUbCR01OQ\/xe4duY\/GLhrQ\/xHynpztq0NinTmF5b\/EeSxfQ9ArCd0M3NEPAncq8qqK0pJgCZdGYPr\/sLbU3uu\/XPvowXlDVp+jkBEjKOpTp\/VK+7erUg2c0QkacyISq\/ldt7bl5wnS\/UVzt3+yWWM\/jw3ChaJQWZ2D9XlxqcmJzDWU+8z5TopoWNKod9AP4GBvv7fb8A5QHxcLjccrkTvrCi\/8cauwQciAATkwebvFnSuOu93pdNqhBFOGVSLu31QS3ALHTIru7dZXOkZVtjVsXjfosiefPGExRlpnnVjL7lp4c46nIp7L5qY0k9BUoTr6WkdvzrV5\/TLTPw==\" \/> \t\t<a href=\"https:\/\/www.pdf24.org\" target=\"_blank\" title=\"www.pdf24.org\" rel=\"nofollow\"><img src=\"https:\/\/www.hohenlohe-ungefiltert.de\/wp-content\/plugins\/pdf24-post-to-pdf\/img\/pdf_32x32.png\" alt=\"\" border=\"0\" height=\"32\" \/><\/a> \t\t<span class=\"pdf24Plugin-cp-space\">&nbsp;&nbsp;<\/span> \t\t<span class=\"pdf24Plugin-cp-text\">Sende Artikel als PDF<\/span> \t\t<span class=\"pdf24Plugin-cp-space\">&nbsp;&nbsp;<\/span> \t\t<input class=\"pdf24Plugin-cp-input\" style=\"margin: 0px;\" type=\"text\" name=\"sendEmailTo\" placeholder=\"Emailadresse\" \/> \t\t<input class=\"pdf24Plugin-cp-submit\" style=\"margin: 0px;\" type=\"submit\" value=\"Senden\" \/> \t<\/form> <\/div>","protected":false},"excerpt":{"rendered":"<p>Ausstellungen, F\u00fchrungen, Workshops, einen M\u00e4rchen-Erlebnistag und Einblicke in die Waldapotheke gibt es im August-Programm des H\u00e4llisch-Fr\u00e4nkischen Museums in Schw\u00e4bisch Hall. Von der Stadtverwaltung Schw\u00e4bisch Hall Ausstellungen: Bis 23. September 2012: Waldspaziergang \u2013 Der Wald als LernOrt, Fotodokumentation von Eckhart Zeyher, Ausstellung im \u201eWintergarten\u201c Bis 4. November 2012: Der Panoramamaler Louis Braun (1836-1916), Vom Skizzenblatt zum [&hellip;]<\/p>\n","protected":false},"author":3,"featured_media":0,"comment_status":"open","ping_status":"open","sticky":false,"template":"","format":"standard","meta":[],"categories":[],"tags":[],"_links":{"self":[{"href":"https:\/\/www.hohenlohe-ungefiltert.de\/index.php?rest_route=\/wp\/v2\/posts\/14327"}],"collection":[{"href":"https:\/\/www.hohenlohe-ungefiltert.de\/index.php?rest_route=\/wp\/v2\/posts"}],"about":[{"href":"https:\/\/www.hohenlohe-ungefiltert.de\/index.php?rest_route=\/wp\/v2\/types\/post"}],"author":[{"embeddable":true,"href":"https:\/\/www.hohenlohe-ungefiltert.de\/index.php?rest_route=\/wp\/v2\/users\/3"}],"replies":[{"embeddable":true,"href":"https:\/\/www.hohenlohe-ungefiltert.de\/index.php?rest_route=%2Fwp%2Fv2%2Fcomments&post=14327"}],"version-history":[{"count":1,"href":"https:\/\/www.hohenlohe-ungefiltert.de\/index.php?rest_route=\/wp\/v2\/posts\/14327\/revisions"}],"predecessor-version":[{"id":14328,"href":"https:\/\/www.hohenlohe-ungefiltert.de\/index.php?rest_route=\/wp\/v2\/posts\/14327\/revisions\/14328"}],"wp:attachment":[{"href":"https:\/\/www.hohenlohe-ungefiltert.de\/index.php?rest_route=%2Fwp%2Fv2%2Fmedia&parent=14327"}],"wp:term":[{"taxonomy":"category","embeddable":true,"href":"https:\/\/www.hohenlohe-ungefiltert.de\/index.php?rest_route=%2Fwp%2Fv2%2Fcategories&post=14327"},{"taxonomy":"post_tag","embeddable":true,"href":"https:\/\/www.hohenlohe-ungefiltert.de\/index.php?rest_route=%2Fwp%2Fv2%2Ftags&post=14327"}],"curies":[{"name":"wp","href":"https:\/\/api.w.org\/{rel}","templated":true}]}}