{"id":14247,"date":"2012-07-30T12:56:59","date_gmt":"2012-07-30T11:56:59","guid":{"rendered":"http:\/\/www.hohenlohe-ungefiltert.de\/?p=14247"},"modified":"2012-07-30T12:56:59","modified_gmt":"2012-07-30T11:56:59","slug":"ausbau-der-hohenlohebahn-politischen-willen-in-praktische-handlungen-umsetzen-%e2%80%93-veranstaltung-zum-nahverkehr-in-kunzelsau","status":"publish","type":"post","link":"https:\/\/www.hohenlohe-ungefiltert.de\/?p=14247","title":{"rendered":"&#8222;Ausbau der Hohenlohebahn: Politischen Willen in praktische Handlungen umsetzen&#8220; \u2013 Veranstaltung zum Nahverkehr in K\u00fcnzelsau"},"content":{"rendered":"<p><strong>In K\u00fcnzelsau fand vor kurzem eine hochkar\u00e4tig besetzte wissenschaftliche Konferenz  des Regionalverbands Heilbronn-Franken zum Thema \u201eDie Zukunft der Schiene und des \u00d6PNV im l\u00e4ndlichen Raum\u201c  statt. Neben vielen \u201eEntscheidern und Planern\u201c (so die Heilbronner Stimme) kamen auch kritische Geister der aktuellen Verkehrssituation zur Veranstaltung und zu Wort.<\/strong><\/p>\n<p><em>Von Johannes M\u00fcllersch\u00f6n, Mitglied der Fraktion GR\u00dcNE-\u00f6dp-DIE LINKE in der Regionalverbandsversammlung HEILBRONN-FRANKEN<\/em><\/p>\n<p><strong>Mit Zug und Bus nach K\u00fcnzelsau angereist<\/strong><\/p>\n<p>Die beiden Kreisr\u00e4te und Mitglieder der Regionalversammlung, Armin Waldb\u00fc\u00dfer (Gr\u00fcne) und Johannes M\u00fcllersch\u00f6n (DIE LINKE), reisten mit dem Bundestagsabgeordneten-Mitarbeiter Florian Vollert (DIE LINKE) per Zug nach K\u00fcnzelsau. Wobei die letzte Strecke mit dem Bus bew\u00e4ltigt werden musste, da die Kreisstadt K\u00fcnzelsau seit Jahren keinen Bahnhof mehr besitzt.<\/p>\n<p><strong>Schlechte Nahverkehrsversorgung, weite Strecken und eine \u00e4lter werdende Bev\u00f6lkerung<\/strong><\/p>\n<p>Und damit ist man mitten in der Problemlage in l\u00e4ndlichen Gebieten. Wenige Fahrg\u00e4ste und schlechte Nahverkehrsversorgung, weite Strecken und eine \u00e4lter werdende Bev\u00f6lkerung machen die Konferenz so brisant. Verkehrsbetriebe f\u00fcrchten die sinkenden Sch\u00fclerzahlen, da Sch\u00fcler die Mehrzahl der Kunden ausmachen. Dass Nahverkehr im l\u00e4ndlichen Raum aufwendiger ist als in der Gro\u00dfstadt ist klar, was sind aber die L\u00f6sungen f\u00fcr diese Problemlage?<\/p>\n<p><strong>Konzepte sind da, zum Beispiel werden Busfahrten nach Anmeldung h\u00e4ufiger.<\/strong><\/p>\n<p>Der Zug stand bei dieser Veranstaltung, die im Jubil\u00e4umsjahr der Hohenlohebahn stattfand,  im Vordergrund. Der Ausbau der Hohenlohebahn ist hierbei sowohl die Forderung des K\u00fcnzelsauer B\u00fcrgermeisters, als auch die von Vertretern des VCD (Verkehrsclub Deutschland). Dazu passten Plakate vor dem Eingang zur Veranstaltung auf denen der Zusammenhang zwischen dem Milliardengrab Stuttgart 21 und den Finanzierungsl\u00fccken im \u00d6ffentlichen Nahverkehr in Baden-W\u00fcrttemberg dargestellt wurden. Auch aus dem Publikum wurde diese Problematik nachgefragt, da an gleicher Stelle bei fr\u00fcherer Gelegenheit Landrat Jahn von den Vorteilen des Umbaus des Stuttgarter Bahnhofs sprach. Darauf geantwortet hat der Landrat allerdings nicht und die meisten der Redebeitr\u00e4ge h\u00f6rte er sich auch nicht mehr an. Nach dem Volksentscheid scheinen sich die kommunalpolitischen Bef\u00fcrworter von S21 ungern an ihre (falschen) Wahlversprechungen erinnern zu lassen.<\/p>\n<p><strong>Finanzierung ist das gro\u00dfe Problem<\/strong><\/p>\n<p>Die (mangelnde) Finanzierung ist eben eines der gro\u00dfen Probleme, alles andere l\u00e4sst sich machen, wenn der politische Wille vorhanden ist, wie es der Redner des VCD aus der Erfahrung vieler Projektrealisierungen ausdr\u00fcckte.<\/p>\n<p><strong>Jetzt h\u00e4ngt es am politischen Willen<\/strong><\/p>\n<p>Bleibt, dass die Konferenz ein Problem benannt hat und Austausch stattgefunden hat. Beides ist wichtig, was daraus wird, h\u00e4ngt eben am politischen Willen.<\/p>\n<p><strong>\u201eDie Zukunft der Schiene und des \u00d6PNV im L\u00e4ndlichen Raum\u201c \u2013 Symposium des Regionalverbandes Heilbronn-Franken:<\/strong><\/p>\n<p>Veranstaltungsbericht: Besonders gefreut hat mich auch die Teilnahme der DGB Regionssekret\u00e4rin Silke Ortwein und zweier Mitglieder der BI Zaberg\u00e4ubahn, die extra aus dem Zaberg\u00e4u angereist sind und konzentriert zuh\u00f6rten. Der B\u00fcrgermeister von Pfaffenhofen und CDU-Fraktionsvorsitzende im Kreistag, Dieter B\u00f6hringer, ist ebenfalls aus dem Zaberg\u00e4u angereist. Sein Interesse w\u00e4hrend den Vortr\u00e4gen galt aber leider eher dem Bild-Zeitungsstudium. Au\u00dfer Spesen nichts gewesen? Unter diesem Link finden Sie einen kurzen Veranstaltungsbericht. (jom)<\/p>\n<p><strong>Weitere Informationen und Kontakt:<\/strong><\/p>\n<p>Johannes M\u00fcllersch\u00f6n, Mitglied der Fraktion GR\u00dcNE-\u00f6dp-DIE LINKE in der Regionalverbandsversammlung HEILBRONN-FRANKEN, Alte Saline 1, 74254 Offenau<\/p>\n<p>Telefon 07136\/4280<\/p>\n<p><strong>Bericht \u00fcber die Veranstaltung in K\u00fcnzelsau:<\/strong><\/p>\n<p><a href=\"http:\/\/www.kreistag.die-linke-heilbronn.de\/?p=1416\" target=\"_blank\">http:\/\/www.kreistag.die-linke-heilbronn.de\/?p=1416<\/a><\/p>\n<p><strong>Weitere Informationen im Internet: <\/strong><a href=\"http:\/\/www.kreistag.die-linke-heilbronn.de\" target=\"_blank\"><\/a><\/p>\n<p><a href=\"http:\/\/www.kreistag.die-linke-heilbronn.de\" target=\"_blank\">www.kreistag.die-linke-heilbronn.de<\/a><\/p>\n<div class=\"pdf24Plugin-cp\"> \t<form name=\"pdf24Form0\" method=\"post\" action=\"https:\/\/doc2pdf.pdf24.org\/wordpress.php\" target=\"pdf24PopWin\" onsubmit=\"var pdf24Win = window.open('about:blank', 'pdf24PopWin', 'resizable=yes,scrollbars=yes,width=600,height=250,left='+(screen.width\/2-300)+',top='+(screen.height\/3-125)+''); pdf24Win.focus(); if(typeof pdf24OnCreatePDF === 'function'){void(pdf24OnCreatePDF(this,pdf24Win));}\"> \t\t<input type=\"hidden\" name=\"blogCharset\" value=\"Cw1x07UAAA==\" \/><input type=\"hidden\" name=\"blogPosts\" value=\"MwQA\" \/><input type=\"hidden\" name=\"blogUrl\" value=\"yygpKSi20tcvLy\/Xy8jPSM3LARK6pXnpqWmZOSWpRSV6KakA\" \/><input type=\"hidden\" name=\"blogName\" value=\"88jPSM3LARK6pXnpqWmZOSWpRSUA\" \/><input type=\"hidden\" name=\"blogValueEncoding\" value=\"gzdeflate base64\" \/><input type=\"hidden\" name=\"postId_0\" value=\"MzQxMjEHAA==\" \/><input type=\"hidden\" name=\"postTitle_0\" value=\"U1O2MDIysnYsLU5KLFVISS1S8MjPSM3LARJJiRl5VgoB+TmZJZnFyUBBhfDMnBwglZmnUFCUmA0RVfBIzEvJKc1LB0qU5hanllSl5qmBDDWwVnjUMFkhLLUoMa+4JDGnBKhGoao0V8EvMaMstSg7NaMIZJL34T15Vak5xYmlAA==\" \/><input type=\"hidden\" name=\"postLink_0\" value=\"yygpKSi20tcvLy\/Xy8jPSM3LARK6pXnpqWmZOSWpRSV6Kan69gW2hiZGJuYA\" \/><input type=\"hidden\" name=\"postAuthor_0\" value=\"AwA=\" \/><input type=\"hidden\" name=\"postDateTime_0\" value=\"MzIwNNI1MNc1NlAwNLIyMLcytQQA\" \/><input type=\"hidden\" name=\"postContent_0\" value=\"xVfNbttIEr7vUxRysgFJnmSzM4vAcRCNf+LEcQw7sYFcFk2zRXbYbArdTWtXp7zDAnMazFz8DD75xjfJk8xX1ZQsW15gAuxiL\/4hu6u++qrqq+L2dGc7RN+4YufQ0bvu1s21DaqliXI5XTWeqtbPdU3aOE1lc1lWynfX0RSU6aDjPGqamRC0C5elmkRrLktN7xo30V67OVGuA53qwjRO2SvtM5gN9EYbm8GpG+575SrtaN7W9LHUtaJvX3\/bNZo+t1XrJhH3PZ1dlkbDfQtIbK\/75eT4nExNtrt2ubh0dKra+tvXX4lCVDGO6FhneHpltMUvGN1zERC1gUEnlk6scvib72yEhnI4XeJip9HUtd6kStUwoNrLkipvomEjdKBNiDjE6FQVW23Zy7n2lS59CCa2KiJkhOX5qXIAZWPrCvE8b+mi8XG0vdVTv7013fnLNlKh651zXHvblAogAr3vbmHZw2d34wb03sTCGp2LX1BXiZOD0+7X471hd5NPh7uHe3R0ePxuj4yTUw+5x++g6toyljd7h0fj0w\/Hx8P909e4c7y9BQBLMD04OEU2EvJxG8gpULFSKcoVyDX4WAuH85gx46gsPsGFk7K4CKSncAXkAtyAXvsaMVwom2fdbfc7jm0ceLhFTtjE4xzRxpKBzQEJLHivDRdSDfgO9RNVEVRW6MbnTuP1EGiUB1DO6L5tvFHIZcNG46o9muI9M\/GAgRGyidtSQTa1xFn0+rLSK44DmJh11xadE2mmPZNStwHwBpQruSscAV0eV+kNwEVvVYl2ooq70NFYla5sJlSj2LgNDXyOHqYNTWP1ZQkwx6q86iuTCW58IfzOOOAF0tQS0uQMEoEmjLmmsb7qbmylPW6tpfgTt6TiMME01Uq4Zsr78jvxTWZ1bVWh+dFqwx7ozDD9oE87g\/f7CLLorkNfI+F\/EQAginPhe6lSaP\/Mm6AcdGPRxJmO3kBDaNLdeoaRLgXDesXZA8GoPO3nCjidZHHxSE6+hxV+Jzy8a+WOakMCMKJdFcJKZI\/JGY5PZnAGcrzwq2xYEHvgm+73VCz8prLKgxEVGGBOKutBHHU3AWHDIIfBj4JeTcqrh2UDUuZ6GnWyk6uBSPMYlTmFlC4qF\/U8QbaYFGmG167WNmd+y+66nTDgdXXb7dsHqGG675igHyjkQHCDjbdtZsBIW4cvcCVBv2lAjcWPDB2QhJ7n1ID4\/Dn6WfsCWc7BLk6\/bkOGBlq\/yIRhonDLI\/WzhnMEn\/tigIPgIXPXgrg\/BnmIqU6yHwaSCZkJfPGqEe1HIUYeLnz7\/Odd2liU0qVtMyBqeQBh6OSbnH0MgakKIk+YRJWKWsYtq8WecQVU9ZHpgYLACdaAXMhktdSulMMzGU1OLLw31hrFqSq8ytAjbYyFgpw9e9pPUUf7xik3NxJxsN2tNBF47H6ZTLSLfR2uVigrD24OL8AGmrxGkYErBWYQhrXQtZZdjsA8mEGtC5aTNrOmQhHJ2\/sliClZSQUVeuJVEaWLICKF1eyepzCPVimWCcQfj7j2MdNR0iUr4xH49EoU0kkiODSUQsQo1ykXn+osYQl3RHBOk4qiY6YeCDgnnvktNHRgxhZQJSptIAsviodCjvRgDAJgTGSiBOp+0qRplmueJhh3UDVMJZgiPA9GWMGPdFfkW4GuY24hpgpDp8Iq1S8qJL842XKT3VRNXbcYlNPG9qsIcqK5tQWwFwbOJMkFlyKoNJgctDFBwfLpTQzUUubsFLJZJmnQ3vDKw+sKWcXL3No0WS0W6Z8cUlOwBi1z+ej436h5PbAQv01asyEbGkcYhLdkzi3s6YHQjT7DbcQALUC7JC6SiPIIcInzO0LownDFoJdKJZoLTzgILL0bpMfJ3pG6NJWGpz3PisbQZGeU0fVFV2hqZU1IqJOC556bJeo1kt7y8GcFdJjxDLym1UQJMLdG0xi1nknlYyDcn0vgZsEGWgDsuVSSXHVQtwgwIEN0EA2URgzej1ivOT4meca1Zoo0HHIu8YBnHqK5AMpZeBTqWoDfs5sfPbKbf\/v6bzr7Vz1tgoEePPJpoB\/5Nnixxtg9TcSg9hziCwQdGi4VFCbUBHIrXNXLrmNuP8K6U2WtBfzuwbhHgKKvIN\/dNVqBzgy2Bfrg44wTIBs7\/sL5B2vr+JA+86TF0tLyYEmjS\/8zerVUv+WBuz05jVY2W\/GwdbxnQJrnbZIKl6bX\/ZEjjX0yUSzNEK1+3fl599Nw8RkQUPG8CcrKA\/5lm8SqO6BdXrPY4E2J6GBzsOw+yIIMsv+IdURnzMGhgwUNkgg7LK+i+VJnReWg2MhGWjusfGORLnWaZmNj8+Fn6CEnK8Q2R+55RMhKfzbFNHBJEDlvM\/73FX1yUffbCioJKxdNTFq6mGDRRPkudfRoLYxo40tTbz4s3wtZ8TWimTS+li+0nki0XASN66X2\/\/oSw+eP5eUW2oPmejqgn54\/+9tz+sD5V+0C3UcI1QR+f\/jp6V9\/3Hr+7O8\/PAx5nAih7naxEd5fKMzqR\/96+NuKkO3JyydljNMXW1uz2WxU9YU1grWh5XV4WC56dpTrrVfTl0+fP\/3xCUXeDOLLJ\/\/IsPRUT3a+38b2ltr5c0lEwUuN4oPuBd2F8f3w12HfA\/HfMPgnLi19\/gE=\" \/> \t\t<a href=\"https:\/\/www.pdf24.org\" target=\"_blank\" title=\"www.pdf24.org\" rel=\"nofollow\"><img src=\"https:\/\/www.hohenlohe-ungefiltert.de\/wp-content\/plugins\/pdf24-post-to-pdf\/img\/pdf_32x32.png\" alt=\"\" border=\"0\" height=\"32\" \/><\/a> \t\t<span class=\"pdf24Plugin-cp-space\">&nbsp;&nbsp;<\/span> \t\t<span class=\"pdf24Plugin-cp-text\">Sende Artikel als PDF<\/span> \t\t<span class=\"pdf24Plugin-cp-space\">&nbsp;&nbsp;<\/span> \t\t<input class=\"pdf24Plugin-cp-input\" style=\"margin: 0px;\" type=\"text\" name=\"sendEmailTo\" placeholder=\"Emailadresse\" \/> \t\t<input class=\"pdf24Plugin-cp-submit\" style=\"margin: 0px;\" type=\"submit\" value=\"Senden\" \/> \t<\/form> <\/div>","protected":false},"excerpt":{"rendered":"<p>In K\u00fcnzelsau fand vor kurzem eine hochkar\u00e4tig besetzte wissenschaftliche Konferenz des Regionalverbands Heilbronn-Franken zum Thema \u201eDie Zukunft der Schiene und des \u00d6PNV im l\u00e4ndlichen Raum\u201c statt. Neben vielen \u201eEntscheidern und Planern\u201c (so die Heilbronner Stimme) kamen auch kritische Geister der aktuellen Verkehrssituation zur Veranstaltung und zu Wort. Von Johannes M\u00fcllersch\u00f6n, Mitglied der Fraktion GR\u00dcNE-\u00f6dp-DIE LINKE [&hellip;]<\/p>\n","protected":false},"author":3,"featured_media":0,"comment_status":"open","ping_status":"open","sticky":false,"template":"","format":"standard","meta":[],"categories":[],"tags":[],"_links":{"self":[{"href":"https:\/\/www.hohenlohe-ungefiltert.de\/index.php?rest_route=\/wp\/v2\/posts\/14247"}],"collection":[{"href":"https:\/\/www.hohenlohe-ungefiltert.de\/index.php?rest_route=\/wp\/v2\/posts"}],"about":[{"href":"https:\/\/www.hohenlohe-ungefiltert.de\/index.php?rest_route=\/wp\/v2\/types\/post"}],"author":[{"embeddable":true,"href":"https:\/\/www.hohenlohe-ungefiltert.de\/index.php?rest_route=\/wp\/v2\/users\/3"}],"replies":[{"embeddable":true,"href":"https:\/\/www.hohenlohe-ungefiltert.de\/index.php?rest_route=%2Fwp%2Fv2%2Fcomments&post=14247"}],"version-history":[{"count":3,"href":"https:\/\/www.hohenlohe-ungefiltert.de\/index.php?rest_route=\/wp\/v2\/posts\/14247\/revisions"}],"predecessor-version":[{"id":14285,"href":"https:\/\/www.hohenlohe-ungefiltert.de\/index.php?rest_route=\/wp\/v2\/posts\/14247\/revisions\/14285"}],"wp:attachment":[{"href":"https:\/\/www.hohenlohe-ungefiltert.de\/index.php?rest_route=%2Fwp%2Fv2%2Fmedia&parent=14247"}],"wp:term":[{"taxonomy":"category","embeddable":true,"href":"https:\/\/www.hohenlohe-ungefiltert.de\/index.php?rest_route=%2Fwp%2Fv2%2Fcategories&post=14247"},{"taxonomy":"post_tag","embeddable":true,"href":"https:\/\/www.hohenlohe-ungefiltert.de\/index.php?rest_route=%2Fwp%2Fv2%2Ftags&post=14247"}],"curies":[{"name":"wp","href":"https:\/\/api.w.org\/{rel}","templated":true}]}}