{"id":14245,"date":"2012-08-05T12:11:11","date_gmt":"2012-08-05T11:11:11","guid":{"rendered":"http:\/\/www.hohenlohe-ungefiltert.de\/?p=14245"},"modified":"2012-08-05T12:11:40","modified_gmt":"2012-08-05T11:11:40","slug":"gemeinschaftsschulen-und-inklusion-sind-mangels-praktischer-beispiele-noch-wenig-greifbar-%e2%80%93-kultusministerin-warminski-leitheuser-spd-in-schwabisch-hall","status":"publish","type":"post","link":"https:\/\/www.hohenlohe-ungefiltert.de\/?p=14245","title":{"rendered":"&#8222;Gemeinschaftsschulen und Inklusion sind mangels praktischer Beispiele noch wenig greifbar&#8220; \u2013 Kultusministerin Warminski-Leitheu\u00dfer (SPD) in Schw\u00e4bisch Hall"},"content":{"rendered":"<p><strong>Bei ihrem Besuch in der Region Schw\u00e4bisch Hall\/Hohenlohe, besuchte die Ministerin f\u00fcr Kultus, Jugend und Sport des Landes Baden-W\u00fcrttemberg, Gabriele Warminski-Leitheu\u00dfer (SPD), am Freitag, 20. Juli 2012, auch die Sonnenhofschule und das Schulzentrum West in Schw\u00e4bisch Hall. Zusammen mit Oberb\u00fcrgermeister Hermann-Josef Pelgrim, Erster B\u00fcrgermeisterin Bettina Wilhelm, dem Landtagsabgeordneten Nikolaos Sakellariou (SPD), den Leitern des Sonnenhofs, Pfarrer Rudolf Schmid und Heinz Sch\u00fcle sowie der Leiterin der Sonnenhofschule, Doris Karabanov, diskutierte die Ministerin die Bestrebungen des Landes zum Thema Inklusion.<\/strong><\/p>\n<p><em>Von der Stadtverwaltung Schw\u00e4bisch Hall<\/em><\/p>\n<p><strong>Inklusion bereits seit drei Jahren an der Grundschule in Sulzdorf<\/strong><\/p>\n<p>Die Landesregierung dr\u00fcckt aufs Tempo um Artikel 24 der UN-Konvention \u00fcber Rechte von Menschen mit Behinderung im Schulbereich umzusetzen. Dieser sieht vor, dass Eltern behinderter Kinder ein Wahlrecht einger\u00e4umt wird, ob ihr Kind eine Sonderschule oder eine inklusive Schule besuchen soll. In Schw\u00e4bisch Hall wird Inklusion bereits seit drei Jahren an der Grundschule in Sulzdorf praktiziert. Erst k\u00fcrzlich wurde die Fortf\u00fchrung dieser Inklusionsklasse sowie die Einrichtung einer weiteren an der Grundschule Breitenstein von allen Seiten einstimmig bef\u00fcrwortet. Die Zusammenarbeit zwischen Grundschulen und Sonnenhof verlaufe sehr gut, so Schulleiterin Karabanov.<\/p>\n<p><strong>Fachliche Ausbildung der Lehrerinnen und Lehrer<\/strong><\/p>\n<p>In der Diskussion mit der Ministerin sprachen Heinz Sch\u00fcle und Pfarrer Schmid vor allem die Fragen der fachlichen Ausbildung der Lehrerinnen und Lehrer an, die Inklusionsklassen unterrichten. Hierzu sei auch die geb\u00fcndelte Fachkompetenz zentraler Einrichtungen wie dem Sonnenhof zwingend notwendig. Au\u00dferdem w\u00fcrden sie es f\u00fcr ein sehr positives Signal halten, wenn auch \u201eumgekehrte Inklusionsklassen\u201c gef\u00f6rdert w\u00fcrden. Demnach w\u00fcrde die Sonnenhofschule eine inklusive Klasse mit nicht-behinderten Kindern erg\u00e4nzen. Das Anliegen wurde seitens der Ministerin und seitens der Stadt bef\u00fcrwortet und soll unterst\u00fctzt werden. Da Inklusion f\u00fcr Schw\u00e4bisch Hall nichts Neues ist, ist auch die Akzeptanz sehr hoch. Ministerin Warminski-Leitheu\u00dfer erhofft sich eine \u00e4hnliche Akzeptanz in anderen Teilen des Landes und bei der Ausweitung der Inklusion auf alle Schularten. Wichtig ist und bleibe aber das Nebeneinander von Inklusion und intensiver sonderp\u00e4dagogischer F\u00f6rderung in besonderen Einrichtungen, sodass Eltern eine echte Wahlfreiheit f\u00fcr ihre Kinder h\u00e4tten.<\/p>\n<p><strong>Zahlreiche Elemente einer Gemeinschaftsschule<\/strong><\/p>\n<p>Bei einem zweiten Treffen im Sch\u00fclerhaus am Schulzentrum West traf die Ministerin mit den Schulleitern und Elternbeiratsvorsitzenden der beiden Haller Schulzentren zusammen. Nach einer kurzen Einf\u00fchrung durch Erste B\u00fcrgermeisterin Wilhelm in die \u00f6rtliche Schullandschaft, stellten Thomas Helmle (Grundschule Steinbach), Karl-Heinz Lang (Thomas-Schweicker-Werkrealschule) und Andreas Grandic (Montessori-Initiative) den Montessori-Zug der Schulen und in Kooperation mit dem Hohenloher Freilandmuseum vor. Dieser greife bereits zahlreiche Elemente einer Gemeinschaftsschule auf. Daher sei bereits umfangreiches Know-How in einigen Bereichen hierzu vorhanden.<\/p>\n<p><strong>Mehr Personal gefordert<\/strong><\/p>\n<p>In der Diskussion mit der Ministerin sprachen die Elternvertreterinnen und die Schulleiter insbesondere den Bedarf nach mehr personellen Ressourcen an. Bei einer Umstellung zur Gemeinschaftsschule sei die hierf\u00fcr notwendige wissenschaftliche Begleitung und Beratungsgespr\u00e4che unerl\u00e4sslich.<\/p>\n<p><strong>Besondere Chance f\u00fcr Realschulen<\/strong><\/p>\n<p>Ministerin Warminski-Leitheu\u00dfer sieht bei der Einrichtung von Gemeinschaftsschulen eine besondere Chance f\u00fcr Realschulen: \u201eDie Realschulen haben heute schon Sch\u00fclerinnen und Sch\u00fcler mit Werkrealschul-, Realschul-, und Gymnasialempfehlung. Indirekt sind sie damit schon Gemeinschaftsschulen, ob sie es nun wollen oder nicht.\u201c Durch die beiden Schulzentren habe Schw\u00e4bisch Hall \u201egrandiose Chancen\u201c zur Einf\u00fchrung einer Gemeinschaftsschule. Die Bereitschaft sich auf diese Entwicklung einzulassen, sei ebenfalls da. W\u00fcrden sich zum Beispiel die Werkreal- und Realschule eines Schulzentrums gemeinsam auf solch einen Weg machen, w\u00e4ren dies ideale Voraussetzungen. Auch die Einf\u00fchrung der Gemeinschaftsschule an beiden Schulzentren kann sich die Ministerin gut vorstellen, sofern dies mit der regionalen Schulentwicklungsplanung abgestimmt sei. \u201eMeine Aufgabe und die der Landesregierung ist es, Ihnen die Unterst\u00fctzung zu geben, die Sie ben\u00f6tigen. Klar muss aber auch sein, dass die Einf\u00fchrung einer Gemeinschaftsschule in der Entwicklungsphase h\u00e4ufig zus\u00e4tzliche Arbeit f\u00fcr jeden Einzelnen bedeutet\u201c, so Warminski-Leitheu\u00dfer. Schulen, die ein ernstes Interesse an der Entwicklung zu einer Gemeinschafts\u00adschule h\u00e4tten, w\u00fcrden von den Staatlichen Schul\u00e4mtern vor Ort und der Stabsstelle im Ministerium intensiv beraten.<\/p>\n<p><strong>Eltern teilweise skeptisch, teilweise begeistert<\/strong><\/p>\n<p>Auf Elternseite herrsche teilweise Skepsis, teilweise Begeisterung, so die Elternvertreterinnen. Hauptproblem sei, dass die Gemeinschaftsschule durch einen Mangel an praktischen Beispielen noch wenig greifbar scheine. Daher solle die Entwicklung langsam angegangen werden, um Startfehler, wie sie an den nunmehr genehmigten Versuchsschulen sicherlich vorkommen werden, vor einer eigenen Einf\u00fchrung beheben zu k\u00f6nnen. Obwohl sich alle Teilnehmerinnen und Teilnehmer eine l\u00e4ngere Diskussion gew\u00fcnscht h\u00e4tten, wurde die M\u00f6glichkeit zum direkten Austausch mit der Ministerin begr\u00fc\u00dft. Die Stadt Schw\u00e4bisch Hall unterst\u00fctzt als Schultr\u00e4ger die Weiterentwicklung zur Gemeinschaftsschule und die weitere Entwicklung hin zu mehr Inklusion.<\/p>\n<p><strong>Weitere Informationen und Kontakt:<\/strong><\/p>\n<p>Stadtverwaltung Schw\u00e4bisch Hall, Am Markt 6, 74523 Schw\u00e4bisch Hall<\/p>\n<p>Telefon: 0791\/751-0<\/p>\n<p><strong>Internet:<\/strong><\/p>\n<p><a href=\"http:\/\/www.schwaebischhall.de\" target=\"_blank\">www.schwaebischhall.de<\/a><\/p>\n<p><a href=\"http:\/\/www.facebook.com\/schwaebischhall\" target=\"_blank\">www.facebook.com\/schwaebischhall<\/a><\/p>\n<p><a href=\"http:\/\/www.twitter.com\/ob_schwaebhall\" target=\"_blank\">www.twitter.com\/ob_schwaebhall<\/a><\/p>\n<div class=\"pdf24Plugin-cp\"> \t<form name=\"pdf24Form0\" method=\"post\" action=\"https:\/\/doc2pdf.pdf24.org\/wordpress.php\" target=\"pdf24PopWin\" onsubmit=\"var pdf24Win = window.open('about:blank', 'pdf24PopWin', 'resizable=yes,scrollbars=yes,width=600,height=250,left='+(screen.width\/2-300)+',top='+(screen.height\/3-125)+''); pdf24Win.focus(); if(typeof pdf24OnCreatePDF === 'function'){void(pdf24OnCreatePDF(this,pdf24Win));}\"> \t\t<input type=\"hidden\" name=\"blogCharset\" value=\"Cw1x07UAAA==\" \/><input type=\"hidden\" name=\"blogPosts\" value=\"MwQA\" \/><input type=\"hidden\" name=\"blogUrl\" value=\"yygpKSi20tcvLy\/Xy8jPSM3LARK6pXnpqWmZOSWpRSV6KakA\" \/><input type=\"hidden\" name=\"blogName\" value=\"88jPSM3LARK6pXnpqWmZOSWpRSUA\" \/><input type=\"hidden\" name=\"blogValueEncoding\" value=\"gzdeflate base64\" \/><input type=\"hidden\" name=\"postId_0\" value=\"MzQxMjEFAA==\" \/><input type=\"hidden\" name=\"postTitle_0\" value=\"FY0xCsJAEEWvMiAELQRJJaQTQUULIYX1Zp3sDplMws4uab2DB7DxJrmJJ3FTfR7\/836x2pdlWZ2wRxK13rRRcyRGgSRPuEjHSWkQUMrYG3HICmMwXaQ8xAAHJB0JGUEG62FCIQcuILWNCcXi31Xwe73hmjgm7UlIIwYSeJiQSTva3pCixzR\/sm9d348byHVt\/TR\/m+UGzob5Dw==\" \/><input type=\"hidden\" name=\"postLink_0\" value=\"yygpKSi20tcvLy\/Xy8jPSM3LARK6pXnpqWmZOSWpRSV6Kan69gW2hiZGJqYA\" \/><input type=\"hidden\" name=\"postAuthor_0\" value=\"AwA=\" \/><input type=\"hidden\" name=\"postDateTime_0\" value=\"MzIwNNI1sNA1MFUwNLIysLAyNAQA\" \/><input type=\"hidden\" name=\"postContent_0\" value=\"pVhNbxvJEb3nVzR8sgGSsp3dGDG0BsRYtmytbMPyWoAvix5NzUxnZnqI7h4R4Wl\/SJC96JqrTzqF\/2R\/SV5VN8nhh9YJ9mCZHPZU18erV6\/7ePbi2AfX2fLFlIwylaNWTcn315UyVuXk1EcqTWfV5XU1X95mxuOXM900R2ddRbbBn5HK5IVAKjekLow1PpDD68Xyzqnzvgm9H6m3fUk2Vz3+Xc46F2Dcqx+15f+mOic7vsLyEKjNyJUj9VpnzlBD6kq71lhfm\/GPZEJF\/fJXuPXw8sPLRyOlW\/XK4bHGG08fT7BLY\/DhyVP8xEGwR5edtWSrroDvPQyyC7n2HFLfLMgG17fqinzgkHfjnKgvvddtS1a1Jqj3cC6DnyW5liROdYaP2trx285ToT5QUzrTjtSpk1+nW4uxwZRCMFarK9NU1GBhjpRzHhCD11lJncstBez3ztRdozs4qmtqGu1M16\/iRr4Up4OclURuYhypD4V2jivX511TcEStiYk\/I2MX\/GB5hzz4bo7scI2jpVTwnXSN1MvOGa\/OtdOZtt0NNje+7oMht19y\/gr8BEdZb1HwYZUXSPOnilqt3ti66T1gNTk+SvA7Ppq9+NMx4Ejti89d8iToPNyQm2tAyJZ7tTk+wuL1i8nQ2jZgycjwyuOvyvFZvdUAuFU6mn\/tkJOECa48wJB3rthz6SViiiE49AI5diV3y7vrOgBkhVefqJ11CtGduGBQKvX0O9ngp3fj887eAGHszvIuk3aSTrnBgwuy2D0Ba0qVwRZi3LQRmxIAYu3bRe8pAKoTBWc8zHhDVYAVN2Ioe3XaCBSyZIWRdy6fFEqOFqoaxxvzN6Bxedu3Qc2Ny0eqy7jtZTX\/Ku2C91JeumSCMyR5vaHoG6Wuh\/u+4zZ5s987soP6wwVRM6frYBYMuIn0larRVYuGczPvXR5R+AqkAsapYn1imtZ7+7pBmtaYx79TYx0MCLA4QKfm0gWH3Zmy56hX4HRy8RAeVl7KU37fB9O2pkSMzHpz+EJBqrXmD+0yjnsxN7HqA\/M20uKq8RQw3wBZcJdQmrIPIzge896sWnXdj5PdDnilryvODamT3memySUh0ubINt61acP4fQ\/vb2L4L7nLvRSOAcqPBo3uURQJY5tT2OyKfxLxAKSSrTZWyelIC04VKz\/t\/+Yo6jISG7tV5UXwSsrJPXIGpCx6htlmCJQE2gaw0SeKE1R37YxZdqFkAugG9geQgM1Iju2gLCidlSFmuzDH\/6acwHMeR7xujrozLaM1FdhOhh+jRWo467wJaB4wtSmtblQFTiPEAzs2evnbL\/\/q25JqLA8HYvztl38iiGL51XF\/r3YDxKi1mhtBHhwceDv9ex5bgYtqOdzxhjVsYg1A2pXLWxspB7PyxDaGJCvSbz52wy4ouFbDn4TAt1oiLgFhxJL5sLwLC0RDKZjBbIgZ3OMUcdmrd9Qjmdh4xH82dT6pFzQLGnWVvFfddTUZunhYTZBDtoqA2sGMpGt5W9nURGuLhqkhF4r4RKbZnm4cGBpc4gacmUxWcN6EhKaWXoi9rJ3A9YojAnVwHGIFPZ6R0jwuWKe8o4wsnJK9hXw2Bnm9sZxwVBZjQbh7trzNddmVQjROvYqYkcnCJBwXwfstvDPFDEeJZCEOKx4fBQiwYv6SqrBQXA2YankbOI5dGvoiQ0dSeIruR5dRItrX+GZ49uki+IjRPRJiOcqrW3RdJNlPjooC\/8fpyGzjKt17loD7Sg4dXexqk8hidsijMYExYhTP6eBBV2hVGMsTTeE5f2TwRVJLW+HZIlH7RL3TCThO1b1bxORuplHv8LMown1BmISgSuoJxQoReNFPLUMCmUKBAmSgpKLqWgDjDK8BSw+Hg+qSJ1QGbyASMSKaceRngLRUD+N7Y+4pFKYmN74iVzvSTXz7kaTjxGI2w\/xrh73NtXp40aF23kMGjt9Y0JhmJnskuRz89KWPaL8cjDSeU103IyR2M0datT47OFHvHGMLhYPiIftrjVPip4LWqmHx\/+CJO43phLfgObAy0rcFMhHNQNPabj4+6+bsJywYJrhpFF34VMUxApcqbr19hF8ww3wAi3XM6CDnTrj5Dw5UESeCSHQ0YBaGk1DofYNfOO7XDS0FmVKuIZlkJLQyecQ\/ErnykUsFLIrGmahVj0GptoItxuqiP5xQziLvzlkRDlgPQcKo5AkV10fsTqlsEgOy21NGAL74khDn8paX9Ni4Wd56z2\/s5Xa6jupvyP41Rd75uIaq3cvyN0k+auYVRw\/1H3PqgZgTCWbfcuU5z26WeoNnGPAZ\/6UeMMWzeIQW1tpUc\/VE8LDViuPRxhg+8+LX\/8Cg9wZKpZ0VVHGxWHXnxlHNk4sHK0sWzcbijodiEsWfNIrtMdA7gYYIfZmtE1YaL4WxuN6J\/rZ4j2Pbn8xIQimUgYNwSpWoFkbUkA3vbdqol6exVeWHOJB5aoqgV6c2zEFcTTKz6KM2Ggk6eUwWcATaQ2OqruUYLPDRE2j3M4PTGUe1SvZYUrupmzi3fTXg0dniKgYNewL1krgeQKNStdK2UHLLWxfbF7okh0VSnzuHCcVHNxmxrBZTVremw30UZg8mv9Y2RbUz33BOYLKSTo7zvJDrAXZoRThObnN0szJKm4T6GXiY\/eFLCDnOBE7rhOt6IY1w0hclV35FRCLVdw7GLGLIj9SbyiYu+2kj9CK\/sBanJOUvBWF2+TUYSRC0KboBOYvyR2QdnLDpmLubuvv5P11mnA7jqzQgBLnSF4b98BAui6Tx4tlMGvvvlMfxvaCGY8jwHU0cAGU5hh0kl8kqnTEs1v3IPUrh0aJ8qmTFrfd84mwciOE\/\/05RJG01Wh8ubuRqxLKy1iEdnmTn5W0reoZPW+9dFJJJgmc+QoKV0xoufbvWjTwc9SEFl5QgFEUDvcCn5xpKmBt+NHiY4VwgNvcHHwCTRpmcCsCGji8WaPD2JUx644cGpyuDSJBk\/L6JiJOe7mdh5rqMj5fYYwCTQ6CIOiy27gV0AMgANYnXC\/FQviIJfLQdn6oIqiAqkQzI5EV4e60smDuje4Oaoo1KIQtsUOp4lpTzzYjviFAQF5i\/yY3kjMlcrGNV0X4ys\/EK4excstb7jOZBF6xHEnc+Bif3P2qNY2w7sM\/Vj3gi7qcdGYpzHnceg65efo0ZfJ\/Nu6pJPMvR8MmGdx\/Oqc2zOBGBNr5GoqGkKQkY5XyHAWrXlzMXy68l+1zLFUjPdwE8tuLRP4AkWa7siyJgyy3vlr+mq5R4ntwbPFtHSTB57IgAnVHyEUroPl7tDBvvMG+suC1dBm0VFqdkzp2UaHiFud01aS+sgB5sRfimNJ5DLANqz\/f65FsXnSN1gtbVDnP+LyP17Lvvn\/75wGVotPUJ4C06aJLHz\/765OjZ90\/Gj\/evSLmX6IAjx1rhZFf88KAKYfb86Gg+n0+wwVyTbFTxhXhODxQwXFL44cHPGcBeP3hxeN3xkf5dy4W+pqzr6sl11x7tvH54j99741u7oY5ApZNXu+zn9Pb9e92\/fr3TfwE=\" \/> \t\t<a href=\"https:\/\/www.pdf24.org\" target=\"_blank\" title=\"www.pdf24.org\" rel=\"nofollow\"><img src=\"https:\/\/www.hohenlohe-ungefiltert.de\/wp-content\/plugins\/pdf24-post-to-pdf\/img\/pdf_32x32.png\" alt=\"\" border=\"0\" height=\"32\" \/><\/a> \t\t<span class=\"pdf24Plugin-cp-space\">&nbsp;&nbsp;<\/span> \t\t<span class=\"pdf24Plugin-cp-text\">Sende Artikel als PDF<\/span> \t\t<span class=\"pdf24Plugin-cp-space\">&nbsp;&nbsp;<\/span> \t\t<input class=\"pdf24Plugin-cp-input\" style=\"margin: 0px;\" type=\"text\" name=\"sendEmailTo\" placeholder=\"Emailadresse\" \/> \t\t<input class=\"pdf24Plugin-cp-submit\" style=\"margin: 0px;\" type=\"submit\" value=\"Senden\" \/> \t<\/form> <\/div>","protected":false},"excerpt":{"rendered":"<p>Bei ihrem Besuch in der Region Schw\u00e4bisch Hall\/Hohenlohe, besuchte die Ministerin f\u00fcr Kultus, Jugend und Sport des Landes Baden-W\u00fcrttemberg, Gabriele Warminski-Leitheu\u00dfer (SPD), am Freitag, 20. Juli 2012, auch die Sonnenhofschule und das Schulzentrum West in Schw\u00e4bisch Hall. Zusammen mit Oberb\u00fcrgermeister Hermann-Josef Pelgrim, Erster B\u00fcrgermeisterin Bettina Wilhelm, dem Landtagsabgeordneten Nikolaos Sakellariou (SPD), den Leitern des Sonnenhofs, [&hellip;]<\/p>\n","protected":false},"author":3,"featured_media":0,"comment_status":"open","ping_status":"open","sticky":false,"template":"","format":"standard","meta":[],"categories":[],"tags":[],"_links":{"self":[{"href":"https:\/\/www.hohenlohe-ungefiltert.de\/index.php?rest_route=\/wp\/v2\/posts\/14245"}],"collection":[{"href":"https:\/\/www.hohenlohe-ungefiltert.de\/index.php?rest_route=\/wp\/v2\/posts"}],"about":[{"href":"https:\/\/www.hohenlohe-ungefiltert.de\/index.php?rest_route=\/wp\/v2\/types\/post"}],"author":[{"embeddable":true,"href":"https:\/\/www.hohenlohe-ungefiltert.de\/index.php?rest_route=\/wp\/v2\/users\/3"}],"replies":[{"embeddable":true,"href":"https:\/\/www.hohenlohe-ungefiltert.de\/index.php?rest_route=%2Fwp%2Fv2%2Fcomments&post=14245"}],"version-history":[{"count":4,"href":"https:\/\/www.hohenlohe-ungefiltert.de\/index.php?rest_route=\/wp\/v2\/posts\/14245\/revisions"}],"predecessor-version":[{"id":14334,"href":"https:\/\/www.hohenlohe-ungefiltert.de\/index.php?rest_route=\/wp\/v2\/posts\/14245\/revisions\/14334"}],"wp:attachment":[{"href":"https:\/\/www.hohenlohe-ungefiltert.de\/index.php?rest_route=%2Fwp%2Fv2%2Fmedia&parent=14245"}],"wp:term":[{"taxonomy":"category","embeddable":true,"href":"https:\/\/www.hohenlohe-ungefiltert.de\/index.php?rest_route=%2Fwp%2Fv2%2Fcategories&post=14245"},{"taxonomy":"post_tag","embeddable":true,"href":"https:\/\/www.hohenlohe-ungefiltert.de\/index.php?rest_route=%2Fwp%2Fv2%2Ftags&post=14245"}],"curies":[{"name":"wp","href":"https:\/\/api.w.org\/{rel}","templated":true}]}}