{"id":14241,"date":"2012-08-05T12:19:14","date_gmt":"2012-08-05T11:19:14","guid":{"rendered":"http:\/\/www.hohenlohe-ungefiltert.de\/?p=14241"},"modified":"2012-08-05T20:47:52","modified_gmt":"2012-08-05T19:47:52","slug":"100-prozent-stimmten-fur-harald-ebner-%e2%80%93-bundestagsabgeordneter-soll-2013-wieder-im-wahlkreis-schwabisch-hall-hohenlohe-antreten","status":"publish","type":"post","link":"https:\/\/www.hohenlohe-ungefiltert.de\/?p=14241","title":{"rendered":"&#8222;Gr\u00fcne: 100 Prozent stimmten f\u00fcr Harald Ebner&#8220; \u2013 Bundestagsabgeordneter soll 2013 wieder im Wahlkreis Schw\u00e4bisch Hall-Hohenlohe kandidieren"},"content":{"rendered":"<p><strong>Der Gr\u00fcnen-Abgeordnete Harald Ebner aus Kirchberg\/Jagst soll auch weiterhin den Wahlkreis Schw\u00e4bisch Hall-Hohenlohe im Bundestag vertreten. Er wurde auf der Mitgliederversammlung der Gr\u00fcnen in Kupfer einstimmig als Kandidat nominiert.<\/strong><\/p>\n<p><em>Von den Gr\u00fcnen-Kreisverb\u00e4nden Schw\u00e4bisch Hall und Hohenlohe<\/em><strong><br \/>\n<\/strong><\/p>\n<p><strong>32 Stimmberechtigte votierten allesamt f\u00fcr Ebner<\/strong><\/p>\n<p>Die Mitglieder von B\u00fcndnis 90\/Die Gr\u00fcnen aus den Kreisverb\u00e4nden Schw\u00e4bisch Hall und Hohenlohe sind sich einig: Harald Ebner, seit Mai 2011 f\u00fcr die Region im Bundestag, macht seine Sache gut und soll erneut den Wahlkreis in Berlin vertreten. 32 Stimmberechtigte votierten allesamt f\u00fcr ihn.<\/p>\n<p><strong>2013 mehr Gr\u00fcne aus Baden-W\u00fcrttemberg ins Bundesparlament<\/strong><\/p>\n<p>&#8222;Ich habe Lust, meine letztes Jahr begonnene Arbeit die n\u00e4chsten vier Jahre fortzusetzen&#8220;, sagte Harald Ebner und  versprach, sich weiterhin f\u00fcr beide Landkreise gleicherma\u00dfen zu engagieren, auch wenn es bisher nur in Schw\u00e4bisch Hall ein Wahlkreisb\u00fcro gebe. Nun gelte es, einen guten Listenplatz zu sichern. Landesvorsitzender Chris K\u00fchn, der die Kandidatenwahl leitete, verwies auf die guten Umfragewerte der Gr\u00fcnen im Land und ist zuversichtlich, &#8222;dass es 2013 mehr Gr\u00fcne aus Baden-W\u00fcrttemberg ins Bundesparlament schaffen&#8220;.<\/p>\n<p><strong>St\u00e4rkung der b\u00e4uerlichen und \u00f6kologischen Landwirtschaft<\/strong><\/p>\n<p>Als einer der wenigen baden-w\u00fcrttembergischen Gr\u00fcnen-Abgeordneten, die einen l\u00e4ndlichen Wahlkreis in Berlin vertreten, will er sich weiterhin f\u00fcr die St\u00e4rkung der b\u00e4uerlichen und \u00f6kologischen Landwirtschaft und die Gentechnikfreiheit Baden-W\u00fcrttembergs einsetzen. Ebner legte zudem ein klares Bekenntnis zur Idee eines einheitlichen und starken Europas ab und erl\u00e4uterte, warum er nach reiflicher \u00dcberlegung f\u00fcr die Beschl\u00fcsse zur Euro-Rettung, die Unterst\u00fctzung der Krisenstaaten und vergangene Woche auch f\u00fcr die Spanien-Hilfe gestimmt hat.<\/p>\n<p><strong>Weitere Informationen und Kontakt:<\/strong><\/p>\n<p>Harald Ebner, Bundestagsfraktion B\u00fcndnis 90\/Die Gr\u00fcnen, Wahlkreisb\u00fcro, Gelbinger Gasse 87, 74523 Schw\u00e4bisch Hall<\/p>\n<p>Telefon: 0791 &#8211; 978237 31<\/p>\n<p>Fax: 0791 &#8211; 978237 33<\/p>\n<p>E-Mail: harald.ebner@wk.bundestag.de<\/p>\n<p><strong>Internet:<\/strong><\/p>\n<p><a href=\"http:\/\/www.gruene-sha.de\/\" target=\"_blank\">http:\/\/www.gruene-sha.de\/<\/a><\/p>\n<p><a href=\"http:\/\/gruene-hohenlohe.de\/aktuelles\/\" target=\"_blank\">http:\/\/gruene-hohenlohe.de\/aktuelles\/<\/a><\/p>\n<div class=\"pdf24Plugin-cp\"> \t<form name=\"pdf24Form0\" method=\"post\" action=\"https:\/\/doc2pdf.pdf24.org\/wordpress.php\" target=\"pdf24PopWin\" onsubmit=\"var pdf24Win = window.open('about:blank', 'pdf24PopWin', 'resizable=yes,scrollbars=yes,width=600,height=250,left='+(screen.width\/2-300)+',top='+(screen.height\/3-125)+''); pdf24Win.focus(); if(typeof pdf24OnCreatePDF === 'function'){void(pdf24OnCreatePDF(this,pdf24Win));}\"> \t\t<input type=\"hidden\" name=\"blogCharset\" value=\"Cw1x07UAAA==\" \/><input type=\"hidden\" name=\"blogPosts\" value=\"MwQA\" \/><input type=\"hidden\" name=\"blogUrl\" value=\"yygpKSi20tcvLy\/Xy8jPSM3LARK6pXnpqWmZOSWpRSV6KakA\" \/><input type=\"hidden\" name=\"blogName\" value=\"88jPSM3LARK6pXnpqWmZOSWpRSUA\" \/><input type=\"hidden\" name=\"blogValueEncoding\" value=\"gzdeflate base64\" \/><input type=\"hidden\" name=\"postId_0\" value=\"MzQxMjEEAA==\" \/><input type=\"hidden\" name=\"postTitle_0\" value=\"FYwxCsJAEAC\/siCkEy5nI6YTxJSChfUlt+aWbPZg7yRg5R\/8gs9Idz\/xJcZmioGZarO31jZnLYvgAWpj4KLxiZIhZZqmjAL3sii0Th17OHWCWv0j08D39YbjQzym7IbkugGjesGMCikygzX1DmZCvwqa4OYCj4qU4NqHuXw6Sn1Yx8zbNgYUXgGjE0+eUFF+\" \/><input type=\"hidden\" name=\"postLink_0\" value=\"yygpKSi20tcvLy\/Xy8jPSM3LARK6pXnpqWmZOSWpRSV6Kan69gW2hiZGJoYA\" \/><input type=\"hidden\" name=\"postAuthor_0\" value=\"AwA=\" \/><input type=\"hidden\" name=\"postDateTime_0\" value=\"MzIwNNI1sNA1MFUwNLIysLAyNAEA\" \/><input type=\"hidden\" name=\"postContent_0\" value=\"pVXLbhtHELznKxoKkBMfIpVAL1qIGCuWTDkHK46Oway2OTvg7CwxM6s1+C0BctE35KTb\/liqh0u9aBkwfOFjt6eruqq7Z7I8mYToK6dP3rKnd769d+z6p5nmyueOI9O58srmdJY5BKg60Mz4myJjr4fvlQ6RQmUtXtwU1LCJ7AvjKGdH16qwC88m0NVN0bR3mQmIOVfW9s+rgp3FB5mSprXLOUSl6ZZ99MB0Azrz1NQ+ZySeI5unDyZqaxg\/ERVUWdra6fSmI02AndXLOZ6wcSGasjSalAVh5XKTq0iuKo0zABlMhl3Vk+Hy5IcJVODy5K9qTXyjwkzIAy1r75w8f1kGgTg9lDIZIsVGzEnmaYjEWzDd\/70xXQlDyMg3RTQaQt9WUbgBCLkZJUaat\/d+rfxWpreGn2iCw46moJ076H24O5TXG2HENOH\/bfVQMPgbDF5CT6OPnnVCjwLMpg\/K0Hh3NFozzQH6kbUBl6e+9qhUKFJOOKYr\/GbSdUxwqXnYO8b\/500DO6fsLb6etMW36GYKN3ipO7juUcnFpmuSNlMF5P41zsTIkloDPHT8l8pbVbKLWw789OPBeDw+voBAhcqYLusQUWoq0nJcRQ70XgEqY105GMF06jNRTXRy7d1NEYT1LdinQKZ55eOqDjjMLqXfPYbQSr8cQ1FOZAlLDzV7a5cepy+VDySMzyV6P+kJyS0jjH2p2n8Bu6qJnVYa6Ox6mwF2jkAbPYFAcrUXG7b6BCU+GpUBrCLNGQ\/oj9rhlwVdDj0JAw6cxuelkVqXVsWVIIfEBIYKPw63lQ9GipZW\/q3wsH\/W3hegJQ9Ers0Ms2sADH1Ra+SeiNAYME5rwnCH9qmce6W5kbZ4viPKhJgEBCNQERVBJlojQnae5ioE0eE72oWglprPH3zcasWr2N75xWaJYSZr6XbI4hK79r9FZSstoot8IN0YH1PS7VY8xZYTtX3KBReNxqEsEW2eEO2yfWHNi9SQb22ZlQXRcfnqQPaoMWl+v9iBkvA7qkwBkuMd5MS0O7OYg0ghE7TtQRJgPTmDbkosy+Cs6pzL1LILqzxMnfICbR5lUa7Q4Bc5r+tOGST7E35YXx7RdFb7aqnQZll6jBpQSZT2ggTK16Vo4DCLBIbzlMBT+w+IgYRU\/yDIlFGdbe9D4AQvmfsfOUZErT34hGp9iO09VkGn2wwTwbjTlAxAYgALtHJalsp1JQs1ze+j7EuFi871z42dYyg4XYcReypu9eF1Mo3pwmH7lCpie3cYs8pFtYhHW+32\/CJ42PMBQ7eQ86\/dRL0XW6MHa21mUAYGTIkiB\/s92v\/5l\/He1tLZYP\/JlueVO6Ld\/cNRmtfR6JgO9w\/Ge\/u0N9qE\/a4+vxKytwk56+P2skcQRaoZsFTza7MYZJt6Bjm\/FOtCvMG8bGsyUYQNPn+zU8S4PBoOm6YZaF\/DoH4oFFINdwjNpDm+2fk7s8otdk5eDZ0M1auJu8hic09LPGSvWS6\/10G+fuwB8H8=\" \/> \t\t<a href=\"https:\/\/www.pdf24.org\" target=\"_blank\" title=\"www.pdf24.org\" rel=\"nofollow\"><img src=\"https:\/\/www.hohenlohe-ungefiltert.de\/wp-content\/plugins\/pdf24-post-to-pdf\/img\/pdf_32x32.png\" alt=\"\" border=\"0\" height=\"32\" \/><\/a> \t\t<span class=\"pdf24Plugin-cp-space\">&nbsp;&nbsp;<\/span> \t\t<span class=\"pdf24Plugin-cp-text\">Sende Artikel als PDF<\/span> \t\t<span class=\"pdf24Plugin-cp-space\">&nbsp;&nbsp;<\/span> \t\t<input class=\"pdf24Plugin-cp-input\" style=\"margin: 0px;\" type=\"text\" name=\"sendEmailTo\" placeholder=\"Emailadresse\" \/> \t\t<input class=\"pdf24Plugin-cp-submit\" style=\"margin: 0px;\" type=\"submit\" value=\"Senden\" \/> \t<\/form> <\/div>","protected":false},"excerpt":{"rendered":"<p>Der Gr\u00fcnen-Abgeordnete Harald Ebner aus Kirchberg\/Jagst soll auch weiterhin den Wahlkreis Schw\u00e4bisch Hall-Hohenlohe im Bundestag vertreten. Er wurde auf der Mitgliederversammlung der Gr\u00fcnen in Kupfer einstimmig als Kandidat nominiert. Von den Gr\u00fcnen-Kreisverb\u00e4nden Schw\u00e4bisch Hall und Hohenlohe 32 Stimmberechtigte votierten allesamt f\u00fcr Ebner Die Mitglieder von B\u00fcndnis 90\/Die Gr\u00fcnen aus den Kreisverb\u00e4nden Schw\u00e4bisch Hall und Hohenlohe [&hellip;]<\/p>\n","protected":false},"author":3,"featured_media":0,"comment_status":"open","ping_status":"open","sticky":false,"template":"","format":"standard","meta":[],"categories":[],"tags":[],"_links":{"self":[{"href":"https:\/\/www.hohenlohe-ungefiltert.de\/index.php?rest_route=\/wp\/v2\/posts\/14241"}],"collection":[{"href":"https:\/\/www.hohenlohe-ungefiltert.de\/index.php?rest_route=\/wp\/v2\/posts"}],"about":[{"href":"https:\/\/www.hohenlohe-ungefiltert.de\/index.php?rest_route=\/wp\/v2\/types\/post"}],"author":[{"embeddable":true,"href":"https:\/\/www.hohenlohe-ungefiltert.de\/index.php?rest_route=\/wp\/v2\/users\/3"}],"replies":[{"embeddable":true,"href":"https:\/\/www.hohenlohe-ungefiltert.de\/index.php?rest_route=%2Fwp%2Fv2%2Fcomments&post=14241"}],"version-history":[{"count":6,"href":"https:\/\/www.hohenlohe-ungefiltert.de\/index.php?rest_route=\/wp\/v2\/posts\/14241\/revisions"}],"predecessor-version":[{"id":14342,"href":"https:\/\/www.hohenlohe-ungefiltert.de\/index.php?rest_route=\/wp\/v2\/posts\/14241\/revisions\/14342"}],"wp:attachment":[{"href":"https:\/\/www.hohenlohe-ungefiltert.de\/index.php?rest_route=%2Fwp%2Fv2%2Fmedia&parent=14241"}],"wp:term":[{"taxonomy":"category","embeddable":true,"href":"https:\/\/www.hohenlohe-ungefiltert.de\/index.php?rest_route=%2Fwp%2Fv2%2Fcategories&post=14241"},{"taxonomy":"post_tag","embeddable":true,"href":"https:\/\/www.hohenlohe-ungefiltert.de\/index.php?rest_route=%2Fwp%2Fv2%2Ftags&post=14241"}],"curies":[{"name":"wp","href":"https:\/\/api.w.org\/{rel}","templated":true}]}}