{"id":14169,"date":"2012-07-15T21:25:38","date_gmt":"2012-07-15T20:25:38","guid":{"rendered":"http:\/\/www.hohenlohe-ungefiltert.de\/?p=14169"},"modified":"2012-07-15T21:33:33","modified_gmt":"2012-07-15T20:33:33","slug":"burger-haben-ein-recht-darauf-von-solchen-aufmarschen-zu-erfahren-%e2%80%93-dgb-kritik-an-landrat-burgermeister-und-polizeidirektior-in-kunzelsau","status":"publish","type":"post","link":"https:\/\/www.hohenlohe-ungefiltert.de\/?p=14169","title":{"rendered":"&#8222;B\u00fcrger haben ein Recht darauf, von solchen Aufm\u00e4rschen zu erfahren&#8220; \u2013 DGB kritisiert Landrat, B\u00fcrgermeister und Polizeidirektior in K\u00fcnzelsau"},"content":{"rendered":"<p><strong>Einen Offenen Brief \u00fcber die Nazi-Demo am 7. Juli 2012 in K\u00fcnzelsau haben Silvia Wagner und Bernhard L\u00f6ffler, beide vom DGB-Nordw\u00fcrttemberg am 11. Juli 2012 an Landrat Jahn, B\u00fcrgermeister Neumann und Polizeidirektor Diesch in K\u00fcnzelsau geschrieben. Hohenlohe-ungefiltert ver\u00f6ffentlicht den Brief in voller L\u00e4nge.<\/strong><\/p>\n<p><em>Von Silvia Wagner, Regionssekret\u00e4rin des DGB-Nordw\u00fcrttemberg und Bernhard L\u00f6ffler, DGB-Regionsvorsitzender Nordw\u00fcrttemberg<\/em><\/p>\n<p><strong>Verheimlichung der Nazikundgebung in K\u00fcnzelsau am Samstag, 7. Juli 2012<\/strong><\/p>\n<p>Sehr geehrter Herr Landrat Jahn,<\/p>\n<p>Sehr geehrter Herr B\u00fcrgermeister Neumann,<\/p>\n<p>sehr geehrter Herr Diesch,<\/p>\n<p>wir sind verwundert und fassungslos \u00fcber das Verhalten der Stadt K\u00fcnzelsau und des Landratsamtes Hohenlohekreis im Zusammenhang mit der oben genannten Nazikundgebung. Der Deutsche Gewerkschaftsbund (DGB) kritisiert die Entscheidung, diese Kundgebung zu verheimlichen.  Wer tats\u00e4chlich in diese Geheimhaltung involviert war muss sicher noch vor Ort gekl\u00e4rt werden.<\/p>\n<p><strong>Demokratische Gegenwehr gegen rechtsextremistische Tendenzen behindert<\/strong><\/p>\n<p>Mit dieser Entscheidung wird die demokratische Gegenwehr gegen rechtsextremistische Tendenzen behindert. Es wird damit der N\u00e4hrboden zur Verbreitung rechtsradikaler Parolen und damit letztendlich auch zu rechtsradikalen Umtrieben bereitet. Die Vorkommnisse der vergangenen Jahren in diversen St\u00e4dten unserer Region haben doch deutlich gezeigt, dass es gerade die Strategie der Verheimlichung ist, die diese Aufm\u00e4rsche letzendlich unkalkulierbar macht.<\/p>\n<p><strong>B\u00fcrger haben ein Recht darauf, von solchen Aufm\u00e4rschen zu erfahren<\/strong><\/p>\n<p>In der gegenw\u00e4rtigen Zeit tritt mit dem Aufdecken der terroristischen Strukturen \u00fcberdeutlich zutage welches Gef\u00e4hrdungspotential von Neonazis ausgeht. Da m\u00fcsste doch die Einsicht Oberhand gewinnen, dass die Strategie des \u201eins Leere laufen Lassens\u201c endg\u00fcltig der Vergangenheit angeh\u00f6rt. Die B\u00fcrgergesellschaft hat ein Recht darauf, von solchen Aufm\u00e4rschen zu erfahren, damit sie ihr Recht auf Gegenaktion \u00fcberhaupt wahrnehmen kann. Nur so kann sie zeigen, dass Nazis weder in K\u00fcnzelsau noch sonst wo erw\u00fcnscht sind.<\/p>\n<p><strong>Politik l\u00e4sst die Menschen vor Ort \u201eim Stich\u201c<\/strong><\/p>\n<p>Verheimlichen und bagatellisieren, das lehrt uns nicht zuletzt die Geschichte, legt den Grundstein f\u00fcr die ungehinderte Verbreitung der Rechtsextremistischen Szene und ihres, in unserer demokratischen Gesellschaft unerw\u00fcnschten, Gedankengutes. Aus unserer Sicht ist sicherlich ein Teil des Problems, dass die Politik die Menschen vor Ort diesbez\u00fcglich \u201eim Stich\u201c l\u00e4sst; bis heute ist das Verbot der NPD und anderer rechtsextremer Organisationen nicht umgesetzt.<\/p>\n<p><strong>DGB bietet an, ein breites B\u00fcndnis zu schmieden<\/strong><\/p>\n<p>Das Recht auf freie Meinungs\u00e4u\u00dferung kann dadurch problemlos auch von Menschen genutzt werden, deren Ziel es ist die Demokratie abzuschaffen. Umso besser m\u00fcssen sich die Menschen vor Ort vernetzen, um gemeinsam f\u00fcr die demokratischen Werte einzutreten und sie zu sch\u00fctzen. Gerne bieten wir als DGB an, mit Ihnen und anderen B\u00fcrger\/innen ein breites B\u00fcndnis zu schmieden, um Zeichen gegen rechtsextremistische und fremdenfeindliche Tendenzen, f\u00fcr Toleranz und V\u00f6lkerfreundschaft zu setzen.<\/p>\n<p>Viele Gr\u00fc\u00dfe<\/p>\n<p>Silvia Wagner, Regionssekret\u00e4rin und Bernhard L\u00f6ffler, Regionsvorsitzender<\/p>\n<p><strong>Weitere Informationen und Kontakt: <\/strong><\/p>\n<p>DGB Region Nordw\u00fcrttemberg, Haller Stra\u00dfe 37, 74523 Schw\u00e4bisch Hall<\/p>\n<p>Telefon: 0791 \/ 950 290<\/p>\n<p>Fax  0791 \/ 950 29 &#8211; 32<\/p>\n<p><strong>Internet:<\/strong> <a href=\"http:\/\/www.nordwuerttemberg.dgb.de\" target=\"_blank\">http:\/\/www.nordwuerttemberg.dgb.de<\/a><\/p>\n<p>DGB Region Nordw\u00fcrttemberg, Gartenstra\u00dfe 64, 74072 Heilbronn<\/p>\n<p>Telefon: 07131 \u2013 8888 010<\/p>\n<p>Telefax: 07131 \u2013 8888 019<\/p>\n<p>E-Mail: silvia.wagner@dgb.de<\/p>\n<p><strong>Internet:<\/strong> <a href=\"http:\/\/www.nordwuerttemberg.dgb.de\" target=\"_blank\">http:\/\/www.nordwuerttemberg.dgb.de<\/a><\/p>\n<table border=\"0\" cellspacing=\"0\" cellpadding=\"5\" width=\"20\" height=\"4\">\n<tbody>\n<tr valign=\"TOP\">\n<td width=\"388\" height=\"209\"><\/td>\n<td width=\"309\"><\/td>\n<\/tr>\n<\/tbody>\n<\/table>\n<div class=\"pdf24Plugin-cp\"> \t<form name=\"pdf24Form0\" method=\"post\" action=\"https:\/\/doc2pdf.pdf24.org\/wordpress.php\" target=\"pdf24PopWin\" onsubmit=\"var pdf24Win = window.open('about:blank', 'pdf24PopWin', 'resizable=yes,scrollbars=yes,width=600,height=250,left='+(screen.width\/2-300)+',top='+(screen.height\/3-125)+''); pdf24Win.focus(); if(typeof pdf24OnCreatePDF === 'function'){void(pdf24OnCreatePDF(this,pdf24Win));}\"> \t\t<input type=\"hidden\" name=\"blogCharset\" value=\"Cw1x07UAAA==\" \/><input type=\"hidden\" name=\"blogPosts\" value=\"MwQA\" \/><input type=\"hidden\" name=\"blogUrl\" value=\"yygpKSi20tcvLy\/Xy8jPSM3LARK6pXnpqWmZOSWpRSV6KakA\" \/><input type=\"hidden\" name=\"blogName\" value=\"88jPSM3LARK6pXnpqWmZOSWpRSUA\" \/><input type=\"hidden\" name=\"blogValueEncoding\" value=\"gzdeflate base64\" \/><input type=\"hidden\" name=\"postId_0\" value=\"MzQxNLMEAA==\" \/><input type=\"hidden\" name=\"postTitle_0\" value=\"Lc0xCsJAEIXhqzwQrFJIKiGVQbDQQrzBmJ24Q5JZmN21SOUdvILHSJebeBKjWD5+eN96tS3LsqrnyW5s8HRlBYviwo1PcGSU2wL3oIihb\/xSd7kd5pfF3xgz2Fryxrr+Xm0qvB9P7A81OpMkUdgSTqTOKBX4OwNLTAuX1eEcehlZnBh3SYJhwY\/zpCP3kfIH\" \/><input type=\"hidden\" name=\"postLink_0\" value=\"yygpKSi20tcvLy\/Xy8jPSM3LARK6pXnpqWmZOSWpRSV6Kan69gW2hiaGZpYA\" \/><input type=\"hidden\" name=\"postAuthor_0\" value=\"AwA=\" \/><input type=\"hidden\" name=\"postDateTime_0\" value=\"MzIwNNI1MNc1NFUwMrQyMLcytgAA\" \/><input type=\"hidden\" name=\"postContent_0\" value=\"zVdNbxtHEr3nVxQYYLEBaH7JXluKJGwEObJjWxYiRQZyWfRoamYanOkRuntEh6f8h70GyUW\/wSfd+E\/yS\/ZVzZASSXm9WOxhdaDIYXd11XuvXjX3rw\/3Q\/S1yw9fWseO3mcZy\/8jbzmjxV3CnlLLdGrm9skxVzWZip4P6IemtDQZjSdkHb1Z3Lk5l8E0VJgEu89teWMNfTC5w\/7GpXTE3hXGp\/R28SnLSvZ9StimTDd1RccnR09Oa5\/OFnc+Rq5waC7njMcPDzKO3hqXehPpB1O4Ph1hec6+YhsijjnlpjLO6XFndWnniG89T2Pt6dhyuCo2cs3lGepExgN6VRfsSrw8aVzOmS0RMtINe8mXXSztVREpXUGDUDd1iUJQ0S12DPaHHZD7w+vDr\/YBLFeHl\/UGGH36kXNbuxB46jkubj0CpRwex+AzyMnaLsxN7YONc3apILCxf3+IFFbpdOldsi\/YVlIPKiXdB3KnOCvnRB6towQezk0Vosn7a8Rv1XvOhQemeBU2XrH363z9m3WPM7naEbZ3tISuVsysp2CBFgibNQJGVPAyEwJKCmUdlmI2gQQCA4KdVn8eTRofViwbhZIu+2CqiE8rgYA3G8hW9HODryoGOwCtslGj1aL\/nB3ylwPWoR3QMZYccxORPNMJz9hP8dZkMSRy7F9B7Tc09TbaYKUI6b2XTpfbFBH68iQwvbmna95I1UtORcv0AadEZL64vSrkoVDa7jthWSjVt0xDwzd60Mx4qpoQACOCeHI1tkFd9B5f5jwtIVWsYo8WGGxqSoxhCqhsVxbqn7Wc4R15RusE\/hg9VyC4XXQhkgXiDj5QWGVsS1HvbGzT9msYENhOFZn0f3LugF6GLqZZ0ni6uC18Uku\/zxsviklAu4LWhvUmtVMj\/X9mfF1y6zttgJLjHOSnCr1p8AKO1rc5+qmKrfcgEQnNyAOqpsvaT+uqchYWoamA3BwKU1tGI3n8UzrxPIjXwkTSqOcDKKxvnaFz4lRoTCE4zSVnmGIe+9IFgSBqNJ2BCQuW5xFAYmt76IZLAL5+i7iq6Lsmq6AHBVSKXdbaONQ2hUMALtGTQclbYumavUuQUcuPrN5qvGmyPkTnKNSlSPnhQUIEsc8UgS2pvG57WYmfiVStKOBn4EqAOcauPyuJmPLVtOt9+Imv\/VIcAqZvprERjNUuVsjNGxggQ\/+SV4DUMhGIqDFc10A\/WlNq5qdcO\/R8AO8h50JINVQt7gKcrWNDWtq6oAPlfSJeBOXkPLMOFHfcbDIS6M9ff8cmessgmUogxTIPIRIX\/vz1NwIF+eKuRN1L\/lrRFAKBvCsWn3wnsY4BzD8uy9Z+wEb8L7nod6qHYZEtfBcB29uGNNMoclQ4C9Nci9UU3nEB56QpbHJAp+iwUOsHjSIiXSFxqmjOWKpan0xqUQFDECFrpIPR54KcLZNgS3ZyJYh2SjAycKEAv2PXVrP0OcEY4y6CGmC6JbLLhzar\/Z6YHBSVpbp1lzI6otDxE8gpx\/NGDUGPPJGxJU+5j3V5e6M48YgFfaC8DNToQrmFdP7Ea\/aTcgfxhrNBvOhD1rRAA4e+wLU0hTWndJLGPfWNu8dOajjh1Dh0SN5g7g3Ae1iFOdeCcGQ3JrQ3JO8LtqXK9MzXSclVeKDjJfKPQi6GkvB8cZdrrHUGOrK+pQQSKNCLrGd3MzypO68+O9aqjaCFzw99n+UUdIINRmSIg1tOmkrUD1a2Z9nJEY5j+DEC9rU4xR61oW9cilCiflRRWYhy24qOkd19D2TYK2VbJ16xuG0Wf7AXHlXtqUkbj7KvW9TkmqLzQvpuBRV6oRH9tMO3LzWLt1kuxcJtJ+bVDGYyybxRbjO5DfxUobcSDjJG1YjYKXuP84Gp4tTR+8AIR+NO5nDNuRfmhpI+qECxCA6JC23XF9rFCtLiToINICrEbYF1MmzJlHrpVZDFPl4Xrtvc8uiWNjVUX\/wyEZowHL\/D7LM3AL0X4gG2ZAiqk+vBvaDflnqBme6Nm+vyy8Wncgq\/8yyN2naNHK1ArRR0CUbQ4X5xB45Xt90v3v4\/c8l\/5IK\/KdUPggamwWuX1b5aClzivaldhPHu0bY6AXl3Q9j8udCnV0Z\/0cjgQQm08xxX\/qfPJjt0flVgqiYCoC5aRrtAxVnt9mj0fHdMQ9p9NqLJ7mj59ffmI61\/RX\/5+sVkPP6Wdiab1bzGhVm0t7fKmfYNwcmyg14R4\/XecDibzQZOsm54lfUgzZNByj1ceKGWeND7R1LCvnqHX96zPzT\/GS4nBiLHnGlh+dtTgWX0fIKfIrZMkKp7BI\/xzhhu9k96gT8ajUdrS8zHR5bsLpe8fPLO2HIPXSTaGcxUO39f5vz\/g1o0MC1KsIz9QW\/UoysZKtfmyrp89fnapKl+ftZD36exOOhN8BUGaV7g3Kc9CYSb9i\/yH7ddU9rcHfQu3p\/pN+ly086LF\/e7JqPdHpKI6fqSB0+H0etrF3mouR5+9S8=\" \/> \t\t<a href=\"https:\/\/www.pdf24.org\" target=\"_blank\" title=\"www.pdf24.org\" rel=\"nofollow\"><img src=\"https:\/\/www.hohenlohe-ungefiltert.de\/wp-content\/plugins\/pdf24-post-to-pdf\/img\/pdf_32x32.png\" alt=\"\" border=\"0\" height=\"32\" \/><\/a> \t\t<span class=\"pdf24Plugin-cp-space\">&nbsp;&nbsp;<\/span> \t\t<span class=\"pdf24Plugin-cp-text\">Sende Artikel als PDF<\/span> \t\t<span class=\"pdf24Plugin-cp-space\">&nbsp;&nbsp;<\/span> \t\t<input class=\"pdf24Plugin-cp-input\" style=\"margin: 0px;\" type=\"text\" name=\"sendEmailTo\" placeholder=\"Emailadresse\" \/> \t\t<input class=\"pdf24Plugin-cp-submit\" style=\"margin: 0px;\" type=\"submit\" value=\"Senden\" \/> \t<\/form> <\/div>","protected":false},"excerpt":{"rendered":"<p>Einen Offenen Brief \u00fcber die Nazi-Demo am 7. Juli 2012 in K\u00fcnzelsau haben Silvia Wagner und Bernhard L\u00f6ffler, beide vom DGB-Nordw\u00fcrttemberg am 11. Juli 2012 an Landrat Jahn, B\u00fcrgermeister Neumann und Polizeidirektor Diesch in K\u00fcnzelsau geschrieben. Hohenlohe-ungefiltert ver\u00f6ffentlicht den Brief in voller L\u00e4nge. Von Silvia Wagner, Regionssekret\u00e4rin des DGB-Nordw\u00fcrttemberg und Bernhard L\u00f6ffler, DGB-Regionsvorsitzender Nordw\u00fcrttemberg Verheimlichung [&hellip;]<\/p>\n","protected":false},"author":3,"featured_media":0,"comment_status":"open","ping_status":"open","sticky":false,"template":"","format":"standard","meta":[],"categories":[],"tags":[],"_links":{"self":[{"href":"https:\/\/www.hohenlohe-ungefiltert.de\/index.php?rest_route=\/wp\/v2\/posts\/14169"}],"collection":[{"href":"https:\/\/www.hohenlohe-ungefiltert.de\/index.php?rest_route=\/wp\/v2\/posts"}],"about":[{"href":"https:\/\/www.hohenlohe-ungefiltert.de\/index.php?rest_route=\/wp\/v2\/types\/post"}],"author":[{"embeddable":true,"href":"https:\/\/www.hohenlohe-ungefiltert.de\/index.php?rest_route=\/wp\/v2\/users\/3"}],"replies":[{"embeddable":true,"href":"https:\/\/www.hohenlohe-ungefiltert.de\/index.php?rest_route=%2Fwp%2Fv2%2Fcomments&post=14169"}],"version-history":[{"count":5,"href":"https:\/\/www.hohenlohe-ungefiltert.de\/index.php?rest_route=\/wp\/v2\/posts\/14169\/revisions"}],"predecessor-version":[{"id":14174,"href":"https:\/\/www.hohenlohe-ungefiltert.de\/index.php?rest_route=\/wp\/v2\/posts\/14169\/revisions\/14174"}],"wp:attachment":[{"href":"https:\/\/www.hohenlohe-ungefiltert.de\/index.php?rest_route=%2Fwp%2Fv2%2Fmedia&parent=14169"}],"wp:term":[{"taxonomy":"category","embeddable":true,"href":"https:\/\/www.hohenlohe-ungefiltert.de\/index.php?rest_route=%2Fwp%2Fv2%2Fcategories&post=14169"},{"taxonomy":"post_tag","embeddable":true,"href":"https:\/\/www.hohenlohe-ungefiltert.de\/index.php?rest_route=%2Fwp%2Fv2%2Ftags&post=14169"}],"curies":[{"name":"wp","href":"https:\/\/api.w.org\/{rel}","templated":true}]}}