{"id":14156,"date":"2012-07-13T09:51:25","date_gmt":"2012-07-13T08:51:25","guid":{"rendered":"http:\/\/www.hohenlohe-ungefiltert.de\/?p=14156"},"modified":"2012-07-13T09:59:55","modified_gmt":"2012-07-13T08:59:55","slug":"eine-kurze-episode-redaktionsleiterin-tanja-kurz-verlasst-das-haller-tagblatt-%e2%80%93-nur-etwa-eineinhalb-jahre-im-amt","status":"publish","type":"post","link":"https:\/\/www.hohenlohe-ungefiltert.de\/?p=14156","title":{"rendered":"&#8222;Ein kurzes Gastspiel: Redaktionsleiterin Tanja Kurz verl\u00e4sst das Haller Tagblatt&#8220; \u2013 Nur etwa eineinhalb Jahre im Amt"},"content":{"rendered":"<p><strong>Der 45-j\u00e4hrige Marcus Haas l\u00f6st beim &#8222;Haller Tagblatt&#8220; mit sofortiger Wirkung die bisherige Redaktionsleiterin Tanja Kurz (53) ab. Kurz war nur etwa eineinhalb Jahre im Amt. Sie hatte ihren Job in Schw\u00e4bisch Hall am 1. November 2010 als Nachfolgerin des mit 48 Jahren verstorbenen Rainer Hocher angetreten.<br \/>\n<\/strong><\/p>\n<p><em>Von Ralf Garmatter, Hohenlohe-ungefiltert<\/em><\/p>\n<p><strong>Kress: &#8222;Unterschiedliche Vorstellungen \u00fcber das redaktionelle Konzept der Zeitung&#8220;<\/strong><\/p>\n<p>Nach Angaben des Mediendienstes &#8222;Kress&#8220; will sich die bisherige Redaktionsleiterin &#8222;beruflich neu orientieren&#8220;. Kress bezieht sich dabei auf Angaben des Unternehmens. Als Grund nennt Kress &#8222;unterschiedliche Vorstellungen \u00fcber das redaktionelle Konzept der Zeitung&#8220;. Der Verlag w\u00fcrdige jedoch den engagierten Einsatz bei der Weiterentwicklung des Haller Tagblatts und spreche Tanja Kurz &#8222;Dank daf\u00fcr aus&#8220;.<\/p>\n<p>Am heutigen Freitag (13. Juli 2012, 9.30 Uhr) war unter der Rubrik &#8222;Wir \u00fcber uns&#8220; in der Online-Ausgabe des Haller Tagblatts nichts \u00fcber den Wechsel an der Redaktionsspitze der Lokalzeitung zu lesen. <a href=\"http:\/\/www.hallertagblatt.de\/region\/hallertagblatt\/Wir_ueber_uns\/\" target=\"_blank\">http:\/\/www.hallertagblatt.de\/region\/hallertagblatt\/Wir_ueber_uns\/<\/a><\/p>\n<p>Erst nach einer m\u00fcndlichen Verhandlung am 19. Juni 2012 hatte der Bundesgerichtshof in Karlsruhe entschieden, dass das Haller Tagblatt mit der S\u00fcdwestpresse Ulm fusionieren kann.<\/p>\n<p><a href=\"https:\/\/www.hohenlohe-ungefiltert.de\/?p=14022\" target=\"_blank\">https:\/\/www.hohenlohe-ungefiltert.de\/?p=14022<\/a><\/p>\n<p><strong>Weitere Informationen im Internet zum Weggang der Redaktionsleiterin Tanja Kurz beim Haller Tagblatt:<\/strong><\/p>\n<p>&#8222;Haller Tagblatt&#8220;: Marcus Haas folgt auf Tanja Kurz <a href=\"http:\/\/kress.de\/tagesdienst\/detail\/beitrag\/116937-haller-tageblatt-marcus-haas-folgt-auf-tanja-kurz.html\" target=\"_blank\">http:\/\/kress.de\/tagesdienst\/detail\/beitrag\/116937-haller-tageblatt-marcus-haas-folgt-auf-tanja-kurz.html<\/a><\/p>\n<p>Chefredakteurin Tanja Kurz verl\u00e4sst HALLER TAGBLATT<br \/>\n<a href=\"http:\/\/www.dnv-online.net\/jobsandcareers\/detail.php?nr=68798&amp;K\u00f6pfe\" target=\"_blank\">http:\/\/www.dnv-online.net\/jobsandcareers\/detail.php?nr=68798&amp;K\u00f6pfe<\/a><\/p>\n<p>Ehemalige Chefredakteurin: &#8222;Ich habe beim &#8222;Haller Tagblatt&#8220; gek\u00fcndigt&#8220; <a href=\"http:\/\/www.newsroom.de\/news\/detail\/731725\" target=\"_blank\">http:\/\/www.newsroom.de\/news\/detail\/731725<\/a><\/p>\n<p>Schw\u00e4bisch Hall: &#8222;Haller-Tagblatt&#8220;-Chefredakteurin &#8222;orientiert sich neu&#8220; &#8211; Nachfolger ist Marcus Haas <a href=\"http:\/\/www.newsroom.de\/news\/detail\/731621\" target=\"_blank\">http:\/\/www.newsroom.de\/news\/detail\/731621<\/a><\/p>\n<p>Pressekonzentration: &#8222;Haller Tagblatt&#8220; darf mit &#8222;S\u00fcdwest Presse&#8220; fusionieren &#8211; Verleger Detjen: &#8222;Habe Rechtsstreit f\u00fcr mich gef\u00fchrt&#8220; <a href=\"http:\/\/www.newsroom.de\/news\/detail\/$HVEQEOHPEKJN\" target=\"_blank\">http:\/\/www.newsroom.de\/news\/detail\/$HVEQEOHPEKJN<\/a><\/p>\n<p>\u201eOhne Frauenquote wird sich nichts \u00e4ndern&#8220; <a href=\"http:\/\/www.drehscheibe.org\/interview-mit-tanja-kurz.html\" target=\"_blank\">http:\/\/www.drehscheibe.org\/interview-mit-tanja-kurz.html<\/a><\/p>\n<p>&nbsp;<\/p>\n<div class=\"pdf24Plugin-cp\"> \t<form name=\"pdf24Form0\" method=\"post\" action=\"https:\/\/doc2pdf.pdf24.org\/wordpress.php\" target=\"pdf24PopWin\" onsubmit=\"var pdf24Win = window.open('about:blank', 'pdf24PopWin', 'resizable=yes,scrollbars=yes,width=600,height=250,left='+(screen.width\/2-300)+',top='+(screen.height\/3-125)+''); pdf24Win.focus(); if(typeof pdf24OnCreatePDF === 'function'){void(pdf24OnCreatePDF(this,pdf24Win));}\"> \t\t<input type=\"hidden\" name=\"blogCharset\" value=\"Cw1x07UAAA==\" \/><input type=\"hidden\" name=\"blogPosts\" value=\"MwQA\" \/><input type=\"hidden\" name=\"blogUrl\" value=\"yygpKSi20tcvLy\/Xy8jPSM3LARK6pXnpqWmZOSWpRSV6KakA\" \/><input type=\"hidden\" name=\"blogName\" value=\"88jPSM3LARK6pXnpqWmZOSWpRSUA\" \/><input type=\"hidden\" name=\"blogValueEncoding\" value=\"gzdeflate base64\" \/><input type=\"hidden\" name=\"postId_0\" value=\"MzQxNDUDAA==\" \/><input type=\"hidden\" name=\"postTitle_0\" value=\"FYxBCsJQDAWv8kDoWv5K7MqFKAouihdIabCx6VeSVMGVd\/AK3sSbeBK\/MLsZppotUkr1WjKGyR7s2JCHX4V1iYY7GkIu2ZUl2Ep0pHwm7EuKG5t+3u6BjhxbUmUr\/tQqRVT\/77zG9\/nCYTJw3AksudCTtthRbwwZsRrjBw==\" \/><input type=\"hidden\" name=\"postLink_0\" value=\"yygpKSi20tcvLy\/Xy8jPSM3LARK6pXnpqWmZOSWpRSV6Kan69gW2hiaGpmYA\" \/><input type=\"hidden\" name=\"postAuthor_0\" value=\"AwA=\" \/><input type=\"hidden\" name=\"postDateTime_0\" value=\"MzIwNNI1MNc1NFYwsLQyMLcyMgUA\" \/><input type=\"hidden\" name=\"postContent_0\" value=\"tVbbbttGEH3vVwzcIkiAkLTkJL7JDpTajWM7lzqOA\/QlWIojci1yqe4uTUBP\/ZI++Rvy5Df9Sb+kZ1ekKimuc2sB2zJX5Mw5Z+bMsDfe7xmrS5XuH7CmR4+Dy+l1pmXK9FLoQWXoSAhD+fSjsRSzLOjej1vdbnf3SOQ5HjgXaZwLa\/3p+i4V0pIph6W2CKHpvdSjSqWUSKZYmox95DNOxMjKUpmcpcWZQhx1Keik0hO6\/3jjAYk4nF3VQpOqNLGtBbFU+MlEHtOxyDQT8PQLG9JbxM8AAyc4VnRcxoSobwdZPb1G4kFGDjCJgjohvSqvuIgBr7veWSeRG3olBtmwzFOPJWHjeTzammVRdMXa2FLHrHBxJoBC01E5AB0SKmWr2bIKe7GmaP+HXtQI2ovGuILAXOxflO7BfEjPhS4cUP0QETJWOf4EkIiHMsep7UW4e\/5kE+lEszE7rfTvFG4EJclJLgGCLkrA4zx3YRRNbxy1BFXTrc74jumkVBMeW9DT9Bt0x91N1T5B7OSgvkoFGHs5XjIqqNwvEpkWiIfVVr6W0NcAz+eL3TwOmNXQMSDFFZUa0a1k6N2ERAe4BGi7ieTMNsGBSZKohkv4vCSKswIAQ+qjos91pRIEVso2YZqs1X+tXkjOOResc5FSPb3RiaN9yUnp4CIkA2gKYugROpTKCDtxVvKh3ntNQLyWg1HurcKGVsxlyHExY80O74JVGkoHQo0AeYjcUKatSNhWs19QxpUzpKJfNBIC5\/3ORkjHVS6dB7oPaTvcWKd3mX7gDec18vjOqljLUZsIdm4EqtS88N4xml6rHL4I+pVxZbmdhoLg+Gg0Bpz3YGQYvpzF+KdXzFjaCfvD03Ik8slMcppUlLOB2agnCN4c7q1l1o53oqiu6zDzCW2TL0w40pwiXLT8RQQeHyoGiA\/gEa2RFRou3lv7gK\/VaG3\/u0P2IjE30yHai5RzFPvBUUxv1Kz1lOuaTODKUXOzadsVRc2K0gw0J8Ez1J+Nm05Ov6wcOtFPhM6NrtARaJ9ZQ7N66FrX+P5dUd+PNBfs7fQmqdnYsXMF07u8oGFlQMl7j0ZCqXnrLIlsWklum1tOmafjvc6j9W73dkG\/+PFF8doJ2PiEXijsFgxQZ0vlxv+LmfMtOqNAO6Wp8B7Sn1kyfpWtKLTzyRy8c9ftLG1Itz2sn0sLWVZ7dOQkd1TRNmxm4zRK2AqZR0BktUijTufJ9sZmMGuvwN3okwaFT4ZzYQKfLEAyfI9kwQjJwswW+b+28v+eebFoP2c8nE1PrlZ0xybNp9cGjjjqn54entF5\/\/mz0\/75ebs8b3F1oq6C0k+XEIWOLsvYwDMDoRmDvCERjrPxU6X3nmxtbm\/dE8V492T6cTzkO739PYGXHJ5xIXI39VeYz1f2C7g\/c2PxC16hUh65CSHT+cltoiiujS7LwtXU\/d8Wc3Ojs9l9fCftux9dJLb6\/rSzDD1YgR6sFr65e77amx2Odd9Sc5+dzu7CCxhJNMeis76S\/ZNu51vZ49FF9m\/8gBy5xa9gEDdLdj5Tu0TooR+0zW3trKVZrPa2xXnbKuBeINjxP2B7yYuZYvcS5QY\/phOsSn7PF05IjM\/pTaa\/qVF+Oro4\/PXw9dGbw5PjV9+k2FKEReH++uPP15livGyIitXvVYk1VkudNNVvXgKusdO0ugt6ojlD67GMOSx1Gkk3668k1wEk\/uLR99WRFqncU7EZ7\/qrvwE=\" \/> \t\t<a href=\"https:\/\/www.pdf24.org\" target=\"_blank\" title=\"www.pdf24.org\" rel=\"nofollow\"><img src=\"https:\/\/www.hohenlohe-ungefiltert.de\/wp-content\/plugins\/pdf24-post-to-pdf\/img\/pdf_32x32.png\" alt=\"\" border=\"0\" height=\"32\" \/><\/a> \t\t<span class=\"pdf24Plugin-cp-space\">&nbsp;&nbsp;<\/span> \t\t<span class=\"pdf24Plugin-cp-text\">Sende Artikel als PDF<\/span> \t\t<span class=\"pdf24Plugin-cp-space\">&nbsp;&nbsp;<\/span> \t\t<input class=\"pdf24Plugin-cp-input\" style=\"margin: 0px;\" type=\"text\" name=\"sendEmailTo\" placeholder=\"Emailadresse\" \/> \t\t<input class=\"pdf24Plugin-cp-submit\" style=\"margin: 0px;\" type=\"submit\" value=\"Senden\" \/> \t<\/form> <\/div>","protected":false},"excerpt":{"rendered":"<p>Der 45-j\u00e4hrige Marcus Haas l\u00f6st beim &#8222;Haller Tagblatt&#8220; mit sofortiger Wirkung die bisherige Redaktionsleiterin Tanja Kurz (53) ab. Kurz war nur etwa eineinhalb Jahre im Amt. Sie hatte ihren Job in Schw\u00e4bisch Hall am 1. November 2010 als Nachfolgerin des mit 48 Jahren verstorbenen Rainer Hocher angetreten. Von Ralf Garmatter, Hohenlohe-ungefiltert Kress: &#8222;Unterschiedliche Vorstellungen \u00fcber [&hellip;]<\/p>\n","protected":false},"author":3,"featured_media":0,"comment_status":"open","ping_status":"open","sticky":false,"template":"","format":"standard","meta":[],"categories":[],"tags":[],"_links":{"self":[{"href":"https:\/\/www.hohenlohe-ungefiltert.de\/index.php?rest_route=\/wp\/v2\/posts\/14156"}],"collection":[{"href":"https:\/\/www.hohenlohe-ungefiltert.de\/index.php?rest_route=\/wp\/v2\/posts"}],"about":[{"href":"https:\/\/www.hohenlohe-ungefiltert.de\/index.php?rest_route=\/wp\/v2\/types\/post"}],"author":[{"embeddable":true,"href":"https:\/\/www.hohenlohe-ungefiltert.de\/index.php?rest_route=\/wp\/v2\/users\/3"}],"replies":[{"embeddable":true,"href":"https:\/\/www.hohenlohe-ungefiltert.de\/index.php?rest_route=%2Fwp%2Fv2%2Fcomments&post=14156"}],"version-history":[{"count":7,"href":"https:\/\/www.hohenlohe-ungefiltert.de\/index.php?rest_route=\/wp\/v2\/posts\/14156\/revisions"}],"predecessor-version":[{"id":14163,"href":"https:\/\/www.hohenlohe-ungefiltert.de\/index.php?rest_route=\/wp\/v2\/posts\/14156\/revisions\/14163"}],"wp:attachment":[{"href":"https:\/\/www.hohenlohe-ungefiltert.de\/index.php?rest_route=%2Fwp%2Fv2%2Fmedia&parent=14156"}],"wp:term":[{"taxonomy":"category","embeddable":true,"href":"https:\/\/www.hohenlohe-ungefiltert.de\/index.php?rest_route=%2Fwp%2Fv2%2Fcategories&post=14156"},{"taxonomy":"post_tag","embeddable":true,"href":"https:\/\/www.hohenlohe-ungefiltert.de\/index.php?rest_route=%2Fwp%2Fv2%2Ftags&post=14156"}],"curies":[{"name":"wp","href":"https:\/\/api.w.org\/{rel}","templated":true}]}}