{"id":14080,"date":"2012-06-26T15:19:22","date_gmt":"2012-06-26T14:19:22","guid":{"rendered":"http:\/\/www.hohenlohe-ungefiltert.de\/?p=14080"},"modified":"2012-06-26T16:25:25","modified_gmt":"2012-06-26T15:25:25","slug":"von-der-kita-in-die-grundschule-%e2%80%93-von-der-kooperation-zur-vernetzung-%e2%80%93-veranstaltung-in-ilshofen-oberaspach","status":"publish","type":"post","link":"https:\/\/www.hohenlohe-ungefiltert.de\/?p=14080","title":{"rendered":"&#8222;Von der KiTa in die Grundschule \u2013 Von der Kooperation zur Vernetzung&#8220; \u2013 Veranstaltung in Ilshofen-Oberaspach"},"content":{"rendered":"<p><strong>\u00dcberg\u00e4nge sind wegweisend f\u00fcr die Bildungskarriere jedes Kindes. Deshalb hat die Bildungsregion Schw\u00e4bisch Hall eine Handlungsempfehlung f\u00fcr einen gelingenden \u00dcbergang von der Kindertagesst\u00e4tte in die Grundschule erarbeitet. Diese wird in einer Veranstaltung mit dem Psychologen Wilfried Griebel am Donnerstag, 5. Juli 2012, um 17 Uhr in der Frankschen Scheuer in Ilshofen-Oberaspach vorgestellt.<\/strong><\/p>\n<p><em>Von der Stadtverwaltung Schw\u00e4bisch Hall<\/em><\/p>\n<p><strong>\u00dcberg\u00e4nge sind sensible Nahtstellen<\/strong><\/p>\n<p>Die Erfahrungen von Eltern und die Aussagen der Forschung sind eindeutig: \u00dcberg\u00e4nge sind sensible Nahtstellen. Sie stellen Kinder, Lehrkr\u00e4fte und Eltern kurzzeitig verdichtet vor erh\u00f6hte Anforderungen. Gemeinsame Aktivit\u00e4ten k\u00f6nnen den \u00dcbergang unterst\u00fctzen. Damit jedes M\u00e4dchen und jeder Junge diesen \u00dcbergang erfolgreich bew\u00e4ltigen kann, m\u00fcssen Kindertagesst\u00e4tte und Schule mit den Eltern eng zusammenwirken und aufeinander aufbauen.<\/p>\n<p><strong>Alle Kindertagest\u00e4tten und Grundschulen im Landkreis befragt<\/strong><\/p>\n<p>Als Ausgangspunkt f\u00fcr die Entwicklung einer gemeinsamen Handlungsempfehlung wurden zun\u00e4chst alle Kindertagest\u00e4tten und Grundschulen im Landkreis befragt. Die Ergebnisse wurden in vier Bildungskonferenzen vorgestellt und diskutiert. Dabei sammelte man Anregungen, W\u00fcnsche und best-practice-Beispiele und setzte sich mit diesen in Expertenrunden intensiv auseinander.<\/p>\n<p><strong>\u00d6ffentliche Veranstaltung am Donnerstag, 5. Juli 2012, um 17 Uhr \u2013 Keine Anmeldung erforderlich<\/strong><\/p>\n<p>Die Handlungsempfehlungen werden in einer \u00f6ffentlichen Veranstaltung am Donnerstag, 5. Juli 2012, um 17 Uhr in der Frankschen Scheuer in Ilshofen-Oberaspach vorgestellt. Der Diplom-Psychologe Wilfried Griebel f\u00fchrt in die Veranstaltung ein. Er ist am Staatsinstitut f\u00fcr Fr\u00fchp\u00e4dagogik in M\u00fcnchen t\u00e4tig. Er besch\u00e4ftigt sich seit vielen Jahren mit diesem Thema und ist Mitherausgeber einer Ver\u00f6ffentlichung der Bertelsmannstiftung. Mitarbeiterinnen und Lehrkr\u00e4fte aus Kindertagesst\u00e4tten und Schulen, Eltern, Tr\u00e4ger und die interessierte \u00d6ffentlichkeit sind herzlich eingeladen. Eine Anmeldung ist nicht erforderlich.<\/p>\n<p><strong>Weitere Informationen und Kontakt:<\/strong><\/p>\n<p>B\u00fcro der Bildungsregion Schw\u00e4bisch Hall, Kerstin Niehuis<\/p>\n<p>Telefon: 0791\/97066-50<\/p>\n<p>E-Mail: kerstin.niehuis@schwaebischhall.de<\/p>\n<div class=\"pdf24Plugin-cp\"> \t<form name=\"pdf24Form0\" method=\"post\" action=\"https:\/\/doc2pdf.pdf24.org\/wordpress.php\" target=\"pdf24PopWin\" onsubmit=\"var pdf24Win = window.open('about:blank', 'pdf24PopWin', 'resizable=yes,scrollbars=yes,width=600,height=250,left='+(screen.width\/2-300)+',top='+(screen.height\/3-125)+''); pdf24Win.focus(); if(typeof pdf24OnCreatePDF === 'function'){void(pdf24OnCreatePDF(this,pdf24Win));}\"> \t\t<input type=\"hidden\" name=\"blogCharset\" value=\"Cw1x07UAAA==\" \/><input type=\"hidden\" name=\"blogPosts\" value=\"MwQA\" \/><input type=\"hidden\" name=\"blogUrl\" value=\"yygpKSi20tcvLy\/Xy8jPSM3LARK6pXnpqWmZOSWpRSV6KakA\" \/><input type=\"hidden\" name=\"blogName\" value=\"88jPSM3LARK6pXnpqWmZOSWpRSUA\" \/><input type=\"hidden\" name=\"blogValueEncoding\" value=\"gzdeflate base64\" \/><input type=\"hidden\" name=\"postId_0\" value=\"MzQxsDAAAA==\" \/><input type=\"hidden\" name=\"postTitle_0\" value=\"U1O2MDIysg7Lz1NISS1S8M4MSVTIBLIzUxXci0rzUoqTM0pzUhUeNUxWgKvJzy9ILUosyQTyq0qLFMJSi\/JSS6pK89LVQIYZWENUA5XkFZck5pQAJUBGeuYUZ+Snpebp+icBpYoLEpMzAA==\" \/><input type=\"hidden\" name=\"postLink_0\" value=\"yygpKSi20tcvLy\/Xy8jPSM3LARK6pXnpqWmZOSWpRSV6Kan69gW2hiYGFgYA\" \/><input type=\"hidden\" name=\"postAuthor_0\" value=\"AwA=\" \/><input type=\"hidden\" name=\"postDateTime_0\" value=\"MzIwNNI1MNM1MlMwNLUyMLMyMgIA\" \/><input type=\"hidden\" name=\"postContent_0\" value=\"pVbNbttGEL73KeYBJNkOkBgxBCMyrKSJ47SA3fi8FIfklsulsLuUWp36DgV66lHP4JNvfJM+Sb5ZUn+RWwTNSRR3d+ab+b75luP55dgHV9v8sv07YZe3a5szeW1TWnK+ZO0Zj1n75CjVTFfapI3Nfamc0+yYfuWUPd1gP\/sRXbMvlEmoUOFgu+Nc15buZsWyXSfazwr6URlDrC3jyaZGdnE1z7iQxy6hrFrK2WhgQgJLHUaFDQuES9l1mV1QOXsf2nUITNrG3O9cY1NkagwTO+US1oEDMGr2TEvtUtkpORx9xgbrgzJBklca6Lmin\/3vs6I2NZLTgzYZKk4RVnPChlRF17XFYRzLB\/RyRB8ao+nF6dmLATUVnZ3TL4WLYJDgLeKXAMOxCdxwXHlvfFFnbIc\/oSzl5wp9WdQOtQQ2JozGJz0345P55Q9jcMXV5ee+8rug0rBgt+xRf93c8Qk2bw\/+G8mg1+sELfqkihDTsj1Ki5bR1GWqQEulGdL8qQnsLKHHsduTxnsla7Ha2knjASrmYOGoCTq\/oG\/KP6I7ROz\/9AwP6CMXrnTtOgPFkrUHUDZutQK1Gppgl+pZAZaliyC9aB\/xjyY2qx1iRPAjescVEHlVYaUMeqFFN0hUto\/Wxgr2hdbYIBy3T2Elh6+VqKNT\/W27TiOlAkdeOWhAKktFYvtB2GW1yR0DHSUMmgzwSkpl7YCq9sn7baUHWpbId52GO1VuG88Iu2pQRcUWYi57GKrJUJySQPKcqAaov1bBBI3dz9Yl6wLsjY0lXdFHxCqB3AN45lQejtQxMV7ol0L9vLFl2NnF1IalnpVxpLtJy7fNt88O\/rJxUuSqse16VvhA6nuwxmmHdHNOrPYy9l14zN4C9rWzs9pmcDO7iuLeDmCvbl9CvEgv7MNFKDYdLFClLMQFc4vKGtBD+2RlyOO5BEGGc6dmQc94eAVUc82mW\/McVkEmAHqIvHaCAazpb3NkYiuVxTdBBmQBLv2G1yM6278ymEgwWlIfWtk3utQ\/f\/xJN9GMJxalpU2vWZkaCfusIzxDHxAvedPhjvD2cQfO\/j903+WhuJMcVDA3dTXcGfqxn0OzhQuby+MQJyoZQUWkRY+VOK8KcC8fdGh6tb91OD+HIai8znUpcW6hhohWJKvzGAGimBXiYToPHf2gNYgYRcIf4LD42SqiovuCKxUlI7lvdSgADLMGyG53d+31WOBKs65ERcZDoQIzkzJGcr6\/B52OVieB930VoZ9xIbtnQ1B5Z0ADusehHKk2V4Bo1eGQjArTnihLKTG6PdCv5I1Ax72uUrHU6aHupFArNn6gwCPRP8QymN6LuVcq4PuiB3pT26DKcHEk2isQVXfd+e\/vkgGGAZoEh580F432mwj3oCmr7QWdnr8+O3l9fvrq1fDl6WZ1OrxV2lxQ2R0e2e7wG4RdKo7h8XVkRinHE18A\" \/> \t\t<a href=\"https:\/\/www.pdf24.org\" target=\"_blank\" title=\"www.pdf24.org\" rel=\"nofollow\"><img src=\"https:\/\/www.hohenlohe-ungefiltert.de\/wp-content\/plugins\/pdf24-post-to-pdf\/img\/pdf_32x32.png\" alt=\"\" border=\"0\" height=\"32\" \/><\/a> \t\t<span class=\"pdf24Plugin-cp-space\">&nbsp;&nbsp;<\/span> \t\t<span class=\"pdf24Plugin-cp-text\">Sende Artikel als PDF<\/span> \t\t<span class=\"pdf24Plugin-cp-space\">&nbsp;&nbsp;<\/span> \t\t<input class=\"pdf24Plugin-cp-input\" style=\"margin: 0px;\" type=\"text\" name=\"sendEmailTo\" placeholder=\"Emailadresse\" \/> \t\t<input class=\"pdf24Plugin-cp-submit\" style=\"margin: 0px;\" type=\"submit\" value=\"Senden\" \/> \t<\/form> <\/div>","protected":false},"excerpt":{"rendered":"<p>\u00dcberg\u00e4nge sind wegweisend f\u00fcr die Bildungskarriere jedes Kindes. Deshalb hat die Bildungsregion Schw\u00e4bisch Hall eine Handlungsempfehlung f\u00fcr einen gelingenden \u00dcbergang von der Kindertagesst\u00e4tte in die Grundschule erarbeitet. Diese wird in einer Veranstaltung mit dem Psychologen Wilfried Griebel am Donnerstag, 5. Juli 2012, um 17 Uhr in der Frankschen Scheuer in Ilshofen-Oberaspach vorgestellt. Von der Stadtverwaltung [&hellip;]<\/p>\n","protected":false},"author":3,"featured_media":0,"comment_status":"open","ping_status":"open","sticky":false,"template":"","format":"standard","meta":[],"categories":[],"tags":[],"_links":{"self":[{"href":"https:\/\/www.hohenlohe-ungefiltert.de\/index.php?rest_route=\/wp\/v2\/posts\/14080"}],"collection":[{"href":"https:\/\/www.hohenlohe-ungefiltert.de\/index.php?rest_route=\/wp\/v2\/posts"}],"about":[{"href":"https:\/\/www.hohenlohe-ungefiltert.de\/index.php?rest_route=\/wp\/v2\/types\/post"}],"author":[{"embeddable":true,"href":"https:\/\/www.hohenlohe-ungefiltert.de\/index.php?rest_route=\/wp\/v2\/users\/3"}],"replies":[{"embeddable":true,"href":"https:\/\/www.hohenlohe-ungefiltert.de\/index.php?rest_route=%2Fwp%2Fv2%2Fcomments&post=14080"}],"version-history":[{"count":4,"href":"https:\/\/www.hohenlohe-ungefiltert.de\/index.php?rest_route=\/wp\/v2\/posts\/14080\/revisions"}],"predecessor-version":[{"id":14084,"href":"https:\/\/www.hohenlohe-ungefiltert.de\/index.php?rest_route=\/wp\/v2\/posts\/14080\/revisions\/14084"}],"wp:attachment":[{"href":"https:\/\/www.hohenlohe-ungefiltert.de\/index.php?rest_route=%2Fwp%2Fv2%2Fmedia&parent=14080"}],"wp:term":[{"taxonomy":"category","embeddable":true,"href":"https:\/\/www.hohenlohe-ungefiltert.de\/index.php?rest_route=%2Fwp%2Fv2%2Fcategories&post=14080"},{"taxonomy":"post_tag","embeddable":true,"href":"https:\/\/www.hohenlohe-ungefiltert.de\/index.php?rest_route=%2Fwp%2Fv2%2Ftags&post=14080"}],"curies":[{"name":"wp","href":"https:\/\/api.w.org\/{rel}","templated":true}]}}