{"id":14027,"date":"2012-06-20T07:08:36","date_gmt":"2012-06-20T06:08:36","guid":{"rendered":"http:\/\/www.hohenlohe-ungefiltert.de\/?p=14027"},"modified":"2012-06-20T09:23:46","modified_gmt":"2012-06-20T08:23:46","slug":"nachhaltige-regulierung-der-finanzmarkte-vornehmen-%e2%80%93-informationen-der-attac-gruppe-schwabisch-hall","status":"publish","type":"post","link":"https:\/\/www.hohenlohe-ungefiltert.de\/?p=14027","title":{"rendered":"&#8222;Finanzm\u00e4rkte nachhaltig regulieren&#8220; \u2013 Informationen der attac-Gruppe Schw\u00e4bisch Hall"},"content":{"rendered":"<p><strong>Beim letzten Plenum am vergangenen Donnerstag haben wir die zur\u00fcckliegenden Veranstaltungswochen ausgewertet. Unser Versuch, gemeinsam mit verschiedenen Haller Institutionen, Organisationen und Parteien eine kritische Gegen\u00f6ffentlichkeit zur gegenw\u00e4rtigen undemokratischen und ungerechten Krisenpolitik aufzubauen, ist im Gro\u00dfen und Ganzen ganz gut gelungen und war f\u00fcr Hall sicherlich eine Premiere f\u00fcr eine breitere Zusammenarbeit.<\/strong><\/p>\n<p><em>Von Uli Simon, attac-Gruppe Schw\u00e4bisch Hall<\/em><\/p>\n<p><strong>So wie es ist, kann&#8217;s ja nicht weitergehen&#8230;<\/strong><\/p>\n<p>Aber es gibt noch viel zu tun, um tats\u00e4chlich auch in Schw\u00e4bisch Hall einen breiten gesellschaftlichen Konsens dar\u00fcber herzustellen, wie die Krisendynamik gestoppt, die Krisenkosten gerecht verteilt, wie endlich eine nachhaltige Regulierung der Finanzm\u00e4rkte vorgenommen werden muss und welche Alternativen des Wirtschaftens generell in den Blick genommen werden sollten. So wie es ist, kann&#8217;s ja nicht weitergehen&#8230;<\/p>\n<p><strong>Viel Zur\u00fcckhaltung, \u00f6ffentlich Position zu beziehen<\/strong><\/p>\n<p>Wir konnten beim Bankenspaziergang zum Beispiel eine sehr positive Resonanz unter den Passanten feststellen und dennoch war die tats\u00e4chliche Beteiligung am &#8222;Spaziergang&#8220; selbst noch verbesserungsf\u00e4hig.  Warum gibt es immer noch so viel Zur\u00fcckhaltung \u00f6ffentlich Position zu beziehen selbst bei einem solchen Thema wie Nahrungsmittelspekulation? Was machen wir, wenn es \u2013 wie von der UN vorhergesagt \u2013 in der Sahelzone zu einer neuen Hungerkatstrophe kommt?<\/p>\n<p><strong>Demokratische und soziale Neugr\u00fcndung der EU ist erforderlich<\/strong><\/p>\n<p>Die Spekulations-Entwicklung weiter n\u00f6rdlich im Zusammenhang mit Spanien und Italien macht deutlich, dass die \u00f6konomische, politische und ethische Krise sich noch zuspitzen d\u00fcrfte. Mit nationalen Selbstbeweihr\u00e4ucherungen und \u00dcberheblichkeiten l\u00e4sst sie sich garantiert nicht \u00fcberwinden. Ohne eine demokratische und soziale Neugr\u00fcndung der EU ist auch ein gemeinsame W\u00e4hrung nicht zu halten, aber der Weg in einen neuen Nationalismus kann nur Angst machen!<\/p>\n<p><strong>Wir treffen uns zum n\u00e4chsten attac-Schw\u00e4bisch Hall-Plenum:<\/strong><\/p>\n<p>Am Donnerstag, den 12. Juli 2012, um 20 Uhr im Umweltzentrum, Gelbinger Gasse 85.\u00a0 (Schwerpunkt: Gestaltung des attac-Schaufensters im Umweltzentrum Gelbinger Gasse und der attac-SHA-Website)<\/p>\n<p><strong>attac-Sommerseminar am Samstag, 14. Juli 2012, in Frankenhardt-Waldbuch<\/strong><\/p>\n<p>Wer intensiv nochmals \u00fcber all die Fragen und Handlungsm\u00f6glichkeiten in Schw\u00e4bisch Hall nachdenken m\u00f6chte, der kann sich den Samstag, 14. Juli 2012, von 14 bis 18 Uhr vormerken, weil wir uns da zu unserem traditionellen attac-Sommerseminar \u2013 diesmal im Garten bei Karin und J\u00f6rg in Waldbuch (liegt zwischen Schw\u00e4bisch Hall und Crailsheim und geh\u00f6rt zu Frankenhardt) treffen. N\u00e4heres kommt noch in einem gesonderten Schreiben per E-Mail.<\/p>\n<p>Mit freundlichen Gr\u00fc\u00dfen<\/p>\n<p>Uli Simon, attac-Gruppe Schw\u00e4bisch Hall<\/p>\n<p><strong>Weitere Informationen und Kontakt:<\/strong><\/p>\n<p><a href=\"http:\/\/www.attac.de\/schwaebisch-hall\" target=\"_blank\">http:\/\/www.attac.de\/schwaebisch-hall<\/a><\/p>\n<div class=\"pdf24Plugin-cp\"> \t<form name=\"pdf24Form0\" method=\"post\" action=\"https:\/\/doc2pdf.pdf24.org\/wordpress.php\" target=\"pdf24PopWin\" onsubmit=\"var pdf24Win = window.open('about:blank', 'pdf24PopWin', 'resizable=yes,scrollbars=yes,width=600,height=250,left='+(screen.width\/2-300)+',top='+(screen.height\/3-125)+''); pdf24Win.focus(); if(typeof pdf24OnCreatePDF === 'function'){void(pdf24OnCreatePDF(this,pdf24Win));}\"> \t\t<input type=\"hidden\" name=\"blogCharset\" value=\"Cw1x07UAAA==\" \/><input type=\"hidden\" name=\"blogPosts\" value=\"MwQA\" \/><input type=\"hidden\" name=\"blogUrl\" value=\"yygpKSi20tcvLy\/Xy8jPSM3LARK6pXnpqWmZOSWpRSV6KakA\" \/><input type=\"hidden\" name=\"blogName\" value=\"88jPSM3LARK6pXnpqWmZOSWpRSUA\" \/><input type=\"hidden\" name=\"blogValueEncoding\" value=\"gzdeflate base64\" \/><input type=\"hidden\" name=\"postId_0\" value=\"MzQxMDIHAA==\" \/><input type=\"hidden\" name=\"postTitle_0\" value=\"U1O2MDIysnbLzEvMq8o9vKQouyRVIS8xOSMjMackM12hKDW9NCcztSg1Tw2k0sBa4VHDZAXPvLT8otzEksz8vNQ8hZTUIoXEkpLEZF33otKCglSF4OSM8sNLkjKLkzMUPBJzcgA=\" \/><input type=\"hidden\" name=\"postLink_0\" value=\"yygpKSi20tcvLy\/Xy8jPSM3LARK6pXnpqWmZOSWpRSV6Kan69gW2hiYGRuYA\" \/><input type=\"hidden\" name=\"postAuthor_0\" value=\"AwA=\" \/><input type=\"hidden\" name=\"postDateTime_0\" value=\"MzIwNNI1MNM1MlAwMLcyMLMyNgMA\" \/><input type=\"hidden\" name=\"postContent_0\" value=\"nVZLbhtHEN3nFBUFCGyAoj52EMOSZcixLX9gWQgjC\/Am6OEUZzoz0zPo7hERrnKHbAMkC51BK6\/Cm+QkeVU9tD50ECc7crq7fu\/Vq9rvDvZD9K0rDp6wbajmuIjs6KRm1zdkGjpnXxhXsMPXp61z7EM0BZUmw4e59ZRbpkXvlx+mVW0ZF3McvGNvHC7WsXdFmLfTEh9NHwqes48cx3TqAnu5F\/ppOaKCG7YuwGFjozgN09Jyrm5fmLrG3ZcwaGMfbYuPI3orcdlg0n\/qXU4nBrYt\/sAUU+VttDDDdCRhLS9nM3axttOyYvhAzPCKg\/nywkdbJBvctJU36V0yigTY87SUsrz2NrDr2hqWK+QzW\/SZ6SUaGyKhfke+Xf4+PDwyboGfiHJBRR\/hrBZb6XBuPM2WH7wmRwFBsZfQUugnnhsLr+mKfso8gpZP73tUqWFnfIYv4\/2tAb\/9re7gi33gyc3Bu9bRaW1pYpsWwZkYzXTzyPddxzSZlsg4kwzV+f4WHnx8PBibtMCWiYMkNqLKOPf1Vw92d77dC\/STIYdII801ooJRKTm8t723FsxhBuBgpbBZJAca0LnlGrUnEGNEoFg0MSwvpqUmb8AFsm4tRi2BG2qAknLgusahmSmegkwLPrlAuQETxSnquehDxD2BR5IRoiYA85+daQAg7MS265Dg1VnVhuRCMRcmglJ1TCbw9AokZ6ZlCYaDOvQ9Fz3Y7wEw5fD+3DrA3oBZVWQ6b1El1wpqKJqXBmn6EBIRuBaKHtYopQPxznGYo2Jn1seUoaQl\/eeRixRHnj9BGBL\/TaOhrWHGjel\/w3eTBe8Eq\/ept8vUyyO61kd00gYr\/SeAZrywYmuNA8iEKiiHlDUTkXliXIWkOoMHKi54jq9sQycOtbiBS0+dmj+X8oZWCoqKIWStwIkJwajNGVAcgNaK4lSZJi0muF5nGMON4GkLQQpqI5nv7u5NroLRL9t7iKDOwoq0jGYLQfENs+VFaYsx0ZnxiFupLZUGEj5dD22i+c3S\/WvlVi5RJC1CI4Aqu38ouTEK6bEpNQioJFIOHVd9rRL4GOEEaozehy6DsKiDBPbXL7\/q0\/PWKTdPj4WQpUAfTBH13KajiSm5XkBPJSwJAQlxLxKsKlihksC2QxkrEC8+vk2Yp9flU8EI7cKaGnFzX6AYLl91yLNT1Uz2sxbcVe1bY85TRD25SjFsPnNxDuKLjg70Jei6T00JZq20sRRSySABrs4OvHiJcSS\/pUYRMfSKBHofTFKiLC9B07bR4EeUVP5jIhzL9EdlQhU7gQ2V6WwUpc8h1mjXMb2BZ6chGyHlRGHNMPps6ZcXvWj91SRY\/ga5KjlbDSZ8rpcXAbUJdvBTGEzTCH7GoXVV4uZWRu2Y3pbAS5sm\/8\/lV8HF26v5y3QGfquQJV9gghBYVNRk2nyezrgQyiRVTgw5HvK1AdKmikMOE\/YQXI0DLb+8TRdRhuhZugLRBpUBJ62qEpym1u1RsJlWk4fro6a5tp+MVCN2dsf0CrpMu9s7uzptdrfpFMICqpw2UF6BLaKJR1gR6swKxzG20ej04Jvxn3\/QHfHOvutdFR\/izmqjUYX+GB\/2AMgZyBjWDK\/ZTQLlV49fHG6ecQYp4Lu3izPcEIH3AesABr4I1sQ0KcGd+zeSAxzPvQpraXweN89MnWf9J5rqDN6tCGew58rgxtQhMYpk1EonwNKKni8MZp4qzvKyuMbRT01pmYioeyVNtryUlWmkySoblMmCyj9lIPq0c59gj3YeKEyQKSRf6QCHaOu62euQF1b2skFCJKM3uWppGgGfqptIHPIKSFW3NNkTdRjRa+NtSvQVhERZvaoc3ZF9Fg0wH7bBtXzl2Xfe2DqUMtfkL8Yp7GjXXIfj7ornYzpGeyHukCQ0acjQS41sJC26WsODO+w7smZ30rCbb+BovEJRJGbmuU8LCe4cob1l9Vxd+Pz171ZPDmvmSwdhbq5v11ixokEfrG+chhDp7NFGGWP3cGtrPp+P1ec45y34mRtWf5vQkXoD8xiTJz7a+DGrUaCNg895tb9lkru\/AQ==\" \/> \t\t<a href=\"https:\/\/www.pdf24.org\" target=\"_blank\" title=\"www.pdf24.org\" rel=\"nofollow\"><img src=\"https:\/\/www.hohenlohe-ungefiltert.de\/wp-content\/plugins\/pdf24-post-to-pdf\/img\/pdf_32x32.png\" alt=\"\" border=\"0\" height=\"32\" \/><\/a> \t\t<span class=\"pdf24Plugin-cp-space\">&nbsp;&nbsp;<\/span> \t\t<span class=\"pdf24Plugin-cp-text\">Sende Artikel als PDF<\/span> \t\t<span class=\"pdf24Plugin-cp-space\">&nbsp;&nbsp;<\/span> \t\t<input class=\"pdf24Plugin-cp-input\" style=\"margin: 0px;\" type=\"text\" name=\"sendEmailTo\" placeholder=\"Emailadresse\" \/> \t\t<input class=\"pdf24Plugin-cp-submit\" style=\"margin: 0px;\" type=\"submit\" value=\"Senden\" \/> \t<\/form> <\/div>","protected":false},"excerpt":{"rendered":"<p>Beim letzten Plenum am vergangenen Donnerstag haben wir die zur\u00fcckliegenden Veranstaltungswochen ausgewertet. Unser Versuch, gemeinsam mit verschiedenen Haller Institutionen, Organisationen und Parteien eine kritische Gegen\u00f6ffentlichkeit zur gegenw\u00e4rtigen undemokratischen und ungerechten Krisenpolitik aufzubauen, ist im Gro\u00dfen und Ganzen ganz gut gelungen und war f\u00fcr Hall sicherlich eine Premiere f\u00fcr eine breitere Zusammenarbeit. Von Uli Simon, attac-Gruppe [&hellip;]<\/p>\n","protected":false},"author":3,"featured_media":0,"comment_status":"open","ping_status":"open","sticky":false,"template":"","format":"standard","meta":[],"categories":[],"tags":[],"_links":{"self":[{"href":"https:\/\/www.hohenlohe-ungefiltert.de\/index.php?rest_route=\/wp\/v2\/posts\/14027"}],"collection":[{"href":"https:\/\/www.hohenlohe-ungefiltert.de\/index.php?rest_route=\/wp\/v2\/posts"}],"about":[{"href":"https:\/\/www.hohenlohe-ungefiltert.de\/index.php?rest_route=\/wp\/v2\/types\/post"}],"author":[{"embeddable":true,"href":"https:\/\/www.hohenlohe-ungefiltert.de\/index.php?rest_route=\/wp\/v2\/users\/3"}],"replies":[{"embeddable":true,"href":"https:\/\/www.hohenlohe-ungefiltert.de\/index.php?rest_route=%2Fwp%2Fv2%2Fcomments&post=14027"}],"version-history":[{"count":6,"href":"https:\/\/www.hohenlohe-ungefiltert.de\/index.php?rest_route=\/wp\/v2\/posts\/14027\/revisions"}],"predecessor-version":[{"id":14031,"href":"https:\/\/www.hohenlohe-ungefiltert.de\/index.php?rest_route=\/wp\/v2\/posts\/14027\/revisions\/14031"}],"wp:attachment":[{"href":"https:\/\/www.hohenlohe-ungefiltert.de\/index.php?rest_route=%2Fwp%2Fv2%2Fmedia&parent=14027"}],"wp:term":[{"taxonomy":"category","embeddable":true,"href":"https:\/\/www.hohenlohe-ungefiltert.de\/index.php?rest_route=%2Fwp%2Fv2%2Fcategories&post=14027"},{"taxonomy":"post_tag","embeddable":true,"href":"https:\/\/www.hohenlohe-ungefiltert.de\/index.php?rest_route=%2Fwp%2Fv2%2Ftags&post=14027"}],"curies":[{"name":"wp","href":"https:\/\/api.w.org\/{rel}","templated":true}]}}