{"id":14003,"date":"2012-06-15T09:28:11","date_gmt":"2012-06-15T08:28:11","guid":{"rendered":"http:\/\/www.hohenlohe-ungefiltert.de\/?p=14003"},"modified":"2012-06-15T09:28:11","modified_gmt":"2012-06-15T08:28:11","slug":"windkraft-unterstutzen-burgerbedenken-ernst-nehmen-%e2%80%93-offener-brief-von-hans-joachim-feuchter-an-landrat-bauer","status":"publish","type":"post","link":"https:\/\/www.hohenlohe-ungefiltert.de\/?p=14003","title":{"rendered":"&#8222;Windkraft unterst\u00fctzen, B\u00fcrgerbedenken ernst nehmen&#8220; \u2013 Offener Brief von Hans-Joachim Feuchter an Landrat Bauer"},"content":{"rendered":"<p><strong>Ein Schreiben zum Thema Windkraft f\u00fcr die n\u00e4chste Sitzung des Umwelt- und Technikausschusses des Kreistages Schw\u00e4bisch Hall hat Gr\u00fcnen-Kreisrat Hans-Joachim Feuchter an der Landrat Gerhard Bauer geschickt. Das Schreiben greift Feuchters Vorschlag aus der j\u00fcngsten WFG-Beiratssitzung  auf und pr\u00e4zisiert ihn. Hohenlohe-ungefiltert dokumentiert den Offenen Brief in voller L\u00e4nge.<\/strong><\/p>\n<p><em>Von Hans-Joachim Feuchter, Fraktionsvorsitzender von Die Gr\u00fcnen\/\u00d6DP im Kreistag Schw\u00e4bisch Hall<\/em><\/p>\n<p><strong>Windkraftpl\u00e4ne des Regionalverbandes in Gemeinder\u00e4ten<\/strong><\/p>\n<p>Sehr geehrter Herr Landrat,<\/p>\n<p>der Ausstieg aus der Atomenergie erfordert noch mehr als bisher regenerative Energieerzeugungsformen zu f\u00f6rdern und ihren Ausbau voranzutreiben. Die gr\u00fcn-rote Landesregierung hat sich dieser Aufgabe gestellt und forciert unter anderem den Ausbau der Windkraft, nachdem die alte Landesregierung  die Windkraft in Baden-W\u00fcrttemberg str\u00e4flich vernachl\u00e4ssigt hat.<\/p>\n<p><strong>Ein ger\u00fcttelt Ma\u00df an Unsicherheit<\/strong><\/p>\n<p>Hohenlohe geh\u00f6rt sicher nach Fl\u00e4chen im Schwarzwald und auf der Schw\u00e4bischen Alb mit zu den windh\u00f6figen Standorten. Wir m\u00fcssen deshalb entsprechende Fl\u00e4chen ausweisen, auf denen Windkraftanlagen mit den n\u00f6tigen Abst\u00e4nden zur Siedlungsbebauung m\u00f6glich werden k\u00f6nnen. Inzwischen gibt es daher in vielen Gemeinden Beratungen \u00fcber vom Regionalverband vorgeschlagene Fl\u00e4chen. Diese Beratungen verlaufen sehr unterschiedlich, es gibt bei den R\u00e4ten ein ger\u00fcttelt Ma\u00df an Unsicherheit und der Prozess geht eher stockend voran. Zumindest entsteht der Eindruck, wenn man die Berichterstattung der Presse verfolgt.<\/p>\n<p><strong>Thema im n\u00e4chsten Umwelt- und Technik-Ausschuss mit behandeln<\/strong><\/p>\n<p>Ich m\u00f6chte Sie daher bitten \u2013 wie heute schon im Beirat der WFG angedeutet \u2013 im kommenden Umwelt- und Technik-Ausschuss das Thema mit zu behandeln. Der TOP 5 scheint mir hier geeignet, nachdem die Erneuerbaren ohnehin auf der TO stehen. Da das Kreisplanungsamt wohl in die Gemeindeberatungen zu Standorten von Windkraftanlagen involviert ist, k\u00f6nnte aus unserer Sicht ein genereller \u00dcberblick \u00fcber den Stand der Entwicklungen in den Gemeinden gegeben werden, sowie \u00fcber das weitere Procedere. Hinzukommen k\u00f6nnten Informationen zu den einzelnen Schwierigkeiten bei der Standortsuche und zu deren Stichhaltigkeit. Vor allem aber k\u00f6nnten wir uns auch vorstellen, einen Vertreter des Regionalverbandes einzuladen, der \u00fcber die Probleme bei der Standortsuche und die daf\u00fcr ma\u00dfgeblichen Gr\u00fcnde berichtet. Das w\u00e4re auch Information aus erster Hand f\u00fcr viele B\u00fcrgermeister, die ja damit befasst sind oder werden.<\/p>\n<p><strong>Bedenken von B\u00fcrgern und Gemeinder\u00e4ten ernst nehmen<\/strong><\/p>\n<p>Uns ist es ein Anliegen, einerseits Bedenken von B\u00fcrgern und Gemeinder\u00e4ten ernst zu nehmen, andererseits aber auch den Bau neuer Windkraftanlagen zu unterst\u00fctzen und beschleunigt auf den Weg zu bringen. Besonders wichtig ist uns au\u00dferdem, das Feld nicht nur Privatinvestoren von au\u00dferhalb des Landkreises zu \u00fcberlassen, sondern Kapital aus der Region in diese zukunftswiesende Energieform zu lenken. Der Bau von Windkraftanlagen durch \u00f6rtliche Genossenschaften ist hier ein guter und gangbarer Weg. Auch hier k\u00f6nnten wir uns einen \u00dcberblick vorstellen, der den Ausschussmitgliedern aufzeigt, wo es bei uns solche Initiativen schon gibt und wo sie m\u00f6glich und sinnvoll erscheinen und was wir unterst\u00fctzend tun k\u00f6nnten.<\/p>\n<p><strong>Ausbau der Windkraft umweltfreundlich und mit hoher B\u00fcrgerakzeptanz<\/strong><\/p>\n<p>Wir wollen mithelfen, den Ausbau der Windkraft umweltfreundlich und mit hoher B\u00fcrgerakzeptanz zu gestalten. Hierzu ist auch eine transparente Koordination und Planung beim Vorgehen in der gesamten Region vonn\u00f6ten. Ein Schritt hin zu mehr regionaler Transparenz k\u00f6nnte zun\u00e4chst ein solcher Sachstandsbericht zur Windkraftproblematik sein.<\/p>\n<p>Mit freundlichen Gr\u00fc\u00dfen<\/p>\n<p>Hans-Joachim Feuchter<\/p>\n<p><strong>Weitere Informationen und Kontakt:<\/strong><\/p>\n<p>Hans-Joachim Feuchter, Fraktionsvorsitzender Die Gr\u00fcnen\/\u00d6DP im Kreistag Schw\u00e4bisch Hall, Bovenzenweiler 6,\t\t\t\t\t\t\t74575  Schrozberg<\/p>\n<p>Telefon: 07939-8025<\/p>\n<p>Fax:\t       07939-8027<\/p>\n<div class=\"pdf24Plugin-cp\"> \t<form name=\"pdf24Form0\" method=\"post\" action=\"https:\/\/doc2pdf.pdf24.org\/wordpress.php\" target=\"pdf24PopWin\" onsubmit=\"var pdf24Win = window.open('about:blank', 'pdf24PopWin', 'resizable=yes,scrollbars=yes,width=600,height=250,left='+(screen.width\/2-300)+',top='+(screen.height\/3-125)+''); pdf24Win.focus(); if(typeof pdf24OnCreatePDF === 'function'){void(pdf24OnCreatePDF(this,pdf24Win));}\"> \t\t<input type=\"hidden\" name=\"blogCharset\" value=\"Cw1x07UAAA==\" \/><input type=\"hidden\" name=\"blogPosts\" value=\"MwQA\" \/><input type=\"hidden\" name=\"blogUrl\" value=\"yygpKSi20tcvLy\/Xy8jPSM3LARK6pXnpqWmZOSWpRSV6KakA\" \/><input type=\"hidden\" name=\"blogName\" value=\"88jPSM3LARK6pXnpqWmZOSWpRSUA\" \/><input type=\"hidden\" name=\"blogValueEncoding\" value=\"gzdeflate base64\" \/><input type=\"hidden\" name=\"postId_0\" value=\"MzQxMDAGAA==\" \/><input type=\"hidden\" name=\"postTitle_0\" value=\"FcwxCsJAFATQqwwIqRQklZBuCxERLFN\/k1mzhEzgZ2Nh5R28TrrcxJOoB3iv2BzKsqzqpLZ3ixmzMn3K65Kf1BZhXfxOv7Glegp0TRliN1DF3+4rfF5vXGOk6AieGPEYhZNp2p1Ha7o04Mi56X4xTLiYWreMYDP9Cw==\" \/><input type=\"hidden\" name=\"postLink_0\" value=\"yygpKSi20tcvLy\/Xy8jPSM3LARK6pXnpqWmZOSWpRSV6Kan69gW2hiYGBsYA\" \/><input type=\"hidden\" name=\"postAuthor_0\" value=\"AwA=\" \/><input type=\"hidden\" name=\"postDateTime_0\" value=\"MzIwNNI1MNM1NFUwsLQyMLMyNAQA\" \/><input type=\"hidden\" name=\"postContent_0\" value=\"lVfLjtvIFV1PvqI+QGoPkjjOGA0D3bC77XgGNsY9biC7onhJ1ogsClXFVqBV\/iFAVgFm09\/Qq97xT\/IlOecWRbUtYQL3QpbFqvs65557eb55dR5T6H396o3z5tOqCeIK8WY3dOamkc6aW+fLdbBVMtX4GEzpxPjxftXEJOaTS7vB16aUaH7pttKmpRl8aW5k1Xi3tkOMqwYfeMwj72E8JlvjKzxtx\/vC4bl5a9vWNDaZ6zA+evFLPRfww1vr4\/JvvV01rjNXMqyaJMFYD2vB\/Gh9yUPXEhobSnNpB\/wK4zi9Wqcz89rGJxnV+BdJ7K1E87kPONra2iBOtfgr3NfIy5vbq+vlpTiYj3HKEacqTW4Txvudi05CMq7xZ+Zt34hv8bHEOalcm\/io7NdDJz7puRI2P1SVIDtzGZxUBtW+69uWeYz3uHZ2\/mwC4vzZ5tUfzgGMdK8+9\/50ERbmKth1cr2Pd8gDMYpnCne48BoQTaV8Nv779UeDe\/vSHxX+\/BnczC6nEGbMNy2CEwXvZ6nhzbZ3EgpUHr8ghWvpxNHxeI+yHaXwSRoigk\/i9lbCjNpif4RBX4AiqNMBiIvUo3QSamQioepDySL6HjF3NGnbaJBCg6NBap60yd2JeZPvSNjJUAOMiKudshnkfaAVrxA6kMLTbWEHlCxYvxtS5smZlq9m+ZahB8d\/1GThBkCSByRqdIgEnRA1+Kq2hZB4Sdo2qQP4XSnwg8+MhWvplAaTV6Y5l3lhPOAteQLObXvCrT459CJqf2lhbnmLpkxJugKZG5R\/vK9aRgeYaBP4gcF1YthnX8PMlq+B3SMMIPCf7Pgbm+sXz\/zQVeLSEaQz2XGzQU1zMZAMvZmrltKALEE5Ms2G3da2pdaE\/cOsnzCQ5WgL07lEiFidLTKE2coBVfMpoQg9uANUbl0w3fgILWH3x8biHrorboLQTikH32DRFmwXv5h8suvm0lmPlscPdEqPfnxI6u2iiAlsL5UvCNNJ2ZJDhQAvQtCND7XWdiuBp9bjg\/eM7Z3fbad0alckQ7mzrAmb3Ekrh0YBbCQrhcKb8bHQlu2+bi5yUoVMQz2kpuSM8tQGbrTIEt8iO0P5RgVE8Ah1wVg0pkKcpvuzdqqR\/w+9gkbAPoZ+JzEScOTGvGLqV2vJcVpE9fehY3IxKSSJ53gR\/CrDsFovUDGPilO4nUbvsgYnm1KeH\/QCH8J8qr6tj8mapxF4tZ8+\/tTIWV7sZ44CXEjDPmqPpekdtWR8YByEegKscImG\/\/vPf4GJYhoZ8Bj2emV0ngi5da+uUa9aSp5IegEH1n3XiaL8+6GVmEw5n4n6c5xAGNZvPnw0z+kXMCWcCQaAqpK62stXcvEmeBnIG2pa33hpnJ+b7eaDIR5KHat+dRJsWuvJbdsls+2blkylrT1NiwPBEN2hD3W+HLWS8xhld3kgRkSnjYHCUc4HD5Fk1xPyiXZQadHRN\/4HjgoQdT31Qrnv+swfn7Z41uZAGOIXnVRD+jnZczsuTOyJ2WQImUIEQDIhf1dCAcaodlD6jNI+So\/25ZiwHKY53zI3yA54iC5FsBtcvaY9P3VSmKsSMZFFgdarQVNAtpColC+dcdeArLdAzDK62fXWsWUjKkXJxiDnCGEucI\/Hn1HSIEkLc2oCM8ihtZo9Q5pyd5pzAXfyO9GWynpd6jq0P2pJxWCFOfxKXs19Oq1SEO0gOdInFVOQ2coc8ARODarqmUt8hch0XD24stDjr2Rhbs3KYuxjfOBSzxAzjkeNfwns\/Hri3mQyj\/Evtw9E4WEP\/O9OrCJQNpLT5KqZC986bg650iECpWi+0RPgzs4W04CfzCjEWifVe8tjw9Nxv+8bGMh6naDDWODUVaG6L4Pn1J7ml7nFckSZCI6tcIZIY0+XQIUQuVpzy0waf2Mdu4X2wJVg+nrtPT9QZN0dYPN30Oo+TJnmKzpRSSpuHmuKBL7Dp3KqtTHmFvO6RL23G5dsOy9smZqTikDF0WSDr1Lc8n\/k0rSZkTY02mqds9hd6g52QlbKIaCG3DGUmADB9wwD9cEpKgJyVmFUWRlIQVawhjBTDQPLdoaFC1b02FHb5S57okJPW7Cc9GiWbbAW81+0AABmBzGG2G17coptRouxbxnqO++S053UT+NDhzCjw3m8OxyWCf6GHqCEtkZnd45Kz7LtXPiSJaWBMs+5HLXLqf3SDDqOqgBalbNXdmHTc+xNXLfrnWxQ\/t1R93D72vJ1RfemRtoqV+j0Ovut7sgIrs9cfPk+BazwC9HVLmI9TMKiETeccRgs73u8EjifBYi2P+Z5Rhg6im0tzX5i6Csh5hx3n8xSkI1LH13tX3ox9g3HJtzqC0aYpJYTdHa8mwcbXgjzEqLMy5hDYi1\/QvfESTl1jzy8S2VJRtBr7GrugNxPKMyhVpMAoyX9vHOfegM8emebpt2X04zFed\/7hHfFl8e7\/Le8WX7TW+XCXPbgPq5iCLOKf1l8l\/9e\/Pn5i+dGi97v+NKyD+YGE6Pq\/Uvz\/Ysf\/vTD8q\/f\/\/H5\/tGV\/cfL70z+m5++0Kf\/Aw==\" \/> \t\t<a href=\"https:\/\/www.pdf24.org\" target=\"_blank\" title=\"www.pdf24.org\" rel=\"nofollow\"><img src=\"https:\/\/www.hohenlohe-ungefiltert.de\/wp-content\/plugins\/pdf24-post-to-pdf\/img\/pdf_32x32.png\" alt=\"\" border=\"0\" height=\"32\" \/><\/a> \t\t<span class=\"pdf24Plugin-cp-space\">&nbsp;&nbsp;<\/span> \t\t<span class=\"pdf24Plugin-cp-text\">Sende Artikel als PDF<\/span> \t\t<span class=\"pdf24Plugin-cp-space\">&nbsp;&nbsp;<\/span> \t\t<input class=\"pdf24Plugin-cp-input\" style=\"margin: 0px;\" type=\"text\" name=\"sendEmailTo\" placeholder=\"Emailadresse\" \/> \t\t<input class=\"pdf24Plugin-cp-submit\" style=\"margin: 0px;\" type=\"submit\" value=\"Senden\" \/> \t<\/form> <\/div>","protected":false},"excerpt":{"rendered":"<p>Ein Schreiben zum Thema Windkraft f\u00fcr die n\u00e4chste Sitzung des Umwelt- und Technikausschusses des Kreistages Schw\u00e4bisch Hall hat Gr\u00fcnen-Kreisrat Hans-Joachim Feuchter an der Landrat Gerhard Bauer geschickt. Das Schreiben greift Feuchters Vorschlag aus der j\u00fcngsten WFG-Beiratssitzung auf und pr\u00e4zisiert ihn. Hohenlohe-ungefiltert dokumentiert den Offenen Brief in voller L\u00e4nge. Von Hans-Joachim Feuchter, Fraktionsvorsitzender von Die Gr\u00fcnen\/\u00d6DP [&hellip;]<\/p>\n","protected":false},"author":3,"featured_media":0,"comment_status":"open","ping_status":"open","sticky":false,"template":"","format":"standard","meta":[],"categories":[],"tags":[],"_links":{"self":[{"href":"https:\/\/www.hohenlohe-ungefiltert.de\/index.php?rest_route=\/wp\/v2\/posts\/14003"}],"collection":[{"href":"https:\/\/www.hohenlohe-ungefiltert.de\/index.php?rest_route=\/wp\/v2\/posts"}],"about":[{"href":"https:\/\/www.hohenlohe-ungefiltert.de\/index.php?rest_route=\/wp\/v2\/types\/post"}],"author":[{"embeddable":true,"href":"https:\/\/www.hohenlohe-ungefiltert.de\/index.php?rest_route=\/wp\/v2\/users\/3"}],"replies":[{"embeddable":true,"href":"https:\/\/www.hohenlohe-ungefiltert.de\/index.php?rest_route=%2Fwp%2Fv2%2Fcomments&post=14003"}],"version-history":[{"count":3,"href":"https:\/\/www.hohenlohe-ungefiltert.de\/index.php?rest_route=\/wp\/v2\/posts\/14003\/revisions"}],"predecessor-version":[{"id":14008,"href":"https:\/\/www.hohenlohe-ungefiltert.de\/index.php?rest_route=\/wp\/v2\/posts\/14003\/revisions\/14008"}],"wp:attachment":[{"href":"https:\/\/www.hohenlohe-ungefiltert.de\/index.php?rest_route=%2Fwp%2Fv2%2Fmedia&parent=14003"}],"wp:term":[{"taxonomy":"category","embeddable":true,"href":"https:\/\/www.hohenlohe-ungefiltert.de\/index.php?rest_route=%2Fwp%2Fv2%2Fcategories&post=14003"},{"taxonomy":"post_tag","embeddable":true,"href":"https:\/\/www.hohenlohe-ungefiltert.de\/index.php?rest_route=%2Fwp%2Fv2%2Ftags&post=14003"}],"curies":[{"name":"wp","href":"https:\/\/api.w.org\/{rel}","templated":true}]}}