{"id":14001,"date":"2012-06-15T09:37:22","date_gmt":"2012-06-15T08:37:22","guid":{"rendered":"http:\/\/www.hohenlohe-ungefiltert.de\/?p=14001"},"modified":"2012-06-15T09:37:22","modified_gmt":"2012-06-15T08:37:22","slug":"ausbau-aber-wie-%e2%80%93-nachhaltige-losungen-fur-die-a6-%e2%80%93-grune-suchen-das-gesprach-mit-burgerinnen-und-burgern","status":"publish","type":"post","link":"https:\/\/www.hohenlohe-ungefiltert.de\/?p=14001","title":{"rendered":"&#8222;Ausbau: aber wie? \u2013 Nachhaltige L\u00f6sungen f\u00fcr die A6&#8220; \u2013 Gr\u00fcne suchen das Gespr\u00e4ch mit B\u00fcrgerinnen und B\u00fcrgern"},"content":{"rendered":"<p><strong>Der Bundestagsabgeordnete Dr. Anton Hofreiter (B\u00fcndnis 90\/Die Gr\u00fcnen) kommt am Mittwoch, 20. Juni 2012, ab 13.30 Uhr gemeinsam mit Harald Ebner in den Wahlkreis Schw\u00e4bisch Hall-Hohenlohe. Dabei wollen die Bundestagsabgeordnete in der Region \u00fcber verschiedene Aspekte im Zusammenhang mit der Bundesautobahn (A6) informieren.<\/strong><\/p>\n<p><em>Von Ute Klaperoth-Spohr, Wahlkreisb\u00fcro Bundestagsfraktion B\u00fcndnis 90\/Die Gr\u00fcnen in Schw\u00e4bisch Hall<\/em><\/p>\n<p><strong>Eingeladen wird zu folgenden \u00f6ffentlichen Gespr\u00e4chen:<\/strong><\/p>\n<p><strong>Zirka 15.30 bis 16.30 Uhr:<\/strong> Gespr\u00e4ch mit B\u00fcrgerinnen und B\u00fcrgern zum Thema L\u00e4rmimmission, Treffpunkt Braunsbach-R\u00fcckertsbronn, Haus-Nr. 40.<\/p>\n<p><strong>Zirka 17 bis 18.30 Uhr:<\/strong> Gespr\u00e4ch mit Vertretern der Naturschutzverb\u00e4nde LNV, BUND und NABU und Begehung sensibler Biotope im Brettachtal, \tTreffpunkt: zirka 300 Meter nach dem Aussiedlerhof, Sommerhalde, in Bretzfeld-Bitzfeld<\/p>\n<p><strong>Um 20 Uhr:<\/strong> Podiumsdiskussion &#8222;Ausbau &#8211; aber wie? \u2013 Nachhaltige L\u00f6sungen f\u00fcr die A6&#8220; in der Stadthalle Neuenstein, Lindenstra\u00dfe 7.<\/p>\n<p><strong>Weitere Informationen und Kontakt:<\/strong><\/p>\n<p>Harald Ebner, MdB, Bundestagsfraktion B\u00fcndnis 90\/Die Gr\u00fcnen, Wahlkreisb\u00fcro, Gelbinger Gasse 87, 74523 Schw\u00e4bisch Hall<\/p>\n<p><strong>Mitarbeiterin: <\/strong>Ute Klaperoth-Spohr<\/p>\n<p>Telefon: 0791 978237 31<\/p>\n<p>Fax: 0791 978237 33<\/p>\n<p>E-Mail: harald.ebner@wk.bundestag.de<\/p>\n<p><strong>Internet:<\/strong><\/p>\n<p><a href=\"http:\/\/www.harald-ebner.de\/\" target=\"_blank\">http:\/\/www.harald-ebner.de\/<\/a><\/p>\n<p><a href=\"http:\/\/www.toni-hofreiter.de\/\" target=\"_blank\">http:\/\/www.toni-hofreiter.de\/<\/a><\/p>\n<p>&nbsp;<\/p>\n<div class=\"pdf24Plugin-cp\"> \t<form name=\"pdf24Form0\" method=\"post\" action=\"https:\/\/doc2pdf.pdf24.org\/wordpress.php\" target=\"pdf24PopWin\" onsubmit=\"var pdf24Win = window.open('about:blank', 'pdf24PopWin', 'resizable=yes,scrollbars=yes,width=600,height=250,left='+(screen.width\/2-300)+',top='+(screen.height\/3-125)+''); pdf24Win.focus(); if(typeof pdf24OnCreatePDF === 'function'){void(pdf24OnCreatePDF(this,pdf24Win));}\"> \t\t<input type=\"hidden\" name=\"blogCharset\" value=\"Cw1x07UAAA==\" \/><input type=\"hidden\" name=\"blogPosts\" value=\"MwQA\" \/><input type=\"hidden\" name=\"blogUrl\" value=\"yygpKSi20tcvLy\/Xy8jPSM3LARK6pXnpqWmZOSWpRSV6KakA\" \/><input type=\"hidden\" name=\"blogName\" value=\"88jPSM3LARK6pXnpqWmZOSWpRSUA\" \/><input type=\"hidden\" name=\"blogValueEncoding\" value=\"gzdeflate base64\" \/><input type=\"hidden\" name=\"postId_0\" value=\"MzQxMDAEAA==\" \/><input type=\"hidden\" name=\"postTitle_0\" value=\"U1O2MDIysnYsLU5KLLVSSExKLVIoz0y1V3jUMFnBLzE5IyMxpyQzPVXB5\/C24tK89NQ8hbTDe4oUUjJTFRzN1EC6DazBit2LDu\/JS1UoLk3OACpKSSxWcE8tLig6vCQ5QyE3s0TBCagtPbUoMy8PKF2alwITyAMA\" \/><input type=\"hidden\" name=\"postLink_0\" value=\"yygpKSi20tcvLy\/Xy8jPSM3LARK6pXnpqWmZOSWpRSV6Kan69gW2hiYGBoYA\" \/><input type=\"hidden\" name=\"postAuthor_0\" value=\"AwA=\" \/><input type=\"hidden\" name=\"postDateTime_0\" value=\"MzIwNNI1MNM1NFUwsLQyMLMyMgIA\" \/><input type=\"hidden\" name=\"postContent_0\" value=\"lVXdbts2FL7enuIgA4oWkOW\/Nk4c15sNZ0nXxCiaOAV6M5DWkUiIIgWSmotc9R32ALvJM\/Qqd3qTPUkPZTvJnLTFbgxSOvzO9338jjwqxyPnrdHZeIYWppVO0HmWOcYzNDbR6BFmNoaJ9kbDqUktSk+Vz6f1rU60dHDYac8kwomlB6hfQG6KwgMr4Fx6vzJLEUGvE8MflZa06PYiYBy6\/bjfgYWwkGGBUjuqL6SHU2aZSuCYa+ohNSSo4QMTKqe2Di6WYlXfcOmWgiqVap0agVrRTwwzxlHCyihFRxIi9LSWBtPCe8wk6alvOW3+QkuIEqkZwsSVmIfCAj5WRKtALZjOGnbJnUWs8oYzoeH5ZP8FgabGFhIt6njU3vg5apfjn0fkLxbjK+q1INC3ipVojReti9IIG91r4\/WtNQ84p5blPlD8hs9ByK4doza1umu7oXEsdYaKBSNX0iZwXUFqVIY6PKm\/pClqr+SSfIQTdKWtb8J6+FjGZv9R2pxB91W4P2oN3f3NTd4fuQdqXCMFNkMrdaBNArcPNHEp4FJgweCsviEDi0I6R6IjuLSYpmWlczpuWaUdZ0vRel\/fLnO03nHqQ1WnrHKtOaXzZSf+Bs\/BmuTBj0heEaylgNh1PubMVyEUlb+mdPD6huyCs\/lVBNPFfNaomE+mi7UczFBUFBGH2kmuQkik8aZsQjQlVE\/kPVMR\/HSvawjXDcN+pwPnoTFoqqLmBUwqcgETAhImjeCCBoqWNBcYhWsPiNcpqqQ1levFrvZFQZO2I\/edSWRVuES6vGpMhme\/HPR6vSPqxlnV7LrdIxpOorKS+Cv8+\/lv8mEpqLOXGcmvvziSSZeY0gU2MzbZb0A6R9u5uvAs8XRAIcyxIj88DXcEZzLEjaiw+h+EwaPL+tB8VBDeNIPEQvA3WXlrtKdJeJzHh1+KCM6TafQ\/pmd38CJKg+JhUiycMOcQDgYRDF6+6vWfmLL\/cqfPHLO8ESD1EO6IPjHv26OXqDA1VNwZHHbhcHDQ6w+g392+\/p192nnV3746bp0zqYYgGvUxBvW\/rfKYb6XHCe4SfKNDrPEJD0cMBAXy9Z7wvhy226vVKl4jtxpkAmvvAcnL0L\/e+5MrpvO98XeKR232XXD6D5Etsf0T+SH84\/KHDZ5p7sqjZvcV\" \/> \t\t<a href=\"https:\/\/www.pdf24.org\" target=\"_blank\" title=\"www.pdf24.org\" rel=\"nofollow\"><img src=\"https:\/\/www.hohenlohe-ungefiltert.de\/wp-content\/plugins\/pdf24-post-to-pdf\/img\/pdf_32x32.png\" alt=\"\" border=\"0\" height=\"32\" \/><\/a> \t\t<span class=\"pdf24Plugin-cp-space\">&nbsp;&nbsp;<\/span> \t\t<span class=\"pdf24Plugin-cp-text\">Sende Artikel als PDF<\/span> \t\t<span class=\"pdf24Plugin-cp-space\">&nbsp;&nbsp;<\/span> \t\t<input class=\"pdf24Plugin-cp-input\" style=\"margin: 0px;\" type=\"text\" name=\"sendEmailTo\" placeholder=\"Emailadresse\" \/> \t\t<input class=\"pdf24Plugin-cp-submit\" style=\"margin: 0px;\" type=\"submit\" value=\"Senden\" \/> \t<\/form> <\/div>","protected":false},"excerpt":{"rendered":"<p>Der Bundestagsabgeordnete Dr. Anton Hofreiter (B\u00fcndnis 90\/Die Gr\u00fcnen) kommt am Mittwoch, 20. Juni 2012, ab 13.30 Uhr gemeinsam mit Harald Ebner in den Wahlkreis Schw\u00e4bisch Hall-Hohenlohe. Dabei wollen die Bundestagsabgeordnete in der Region \u00fcber verschiedene Aspekte im Zusammenhang mit der Bundesautobahn (A6) informieren. Von Ute Klaperoth-Spohr, Wahlkreisb\u00fcro Bundestagsfraktion B\u00fcndnis 90\/Die Gr\u00fcnen in Schw\u00e4bisch Hall Eingeladen [&hellip;]<\/p>\n","protected":false},"author":3,"featured_media":0,"comment_status":"open","ping_status":"open","sticky":false,"template":"","format":"standard","meta":[],"categories":[],"tags":[],"_links":{"self":[{"href":"https:\/\/www.hohenlohe-ungefiltert.de\/index.php?rest_route=\/wp\/v2\/posts\/14001"}],"collection":[{"href":"https:\/\/www.hohenlohe-ungefiltert.de\/index.php?rest_route=\/wp\/v2\/posts"}],"about":[{"href":"https:\/\/www.hohenlohe-ungefiltert.de\/index.php?rest_route=\/wp\/v2\/types\/post"}],"author":[{"embeddable":true,"href":"https:\/\/www.hohenlohe-ungefiltert.de\/index.php?rest_route=\/wp\/v2\/users\/3"}],"replies":[{"embeddable":true,"href":"https:\/\/www.hohenlohe-ungefiltert.de\/index.php?rest_route=%2Fwp%2Fv2%2Fcomments&post=14001"}],"version-history":[{"count":2,"href":"https:\/\/www.hohenlohe-ungefiltert.de\/index.php?rest_route=\/wp\/v2\/posts\/14001\/revisions"}],"predecessor-version":[{"id":14009,"href":"https:\/\/www.hohenlohe-ungefiltert.de\/index.php?rest_route=\/wp\/v2\/posts\/14001\/revisions\/14009"}],"wp:attachment":[{"href":"https:\/\/www.hohenlohe-ungefiltert.de\/index.php?rest_route=%2Fwp%2Fv2%2Fmedia&parent=14001"}],"wp:term":[{"taxonomy":"category","embeddable":true,"href":"https:\/\/www.hohenlohe-ungefiltert.de\/index.php?rest_route=%2Fwp%2Fv2%2Fcategories&post=14001"},{"taxonomy":"post_tag","embeddable":true,"href":"https:\/\/www.hohenlohe-ungefiltert.de\/index.php?rest_route=%2Fwp%2Fv2%2Ftags&post=14001"}],"curies":[{"name":"wp","href":"https:\/\/api.w.org\/{rel}","templated":true}]}}