{"id":13984,"date":"2012-06-11T21:22:28","date_gmt":"2012-06-11T20:22:28","guid":{"rendered":"http:\/\/www.hohenlohe-ungefiltert.de\/?p=13984"},"modified":"2012-06-11T21:22:28","modified_gmt":"2012-06-11T20:22:28","slug":"ein-jahr-grun-rot-im-land-%e2%80%93-diskussion-in-schwabisch-hall","status":"publish","type":"post","link":"https:\/\/www.hohenlohe-ungefiltert.de\/?p=13984","title":{"rendered":"&#8222;Ein Jahr Gr\u00fcn-Rot im Land&#8220; \u2013 Diskussion in Schw\u00e4bisch Hall"},"content":{"rendered":"<p><strong>Anl\u00e4sslich der Unterzeichnung des Koalitionsvertrages durch die Spitzen der GR\u00dcNE und SPD im Mai 2011 laden die beiden Kreisvorsitzenden aus Schw\u00e4bisch Hall Nikolaos Sakellariou (SPD) und Harald Ebner (GR\u00dcNE) zu einem offenen Austausch ein. Die Dialogrunde findet am Montag, 18. Juni 2012, um 19.30 Uhr im Theatersaal des Alten Schlachthauses,   Haalstra\u00dfe 9, in Schw\u00e4bisch Hall statt.<\/strong><\/p>\n<p><em>Von Nikolaos Sakellariou (SPD) und Harald Ebner (Gr\u00fcne)<\/em><\/p>\n<p><strong>\u201eIm Dialog mit Muhterem Aras und Nik Sakellariou\u201c<\/strong><\/p>\n<p>Die Landtagsabgeordnete Muhterem Aras (Gr\u00fcne) \u2013 Betreuungsabgeordnete des Wahlkreises Schw\u00e4bisch Hall \u2013 und Nikolaos Sakellariou, SPD-Landtagsabgeordneter aus Schw\u00e4bisch Hall, geben Einblicke in den Alltag der Regierungsparteien. Im vergangenen Jahr konnten GR\u00dcNE und SPD bereits wichtige Ziele und Vorstellungen umsetzen. Bei der gemeinsamen Veranstaltung \u201eIm Dialog mit Muhterem Aras und Nik Sakellariou\u201c geht es um die ganz pers\u00f6nliche Sichtweise der beiden auf das erste Jahr Gr\u00fcn-Rot. Interessierte haben an diesem Abend die M\u00f6glichkeit mit Nikolaos Sakellariou und Muhterem Aras ins Gespr\u00e4ch zu kommen, Fragen zu stellen und\/oder Themen einzubringen.<\/p>\n<p><strong>Kurzinfo<\/strong>:<\/p>\n<p>Die Dialogrunde findet am Montag, 18. Juni 2012,  im Theatersaal,  Haalstra\u00dfe 9, in Schw\u00e4bisch Hall statt. Beginn ist um 19.30 Uhr. Die Kreisvorsitzenden Harald Ebner (Gr\u00fcne) und Nikolaos Sakellariou (SPD) laden alle B\u00fcrgerinnen und B\u00fcrger zu der Veranstaltung ein.<\/p>\n<p><strong>Weitere Informationen und Kontakt:<\/strong><\/p>\n<p>Harald Ebner, Bundestagsabgeordneter B\u00fcndnis 90\/Die Gr\u00fcnen, Kreisvorsitzender, Gelbinger Gasse 87, 74523 Schw\u00e4bisch Hall<\/p>\n<p>Telefon: 0791 \u2013 9464892<\/p>\n<p><strong>Internet:<\/strong> <a href=\"http:\/\/www.gruene-sha.de\" target=\"_blank\">www.gruene-sha.de<\/a><\/p>\n<p>Nikolaos Sakellariou, SPD-Kreisvorsitzender, Geschwister-Scholl-Stra\u00dfe 59\/1, 74523 Schw\u00e4bisch Hall<\/p>\n<p>Telefon: 0791 \u2013 8875<\/p>\n<p><strong>Internet:<\/strong> <a href=\"http:\/\/nik.sozi.info\/\" target=\"_blank\">http:\/\/nik.sozi.info\/<\/a><\/p>\n<p>&nbsp;<\/p>\n<p>&nbsp;<\/p>\n<div class=\"pdf24Plugin-cp\"> \t<form name=\"pdf24Form0\" method=\"post\" action=\"https:\/\/doc2pdf.pdf24.org\/wordpress.php\" target=\"pdf24PopWin\" onsubmit=\"var pdf24Win = window.open('about:blank', 'pdf24PopWin', 'resizable=yes,scrollbars=yes,width=600,height=250,left='+(screen.width\/2-300)+',top='+(screen.height\/3-125)+''); pdf24Win.focus(); if(typeof pdf24OnCreatePDF === 'function'){void(pdf24OnCreatePDF(this,pdf24Win));}\"> \t\t<input type=\"hidden\" name=\"blogCharset\" value=\"Cw1x07UAAA==\" \/><input type=\"hidden\" name=\"blogPosts\" value=\"MwQA\" \/><input type=\"hidden\" name=\"blogUrl\" value=\"yygpKSi20tcvLy\/Xy8jPSM3LARK6pXnpqWmZOSWpRSV6KakA\" \/><input type=\"hidden\" name=\"blogName\" value=\"88jPSM3LARK6pXnpqWmZOSWpRSUA\" \/><input type=\"hidden\" name=\"blogValueEncoding\" value=\"gzdeflate base64\" \/><input type=\"hidden\" name=\"postId_0\" value=\"MzS2tDABAA==\" \/><input type=\"hidden\" name=\"postTitle_0\" value=\"U1O2MDIysnbNzFPwSswoUnAvOrwnTzcov0QhM1fBJzEvRQ2kwMBa4VHDZAWXzOLs0uLizPw8BaD64OSM8sNLkjKLkzMUPBJzcgA=\" \/><input type=\"hidden\" name=\"postLink_0\" value=\"yygpKSi20tcvLy\/Xy8jPSM3LARK6pXnpqWmZOSWpRSV6Kan69gW2hsaWFiYA\" \/><input type=\"hidden\" name=\"postAuthor_0\" value=\"AwA=\" \/><input type=\"hidden\" name=\"postDateTime_0\" value=\"MzIwNNI1MNM1NFQwMrQyMLMysgAA\" \/><input type=\"hidden\" name=\"postContent_0\" value=\"nVTBThtJEL3vV5Q4rIJkezCBxWYdS0awJGGJIkiItJdVD1OeaU1Pt9XdE0s+8Q97jTYXviGn3PwnfMm+GhsWbOdALpanZ7rqvVfv1WAyHITonc2HI2vmtyEYfV1Qxp4+2sh+xni0tc1xFOjMKaOjdjZ8Zh+9ynGW1V4uaKbLiY4zts3l04v5l3cnVNuMLt8fk67oXGna3el2yahMPsKFlLX8PfOsw2fnQ3NdTlQd6PK6mM5vUx1Q\/bUyht7p0hnl8EaVbIzy2tX0AtW3mzavlVcmo5PUov2LRf9tmtXE2nJFbjxmi9KjOkSUR1Gcd+gYMI61Mi73KMI01viNpIDX2ajyFnV7HXpb2wb8bovqirr9zssd+lh4ofWhYAWdglKmkWhkIroAvFHXRSzQikOLCPCUgdBq\/pWp3yJt1wkCWIydQbKcxyCZDH8ZYD5cDa+cfSZ\/P\/9ueXuQ4PJDoWXhu5t\/31RL1lTpSOd1AQoQaeRVaIqh1+M2dzdf1mCJcn8qm0GkoNKcnc8sR14pdg+E7m7+oSOOnmuY6ckFUe2TKkwpNuANg5erS1BrArTEXu0NOPxGE7Uo5xTzOdE2hdFLlkGI40bGoEBj3QvONXtBOVE+smbYBHrB8bmyeWOitwrDL521MusVq6cgr2OgKYITdc70l2bDzesreDwCeS1l4KTAYvgOdNFN55wrmDKoCm+v2CsLR5go4fupkaFeEQmKwrMSN8Cf0QRenX+zknIkVjBORfam\/zKPqh5ThqosaBdcmym2L1yEFLIWOARohLeFEjlVk+cgcPCYNd3O599y6VJCjQbyRv8K8qdcIACdcpj4+S2GhvyWroIgLfpD9o2Vk0ZEUdBmiRPgCKFoBvFmdeq1yNtZdf1Z7Wfajt2DkQ8fO\/lZO2Al961npBuzzrW1pEN8skoWm2h9E25M9Q\/TsFwHiw2LpkxH8+8+Z0hiF3rdH4iMotxTm8lKXNXtE+aH6WDuY+crJdt\/WepM1Cnj4dpqeAy6RUcialiLJ4DYzOpA\/Z1EuC+4Yc6rIqDEKZtUpgojqgCz9g5adLC3v\/tyTeZ7CB+QubGzh7Rz0O82G6S\/99ter7+7Sq+xMxD9z4IGigrP41dbRYyTwySZTqcdWAPJb4dCdTLeoqggYny19XdqlC23hmufDBL1IMeP99ZGqqAyhT3Yt0HOGdO+XBprv590n8+71zvY\/wnSVped4Ga6I5lJ1hlv\/Owx619tGia\/b3j6Dw==\" \/> \t\t<a href=\"https:\/\/www.pdf24.org\" target=\"_blank\" title=\"www.pdf24.org\" rel=\"nofollow\"><img src=\"https:\/\/www.hohenlohe-ungefiltert.de\/wp-content\/plugins\/pdf24-post-to-pdf\/img\/pdf_32x32.png\" alt=\"\" border=\"0\" height=\"32\" \/><\/a> \t\t<span class=\"pdf24Plugin-cp-space\">&nbsp;&nbsp;<\/span> \t\t<span class=\"pdf24Plugin-cp-text\">Sende Artikel als PDF<\/span> \t\t<span class=\"pdf24Plugin-cp-space\">&nbsp;&nbsp;<\/span> \t\t<input class=\"pdf24Plugin-cp-input\" style=\"margin: 0px;\" type=\"text\" name=\"sendEmailTo\" placeholder=\"Emailadresse\" \/> \t\t<input class=\"pdf24Plugin-cp-submit\" style=\"margin: 0px;\" type=\"submit\" value=\"Senden\" \/> \t<\/form> <\/div>","protected":false},"excerpt":{"rendered":"<p>Anl\u00e4sslich der Unterzeichnung des Koalitionsvertrages durch die Spitzen der GR\u00dcNE und SPD im Mai 2011 laden die beiden Kreisvorsitzenden aus Schw\u00e4bisch Hall Nikolaos Sakellariou (SPD) und Harald Ebner (GR\u00dcNE) zu einem offenen Austausch ein. Die Dialogrunde findet am Montag, 18. Juni 2012, um 19.30 Uhr im Theatersaal des Alten Schlachthauses, Haalstra\u00dfe 9, in Schw\u00e4bisch Hall [&hellip;]<\/p>\n","protected":false},"author":3,"featured_media":0,"comment_status":"open","ping_status":"open","sticky":false,"template":"","format":"standard","meta":[],"categories":[],"tags":[],"_links":{"self":[{"href":"https:\/\/www.hohenlohe-ungefiltert.de\/index.php?rest_route=\/wp\/v2\/posts\/13984"}],"collection":[{"href":"https:\/\/www.hohenlohe-ungefiltert.de\/index.php?rest_route=\/wp\/v2\/posts"}],"about":[{"href":"https:\/\/www.hohenlohe-ungefiltert.de\/index.php?rest_route=\/wp\/v2\/types\/post"}],"author":[{"embeddable":true,"href":"https:\/\/www.hohenlohe-ungefiltert.de\/index.php?rest_route=\/wp\/v2\/users\/3"}],"replies":[{"embeddable":true,"href":"https:\/\/www.hohenlohe-ungefiltert.de\/index.php?rest_route=%2Fwp%2Fv2%2Fcomments&post=13984"}],"version-history":[{"count":1,"href":"https:\/\/www.hohenlohe-ungefiltert.de\/index.php?rest_route=\/wp\/v2\/posts\/13984\/revisions"}],"predecessor-version":[{"id":13985,"href":"https:\/\/www.hohenlohe-ungefiltert.de\/index.php?rest_route=\/wp\/v2\/posts\/13984\/revisions\/13985"}],"wp:attachment":[{"href":"https:\/\/www.hohenlohe-ungefiltert.de\/index.php?rest_route=%2Fwp%2Fv2%2Fmedia&parent=13984"}],"wp:term":[{"taxonomy":"category","embeddable":true,"href":"https:\/\/www.hohenlohe-ungefiltert.de\/index.php?rest_route=%2Fwp%2Fv2%2Fcategories&post=13984"},{"taxonomy":"post_tag","embeddable":true,"href":"https:\/\/www.hohenlohe-ungefiltert.de\/index.php?rest_route=%2Fwp%2Fv2%2Ftags&post=13984"}],"curies":[{"name":"wp","href":"https:\/\/api.w.org\/{rel}","templated":true}]}}