{"id":13980,"date":"2012-06-15T05:07:23","date_gmt":"2012-06-15T04:07:23","guid":{"rendered":"http:\/\/www.hohenlohe-ungefiltert.de\/?p=13980"},"modified":"2012-06-15T09:07:36","modified_gmt":"2012-06-15T08:07:36","slug":"tag-der-offenen-gartentur-%e2%80%93-zehn-garten-rund-um-ellenberg-zu-besichtigen-zwei-bei-dinkelsbuhl","status":"publish","type":"post","link":"https:\/\/www.hohenlohe-ungefiltert.de\/?p=13980","title":{"rendered":"&#8222;Tag der offenen Gartent\u00fcr&#8220; \u2013 Zehn G\u00e4rten rund um Ellenberg zu besichtigen, zwei bei Dinkelsb\u00fchl"},"content":{"rendered":"<p><strong>Der deutschlandweite Aktionstag &#8222;Tag der offenen Gartent\u00fcr&#8220; ist am Sonntag, 24. Juni 2012. Tr\u00e4ger in Baden-W\u00fcrttemberg ist der Landesverband f\u00fcr Obstbau, Garten und Landschaft in Stuttgart. Hintergrund dieses Aktionstags ist es, dass private G\u00e4rten zur \u00f6ffentlichen Besichtigung freigegeben werden.<\/strong><\/p>\n<p><em>Franz Meyer, OGV Ellenberg e.V<\/em><\/p>\n<p><strong>G\u00e4rten von 9 bis 17 Uhr ge\u00f6ffnet<\/strong><\/p>\n<p>In der Region Hohenlohe und Ostalb \u00f6ffnen im Rahmen zum Tag der offenen Gartent\u00fcr in Ellenberg und Breitenbach zehn G\u00e4rten. Er\u00f6ffnung ist um 9 Uhr in Breitenbach, Ziegelgasse beim Wanderfreundehaus. dort gibt es Fr\u00fchst\u00fcck, Mittagstisch sowie Kaffee und Kuchen. Die G\u00e4rten rund um Ellenberg und Breitenbach sind von 9.30 bis 17 Uhr ge\u00f6ffnet. Schirmherr f\u00fcr Ellenberg ist B\u00fcrgermeister Rainer Knecht. Weitere zwei G\u00e4rten sind in Dinkelsb\u00fchl ge\u00f6ffnet. Ein Garten in Dinkelsb\u00fchl Langensteinbach, ein Garten in Dinkelsb\u00fchl-Sinnbronn. Ellenberg und Dinkelsb\u00fchl sind Partner im &#8222;Magischen Dreieck&#8220; Ellwangen, Dinkelsb\u00fchl und Crailsheim.<\/p>\n<p><strong>Weitere Ausk\u00fcnfte erteilt:<\/strong><\/p>\n<p>OGV Ellenberg e.V., 1. Vorsitzender Franz Meyer, M\u00fchlfeld 15, 73488 Ellenberg<\/p>\n<p>E-Mail: MVM.Meyer@arcor.de<\/p>\n<p>Telefon: 07962-1372<\/p>\n<p><strong>Internet: <\/strong><\/p>\n<p><a href=\"http:\/\/www.ellenberg.de\/\" target=\"_blank\">http:\/\/www.ellenberg.de\/<\/a><\/p>\n<div class=\"pdf24Plugin-cp\"> \t<form name=\"pdf24Form0\" method=\"post\" action=\"https:\/\/doc2pdf.pdf24.org\/wordpress.php\" target=\"pdf24PopWin\" onsubmit=\"var pdf24Win = window.open('about:blank', 'pdf24PopWin', 'resizable=yes,scrollbars=yes,width=600,height=250,left='+(screen.width\/2-300)+',top='+(screen.height\/3-125)+''); pdf24Win.focus(); if(typeof pdf24OnCreatePDF === 'function'){void(pdf24OnCreatePDF(this,pdf24Win));}\"> \t\t<input type=\"hidden\" name=\"blogCharset\" value=\"Cw1x07UAAA==\" \/><input type=\"hidden\" name=\"blogPosts\" value=\"MwQA\" \/><input type=\"hidden\" name=\"blogUrl\" value=\"yygpKSi20tcvLy\/Xy8jPSM3LARK6pXnpqWmZOSWpRSV6KakA\" \/><input type=\"hidden\" name=\"blogName\" value=\"88jPSM3LARK6pXnpqWmZOSWpRSUA\" \/><input type=\"hidden\" name=\"blogValueEncoding\" value=\"gzdeflate base64\" \/><input type=\"hidden\" name=\"postId_0\" value=\"MzS2tDAAAA==\" \/><input type=\"hidden\" name=\"postTitle_0\" value=\"U1O2MDIysg5JTFdISS1SyE9LS81LzVNwTywqSc0rObynSA2kwMBa4VHDZIWo1Ayg1OElIDmFotK8FIXSXAXXnJzUvKTUonSFqlKFpNTizOSMksz01Dwdhary1EygSKaCS2ZedmpOcdLhPRk5AA==\" \/><input type=\"hidden\" name=\"postLink_0\" value=\"yygpKSi20tcvLy\/Xy8jPSM3LARK6pXnpqWmZOSWpRSV6Kan69gW2hsaWFgYA\" \/><input type=\"hidden\" name=\"postAuthor_0\" value=\"AwA=\" \/><input type=\"hidden\" name=\"postDateTime_0\" value=\"MzIwNNI1MNM1NFUwMLUyMLMyMgYA\" \/><input type=\"hidden\" name=\"postContent_0\" value=\"dVTBctowEL33K3boTE9GgJOWhBCmodAkTZl0QkpmeunIeC1rsGVGksOU78k39JQbP9aVwCGEcgFb2n379r1dd+e9rrG6UKI3QA0xltZM04yreIHSIlzMrCyUsVzAh\/cnYRie3dNjTKFFkqBCBZdcW1R29ax9QPMMpLHAcxgXSlFeAOExg2+lkhA2WyGDe716EgQgFfR5jKr+QLnWYh6hFj7ZwX8nCmgeUUf0AAmFwG1kbMTLYFMSSrpwYUSYJ9bhjW1praBbBldSWcLTLiiWaNC86sX4MmgCiLkxMNfykVOzl6snD7wsNaz+uv5sJqcpnfTR0IOVolQCEo1SoMCILhaoqQXWbWxE7DbmvXddEhXz3lfN1RJG+Ad1ALeXExhmGSrfJbJJt0EhL+Gb9IrBY6HgFCJpoNWGn6kGgY6QQrtX6Vp5ve5QUHNwVRDdjH68OrfUbBbBOlWBzOGOp7nvMIfDRjopt1wdUF+7aVARn6awxFRVUjEYao\/udHGaEu6pJ+zc3SYF8EuSYpkguREiJCYPzmBNWhI+prw0DOJCWxAyctbAV716Tg3Rmc4CGEnrbLOSvAZTLCTCDSfe6zZvSmcSg4HceuiNJzaH+zCSDrzQ7Kj5X60ZjKep1HmKWq9HcIvmmu3TEU1yjvTiLOBS0d+NQhoVBg+ulEZY0ia90PJFSZuBVDPMTEQ9Zq8LDmVlxF4UjbpAGl+UG0nxYGx9LJWKaEycQTsC7CB6Mj8IwdEmSzYbPuLC6UywA5ILp7NqsQlq4UkEuzgO+IvmMjMpOcveDnUlxEVpZqtnldCmIbGWme3sTfPemrAAWgwmhTbSLtGNDOzs1cgxSDCLofUxgPbR8cnJFqBCHdZHxK4Do8mI+bzPXE8LzWKsIu4xw6RQHWi2Tz+F9dZRO3zbxrX7oJBJHdjfdg6pxuS8llo77zQai8WCYUWCqjRqYDmNij2v\/Y7o4zqr9Q5Fdht8DfsP\" \/> \t\t<a href=\"https:\/\/www.pdf24.org\" target=\"_blank\" title=\"www.pdf24.org\" rel=\"nofollow\"><img src=\"https:\/\/www.hohenlohe-ungefiltert.de\/wp-content\/plugins\/pdf24-post-to-pdf\/img\/pdf_32x32.png\" alt=\"\" border=\"0\" height=\"32\" \/><\/a> \t\t<span class=\"pdf24Plugin-cp-space\">&nbsp;&nbsp;<\/span> \t\t<span class=\"pdf24Plugin-cp-text\">Sende Artikel als PDF<\/span> \t\t<span class=\"pdf24Plugin-cp-space\">&nbsp;&nbsp;<\/span> \t\t<input class=\"pdf24Plugin-cp-input\" style=\"margin: 0px;\" type=\"text\" name=\"sendEmailTo\" placeholder=\"Emailadresse\" \/> \t\t<input class=\"pdf24Plugin-cp-submit\" style=\"margin: 0px;\" type=\"submit\" value=\"Senden\" \/> \t<\/form> <\/div>","protected":false},"excerpt":{"rendered":"<p>Der deutschlandweite Aktionstag &#8222;Tag der offenen Gartent\u00fcr&#8220; ist am Sonntag, 24. Juni 2012. Tr\u00e4ger in Baden-W\u00fcrttemberg ist der Landesverband f\u00fcr Obstbau, Garten und Landschaft in Stuttgart. Hintergrund dieses Aktionstags ist es, dass private G\u00e4rten zur \u00f6ffentlichen Besichtigung freigegeben werden. Franz Meyer, OGV Ellenberg e.V G\u00e4rten von 9 bis 17 Uhr ge\u00f6ffnet In der Region Hohenlohe [&hellip;]<\/p>\n","protected":false},"author":3,"featured_media":0,"comment_status":"open","ping_status":"open","sticky":false,"template":"","format":"standard","meta":[],"categories":[],"tags":[],"_links":{"self":[{"href":"https:\/\/www.hohenlohe-ungefiltert.de\/index.php?rest_route=\/wp\/v2\/posts\/13980"}],"collection":[{"href":"https:\/\/www.hohenlohe-ungefiltert.de\/index.php?rest_route=\/wp\/v2\/posts"}],"about":[{"href":"https:\/\/www.hohenlohe-ungefiltert.de\/index.php?rest_route=\/wp\/v2\/types\/post"}],"author":[{"embeddable":true,"href":"https:\/\/www.hohenlohe-ungefiltert.de\/index.php?rest_route=\/wp\/v2\/users\/3"}],"replies":[{"embeddable":true,"href":"https:\/\/www.hohenlohe-ungefiltert.de\/index.php?rest_route=%2Fwp%2Fv2%2Fcomments&post=13980"}],"version-history":[{"count":3,"href":"https:\/\/www.hohenlohe-ungefiltert.de\/index.php?rest_route=\/wp\/v2\/posts\/13980\/revisions"}],"predecessor-version":[{"id":13997,"href":"https:\/\/www.hohenlohe-ungefiltert.de\/index.php?rest_route=\/wp\/v2\/posts\/13980\/revisions\/13997"}],"wp:attachment":[{"href":"https:\/\/www.hohenlohe-ungefiltert.de\/index.php?rest_route=%2Fwp%2Fv2%2Fmedia&parent=13980"}],"wp:term":[{"taxonomy":"category","embeddable":true,"href":"https:\/\/www.hohenlohe-ungefiltert.de\/index.php?rest_route=%2Fwp%2Fv2%2Fcategories&post=13980"},{"taxonomy":"post_tag","embeddable":true,"href":"https:\/\/www.hohenlohe-ungefiltert.de\/index.php?rest_route=%2Fwp%2Fv2%2Ftags&post=13980"}],"curies":[{"name":"wp","href":"https:\/\/api.w.org\/{rel}","templated":true}]}}