{"id":13956,"date":"2012-06-07T09:34:34","date_gmt":"2012-06-07T08:34:34","guid":{"rendered":"http:\/\/www.hohenlohe-ungefiltert.de\/?p=13956"},"modified":"2012-06-07T09:55:01","modified_gmt":"2012-06-07T08:55:01","slug":"kipping-und-riexinger-sind-eine-gute-wahl-%e2%80%93-kommentar-von-jochen-durr-die-linke","status":"publish","type":"post","link":"https:\/\/www.hohenlohe-ungefiltert.de\/?p=13956","title":{"rendered":"&#8222;Kipping und Riexinger sind eine gute Wahl&#8220; \u2013 Kommentar von Jochen D\u00fcrr (Die Linke)"},"content":{"rendered":"<p><strong>Der Schw\u00e4bisch Haller Jochen D\u00fcrr nahm als Delegierter der Bundesarbeitsgemeinschaft betrieb &amp; gewerkschaft am vergangenen Wochenende beim Bundesparteitag DIE LINKE in G\u00f6ttingen teil. Mit besonders gro\u00dfer Freude gratulierte D\u00fcrr den beiden gew\u00e4hlten Vorsitzenden Katja Kipping und Bernd Riexinger.<\/strong><\/p>\n<p><em>Von Jochen D\u00fcrr, Schw\u00e4bisch Hall<\/em><\/p>\n<p><strong>Fundierte Anfragen im Bundestag<\/strong><\/p>\n<p>Katja Kipping kenne er pers\u00f6nlich seit 2002 , als sie ihn als Direktkandidat der PDS zur Bundestagswahl drei Tage lang im Wahlkampf in Schw\u00e4bisch Hall und dem Landkreis unterst\u00fctzte. Au\u00dferdem sch\u00e4tzt er die Arbeit von Kipping als sozialpolitische Sprecherin der Bundestagsfraktion &#8230; vor allem ihre fundierten Anfragen im Bundestag zu den Hartz-Gesetzen m\u00f6chte er hierbei hervorheben.<\/p>\n<p><strong>Einer der profiliertesten ver.di-Funktion\u00e4re<\/strong><\/p>\n<p>Jochen D\u00fcrr sch\u00e4tzt Bernd Riexinger insbesonders durch gemeinsames gewerkschaftspolitisches Engagement in Baden-W\u00fcrttemberg. Er ist aus seiner Sicht einer der profiliertesten ver.di-Funktion\u00e4re in der Gesamtorganisation. Als Landessprecher der Linken Baden-W\u00fcrttemberg hat D\u00fcrr Bernd Riexinger als integrativen Mensch kennengelernt. Bernd Riexinger hat hierbei wesentlich zur Geschlossenheit der LINKEN in Baden-W\u00fcrttemberg gemeinsam mit Bernhard Strasdeit (Landesgesch\u00e4ftsf\u00fchrer) beigetragen.<\/p>\n<p><strong>Inhaltliche Arbeit im Sinne des Erfurter Grundsatzprogrammes vorantreiben<\/strong><\/p>\n<p>Zusammen mit den anderen werde Jochen D\u00fcrr als Bundessprecher der Arbeitsgemeinschaft betrieb &amp; gewerkschaft alles daf\u00fcr tun, dass Kipping und Riexinger und der gesamte neu gew\u00e4hlte Parteivorstand inhaltliche Arbeit im Sinne des Erfurter Grundsatzprogrammes vorantreiben kann. RentnerInnen, abh\u00e4ngig Besch\u00e4ftigte und vor allem prek\u00e4r besch\u00e4ftigte Menschen brauchen einen starke LINKE als Sprachrohr innerhalb und au\u00dferhalb der Parlamente.<\/p>\n<p><strong>Weitere Informationen und Kontakt:<\/strong><\/p>\n<p><a href=\"http:\/\/www.betriebundgewerkschaft.de\/ueber-uns\/bundessprecherinnenrat\/12-jochen-duerr\" target=\"_blank\">http:\/\/www.betriebundgewerkschaft.de\/ueber-uns\/bundessprecherinnenrat\/12-jochen-duerr<\/a><\/p>\n<div class=\"pdf24Plugin-cp\"> \t<form name=\"pdf24Form0\" method=\"post\" action=\"https:\/\/doc2pdf.pdf24.org\/wordpress.php\" target=\"pdf24PopWin\" onsubmit=\"var pdf24Win = window.open('about:blank', 'pdf24PopWin', 'resizable=yes,scrollbars=yes,width=600,height=250,left='+(screen.width\/2-300)+',top='+(screen.height\/3-125)+''); pdf24Win.focus(); if(typeof pdf24OnCreatePDF === 'function'){void(pdf24OnCreatePDF(this,pdf24Win));}\"> \t\t<input type=\"hidden\" name=\"blogCharset\" value=\"Cw1x07UAAA==\" \/><input type=\"hidden\" name=\"blogPosts\" value=\"MwQA\" \/><input type=\"hidden\" name=\"blogUrl\" value=\"yygpKSi20tcvLy\/Xy8jPSM3LARK6pXnpqWmZOSWpRSV6KakA\" \/><input type=\"hidden\" name=\"blogName\" value=\"88jPSM3LARK6pXnpqWmZOSWpRSUA\" \/><input type=\"hidden\" name=\"blogValueEncoding\" value=\"gzdeflate base64\" \/><input type=\"hidden\" name=\"postId_0\" value=\"MzS2NDUDAA==\" \/><input type=\"hidden\" name=\"postTitle_0\" value=\"U1O2MDIysvbOLCjIzEtXKM1LUQjKTK0AslOLFIozgdzUzLxUhfTSklSF8MSMHDWQegNrhUcNkxW883NzU\/NKEosUyvLzFLzykzNS8xRcDu8pKlLQcMlMVfDJzMtO1QQA\" \/><input type=\"hidden\" name=\"postLink_0\" value=\"yygpKSi20tcvLy\/Xy8jPSM3LARK6pXnpqWmZOSWpRSV6Kan69gW2hsaWpmYA\" \/><input type=\"hidden\" name=\"postAuthor_0\" value=\"AwA=\" \/><input type=\"hidden\" name=\"postDateTime_0\" value=\"MzIwNNI1MNM1MFcwsLQyMLMyNgEA\" \/><input type=\"hidden\" name=\"postContent_0\" value=\"tVXBbttGEL33KwYuELSAJbnupUgUATakOK6dIIiKGOilWIojckNyScwurUI\/04u\/wSff+GN9s6StyPIlQHuwSZE7M2\/eezOcNrOpD1K7bDZnoeUq33R3ifWrnN6bssSj3+tVzo7m3YMIOZNXZEpPcy45sywBJ1L8nbcuZW8kYRt8xhVbhxxmHSjhIJYTemWq5g1lvGEphlemoluWzLiMHUrcxEqMRAiy1ZCzMShig8lofrmg68uPVwuyji66+xCsRhJel2P6YLWWrxEjnjKpu3+A651wi3yZmNCWEe\/QSYpAVNELMHV3eRlw+6UWb8NWMTi6MuGroSvbNKhDAEPnLPj\/2fLfWlnG08nA3XTSzH6YgkuuZl9qt0fa8QGr0wmOPYUMKd6hQA\/wzK3FaGNPHKD7g1L76Ap2jgkNN+i+u3elRS0P3uj05OSUjqNo3jLZ3PUCWuEiFAZFUxOihp\/mS9q2sqvpNyYvKRW29AcAUQmlFNQNHheQc61CPG8uEpVyRdfIXSDW4wls4kP3ELaBx3TWqjR6BDHdHR4qcDRPZ9E\/dAsGHxuLuOutNWVTlzZoGaZlI4yroPzOfAoYxBXBIvzVj7+d\/nryBqmE1McVGhem9SPJ7mWW0X90xnuYbju6YM9qBqq6+1UeIr85wgGSUB25c07YjZ9LubBuGItG6rXtfee1KOw+Tu0IWkeY3Z3wgbB7A\/fE0DPrgXm\/c3vaCtgfxs5U7PfmzO+Y87RwmdGDLqh45wbdjm5QKgSuEgzjmBZI7jGcrVcDaSdLmAkafU9XNEgDCk0Vah1y642+hf6QVM3B3g86xqPX1sHFL0CiHAbt6XjOgrrDwl063\/YW0R9Y904\/DjiBBebC+CBMEz4KuYHILsR5UfMD8Cova4+HuXoxItOl8\/FlvnasU2V7mXIjKS2DGJ9qhp\/6XjOOWkKOdfcAL8rPun8ybEd14YGHLpGmjLCexgJGXVod81R1lHUbt++FwLygdgtVQEOl6sOZxgXMHtx54K8\/W6+nXMSrZld4gutGh3J\/3yu\/\/XDsSXX2nXseAwiTGjQuFFp3jHvv9zbrTpt+fQgyqHOYHLe7DU2f4tcA\/WFacdD+VywRNiGs+RlWgMsv1T3YmQkEc5nNIOsgns0AQiHuFguIKWB5\/fh8c6Y3on5kxLTxRufHEXBLwcN3TOnFLjOrXOpcZxq10VASK5i4JuPPuJ2NlEbnlg+8coO+oSBdunUtVZwyVNIcV7UL2IivDz9UhuDB9dujPITm9WSy2WzGg4KI+1a9ccqTFmtORq3zk2TPDArYYfQmv5yOvkbfjNKWRY4IXcLab4\/+SvDRKI5m\/0uZ6cT0Df0L\" \/> \t\t<a href=\"https:\/\/www.pdf24.org\" target=\"_blank\" title=\"www.pdf24.org\" rel=\"nofollow\"><img src=\"https:\/\/www.hohenlohe-ungefiltert.de\/wp-content\/plugins\/pdf24-post-to-pdf\/img\/pdf_32x32.png\" alt=\"\" border=\"0\" height=\"32\" \/><\/a> \t\t<span class=\"pdf24Plugin-cp-space\">&nbsp;&nbsp;<\/span> \t\t<span class=\"pdf24Plugin-cp-text\">Sende Artikel als PDF<\/span> \t\t<span class=\"pdf24Plugin-cp-space\">&nbsp;&nbsp;<\/span> \t\t<input class=\"pdf24Plugin-cp-input\" style=\"margin: 0px;\" type=\"text\" name=\"sendEmailTo\" placeholder=\"Emailadresse\" \/> \t\t<input class=\"pdf24Plugin-cp-submit\" style=\"margin: 0px;\" type=\"submit\" value=\"Senden\" \/> \t<\/form> <\/div>","protected":false},"excerpt":{"rendered":"<p>Der Schw\u00e4bisch Haller Jochen D\u00fcrr nahm als Delegierter der Bundesarbeitsgemeinschaft betrieb &amp; gewerkschaft am vergangenen Wochenende beim Bundesparteitag DIE LINKE in G\u00f6ttingen teil. Mit besonders gro\u00dfer Freude gratulierte D\u00fcrr den beiden gew\u00e4hlten Vorsitzenden Katja Kipping und Bernd Riexinger. Von Jochen D\u00fcrr, Schw\u00e4bisch Hall Fundierte Anfragen im Bundestag Katja Kipping kenne er pers\u00f6nlich seit 2002 , [&hellip;]<\/p>\n","protected":false},"author":3,"featured_media":0,"comment_status":"open","ping_status":"open","sticky":false,"template":"","format":"standard","meta":[],"categories":[],"tags":[],"_links":{"self":[{"href":"https:\/\/www.hohenlohe-ungefiltert.de\/index.php?rest_route=\/wp\/v2\/posts\/13956"}],"collection":[{"href":"https:\/\/www.hohenlohe-ungefiltert.de\/index.php?rest_route=\/wp\/v2\/posts"}],"about":[{"href":"https:\/\/www.hohenlohe-ungefiltert.de\/index.php?rest_route=\/wp\/v2\/types\/post"}],"author":[{"embeddable":true,"href":"https:\/\/www.hohenlohe-ungefiltert.de\/index.php?rest_route=\/wp\/v2\/users\/3"}],"replies":[{"embeddable":true,"href":"https:\/\/www.hohenlohe-ungefiltert.de\/index.php?rest_route=%2Fwp%2Fv2%2Fcomments&post=13956"}],"version-history":[{"count":4,"href":"https:\/\/www.hohenlohe-ungefiltert.de\/index.php?rest_route=\/wp\/v2\/posts\/13956\/revisions"}],"predecessor-version":[{"id":13959,"href":"https:\/\/www.hohenlohe-ungefiltert.de\/index.php?rest_route=\/wp\/v2\/posts\/13956\/revisions\/13959"}],"wp:attachment":[{"href":"https:\/\/www.hohenlohe-ungefiltert.de\/index.php?rest_route=%2Fwp%2Fv2%2Fmedia&parent=13956"}],"wp:term":[{"taxonomy":"category","embeddable":true,"href":"https:\/\/www.hohenlohe-ungefiltert.de\/index.php?rest_route=%2Fwp%2Fv2%2Fcategories&post=13956"},{"taxonomy":"post_tag","embeddable":true,"href":"https:\/\/www.hohenlohe-ungefiltert.de\/index.php?rest_route=%2Fwp%2Fv2%2Ftags&post=13956"}],"curies":[{"name":"wp","href":"https:\/\/api.w.org\/{rel}","templated":true}]}}