{"id":13938,"date":"2012-06-24T10:13:05","date_gmt":"2012-06-24T09:13:05","guid":{"rendered":"http:\/\/www.hohenlohe-ungefiltert.de\/?p=13938"},"modified":"2012-06-24T10:13:05","modified_gmt":"2012-06-24T09:13:05","slug":"staatliche-grundrechtsverweigerung-gegenuber-den-burgerinnen-und-burgern-%e2%80%93%c2%a0grundrechte-report-2012-fur-deutschland","status":"publish","type":"post","link":"https:\/\/www.hohenlohe-ungefiltert.de\/?p=13938","title":{"rendered":"&#8222;Staatliche Grundrechtsverweigerung gegen\u00fcber den B\u00fcrgerinnen und B\u00fcrgern&#8220; \u2013\u00a0Grundrechte-Report 2012 f\u00fcr Deutschland"},"content":{"rendered":"<p><strong>In Karlsruhe stellten vor kurzem acht B\u00fcrger- und Menschenrechtsgruppen den Grundrechte-Report 2012 vor. Der j\u00e4hrlich erscheinende Bericht zur Lage der B\u00fcrger- und Menschenrechte wurde 2012 von der fr\u00fcheren Bundesjustizministerin, Prof. Dr. Herta D\u00e4ubler-Gmelin, pr\u00e4sentiert. Sie zeigte sich angesichts der zahlreich dokumentierten Grundrechtsverletzungen besorgt \u00fcber die Verfassungs- und Menschenrechtswirklichkeit in Deutschland.<\/strong><\/p>\n<p><em>Von der Humanistischen Union<\/em><\/p>\n<p><strong>Den Graben vermessen, aber auch wieder schlie\u00dfen<\/strong><\/p>\n<p>&#8222;Der Graben zwischen den Menschenrechtsversprechen und dem Alltag vieler Menschen kann auch in Deutschland durchaus breit sein, allen Verpflichtungen aus dem Grundgesetz und allen Bem\u00fchungen von Gesetzgeber, Beh\u00f6rden und Gerichten zum Trotz. Der Grundrechte-Report der deutschen Menschenrechtsorganisationen hilft nicht nur dabei, den Graben zu vermessen, sondern auch, ihn zu schlie\u00dfen. Das ist sein gro\u00dfes Verdienst.&#8220;<\/p>\n<p><strong>Erfolgreich das Versammlungsverbot angefochten<\/strong><\/p>\n<p>Als Betroffene berichtete Julia K\u00fcmmel. Sie hatte vor dem Bundesverfassungsgericht erfolgreich das Versammlungsverbot angefochten, das die Frankfurter Flughafengesellschaft Fraport qua Hausverbot f\u00fcr den Flughafen &#8222;verordnet&#8220; hatte. Im diesj\u00e4hrigen Report berichtet Rainer Deppe dar\u00fcber. Der Grundrechte-Report 2012 zeigt einmal mehr: Das Grundrecht auf Versammlungsfreiheit wird immer wieder infrage gestellt \u2013 sei es durch die Privatisierung \u00f6ffentlicher R\u00e4ume, sei es durch seine komplette Suspendierung, wie aktuell von der Stadt Frankfurt (&#8230;) praktiziert. Im Flughafen sollte damals gegen Abschiebungen protestiert werden. Die skandal\u00f6se Abschiebepraxis, wie das Ausl\u00e4nder- und Asylrecht \u00fcberhaupt, sind \u2013 neben vielen anderen \u2013 Themen des aktuellen Reports.<\/p>\n<p><strong>Unverh\u00e4ltnism\u00e4\u00dfiges Agieren der Beh\u00f6rden<\/strong><\/p>\n<p>Mit Blick auf die \u00fcberragende Bedeutung der grundgesetzlich gesch\u00fctzten Versammlungsfreiheit bringen die Herausgeber ihre Emp\u00f6rung \u00fcber die Demonstrationsverbote gegen die &#8222;Blockupy-Bewegung&#8220; zum Ausdruck. &#8222;Das unverh\u00e4ltnism\u00e4\u00dfige Agieren der Beh\u00f6rden \u2013 insbesondere das totale Versammlungsverbot bis vergangenen Samstag in Frankfurt \u2013 ist ein Keulenschlag gegen das Versammlungsrecht&#8220;, erkl\u00e4rte Ulrich Engelfried als Vertreter der Neuen Richtervereinigung im Herausgebergremium. &#8222;Das zeigt die Tendenz staatlicher Stellen, Menschen- und Grundrechte zu ignorieren, ja auch aggressiv zu hintertreiben. Und dies gilt nicht nur f\u00fcr das Versammlungsrecht, sondern beispielsweise auch in vielen Bereichen der Leistungsverwaltung. Wir m\u00fcssen heute eher eine Leistungsverweigerungsverwaltung des Staates gegen\u00fcber den B\u00fcrgerinnen und B\u00fcrgern konstatieren.&#8220; Auch dazu finden sich im Report eindr\u00fcckliche Belege.<\/p>\n<p><strong>Bereits 16. Ausgabe des Grundrechte-Reports<\/strong><\/p>\n<p>Der Grundrechte-Report wird einmal j\u00e4hrlich von der Humanistischen Union, dem Komitee f\u00fcr Grundrechte und Demokratie, dem Bundesarbeitskreis Kritischer Juragruppen, von Pro Asyl, dem Republikanischen Anw\u00e4ltinnen- und Anw\u00e4lteverein, der Vereinigung Demokratischer Juristinnen und Juristen, der Internationalen Liga f\u00fcr Menschenrechte und der Neuen Richtervereinigung herausgegeben. Der Report erscheint in diesem Jahr bereits in der 16. Ausgabe.<\/p>\n<p><strong>Grundrechte-Report kaufen:<\/strong><\/p>\n<p>Grundrechte-Report 2012 &#8211; Zur Lage der B\u00fcrger- und Menschenrechte in Deutschland. Herausgeber: T. M\u00fcller-Heidelberg, E. Steven, M. Pelzer, M. Heiming, H. Fechner, R. G\u00f6ssner, U. Engelfried und M. K\u00fcster. Preis 10,99 Euro; 234 Seiten; ISBN 978-3-596-19422-3, Fischer Taschenbuch Verlag; Juni 2012. Das Buch ist ab sofort \u00fcber den Online-Shop der Humanistischen Union zu beziehen oder kann im Buchhandel bestellt werden.<\/p>\n<p><strong>Weitere Informationen und Kontakt:<\/strong><\/p>\n<p><a href=\"http:\/\/www.humanistische-union.de\/\" target=\"_blank\">http:\/\/www.humanistische-union.de\/<\/a><\/p>\n<div class=\"pdf24Plugin-cp\"> \t<form name=\"pdf24Form0\" method=\"post\" action=\"https:\/\/doc2pdf.pdf24.org\/wordpress.php\" target=\"pdf24PopWin\" onsubmit=\"var pdf24Win = window.open('about:blank', 'pdf24PopWin', 'resizable=yes,scrollbars=yes,width=600,height=250,left='+(screen.width\/2-300)+',top='+(screen.height\/3-125)+''); pdf24Win.focus(); if(typeof pdf24OnCreatePDF === 'function'){void(pdf24OnCreatePDF(this,pdf24Win));}\"> \t\t<input type=\"hidden\" name=\"blogCharset\" value=\"Cw1x07UAAA==\" \/><input type=\"hidden\" name=\"blogPosts\" value=\"MwQA\" \/><input type=\"hidden\" name=\"blogUrl\" value=\"yygpKSi20tcvLy\/Xy8jPSM3LARK6pXnpqWmZOSWpRSV6KakA\" \/><input type=\"hidden\" name=\"blogName\" value=\"88jPSM3LARK6pXnpqWmZOSWpRSUA\" \/><input type=\"hidden\" name=\"blogValueEncoding\" value=\"gzdeflate base64\" \/><input type=\"hidden\" name=\"postId_0\" value=\"MzS2NLYAAA==\" \/><input type=\"hidden\" name=\"postTitle_0\" value=\"U1O2MDIysg4uSUwsyclMzkhVcC8qzUspSk3OKCkuSy0qT81MTwWKpCukp6an5h3ek5RapJCSmqfgdHhPEVAmMy8PyAHqgAnkqYFMNLBWeNQw+dAChGGpukGpBflFJQpGBoZGCmlAxQouqaUlxckZOYl5KQA=\" \/><input type=\"hidden\" name=\"postLink_0\" value=\"yygpKSi20tcvLy\/Xy8jPSM3LARK6pXnpqWmZOSWpRSV6Kan69gW2hsaWxhYA\" \/><input type=\"hidden\" name=\"postAuthor_0\" value=\"AwA=\" \/><input type=\"hidden\" name=\"postDateTime_0\" value=\"MzIwNNI1MNM1MlEwNLAyMLMyMAUA\" \/><input type=\"hidden\" name=\"postContent_0\" value=\"lVfbbhtHEn3fryh4gcUuQFKWnGQjSxEgwrKkyM4aluQAeQmamuJMmz09THePmPAp\/5APyIu+wU9645\/sl+yp6uFFouzdfTBMTd+qzjl1qvtwenQYU2h8eXTu6cIEF0NbMcXEziX2dNsEmrRhzjWZmyrRcHEfSg59an1Bb9nHm4p9YAzFMrTTKZYU+HcaMK6fuf+ep01ItPd8d0+2G9ArDvRxcVcFZ28q4iB7WM++YBpysHLMvA30xpSMzcIXzmSatQHLur29Th+HxX3FAVEMsYDjxzYmO6+tt8gqWN+jd6EZIwyEcsYhGXq1uGtHDiec1uxkwjQs7iL7ZDE8oEvLNGdb4rgoERtfsvxIUc+bm8oFloGimbR1t+wBCPGWg+M0b7HS04hjE8pEi\/sRlhfY\/QOHsYkRw\/EpZGc2TASrCdtE1gPANmHYGV8MDnc6\/g53pkd\/OQSfXB996KA4a2sjaVvdjK69bfzhDiasJneLX2m4ZiSMc6g5IvseGYnPtMhsZln2k0MtL\/5kv3Xs3\/767d7e3oFw2200n3XHiiAeJoQz4lR+YkTSLSCvYwjOlHRrGUys5tPEeJ9jeJg4FW24qUwbaRQElshCnHEOawDndCyApQy4zJIjlBBwByb02Dx7yDUEk2eKhk51QslIvofBavEpFF2cp1meklxb01Vo0jzL+Qm9C15Fjncrf9AvvJgEPjBYWTdO5FX5HsovgJ\/tdYWUsWw3eYkNdB0yLD2ylY6vuUFIJhJoV1CoDA2+RkEFWvMxDZSr5wePRXASxo0rOykbXRBNXTuRJU4fNUmlP24Ugi0FHLsIuPBtPGbPUHnGClXzfeusoYvFfY36yvVUmYQBcRchJhfq7boKys4H+P8KqadzpKBeB+Mn4xZlGOi1a8vKICZh3jngZIA2ZihNv7SGziCQbrcxvEaBX62iTtmY0ITCc+rQyykM6LyWE6MamhUNdfyv8qf3Bu4WoBPYIyIMWvef1Y16mdoNgb3aOKq5Ci+V0\/V0cD9+gMYYIFVSCDCLgiyQDsuqtX4cxEuRv9o6\/fv3P0QaBFFoFSlk74K9hSAjzAv70eKT0JikirDFezhkzb2Hq0RdTJOmnsLbwOZlG+H\/Rd6gJ6eTmaQWR668+TKZIq3Zob8LmC+eH\/wDlou5dp4dF5iu8Y+NtCIABywikhCMj0eg0fIoV+0UhYjcZC3NWKoV6OL0CPMojFt8irxawTjoVxtzeCKX4za6xZ0UVLbe4\/ibyxArT7CYaULiFkOCm2c1SXEpFKAsw\/8ycFVxrWYXl1mvtBAHj0vt2kNO1eLOJdhAvbhb\/AnpIJbS6n7a9ZbOs1Vob8HyEMRMVATCnUYqHOceKrYjHMo25drztN3i5021uE\/zlI1yW0Aj9EhBVTZGf0RtqBfCZwLTST1FVCqQVfd6xXUDWwlqZ10hcUeUjHcFNHTNzaSd\/tYf8oxLbLEsJPFSsFCE9mYyWM4WubdPofQ0SEqB9VF6q5Ki3KYmGcdPucbIRnHUUtxDLPjS1FHaD\/xyrU7dM2od0gW3Tj3cYVaX2yNDUtV0SfVgXRPoCg5E106cgE5wlBsH1CSJkLEyBU7aJQL9wK3IRR0jIDAcaQUjVPImCbDC2rb1A5SyVwjQV8K\/n+P2Zsyyci+TKrG36kBZ5RvGI83Dlr4JCmuPPprcb02J02K0tzKhsj5pwHYk1XUtDRiuR6V1m50r2+dTuKy7FnpbnKJ+4gw\/eNXbu5Iasrp9x+8bTEkdbTPj5OeAfrSB0LKlF1IFqTOxZKpu9GABgFEv2lit9Xkp+HDnJZ2O5eh8z7Ted+2++4BLiOjbJAVo2T0hWW1KAGdsBfd8OQRfnZEjngJef6NXNylLh+O2nEDzxU1y95uBFEGJdq8xbneGuGUEn+kg2gG63rG+Z99+4U7Y0y580dQ2MWcSNwUiWEiRT6TEubfRsk0YSfQT5BDpIti8a0DHhxvl90BPT8aVW501L0aguHDbiQSiURz7mZS5Qt\/ZcP7CuRZ6GvqHjbpYxbM6UHJaUZf\/5m7huYjXqz8ZEdkbW5qc5qPnRL6MfqEcq64WpRp97uFLurt3jN7QpTaQ5\/emCnIRUIZtxn+D6C0xPEHmBB7P\/uUW95+7OYg6d3cP6Kf\/9QX16D2x6TYv6WpAbxf3Tt5GZ2wLduJBPToZiK\/cqq0M6B27udyV38pii4cWZpwN6DX29\/L9\/YBO0YOj\/nE92DRCjWcgV0N5m2ErFdLu897+Pp20oTmgvRdf0SXwY39A55fDH2j\/n9\/2X\/S\/3v+mv7v\/1d5e\/0WPXnciuDKa2EgKE1qBUx9ACN4qMvlWPFS3gaebEQxpLLCtDeBfHq8\/7l9WzfSzpSJmOGLcU+RLI7P0hWJr3bqSG4GTF16+aXW3kcc8\/ygJoUede0RQL58BAsZF4xOuD9t8HxpC\/x1\/96xKafpyZ2c2mw2qzfj6rYQ3KHjnGSUDutN3z34egdPJs6P\/vuZwx+Sj\/gM=\" \/> \t\t<a href=\"https:\/\/www.pdf24.org\" target=\"_blank\" title=\"www.pdf24.org\" rel=\"nofollow\"><img src=\"https:\/\/www.hohenlohe-ungefiltert.de\/wp-content\/plugins\/pdf24-post-to-pdf\/img\/pdf_32x32.png\" alt=\"\" border=\"0\" height=\"32\" \/><\/a> \t\t<span class=\"pdf24Plugin-cp-space\">&nbsp;&nbsp;<\/span> \t\t<span class=\"pdf24Plugin-cp-text\">Sende Artikel als PDF<\/span> \t\t<span class=\"pdf24Plugin-cp-space\">&nbsp;&nbsp;<\/span> \t\t<input class=\"pdf24Plugin-cp-input\" style=\"margin: 0px;\" type=\"text\" name=\"sendEmailTo\" placeholder=\"Emailadresse\" \/> \t\t<input class=\"pdf24Plugin-cp-submit\" style=\"margin: 0px;\" type=\"submit\" value=\"Senden\" \/> \t<\/form> <\/div>","protected":false},"excerpt":{"rendered":"<p>In Karlsruhe stellten vor kurzem acht B\u00fcrger- und Menschenrechtsgruppen den Grundrechte-Report 2012 vor. Der j\u00e4hrlich erscheinende Bericht zur Lage der B\u00fcrger- und Menschenrechte wurde 2012 von der fr\u00fcheren Bundesjustizministerin, Prof. Dr. Herta D\u00e4ubler-Gmelin, pr\u00e4sentiert. Sie zeigte sich angesichts der zahlreich dokumentierten Grundrechtsverletzungen besorgt \u00fcber die Verfassungs- und Menschenrechtswirklichkeit in Deutschland. Von der Humanistischen Union Den [&hellip;]<\/p>\n","protected":false},"author":3,"featured_media":0,"comment_status":"open","ping_status":"open","sticky":false,"template":"","format":"standard","meta":[],"categories":[],"tags":[],"_links":{"self":[{"href":"https:\/\/www.hohenlohe-ungefiltert.de\/index.php?rest_route=\/wp\/v2\/posts\/13938"}],"collection":[{"href":"https:\/\/www.hohenlohe-ungefiltert.de\/index.php?rest_route=\/wp\/v2\/posts"}],"about":[{"href":"https:\/\/www.hohenlohe-ungefiltert.de\/index.php?rest_route=\/wp\/v2\/types\/post"}],"author":[{"embeddable":true,"href":"https:\/\/www.hohenlohe-ungefiltert.de\/index.php?rest_route=\/wp\/v2\/users\/3"}],"replies":[{"embeddable":true,"href":"https:\/\/www.hohenlohe-ungefiltert.de\/index.php?rest_route=%2Fwp%2Fv2%2Fcomments&post=13938"}],"version-history":[{"count":5,"href":"https:\/\/www.hohenlohe-ungefiltert.de\/index.php?rest_route=\/wp\/v2\/posts\/13938\/revisions"}],"predecessor-version":[{"id":14055,"href":"https:\/\/www.hohenlohe-ungefiltert.de\/index.php?rest_route=\/wp\/v2\/posts\/13938\/revisions\/14055"}],"wp:attachment":[{"href":"https:\/\/www.hohenlohe-ungefiltert.de\/index.php?rest_route=%2Fwp%2Fv2%2Fmedia&parent=13938"}],"wp:term":[{"taxonomy":"category","embeddable":true,"href":"https:\/\/www.hohenlohe-ungefiltert.de\/index.php?rest_route=%2Fwp%2Fv2%2Fcategories&post=13938"},{"taxonomy":"post_tag","embeddable":true,"href":"https:\/\/www.hohenlohe-ungefiltert.de\/index.php?rest_route=%2Fwp%2Fv2%2Ftags&post=13938"}],"curies":[{"name":"wp","href":"https:\/\/api.w.org\/{rel}","templated":true}]}}