{"id":13936,"date":"2012-06-15T07:14:58","date_gmt":"2012-06-15T06:14:58","guid":{"rendered":"http:\/\/www.hohenlohe-ungefiltert.de\/?p=13936"},"modified":"2012-06-15T09:15:12","modified_gmt":"2012-06-15T08:15:12","slug":"was-ist-gemeinschaftsschule-%e2%80%93-info-veranstaltung-in-schwabisch-hall","status":"publish","type":"post","link":"https:\/\/www.hohenlohe-ungefiltert.de\/?p=13936","title":{"rendered":"&#8222;Was ist Gemeinschaftsschule ?&#8220; \u2013 Info-Veranstaltung in Schw\u00e4bisch Hall"},"content":{"rendered":"<p><strong>Zu einem Informationsabend zum Thema Gemeinschaftsschule l\u00e4dt die Stadt Schw\u00e4bisch Hall am Dienstag, 26. Juni 2012, um 19 Uhr in den Haller Neubausaal ein. <\/strong><\/p>\n<p><em>Von der Stadtverwaltung Schw\u00e4bisch Hall<\/em><\/p>\n<p><strong>Was ist individuelles Lernen? \u2013 Was sind Lernbegleiter?<\/strong><\/p>\n<p>Eingeladen sind Eltern, Lehrkr\u00e4fte, Sch\u00fclerinnen und Sch\u00fcler sowie B\u00fcrgerinnen und B\u00fcrger, die Interesse am Thema Gemeinschaftsschule haben. Zusammen mit Experten aus Politik und Praxis soll die neue Lernform im Detail vorgestellt werden. Nach einer Begr\u00fc\u00dfung durch die Erste B\u00fcrgermeisterin der Stadt Schw\u00e4bisch Hall, Bettina Wilhelm, die auch f\u00fcr den Bereich Schulen in der Verwaltung zust\u00e4ndig ist, und einem Kennenlernen der Teilnehmerinnen und Teilnehmer gibt es einen Impulsvortrag von Hannelore Gloger, die im Ministerium f\u00fcr Kultus, Jugend und Sport in der Stabsstelle \u201eGemeinschaftsschulen, Schulmodelle, Inklusion\u201c t\u00e4tig ist. Sie gibt einen Einblick in die Thematik: Was ist Gemeinschaftsschule? Welche Rahmenbedingungen hat dieses Schulmodell? Wie funktioniert es? Was ist individuelles Lernen? Was sind Lernbegleiter?<\/p>\n<p><strong>Fragen stellen und mitdiskutieren<\/strong><\/p>\n<p>Doch nicht nur die theoretischen Grundlagen werden den Besucherinnen und Besuchern des Informationsabends vorgestellt. Mit Matthias Wagner-Uhl gibt der Rektor der Gemeinschaftsschule Neuenstein einen Einblick in den Alltag einer solche Bildungsst\u00e4tte. In Neuenstein wird das Modell schon seit Jahren erfolgreich praktiziert. Im Anschluss daran stehen alle Referenten in einer Podiumsdiskussion den G\u00e4sten Rede und Antwort stehen. Moderiert wird dieser Gespr\u00e4chskreis von Sabine Brommer, Gesch\u00e4ftsf\u00fchrerin der Firma \u201eikom \u2013 Institut f\u00fcr Kompetenzentwicklungen mit Personen und Organisationen\u201c aus Stuttgart. Hier k\u00f6nnen die Besucherinnen und Besucher Fragen stellen. Ebenso bleibt gen\u00fcgend Platz f\u00fcr Anregungen. M\u00f6gliche \u00c4ngste der Beteiligten sollen auch so gut wie m\u00f6glich abgebaut werden.<\/p>\n<p><strong>Anmeldung erw\u00fcnscht<\/strong><\/p>\n<p>Interessierte melden sich an bis zum 20. Juni 2012 bei der Stadt Schw\u00e4bisch Hall, Susanne Kapfhammer, E-Mail: susanne.kapfhammer@schwaebischhall.de, Telefon 0791\/751-362.<\/p>\n<p><strong>Weitere Informationen und Kontakt:<\/strong><\/p>\n<p>Stadtverwaltung Schw\u00e4bisch Hall, Am Markt 6, 74523 Schw\u00e4bisch Hall<\/p>\n<p><strong>Internent:<\/strong><\/p>\n<p><a href=\"http:\/\/www.schwaebischhall.de\" target=\"_blank\">www.schwaebischhall.de<\/a><\/p>\n<p><a href=\"http:\/\/www.facebook.com\/schwaebischhall\" target=\"_blank\">www.facebook.com\/schwaebischhall<\/a><\/p>\n<p><a href=\"http:\/\/www.twitter.com\/ob_schwaebhall\" target=\"_blank\">www.twitter.com\/ob_schwaebhall<\/a><\/p>\n<div class=\"pdf24Plugin-cp\"> \t<form name=\"pdf24Form0\" method=\"post\" action=\"https:\/\/doc2pdf.pdf24.org\/wordpress.php\" target=\"pdf24PopWin\" onsubmit=\"var pdf24Win = window.open('about:blank', 'pdf24PopWin', 'resizable=yes,scrollbars=yes,width=600,height=250,left='+(screen.width\/2-300)+',top='+(screen.height\/3-125)+''); pdf24Win.focus(); if(typeof pdf24OnCreatePDF === 'function'){void(pdf24OnCreatePDF(this,pdf24Win));}\"> \t\t<input type=\"hidden\" name=\"blogCharset\" value=\"Cw1x07UAAA==\" \/><input type=\"hidden\" name=\"blogPosts\" value=\"MwQA\" \/><input type=\"hidden\" name=\"blogUrl\" value=\"yygpKSi20tcvLy\/Xy8jPSM3LARK6pXnpqWmZOSWpRSV6KakA\" \/><input type=\"hidden\" name=\"blogName\" value=\"88jPSM3LARK6pXnpqWmZOSWpRSUA\" \/><input type=\"hidden\" name=\"blogValueEncoding\" value=\"gzdeflate base64\" \/><input type=\"hidden\" name=\"postId_0\" value=\"MzS2NDYDAA==\" \/><input type=\"hidden\" name=\"postTitle_0\" value=\"U1O2MDIysg5PLFbILC5RcE\/NTc3MK07OSEwrKQZSpTmpCvZqIDUG1gqPGiYreOal5euGpRYl5hWXJOaUlOalK2TmKQQnZ5QfXpKUCdSh4JGYkwMA\" \/><input type=\"hidden\" name=\"postLink_0\" value=\"yygpKSi20tcvLy\/Xy8jPSM3LARK6pXnpqWmZOSWpRSV6Kan69gW2hsaWxmYA\" \/><input type=\"hidden\" name=\"postAuthor_0\" value=\"AwA=\" \/><input type=\"hidden\" name=\"postDateTime_0\" value=\"MzIwNNI1MNM1NFUwMLcyMLMytQAA\" \/><input type=\"hidden\" name=\"postContent_0\" value=\"hVZNUttIFN7PKV6xVmxwJlChHBhTIYQQMhQmoSqbVMt6lrrU6nZ1t1CKVRZzg9lOzWw4Q1bsdJOcZL5u2WBiQ1a21f3+vp8nD2d7Q+et0fne55pYaq7oWE+NrYSXRjuRss7ouq7oouBK0BFXuOQmhZh6h49aMan2JvOUSaaxF\/g2nhRNe5NKHNNboRSJil5L1s6LPKHBdo\/e1VrSYHNrkBAyb72kj4UlqSljHSPY0geuU1E7IVToqkfD\/rzNYX+299sQbXO198mEGNvVvWLbCOVrna90MOzj8l3gPNGlcCSdR91MXsmsZtR19J6tZr1PP779TeGGw3F8mHKuWHq2+yutHEqdsxKh+3j9UOGaThBW2NK2N1PPSeipvcVkUiM\/1bi2eELONADvoL21+fL5\/EESoT3WyMnOcUDzcS6KQFiPPgO5qkKeSno6\/Dpj6\/EDeNKZUdLLMhY4s+KrxIgGHIUammuOswb+SYI19kIqujLow3kA5Klhm4UKHwSwDXqxdMC5bW\/b\/wLyWW3xPCQ7tIhYzIBG8cvKJbpWSEqQyHupBV1KVbCqusFFjfMp0kR1HAAEiQfjOK6mecZP99xf1863N+A0D+wmcdBO1yccoFWR4Bh1wVJpLqpl0O+fUS5TT5BEiNZ0XM1q5QCFtyIHJEGpiFLGMh0pc0cUYDuVuhsX4o6dn9TozSXQfR7sFMmfIRPdA5K6CDBDeP+uIVYn3ciVycKtBHooVe1g0R\/f\/iEM7Lt5ezRGD13nsW1oM1VyUsZSOIrSgQB2aaH\/NdX26ZLVpGA6F0AC0s+gcICLfIWIVnfAZakhBCD3tNZl2BoScgNw+\/S0xR6110OfvgHewVkRno4kqDqTrqw9KrFe8eNrA4VoyMSTrm0c2xcMonwQG3IcWWRRMW2n57m2HLT2wIHzJ+Hcre5Ft+yMHmj3dCq8LyQGuxQ5vPHsY6E6NgLN51x6Y+PXdd7FygtLEs\/XcYffI5SB9jrXwbWBoQOpMjDjgui95x66XE7USJtRhn5OI0+EUlCuA9L0ThQAj9hOjco7V82sAIHXgT8kqmgUOoTMHFJYETkI8IUNjWGmAXzfmbDr6cxk0LyL3Lggztj2UXvjwrVzzjjCOtK+Cerv0vVibzaKpms3yCtA5GZYnpPClejORcuNRYpCdGANthsMhztYoliwDj7DOIsN80aCqGAlWZoq7vJjACJ97eeGNNWM0dM1BmiAsOrEHbblGVtnFgL40+YCXo6cc7Ra2KFj5PG5CCC9RdtUtt+jZILQHhcRPRRyjw6hIWcohe4hEBy1t3E9nCnhr7s+R9pyZzyg1H7PoQZw3v4FwrFcs7h8wbOSeQA4LPK45kElEud1AJSpmgeSSHPGS\/Vuif\/stJGuOKoJomja20C+XzHX4kUU+EJuBMTXXkivCds8\/lkYbC695Cll+eTeH+NtBbjoRMymheiYPXx2ilfPLrnurFfenf2BwEZwTFAgvpdhHV6w4ikEsrnzcqu\/82Lr2fPtwcp8l3HB8LKR5xydGO0h\/d2VaX\/1zyKhEfa9sKWn7YR2fn8xeL7m38fDNiKCqLym3FAQVDx9tVF4P9vt95um6a2Ou0FeYO\/4VxtfUiV0ubG3\/t6wL57MPBUTTo0pexNT9X8KX1\/jqYhfVYPRsKBsDDXpl3n047Uev39X6X8=\" \/> \t\t<a href=\"https:\/\/www.pdf24.org\" target=\"_blank\" title=\"www.pdf24.org\" rel=\"nofollow\"><img src=\"https:\/\/www.hohenlohe-ungefiltert.de\/wp-content\/plugins\/pdf24-post-to-pdf\/img\/pdf_32x32.png\" alt=\"\" border=\"0\" height=\"32\" \/><\/a> \t\t<span class=\"pdf24Plugin-cp-space\">&nbsp;&nbsp;<\/span> \t\t<span class=\"pdf24Plugin-cp-text\">Sende Artikel als PDF<\/span> \t\t<span class=\"pdf24Plugin-cp-space\">&nbsp;&nbsp;<\/span> \t\t<input class=\"pdf24Plugin-cp-input\" style=\"margin: 0px;\" type=\"text\" name=\"sendEmailTo\" placeholder=\"Emailadresse\" \/> \t\t<input class=\"pdf24Plugin-cp-submit\" style=\"margin: 0px;\" type=\"submit\" value=\"Senden\" \/> \t<\/form> <\/div>","protected":false},"excerpt":{"rendered":"<p>Zu einem Informationsabend zum Thema Gemeinschaftsschule l\u00e4dt die Stadt Schw\u00e4bisch Hall am Dienstag, 26. Juni 2012, um 19 Uhr in den Haller Neubausaal ein. Von der Stadtverwaltung Schw\u00e4bisch Hall Was ist individuelles Lernen? \u2013 Was sind Lernbegleiter? Eingeladen sind Eltern, Lehrkr\u00e4fte, Sch\u00fclerinnen und Sch\u00fcler sowie B\u00fcrgerinnen und B\u00fcrger, die Interesse am Thema Gemeinschaftsschule haben. Zusammen [&hellip;]<\/p>\n","protected":false},"author":3,"featured_media":0,"comment_status":"open","ping_status":"open","sticky":false,"template":"","format":"standard","meta":[],"categories":[],"tags":[],"_links":{"self":[{"href":"https:\/\/www.hohenlohe-ungefiltert.de\/index.php?rest_route=\/wp\/v2\/posts\/13936"}],"collection":[{"href":"https:\/\/www.hohenlohe-ungefiltert.de\/index.php?rest_route=\/wp\/v2\/posts"}],"about":[{"href":"https:\/\/www.hohenlohe-ungefiltert.de\/index.php?rest_route=\/wp\/v2\/types\/post"}],"author":[{"embeddable":true,"href":"https:\/\/www.hohenlohe-ungefiltert.de\/index.php?rest_route=\/wp\/v2\/users\/3"}],"replies":[{"embeddable":true,"href":"https:\/\/www.hohenlohe-ungefiltert.de\/index.php?rest_route=%2Fwp%2Fv2%2Fcomments&post=13936"}],"version-history":[{"count":4,"href":"https:\/\/www.hohenlohe-ungefiltert.de\/index.php?rest_route=\/wp\/v2\/posts\/13936\/revisions"}],"predecessor-version":[{"id":13999,"href":"https:\/\/www.hohenlohe-ungefiltert.de\/index.php?rest_route=\/wp\/v2\/posts\/13936\/revisions\/13999"}],"wp:attachment":[{"href":"https:\/\/www.hohenlohe-ungefiltert.de\/index.php?rest_route=%2Fwp%2Fv2%2Fmedia&parent=13936"}],"wp:term":[{"taxonomy":"category","embeddable":true,"href":"https:\/\/www.hohenlohe-ungefiltert.de\/index.php?rest_route=%2Fwp%2Fv2%2Fcategories&post=13936"},{"taxonomy":"post_tag","embeddable":true,"href":"https:\/\/www.hohenlohe-ungefiltert.de\/index.php?rest_route=%2Fwp%2Fv2%2Ftags&post=13936"}],"curies":[{"name":"wp","href":"https:\/\/api.w.org\/{rel}","templated":true}]}}