{"id":13897,"date":"2012-05-20T10:12:07","date_gmt":"2012-05-20T09:12:07","guid":{"rendered":"http:\/\/www.hohenlohe-ungefiltert.de\/?p=13897"},"modified":"2012-05-20T13:12:22","modified_gmt":"2012-05-20T12:12:22","slug":"bio-und-regional-sind-eine-grose-chance-fur-heimische-erzeuger%e2%80%9c-%e2%80%93%c2%a0gemeinsam-zur-okologischen-agrarwende","status":"publish","type":"post","link":"https:\/\/www.hohenlohe-ungefiltert.de\/?p=13897","title":{"rendered":"&#8222;Bio und Regional sind eine gro\u00dfe Chance f\u00fcr heimische Erzeuger\u201c \u2013\u00a0Gemeinsam zur \u00f6kologischen Agrarwende"},"content":{"rendered":"<p><strong>Gemeinsam zur \u00f6kologischen Agrarwende hei\u00dft das Motto der baden-w\u00fcrttembergischen \u00d6ko-Anbauverb\u00e4nde. Bei der Er\u00f6ffnung des \u00d6KO-SOMMERS formulierten die \u00d6ko-Anbauverb\u00e4nde konkrete Schritte.<\/strong><\/p>\n<p><em>Von der Arbeitsgemeinschaft \u00d6kologischer Landbau Baden-W\u00fcrttemberg<\/em><\/p>\n<p><strong>Baden-w\u00fcrttembergischer \u00d6ko-Sommer<\/strong><\/p>\n<p>Am 19. Mai 2012 er\u00f6ffnete der Minister f\u00fcr L\u00e4ndlichen Raum und Verbraucherschutz, Alexander Bonde, im Zuge der Ecovin-Weinpr\u00e4sentation in Freiburg den baden-w\u00fcrttembergischen \u00d6KO-SOMMER. Das ist die seit 15 Jahren erfolgreiche Veranstaltungsreihe f\u00fcr Verbraucher der \u00f6kologisch wirtschaftenden Betriebe im S\u00fcdwesten. Dies veranlasst die in der Arbeitsgemeinschaft \u00d6kologischer Landbau (A\u00d6L e.V.) vertretenen Anbauverb\u00e4nde, die aktuelle Agrarpolitik der gr\u00fcn-roten Landesregierung unter die Lupe zu nehmen. Was ist gut ein Jahr nach Amtsantritt aus dem in der Koalitionsvereinbarung klar formulierten Bekenntnis zur \u00f6kologischen Landwirtschaft geworden?<\/p>\n<p><strong>Marktentlastungs- und Kulturlandschaftsausgleich (MEKA) fortsetzen<\/strong><\/p>\n<p>Erfreulicherweise hat das Ministerium sein Versprechen umgesetzt, die Unterst\u00fctzung f\u00fcr \u00f6kologisch wirtschaftende Betriebe im Agrarumweltprogramm Marktentlastungs- und Kulturlandschaftsausgleich (MEKA) fortzusetzen. Viele weitere Schritte wurden gegangen, um die Interessen des Sektors zu ber\u00fccksichtigen. Dar\u00fcber hinaus stellte Minister Bonde Anfang dieses Jahres seinen \u00d6ko-Aktionsplan \u201eBio aus Baden-W\u00fcrttemberg\u201c vor und beschrieb darin die Verbindung von Bio und Regional als \u201eeine gro\u00dfe Chance f\u00fcr heimische Erzeuger\u201c.<\/p>\n<p><strong>Klare politische Positionierung f\u00fcr die \u00f6kologische Landwirtschaft notwendig<\/strong><\/p>\n<p>\u201eDiesen Plan w\u00fcrden wir jetzt \u2013 nicht nur aufgrund der derzeitigen Anzeichen aus Bayern \u2013 sehr gerne mit weiteren konkreten Ma\u00dfnahmen unterf\u00fcttern\u201c, sagt Dr. Christian Eichert, Gesch\u00e4ftsf\u00fchrer der A\u00d6L. In Bayern strebt die Landesregierung eine Verdopplung der Bioproduktion bis zum Jahr 2020 an. Auch f\u00fcr den S\u00fcdwesten w\u00fcrde sich die A\u00d6L eine klare politische Positionierung f\u00fcr die \u00f6kologische Landwirtschaft als Leitbild einer zukunftsf\u00e4higen Agrarpolitik und -wirtschaft w\u00fcnschen. Dabei gehe es den \u00d6ko-Anbauverb\u00e4nde keineswegs nur um eine reine Fl\u00e4chenf\u00f6rderung, sondern um eine gemeinsam mit der Landesregierung zu entwickelnde Strategie zur \u00f6kologischen Agrarwende. \u201eZumal die \u00f6kologische Landwirtschaft bei der neukonzipierten Nachhaltigkeitsstrategie des baden-w\u00fcrttembergischen Umweltministeriums keine Rolle spielt, obwohl die ersten Bio-H\u00f6fe im Lande mittlerweile seit vielen Jahrzehnten Nachhaltigkeit leben und vorbildlich praktizieren\u201c, erg\u00e4nzt Eichert.<\/p>\n<p><strong>St\u00e4rker in tiergerechte Stallbaul\u00f6sungen investieren<\/strong><\/p>\n<p>Zu einem umfassenden \u00d6ko-Aktionsplan geh\u00f6ren aus Sicht der A\u00d6L Ma\u00dfnahmen der Verbraucheraufkl\u00e4rung ebenso wie eine verbesserte Vermarktung von Bio-Produkten und eine \u201eBildungsoffensive Biolandbau\u201c. Im Interesse vieler Verbraucher w\u00e4re es, st\u00e4rker in tiergerechte Stallbaul\u00f6sungen zu investieren. Dies lie\u00dfe sich \u00fcber einen Sonderfonds regeln.<\/p>\n<p><strong>Idee: \u201eTag des \u00d6kolandbaus\u201c<\/strong><\/p>\n<p>In puncto Bildung und Ausbildung sieht die A\u00d6L ebenfalls Potenzial zur Sektorst\u00e4rkung: \u201eBildung und Verbraucheraufkl\u00e4rung \u00fcber die landwirtschaftlichen Zusammenh\u00e4nge beginnt mit Themen wie Ern\u00e4hrungslehre und Kochen in allgemeinbildenden Schulen und endet bei der spezifischen Ausbildung zum \u00d6kolandwirt\u201c, so Eichert. Als erstes sichtbares Zeichen sollte in der Schulverpflegung und in Kantinen der \u00f6ffentlichen Einrichtungen ein Mindestanteil regionaler Bioprodukte zum Einsatz kommen. Zus\u00e4tzlich zum durch die Verb\u00e4nde selbst finanzierten \u00d6KO-SOMMER k\u00f6nnte es zuk\u00fcnftig einen landesweiten \u201eTag des \u00d6kolandbaus\u201c geben.<\/p>\n<p><strong>Mit der \u00f6kologischen Agrarwende ernst machen<\/strong><\/p>\n<p>Nur mit einem B\u00fcndel an Ma\u00dfnahmen und politischem R\u00fcckenwind k\u00f6nne die Vision der \u00d6ko-Anbauverb\u00e4nde Wirklichkeit werden: \u201eDie \u00f6kologische Landwirtschaft und ihre gesunden Produkte sind aus der Nische gestartet und in der Mitte der Gesellschaft angekommen. Die Verbraucher fragen regionale Bioprodukte nach, die aufgrund der schonenden Kreislaufwirtschaft der Bio-Bauern und -Winzer sowohl Umwelt als auch Klima zu Gute kommen. Lasst uns nach der Energiewende auch mit der \u00f6kologischen Agrarwende ernst machen\u201c, appelliert Eichert an die Landesregierung.<\/p>\n<p><strong>Weitere Informationen und Kontakt:<\/strong><\/p>\n<p>Arbeitsgemeinschaft \u00d6kologischer Landbau Baden-W\u00fcrttemberg, A\u00d6L &#8211; Bioland | Demeter | Naturland | Ecovin | Ecoland<\/p>\n<p>A\u00d6L e.V. Gesch\u00e4ftsstelle,\u00a0 Schelztorstra\u00dfe 49, 73728 Esslingen<\/p>\n<p>Telefon: 0711\/550939-45<\/p>\n<p>Fax: 0711\/550939-50<\/p>\n<p><strong>Zum \u00d6KO-SOMMER siehe auch:<\/strong> <a href=\"http:\/\/www.oeko-sommer.de\/\" target=\"_blank\">http:\/\/www.oeko-sommer.de\/<\/a><\/p>\n<div class=\"pdf24Plugin-cp\"> \t<form name=\"pdf24Form0\" method=\"post\" action=\"https:\/\/doc2pdf.pdf24.org\/wordpress.php\" target=\"pdf24PopWin\" onsubmit=\"var pdf24Win = window.open('about:blank', 'pdf24PopWin', 'resizable=yes,scrollbars=yes,width=600,height=250,left='+(screen.width\/2-300)+',top='+(screen.height\/3-125)+''); pdf24Win.focus(); if(typeof pdf24OnCreatePDF === 'function'){void(pdf24OnCreatePDF(this,pdf24Win));}\"> \t\t<input type=\"hidden\" name=\"blogCharset\" value=\"Cw1x07UAAA==\" \/><input type=\"hidden\" name=\"blogPosts\" value=\"MwQA\" \/><input type=\"hidden\" name=\"blogUrl\" value=\"yygpKSi20tcvLy\/Xy8jPSM3LARK6pXnpqWmZOSWpRSV6KakA\" \/><input type=\"hidden\" name=\"blogName\" value=\"88jPSM3LARK6pXnpqWmZOSWpRSUA\" \/><input type=\"hidden\" name=\"blogValueEncoding\" value=\"gzdeflate base64\" \/><input type=\"hidden\" name=\"postId_0\" value=\"MzS2sDQHAA==\" \/><input type=\"hidden\" name=\"postTitle_0\" value=\"U1O2MDIysnbKzFcozUtRCEpNz8zPS8xRKM4E8lIz81IV0ovyD89PVXDOSMxLTlVIO7ynSCEjNTM3szg5I1XBtagqtTQ9tehRwxyFRw2TDy1wT80F6ipOzFWoKi1SOLwtOz8nPx2sNk\/BMb0osag8NS8lFQA=\" \/><input type=\"hidden\" name=\"postLink_0\" value=\"yygpKSi20tcvLy\/Xy8jPSM3LARK6pXnpqWmZOSWpRSV6Kan69gW2hsYWluYA\" \/><input type=\"hidden\" name=\"postAuthor_0\" value=\"AwA=\" \/><input type=\"hidden\" name=\"postDateTime_0\" value=\"MzIwNNI1MNU1MlAwNLAyMLUyMAcA\" \/><input type=\"hidden\" name=\"postContent_0\" value=\"rVhNbxzHEb3nVzQUILAB7vLDJmQxNINlRMkKSVngyiTAS9DLqZntTE\/PoruH6yx88H8I4FMQ5cDfwBNPmX\/iX5JX1TPLJZeSYzgXaTk73V313qtX1bs\/O9gP0deuOHhNFRkXdKUWjVftbVnbujDhakpOjQqv\/ZxcRmpKpv0QVaaDOq1jrFVGXk10Rm4wb+98jFRNyPcL25\/KejByE91ck5+0N9hhqA7JyKoj397muWtcgT8D3j3+djD+9vT06Gys8tpXjTXkI3bJDD21kyprV3qKpMZXU29w9HB\/s8tmf3N28Lt9ZEfVwXnt5LyRn5CJoUiJXk11HmXbPk+vTrTLcII6lHwuVvLZ38RGy027Qw6fTtunYMd1VZFfi2hUqe0XQ3WqjdrZ2t5RlFDgNDjIU+NMiPiQY1t1wolaI1ie6aZSjcvUOQDwuuGTcFwTFxtqZOl7xI5lhzX+21CmUpdNkbY8uqqvDdJB1jPf3gRyUUcDUIxTrzyZSeOZAfcpGpfUDNVLUI8QhZUAQNX2rvqLnnq8Rz6vbYEtsYrD1C5EbSMYDniIZ5LUSvwS34rW1Nz4mKhhtTloJXpDE+KExu1dNieA4xCEgWKu+QSrQxeM+bU0fzZqfzpRNDwffs57RdaSY7k\/kNmGbK7L2JC1lGphVlsTTSnnFb69cwNfs1J5Z0KuBZTLum4cU8nrT5oZobKUo2nFCVx0KBZNVIhTEFROA4JRFYN2kQWtdBNwRtWndlxrPrd2AdFh1UTLKaXV\/mHFHFJJzkVI6Ylq5iDvcVYFzWsPrP\/0WN6n2pfYLAJhoXAg6jtuQKi32COtD4ixsEy5+uz06Hj0OUcSA8UFuTXxH\/ncUyOChp+YAD\/RnZl0ujcQeWBAoJIw8yQRN1VBvGNMXHzHqIbY3sUFpy+i+riIHmhI2GuqOdk48zX+qCr1W\/JcNCnToTo3BHUgKcR270hq3jC2ALnQriC3gVwkhzecA4XA9gYpj6mMtWe2FOquvbsqA06KphCxazzBYzU1jhUBnKzF3kuvkKKHbHPNXorSwI5SkkGwXBpxKdqZISn184\/\/OjS1CGzd7X7+8Z\/quvaCw4QC50IT0ORNMmOuYOMyBv8aPsIb8atn0H3ttFXaBj6Aj0Z51O0HUn+eanfVGQB6SCVaRAtYEGzK48DhY\/kdQ9WkUqXJy+\/qIOLvaku2ktawou7H4nZ15L5lijUpIj42EWDzjvFg12OisFb9jaWGBP6hHJOgHEpIN3nhOcksudYCRDM7QH1ByaATln8n72RtIFQ0cgMGFVyyU4Zbdi0H4bUfnGY\/SEaBjMCAd0BjQwVdRPXSD4GcB8sGMR5J3aAIXjMn7Q1EiSWgOfkou9kQwuqDQMI0Sdb42JeEGbCY1bOZTQ3YM42oiawRlaiJeEeVjGlna2dLaUhxBNvukEfU947c4adYtXJislY+pvx\/8MiKOgGCE2Mz2dYjuLJxAsHNNDGx6sxM1WBlA8TnxP64nNAgwAxOoSB5PDlc8ClhTkUQ\/oGEZOPl31e2veHN8vYWWXMaIIyL0Lvlm8VyoGL6s67vrLKAYoftzM1VSZaPHEevI3\/7yRFsyKV12VSos19CbdJNWo4aqG5hZl17eIs+M0VjNkXJrTIsz2Ur+ugU8J3YZnVv1CGBpM5qbowBu1uIs57M62mKjV2axB8G32DKEQcWEBiSaKUH2G6KuGb\/TH1wQVO3Hqay8HAnxMKbWAjcR9TMozWbheHaksJBwGAQBdyVy5qxjGN740vAAjeLWIcaRZvhMRLDioUIbHsbGnZrvHENecveawZy2QjPmMmqXLORZ0\/5LGQGjXTuMBY76Wt1tf752cpcBLcpIbFUq8g61DAmSrpiiXLjAJO8pOLuteLEg3ephjuoZImYvWW\/DnWeYztzTfyuTYMQu696U933pETGw0ltjnC4YCD0\/x0\/KHwFwm5sw5DCHUGsIvW11KPGUkA5\/g0oswI1sUbdm4xoj9N5r\/tLQ9lnEZDGGklww1njrnBP6QAQUEZNmHR\/BkPTuOJYADtHFgEuBQgXBlXGxdj1Z8kcy\/ZWIH08k69yl9Lj3e2DyuxG+ssG9gD64eWAC+VaGExt4hfvp1RJO+Im6WBxvF+w6CmUxpNadgAFiDZZDaeUVIjpo7G9APDk3gnCjBYm7z3lHgZ2+h5LDjO1oHpZQ7hhhFTOQYiLGD3x8bJrfaGWgaQbU+V4yHSWWyp6hPDdMcZaYTpN\/azEHokj4zxvm2TD8x+GGxAcsQQewXqQ0eJBmyIJ+4hNNi7QVyuZrAFqexMXYg78fdb4riedL809kJ1g+M4xT7lFZ4orlxxVtrcgQvoD2gxaRw4T6mRqxcWlnbtPSBGVDy2tKfi06wUfvWCjhSCySvPzNTm\/hRRZHcl4DhFYRhi3Ho0S2Uq3rdQZT5Pk5sAz5UUJDBNMdzF+qv1dGF8yhOK8c+LZSET\/8hdajlDNIsXE3ogYez+CbvBdutF49TatLphiwB97jaQ7cOxuwxh0MOr2MwC00ZP8sqOzd6fcaxbOUiYPVMLXqu4WtzrFYdvapYI5RlsPFt+uZNKNRIND3Uhb54HiwmDaw8paWlxqiDKbcBjq2JpKs+e9biIt9XgiF9TGhXS9kxu5465KiXBZWv0aWUhx6tkM0LB2+yJlHTwx7K1J8KK7o7xxfGeUnwI62RzXLqKb7q3\/aPEbfjrZSM76h99\/tbO9\/ce+7agf1EvsxreXH9Dou6sWPqdfK9IHfrQMob+rr0y\/chGijf\/8my2H7EIs2mvuLl++2FDPv3i+85U6CsEatpV+p\/fobegye2rr+fb25u7u1osvXgy+3O2\/fqW\/f\/jV7tZjBC\/FLe\/tgptIIvIeOrWvFeog\/\/rZNMbZ3ubmfD4f1hDwIMgPQ8OMNp8piL+g+PWzv06Qa\/ns4OPv7m\/qRMd\/AQ==\" \/> \t\t<a href=\"https:\/\/www.pdf24.org\" target=\"_blank\" title=\"www.pdf24.org\" rel=\"nofollow\"><img src=\"https:\/\/www.hohenlohe-ungefiltert.de\/wp-content\/plugins\/pdf24-post-to-pdf\/img\/pdf_32x32.png\" alt=\"\" border=\"0\" height=\"32\" \/><\/a> \t\t<span class=\"pdf24Plugin-cp-space\">&nbsp;&nbsp;<\/span> \t\t<span class=\"pdf24Plugin-cp-text\">Sende Artikel als PDF<\/span> \t\t<span class=\"pdf24Plugin-cp-space\">&nbsp;&nbsp;<\/span> \t\t<input class=\"pdf24Plugin-cp-input\" style=\"margin: 0px;\" type=\"text\" name=\"sendEmailTo\" placeholder=\"Emailadresse\" \/> \t\t<input class=\"pdf24Plugin-cp-submit\" style=\"margin: 0px;\" type=\"submit\" value=\"Senden\" \/> \t<\/form> <\/div>","protected":false},"excerpt":{"rendered":"<p>Gemeinsam zur \u00f6kologischen Agrarwende hei\u00dft das Motto der baden-w\u00fcrttembergischen \u00d6ko-Anbauverb\u00e4nde. Bei der Er\u00f6ffnung des \u00d6KO-SOMMERS formulierten die \u00d6ko-Anbauverb\u00e4nde konkrete Schritte. Von der Arbeitsgemeinschaft \u00d6kologischer Landbau Baden-W\u00fcrttemberg Baden-w\u00fcrttembergischer \u00d6ko-Sommer Am 19. Mai 2012 er\u00f6ffnete der Minister f\u00fcr L\u00e4ndlichen Raum und Verbraucherschutz, Alexander Bonde, im Zuge der Ecovin-Weinpr\u00e4sentation in Freiburg den baden-w\u00fcrttembergischen \u00d6KO-SOMMER. Das ist die seit [&hellip;]<\/p>\n","protected":false},"author":3,"featured_media":0,"comment_status":"open","ping_status":"open","sticky":false,"template":"","format":"standard","meta":[],"categories":[],"tags":[],"_links":{"self":[{"href":"https:\/\/www.hohenlohe-ungefiltert.de\/index.php?rest_route=\/wp\/v2\/posts\/13897"}],"collection":[{"href":"https:\/\/www.hohenlohe-ungefiltert.de\/index.php?rest_route=\/wp\/v2\/posts"}],"about":[{"href":"https:\/\/www.hohenlohe-ungefiltert.de\/index.php?rest_route=\/wp\/v2\/types\/post"}],"author":[{"embeddable":true,"href":"https:\/\/www.hohenlohe-ungefiltert.de\/index.php?rest_route=\/wp\/v2\/users\/3"}],"replies":[{"embeddable":true,"href":"https:\/\/www.hohenlohe-ungefiltert.de\/index.php?rest_route=%2Fwp%2Fv2%2Fcomments&post=13897"}],"version-history":[{"count":5,"href":"https:\/\/www.hohenlohe-ungefiltert.de\/index.php?rest_route=\/wp\/v2\/posts\/13897\/revisions"}],"predecessor-version":[{"id":13901,"href":"https:\/\/www.hohenlohe-ungefiltert.de\/index.php?rest_route=\/wp\/v2\/posts\/13897\/revisions\/13901"}],"wp:attachment":[{"href":"https:\/\/www.hohenlohe-ungefiltert.de\/index.php?rest_route=%2Fwp%2Fv2%2Fmedia&parent=13897"}],"wp:term":[{"taxonomy":"category","embeddable":true,"href":"https:\/\/www.hohenlohe-ungefiltert.de\/index.php?rest_route=%2Fwp%2Fv2%2Fcategories&post=13897"},{"taxonomy":"post_tag","embeddable":true,"href":"https:\/\/www.hohenlohe-ungefiltert.de\/index.php?rest_route=%2Fwp%2Fv2%2Ftags&post=13897"}],"curies":[{"name":"wp","href":"https:\/\/api.w.org\/{rel}","templated":true}]}}