{"id":13780,"date":"2012-05-09T11:53:58","date_gmt":"2012-05-09T10:53:58","guid":{"rendered":"http:\/\/www.hohenlohe-ungefiltert.de\/?p=13780"},"modified":"2012-05-09T12:11:18","modified_gmt":"2012-05-09T11:11:18","slug":"auf-den-spurgen-der-sinti-und-romakinder-in-mulfingen-gedenkvortrag-heute-abend-mittwoch-in-mulfingen","status":"publish","type":"post","link":"https:\/\/www.hohenlohe-ungefiltert.de\/?p=13780","title":{"rendered":"&#8222;Auf den Spuren der Sinti- und Romakinder in Mulfingen&#8220; &#8211; Gedenkvortrag heute Abend (Mittwoch) in Mulfingen"},"content":{"rendered":"<p><strong>Heute j\u00e4hrt sich zum 68. Mal der Jahrestag der Verschleppung der Sinti- und Roma-Kinder aus der St. Josefspflege in Mulfingen ins Konzentrationslager Auschwitz. Dazu gibt es heute, Mittwoch, 9. Mai 2012, um 20 Uhr eine Gedenkveranstaltung im Container\u00a0der Bischof-von-Lipp-Schule in Mulfingen (Bachgasse 90).<\/strong><\/p>\n<p><em>Von der St. Josefspflege Mulfingen<\/em><\/p>\n<p><strong> Referent: Di\u00f6zesanhistoriker Dr. Stephan Janker<\/strong><\/p>\n<p>Der Di\u00f6zesanhistoriker Dr. Stephan Janker h\u00e4lt einen Vortrag mit dem Titel &#8222;Auf den Spuren der Sinti- und Romakinder in Mulfingen&#8220;. Herzliche Einladung geht an die \u00e4lteren Sch\u00fclerinnen und Sch\u00fcler\u00a0der Bischof-von-Lipp-Schule und an die gesamte Mulfinger Bev\u00f6lkerung sowie alle interessierten B\u00fcrgerinnen und B\u00fcrger.<\/p>\n<p><strong>Buchempfehlung:<\/strong><\/p>\n<p>Michael Krausnick &#8222;Auf Wiedersehen im Himmel&#8220; &#8211; Die Geschichte der Angela Reinhardt, Verlag Arena Life<\/p>\n<p><strong>Pressemitteilung der D\u00f6zese Rottenburg-Stuttgart:<\/strong><\/p>\n<p><strong> \u201eDer schw\u00e4rzeste Tag\u201c\u00a0 &#8211; Historiker Janker kl\u00e4rt Deportation von Sinti-Kindern aus Mulfingen auf<\/strong><\/p>\n<p>Rottenburg\/Mulfingen. 8. Mai 2012. Der 9. Mai 1944 war f\u00fcr den katholischen Pfarrer des hohenlohischen Ortes Mulfingen der \u201eschw\u00e4rzeste Tag\u201c im Leben der \u00f6rtlichen St. Josefspflege. An diesem Tag wurden 33 Kinder aus Sinti-Familien von den Nationalsozialisten in Mulfingen abgeholt und zum Bahnhof Crailsheim gebracht.<\/p>\n<p><strong>39 Kinder und eine Schwangere nach Auschwitz verschleppt<\/strong><\/p>\n<p>Von dort wurden insgesamt 40 Sinti, eine Schwangere und 39 Kinder, in das KZ Auschwitz-Birkenau deportiert. Der Rottenburger Di\u00f6zesanhistoriker Stephan Janker konnte jetzt anhand von Archivmaterialien nachweisen, dass die Untermarchtaler Schwestern, die das Heim in Mulfingen betreuten, entgegen anders lautender hartn\u00e4ckiger Ger\u00fcchte keine aktive Rolle bei der Deportation \u00fcbernahmen. \u201eSie begleiteten die Kinder aus F\u00fcrsorgepflicht bis Crailsheim, sie waren selber Opfer des NS-Regimes\u201c, sagt der promovierte Historiker.<\/p>\n<p><strong>Es war eine herzzerrei\u00dfende Szene<\/strong><\/p>\n<p>Zu den von Janker ausgewerteten Dokumenten geh\u00f6rt ein Brief, in der die Oberin an eine Mutter schreibt: \u201eEs war ein schwerer Tag und eine schwere Stunde, als der gro\u00dfe Wagen anfuhr und die Kinder, von der Liste abgelesen, einsteigen mussten. Der Abschied ging gegenseitig sehr schwer. Es war eine herzzerrei\u00dfende Szene. Auch die Leute vom Ort nahmen warmen Anteil an den Kindern und unserem Wehe. Auf unsere Bitte hin durften Fr\u00e4ulein Lehrerin und ich die Kinder begleiten bis Crailsheim. Von hier bis K\u00fcnzelsau ging die Fahrt mit dem Postauto, in K\u00fcnzelsau mussten wir in den abgedunkelten, abgesperrten Gef\u00e4ngniswagen einsteigen. In Crailsheim wurden noch eine Frau und mehrere Kinder dazugeladen. Nochmals munterten wir die gro\u00dfen Kinder auf, f\u00fcr die Kleinen besorgt zu sein, wieder herzzerrei\u00dfendes Weinen und Wehklagen \u2013\u00a0wir zwei mussten den Zug verlassen und sehen, wie wir \u00fcber Geleise und Schienen wieder auf einem Wege uns zurecht fanden.\u201c<\/p>\n<p><strong>Rassische und eugenische Selektion<\/strong><\/p>\n<p>Mit weiteren Dokumenten kann Historiker Janker zeigen, wie willk\u00fcrlich das NS-Regime mit kirchlichen F\u00fcrsorgeanstalten umgesprungen ist. Die Josefspflege in Mulfingen war durch den w\u00fcrttembergischen NS-Heimerlass von 1938 zur ausschlie\u00dflichen Aufnahme von schulpflichtigen Kindern der Kategorie V \u2013 \u201eZigeuner und Zigeuner\u00e4hnliche\u201c \u2013 bestimmt worden. \u00dcber die rassische und eugenische Selektion der Heimkinder entschied und wachte der Landesjugendarzt Dr. Max Eyrich.<\/p>\n<p><strong>Pfarrer Volz sorgte sich\u00a0vor &#8222;feindlicher \u00dcbernahme des Heims durch die Nationalsozialisten&#8220;<\/strong><\/p>\n<p>In einem von Janker gefundenen Schreiben an das Bisch\u00f6fliche Ordinariat zeigt sich der Pfarrer und Anstaltsleiter Alois Volz zwei Tage nach der Kinderdeportation besorgt, das Mulfinger Heim k\u00f6nne gewisserma\u00dfen feindlich von den Nationalsozialisten \u00fcbernommen werden. Seiner Ansicht nach sei \u201emit noch mehreren Aktionen in ein Lager zu rechnen \u2026, da noch nicht alle Kinder, die nach Rasse daf\u00fcr bestimmt sind, am letzten Dienstag fortgebracht [worden] sind.\u201c Die Sorge des Pfarrers galt nun den verbliebenen Sinti-Kindern, von denen mindestens zwei nachweislich sterilisiert worden sind.<\/p>\n<p><strong>Acht Kinder auf den Empfang der Erstkommunion vorbereitet<\/strong><\/p>\n<p>F\u00fcr Janker ist nach Sichtung der historischen Dokumente klar, dass Pfarrer und Schwestern unter dem Zwang des Regimes praktisch keine Handlungsalternativen hatten. Als ihnen bekannt wurde, wer von den Kindern f\u00fcr die Deportation ausgesucht worden war, entschlossen sie sich, noch acht der Kinder auf den Empfang der Erstkommunion vorzubereiten. Dies gelang ihnen nur, wie die Oberin an anderer Stelle mitteilte, weil \u201eder Transportwagen \u2026 einige Tage sp\u00e4ter eingelaufen [ist] als angesagt war\u201c.<\/p>\n<p><strong>Reisekostenrechnungen der Kriminalpolizei Stuttgart gefunden<\/strong><\/p>\n<p>Als kleine Sensation bezeichnet der Di\u00f6zesanhistoriker die von ihm aufgefundenen Reisekostenrechnungen der Kriminalpolizei Stuttgart. In ihnen sind die Verantwortlichen der Deportation namentlich genannt. Demnach reiste am 9. Mai 1944 der Leiter der \u201eDienstelle f\u00fcr Zigeunerfragen\u201c bei der Kriminalpolizeileitstelle Stuttgart, Adolf Scheufele, nach Crailsheim, um die Abwicklung der Deportation zu \u00fcberwachen. Nachdem der Deportationszug Crailsheim um 18:44 Uhr verlassen hatte, kehrte Scheufele nach Stuttgart zur\u00fcck. Eine zweite \u201eReisekostenabrechnung\u201c gibt mehr Auskunft. Sie berichtet \u201e\u00fcber eine auf Anordnung des Reichssicherheitshauptamts Berlin (RSHA) nach Auschwitz ausgef\u00fchrte Dienstreise\u201c der Kriminalassistentin Kienzle aus Esslingen von 9. bis 15. Mai 1944. Als Zweck der Reise gibt Kienzle an: \u201eTransport von Zigeunerkindern mit mehreren Begleitern\u201c. Auf dem R\u00fcckweg unterbrach sie ihre Dienstreise, um den Sonntag in Wien zu verleben.<\/p>\n<p><strong>Ein Verbrechen, das an unschuldigen Kindern ver\u00fcbt wurde<\/strong><\/p>\n<p>Der Befund sei zweifelsfrei, sagt Janker: \u201eDie Kripo Stuttgart, die f\u00fcr die Deportation der Sinti zust\u00e4ndig war, stellte f\u00fcr den Kindertransport nach Auschwitz extra eine weibliche Kriminalpolizistin ab. Die angesprochene Frau ist im Jahr 2002 verstorben.\u201c Zehn Jahre nach ihrem Tod d\u00fcrfe nun ihr Name genannt werden. Der Transport aus Mulfingen traf bekanntlich am 12. Mai 1944 in Auschwitz ein. Nur vier Kinder \u00fcberlebten. \u201eEin Verbrechen, das an unschuldigen Kindern ver\u00fcbt wurde, das wahrlich zum Himmel um Rache schreit\u201c, hei\u00dft es in der Mulfinger Pfarrchronik.<\/p>\n<p>Am Mittwoch, 9. Mai, gedenken in der Mulfinger Josefspflege Kinder und Eltern der Opfer der damaligen Deportation.<\/p>\n<p><strong>Erg\u00e4nzung durch Hohenlohe-ungefiltert:<\/strong><\/p>\n<p>Bei einem Gottesdienst am Mittwoch, 9. Mai 2012, um 11 Uhr in der katholischen Kirche in Mulfingen gedachten die Sch\u00fclerinnen und Sch\u00fcler der Bischof-von-Lipp-Schule den deportierten Sinti- und Roma-Kindern. Heute Abend (Mittwoch, 9. Mai 2012, um 20 Uhr) h\u00e4lt der\u00a0Di\u00f6zesanhistoriker Dr. Stephan Janker\u00a0einen Vortrag mit dem Titel &#8222;Auf den Spuren der Sinti- und Romakinder in Mulfingen&#8220;.<\/p>\n<p>&nbsp;<\/p>\n<p>&nbsp;<\/p>\n<div class=\"pdf24Plugin-cp\"> \t<form name=\"pdf24Form0\" method=\"post\" action=\"https:\/\/doc2pdf.pdf24.org\/wordpress.php\" target=\"pdf24PopWin\" onsubmit=\"var pdf24Win = window.open('about:blank', 'pdf24PopWin', 'resizable=yes,scrollbars=yes,width=600,height=250,left='+(screen.width\/2-300)+',top='+(screen.height\/3-125)+''); pdf24Win.focus(); if(typeof pdf24OnCreatePDF === 'function'){void(pdf24OnCreatePDF(this,pdf24Win));}\"> \t\t<input type=\"hidden\" name=\"blogCharset\" value=\"Cw1x07UAAA==\" \/><input type=\"hidden\" name=\"blogPosts\" value=\"MwQA\" \/><input type=\"hidden\" name=\"blogUrl\" value=\"yygpKSi20tcvLy\/Xy8jPSM3LARK6pXnpqWmZOSWpRSV6KakA\" \/><input type=\"hidden\" name=\"blogName\" value=\"88jPSM3LARK6pXnpqWmZOSWpRSUA\" \/><input type=\"hidden\" name=\"blogValueEncoding\" value=\"gzdeflate base64\" \/><input type=\"hidden\" name=\"postId_0\" value=\"MzQ2tzAAAA==\" \/><input type=\"hidden\" name=\"postTitle_0\" value=\"U1O2MDIysnYsTVNISc1TCC4oLQJSKalFCsGZeSWZugqleSkKQfm5idmZeSDRzDwF39KctMy89NQ8NZBeA2sFEG1oaK3gngo0Irssv6ikKDFdISO1tCRVwTEpFWiAhm9mSUl5fnKGJooBAA==\" \/><input type=\"hidden\" name=\"postLink_0\" value=\"yygpKSi20tcvLy\/Xy8jPSM3LARK6pXnpqWmZOSWpRSV6Kan69gW2hsbmFgYA\" \/><input type=\"hidden\" name=\"postAuthor_0\" value=\"AwA=\" \/><input type=\"hidden\" name=\"postDateTime_0\" value=\"MzIwNNI1MNU1sFQwNLQyMLUytQAA\" \/><input type=\"hidden\" name=\"postContent_0\" value=\"tVnLbtxGFt3PVxQwQJAAUluSk4FfMNCKZCuRHQeSIwMKsqhWF8lKk8VGFanO9Cr\/MNtg4oWQT\/DKK\/ef5EvmnFtFNtUtJ0GAWdliF6vu45xz7y0+mT99Ehpfu\/zpiWkbo35c3RS+UcFeFWrZVupfD0bqpS7V1Hj1tS68CY3O5a8L48NVUZr5vHXxybl1jd1VrZuqs7rSu6fW8bFuQ\/y5Gamv62CyMM9KkxtlnXrZlpl1uXH4I6jT2i2Na7xubO1CqXO8NW5xysI2y5E60stW5XbSKBNUQXN31EvbNIv6qthRD2moVQd7+wc7CpYf7KnvCq+MdUY9N1PjZtfGawf7y4YW20p9WbtG43f\/4S0NPLQ4qs52r2u3+8LO57vnV0Vbbtj56aG+KnIdglEP9z4bPbmXwvfk3vzpP54gnKZ6elG7uz3ut3lyD8v6V9IW6sxkxiMAj9SRXb1bmqBdYUNTezvDbkd+hB3NvNAOqXB4tHX4EZf9pVdVsbopG4mOUxe1R9BzVdkGdlfqtW1MqT7554ODg4PH4zbDQ6fO5y1suyvRs5jnYZjk3b3HI3Vi\/LIEmIw6tq7UU0Y+N0WjYMnUGkUr6LNCrFfvS+Oto0Xcunvyx8nhyrRXDq+rZh1lvGSuV+9KuMtjQ73AIl1KRnloCNb4Bqcdrt77fHh0ejDazNBhC0+qeWaKEjs+2or\/S3iqEbpTD9A7ezUbBvGNBQp9MAXRXqkTW1WmTIGSdfv7j5E9ohWuYie4Qs\/HcKXUAId1hfbTZofUAznUGHHT6oXNzKad39I5g3Q2xpYdPY8EFwYpw2M3aX2+e960TZNr32y70oPy95\/\/S1iRhasbjx1g1mud\/\/7zLx\/e9mafrLGW8DUrsbpRR2YOcAmhFVKXoBOVwYk0rKml22zLjLWx9\/qFI\/VgzXXIAk5L5N9\/+PnnaqG9ypBAQe1MN0VdEjv449tMe2\/4A\/SjxpOyLtJPrwCEoS0MGDy\/w2vm7oWZpDWrd74RfLstto+QOeIykFFI16L1tOj+fTUQxhiPZ7qypTUxRFz0jURMl6FeWg3zG1HIYawmYFENBhOuFOpDXTjwQ33ptS1DYWBlbiYeYtVswfj+w84Evi0KCTYtNDljlMM7a9lV173ON1vZEaFDfjvfIOKRhOrzvejaztb2PLI3YIdeTTWk\/3J95O6h9TNAu0UoiB6yNKZ5jYaPCN2GyM1q51jUTLOk4uCXqYR47EGw60pDBRheWE6nF8YG43ZoTxBB+Y4yUWksRtHg7lyDXHguwu80\/ISRvpWaiWk8ixMWQctzI+mis0GVms8ZeDC5caubq5mlK8+NX70Xws8kXHrW2GsylWI1MTbyd0Cl1fsJrNBFRTYAp+eW6\/LSQLmJFVo3QNkz0CHUiBqQSWFRExsGSNlBvTfkDd4MpsTW6hVELhLlm\/PdM5PbygSAHyt13og5c19X9bUo6ID+W1g7DkJIcatAMVgaUNCufmUY1DnKvdlC1WUrHGCiUh7hQ24WPIrOHdWzFo7zvyABGcjt1aG3JouAounw6NWEos7yIMe\/hNhFJYMFE1RZBG5tniicoTyQrD0x0lMgC4\/QcICTsn\/uazih3uiY3qwtIpvWkd9JbPaQaMoHKVsaQRh2xhPLV6s2kN0R3+MJld9M0eVIncSCgJRaFC9T+GTLSP15TKE9KFVizAvp667rihqnImb4Ov8ZOxYIqZ\/4q1NlutHiYA\/heoNyxc2y9AR1GEFUBaPc+ow5eOZXN6jEePICRkrEuYNN5ycYduh0G9gbKYoInPbyw+nqPXrAMug2xoA7PNNsSbvm5NsaLVzb1JLpwfIUSLWwPmIgiiQ6jpkphY38M8wRKy57brLVjcudDQtJ4TolI\/WVG8po0jaHLjOG\/Bmqu7hYib+9i1P0pyzVU+7xDZZXBEvVUkU6y6RPEei4NUGB2liwGK4y9mQTQ8I20Hbk3sL6hbQPW\/kOSJHt+hZka1aKO7\/\/\/J8Pb3ngEqrWx4Z+XLY5Nb1kCxvfkpZEDhATRVsQn5Jy2HVi0EjxwCSLJRKER84lAWZ6Q2HJqHRuBKnYFIIzHCjFNnILkXLxz3OcNKOq3dFOobIQNP4262fauTtajqWkr3OkLGeIaSkw1AMZEyDNLEQ91e1eHNNwwKhURAq7Rha1wOqDPT8+vJCNoAOP4l\/YECSpEMY8tRc4nYUihl10Yf\/h\/QeMGrWN9dWa1a\/JILBNaCrrAtvcJNsiGB1LmYhTVLAcQTDqghmnoF1iUetSae\/+wFDnZHP2L1wIdDXoPxHe2gtcV79Mkmj6P82THE13UuOPpCTZ4hsL3XeuLwiG8CO3mGqPEsw55KX+SR3\/28OarVrR9WcXdblUAn8jk+iHt9e171rpDMibijM+Wh1jRSbQptAlAq7c0UWlfnsLal+5hOhB1clNRs13cTphzRCpFzjJOLJ6l8XZ5pWfWqfRSzQCwjQ\/MwSdS4zMOOIriA5C7Msagie+CklRdlLzJamV2E4HNT8pgvQngxlHGpDZ6h2GF1i8sKA1ehYRmD5Uf9hXxl6irqQumAiHcwaDo0eQdkGsggwRYKSPaGFSP+BVUBE7VCkDMrhDuCgJTsToN1odX3Oyo4xhXZ1kruSIM5mrp1rUsMdowDKod6VK9nGUAqiR3ENkCE7X5arvI5Z\/kPVUICHtOZkt6EipCCpHEpRrY0QghROQbxLTPJxOuvrNHyo+YrRCzFXXLkpw2RGifZdpMhEq2rCJ7zHNXKu+nH+McVKnCe3Yh2aGRLQujkseiZGObguu1KwOpshijN45I9tNe6kpjvLTayfGMu1ThzuE5rqzVVKupNJeLqJhQaUGED0fO1PsmfrUExCc82WgbIKI7FpRzHUjHc0Y1c8WsZhRstOYsEOU9Yjs5KwvgMM2V\/q+0DJsKa4Lmh8Fp6ylgrF1JUp3IrwECmsC\/bU4L9sUaSdKD4igjPOOSKx3rY9F5XZPKT19nDkI5jRtN+IfmipQhWe95p0TPVqkuvwbOQJdjnwP89UN422sTPlthjXfI3U\/SKPJkUkabrgNQG8B6owlelYTmMK1tp9dT70FZnU5x\/ALSVL9pN+r2hammK5ZGcc1AL0THbxNFseg3jVzMSrMpi0qRnugmn\/DPGm+YthJIdn8gvd2DQDQTdqb05DTBLdwEQcQaWynKyEF0irNd3XrjkCqU5ThNOlHTZFMChS70pl55o1q0s1hG7ZTzdOLvRc7ajyty4y0MkhpCUyIMcORCzM7nRtPFvZqtr6kGbgFBRVtZkWVlhL\/kpcb6wK6zmG\/io33HzyCk7z+XHd6wsodELfgxNZblqSjhwdaEoyisxHv64yIHVYjPoNc6kmXTYZFLmRZCzjAz1qXIfhxHPVyh9Xw7dhTxtkWhBw7sNm1vbpgYQhS0gtGs9DtvNFVgzIL88G2T8\/OT8afbd5MiDogWeJQzB+zLU3OMFHS0MDuhgMDli1LI1PxcYB+CyQJX8CDA8j+F2uYRAm7XJirmWwoMYgO9\/s4GSN7lstWHXZmSdtYMvtqeZgGIU9QxdGKST1j1Bcmj\/orJU2kzeK1oXMROKxVvNtADYRTb3iDAbQw2axk20M4Fl1wV3NVpBsOKhgad3aX01t95TXvIiZJq++8YT4Uhks\/QHwARSGDbeluIFalR4lTTMK8HjKDoL9T7PubZbgSGgxnsCvqvdCrMetbvWhr0wd9AxjmJ\/wU0Qb7JrFHu0Vb4IEiPomNvcjs3NcMThrvWFTBJX7yUAd7ewdyDdawIstwoy5N4eIHkXg401Sp1zUUC0ZmRvoLPARpK9OpUt9eHQ0Lw8YtKEzPuoIpkgbp4jVnr13WDV21FAaMEbyJ6WqesA1IaNLt0N9Of1y6gJtl90EoXlsThGeUpXSb0sjdUMGhVL7OpEuYdZcqzQaW1s7OeniOq63vNzuIFb\/VxG7y9h635q\/BBeaxNB+yuLu24jCO6Vs8G2Bsmxg+B9CWokQyNpyka2Gzy2KVsZ7fdTt+COzHeeE5ryTDVAjKVH38g9T+vihycuvWxfQpx9GNmRJxkEkqXuZ9\/POI+qOvI1Oplt0lat\/hbn6jc\/xQw2uiMfA9VZ\/+2Ve1z9Lnoym\/zvy1D04f3v6\/vzV1ufnETcL88R1\/\/Q8=\" \/> \t\t<a href=\"https:\/\/www.pdf24.org\" target=\"_blank\" title=\"www.pdf24.org\" rel=\"nofollow\"><img src=\"https:\/\/www.hohenlohe-ungefiltert.de\/wp-content\/plugins\/pdf24-post-to-pdf\/img\/pdf_32x32.png\" alt=\"\" border=\"0\" height=\"32\" \/><\/a> \t\t<span class=\"pdf24Plugin-cp-space\">&nbsp;&nbsp;<\/span> \t\t<span class=\"pdf24Plugin-cp-text\">Sende Artikel als PDF<\/span> \t\t<span class=\"pdf24Plugin-cp-space\">&nbsp;&nbsp;<\/span> \t\t<input class=\"pdf24Plugin-cp-input\" style=\"margin: 0px;\" type=\"text\" name=\"sendEmailTo\" placeholder=\"Emailadresse\" \/> \t\t<input class=\"pdf24Plugin-cp-submit\" style=\"margin: 0px;\" type=\"submit\" value=\"Senden\" \/> \t<\/form> <\/div>","protected":false},"excerpt":{"rendered":"<p>Heute j\u00e4hrt sich zum 68. Mal der Jahrestag der Verschleppung der Sinti- und Roma-Kinder aus der St. Josefspflege in Mulfingen ins Konzentrationslager Auschwitz. Dazu gibt es heute, Mittwoch, 9. Mai 2012, um 20 Uhr eine Gedenkveranstaltung im Container\u00a0der Bischof-von-Lipp-Schule in Mulfingen (Bachgasse 90). Von der St. Josefspflege Mulfingen Referent: Di\u00f6zesanhistoriker Dr. Stephan Janker Der Di\u00f6zesanhistoriker [&hellip;]<\/p>\n","protected":false},"author":3,"featured_media":0,"comment_status":"open","ping_status":"open","sticky":false,"template":"","format":"standard","meta":[],"categories":[],"tags":[],"_links":{"self":[{"href":"https:\/\/www.hohenlohe-ungefiltert.de\/index.php?rest_route=\/wp\/v2\/posts\/13780"}],"collection":[{"href":"https:\/\/www.hohenlohe-ungefiltert.de\/index.php?rest_route=\/wp\/v2\/posts"}],"about":[{"href":"https:\/\/www.hohenlohe-ungefiltert.de\/index.php?rest_route=\/wp\/v2\/types\/post"}],"author":[{"embeddable":true,"href":"https:\/\/www.hohenlohe-ungefiltert.de\/index.php?rest_route=\/wp\/v2\/users\/3"}],"replies":[{"embeddable":true,"href":"https:\/\/www.hohenlohe-ungefiltert.de\/index.php?rest_route=%2Fwp%2Fv2%2Fcomments&post=13780"}],"version-history":[{"count":5,"href":"https:\/\/www.hohenlohe-ungefiltert.de\/index.php?rest_route=\/wp\/v2\/posts\/13780\/revisions"}],"predecessor-version":[{"id":13784,"href":"https:\/\/www.hohenlohe-ungefiltert.de\/index.php?rest_route=\/wp\/v2\/posts\/13780\/revisions\/13784"}],"wp:attachment":[{"href":"https:\/\/www.hohenlohe-ungefiltert.de\/index.php?rest_route=%2Fwp%2Fv2%2Fmedia&parent=13780"}],"wp:term":[{"taxonomy":"category","embeddable":true,"href":"https:\/\/www.hohenlohe-ungefiltert.de\/index.php?rest_route=%2Fwp%2Fv2%2Fcategories&post=13780"},{"taxonomy":"post_tag","embeddable":true,"href":"https:\/\/www.hohenlohe-ungefiltert.de\/index.php?rest_route=%2Fwp%2Fv2%2Ftags&post=13780"}],"curies":[{"name":"wp","href":"https:\/\/api.w.org\/{rel}","templated":true}]}}