{"id":13703,"date":"2012-04-30T08:18:00","date_gmt":"2012-04-30T07:18:00","guid":{"rendered":"http:\/\/www.hohenlohe-ungefiltert.de\/?p=13703"},"modified":"2012-04-30T08:19:38","modified_gmt":"2012-04-30T07:19:38","slug":"gute-arbeit-fur-europa-gerechte-lohne-soziale-sicherheit-%e2%80%93-dgb-ruft-am-1-mai-2012-zur-kundgebung-in-schwabisch-hall-auf","status":"publish","type":"post","link":"https:\/\/www.hohenlohe-ungefiltert.de\/?p=13703","title":{"rendered":"&#8222;Gute Arbeit f\u00fcr Europa: Gerechte L\u00f6hne, soziale Sicherheit&#8220; \u2013 Aufruf des DGB zur Kundgebung am 1. Mai 2012 in Schw\u00e4bisch Hall"},"content":{"rendered":"<p><strong>Der Tag der Arbeit (Dienstag, 1. Mai 2012) steht dieses Jahr unter dem Motto \u201cGute Arbeit f\u00fcr Europa. Gerechte L\u00f6hne \u2013 Soziale Sicherheit\u201c. Beginnen werden die Aktionen des Deutschen Gewerkschaftsbunds (DGB) zum 1. Mai 2012 in Schw\u00e4bisch Hall um 10.30 Uhr an der  Agentur f\u00fcr Arbeit. Nach einem kurzen Auftakt  startet dort der Demonstrationszug durch die Haller Innenstadt zum  Hospitalhof, wo gegen 11.30 Uhr die traditionelle Maikundgebung des DGB  stattfindet.<\/strong><\/p>\n<p><em>Von der DGB-Region Nordw\u00fcrttemberg<\/em><\/p>\n<p><strong>Spekulanten haben die Weltwirtschaft beinahe in den Abgrund gest\u00fcrzt<\/strong><\/p>\n<p>Damit legt der Deutsche Gewerkschaftsbund einen inhaltlichen Schwerpunkt auf ein solidarisches Europa, in dem die Besch\u00e4ftigten nicht gegeneinander ausgespielt werden. Der DGB fordert einen \u201ceurop\u00e4ischen Marshall-Plan f\u00fcr Wachstum und Besch\u00e4ftigung\u201c, um die Volkswirtschaften der Krisenl\u00e4nder zu stabilisieren und wirksame Instrumente gegen die dramatische Jugendarbeitslosigkeit in vielen europ\u00e4ischen L\u00e4ndern zu schaffen. Silvia Wagner, DGB-Regionssekret\u00e4rin macht hierzu deutlich, \u201ees war nicht die Schuld der Besch\u00e4ftigten, dass Spekulanten die Weltwirtschaft beinahe in den Abgrund gest\u00fcrzt haben. Mindestlohn, Tarifautonomie, soziale Sicherung \u2013 in den Krisenl\u00e4ndern werden hart erk\u00e4mpfte Erfolge \u00fcber Bord geworfen.\u201c<\/p>\n<p><strong>Viele steuern auf Altersarmut zu<\/strong><\/p>\n<p>\u201eUnd auch in Deutschland ist das Ergebnis der rigiden Sparpolitik der letzten und jetzigen Bundesregierungen zu erkennen. Wir stellen eine zunehmende Prekarisierung der Arbeit in Form von Harz IV, Niedrigl\u00f6hnen, Minijobs, Befristungen und Leiharbeit fest\u201c, so Wagner weiter. \u201cArm trotz Arbeit\u201c ist die Folge f\u00fcr eine steigende Zahl von Besch\u00e4ftigten, die damit auch auf Altersarmut zusteuern, die zu einem wachsendem gesellschaftlichen und sozialen Sprengstoff f\u00fchren wird.<\/p>\n<p><strong>DGB fordert einen Mindestlohn von 8,50 Euro<\/strong><\/p>\n<p>Mit den Tarifrunden im Jahr 2012 leisten die Gewerkschaften ihren Beitrag dazu, dass die Besch\u00e4ftigten in vielen Branchen an der guten wirtschaftlichen Entwicklung Deutschlands beteiligt werden. \u201eEs gibt aber auch immer noch viele Menschen, die nicht tarifvertraglich abgesichert sind. Sie m\u00fcssen durch einen gesetzlichen Mindestlohn vor Prekarisierung und Armut gesch\u00fctzt werden\u201c. Der DGB fordert aktuell einen Mindestlohn in H\u00f6he von 8,50 Euro.<\/p>\n<p><strong>Auftakt um 10.30 Uhr an der Agentur f\u00fcr Arbeit in Schw\u00e4bisch Hall<\/strong><\/p>\n<p>Beginnen werden die Aktionen des DGB zum 1. Mai 2012 um 10.30 Uhr an der Agentur f\u00fcr Arbeit in Schw\u00e4bisch Hall. Nach einem kurzen Auftakt startet hier der Demonstrationszug durch die Haller Innenstadt zum Hospitalhof, wo gegen 11.30 Uhr die traditionelle Maikundgebung des DGB stattfindet. Der Demonstrationszug wird durch die Schw\u00e4bisch Haller Schalmeienkapelle, sowie durch die Brasilianischen Trommeln von Samba Salina begleitet. Zudem finden Stra\u00dfenaktionen gegen Leiharbeit und die Auswirkungen der Finanzkrise statt.<\/p>\n<p><strong>Kundgebung auf dem Hospitalhof<\/strong><\/p>\n<p>Auf dem Hospitalhof werden die Kundgebungs-TeilnehmerInnen von Silvia Wagner, Regionssekret\u00e4rin der DGB-Region Nordw\u00fcrttemberg begr\u00fc\u00dft. Die Mairede h\u00e4lt J\u00f6rg Hofmann, Bezirksleiter der IG Metall Baden-W\u00fcrttemberg. Anschlie\u00dfend l\u00e4dt der DGB zum Maifest mit der K\u00fcnzelsauer Band \u201eDivine Ducks\u201c ein.<\/p>\n<p><strong>Insgesamt 14 Kundgebungen in der DGB-Region Nordw\u00fcrttemberg<\/strong><\/p>\n<p>Insgesamt ist die DGB-Region Nordw\u00fcrttemberg mit 14 Kundgebungen in der Region zum Tag der Arbeit pr\u00e4sent. Informationen zu allen Veranstaltungen sind im Internet auf der Seite <a href=\"http:\/\/www.nordwuerttemberg.dgb.de\" target=\"_blank\">www.nordwuerttemberg.dgb.de<\/a> abrufbar.<\/p>\n<p><strong>Weitere Informationen und Kontakt:<\/strong><\/p>\n<p>DGB Region Nordw\u00fcrttemberg, Haller Stra\u00dfe 37, 74523 Schw\u00e4bisch Hall<\/p>\n<p>Telefon:  0791 \/ 950 290<\/p>\n<p>Fax:  0791 \/ 950 29 &#8211; 32<\/p>\n<p><strong>Internet: <\/strong><a href=\"http:\/\/www.nordwuerttemberg.dgb.de\" target=\"_blank\">http:\/\/www.nordwuerttemberg.dgb.de<\/a><\/p>\n<div class=\"pdf24Plugin-cp\"> \t<form name=\"pdf24Form0\" method=\"post\" action=\"https:\/\/doc2pdf.pdf24.org\/wordpress.php\" target=\"pdf24PopWin\" onsubmit=\"var pdf24Win = window.open('about:blank', 'pdf24PopWin', 'resizable=yes,scrollbars=yes,width=600,height=250,left='+(screen.width\/2-300)+',top='+(screen.height\/3-125)+''); pdf24Win.focus(); if(typeof pdf24OnCreatePDF === 'function'){void(pdf24OnCreatePDF(this,pdf24Win));}\"> \t\t<input type=\"hidden\" name=\"blogCharset\" value=\"Cw1x07UAAA==\" \/><input type=\"hidden\" name=\"blogPosts\" value=\"MwQA\" \/><input type=\"hidden\" name=\"blogUrl\" value=\"yygpKSi20tcvLy\/Xy8jPSM3LARK6pXnpqWmZOSWpRSV6KakA\" \/><input type=\"hidden\" name=\"blogName\" value=\"88jPSM3LARK6pXnpqWmZOSWpRSUA\" \/><input type=\"hidden\" name=\"blogValueEncoding\" value=\"gzdeflate base64\" \/><input type=\"hidden\" name=\"postId_0\" value=\"MzQ2NzAGAA==\" \/><input type=\"hidden\" name=\"postTitle_0\" value=\"FcxBCoJAFIfxq\/whcBWhs4pcGYVBtfIE4\/jGGdAx3vgIXHWHrtAZWrXzJp0kW3\/8vmS1VUrlpYyEgmvyI+z8YRyFh5veoSQm45Z4md8u0BpxmLzuCJU3jtgtIPkv0hzfxxOFWBaLhiIO5R6TMM4SmpZqCS10j2yDq\/ZQaabgAyrj7vOr9tE4nHTX\/QA=\" \/><input type=\"hidden\" name=\"postLink_0\" value=\"yygpKSi20tcvLy\/Xy8jPSM3LARK6pXnpqWmZOSWpRSV6Kan69gW2hsbmBsYA\" \/><input type=\"hidden\" name=\"postAuthor_0\" value=\"AwA=\" \/><input type=\"hidden\" name=\"postDateTime_0\" value=\"MzIwNNI1MNE1NlAwsLAyMLEyMAAA\" \/><input type=\"hidden\" name=\"postContent_0\" value=\"rVfLbttGFN33Ky5SoGgBRX4kQR51DMhwYjuOg6B2bCCbYmRekhMOh8LM0Cq06j90WzQbf0NW3ulP+iU9d4ayZdFJgKSbWKE4d84959yHtibbWz64xhbbu+zoRBWU4e\/IjVkH+nlXs\/VBFQPaGNKR0rS5vrH5C\/nAZaBMs2dPr1TpqLUBxzKu6agJoaF\/\/\/x7rw28CJTPrxy9aF0zUUPaY8fnJb58Pf9UWsa7f9FxM9PKMB3r85JdiTOIMKQdLrS1bGnKLsMfXEmjKuhGnmW4fJfb4HHEIireqfBZ5cGPW5t5wN\/b+YVmbb2MnrSl4\/NyOr8ca7xN+8oYklfWhw\/W6R1yUTZyQKOCbWhdAp8SGdIbhTOsLTKtWjfDxaM2D6oKBFaUCwxeGhdihF2uG9DnlAD2sxbctg7HJQu5Fq8cSHY4mIWIk\/YbP9FBmbLJBzRtqGCAoI2NBTY5ioCZjhwghORVIduCkXORONnbiWBCyLXNOAy31jqJt9Ym2z9sQXKut0+blCbevv8baMZ\/3zQumyLZELgesyu21vDe9ZkuxvGEq9Yo6G2pVONOlDM2YapdSPwTuLKqZOFaZBuNCweMyMYHxJ+FHqJdVcMmhosFc0nWvqqRe4vApTLB6Ci9yMlu0lqooNpcXiHfGJ0pJxKDkmS9QcJTR8Q7jK\/ml3nQhaRiESokugW7FRSq9UA80citM+CQdhNllIMrhs4JDszKcsX8Uic3HinngdDcfwuqkoPO4BwfILJksXQ7ZMPxgXhQcJ02pvI3VHJS6RCZsDXzywhs1oq+Y2201ygmG0PiTOVVzfAUyG1rmJc7\/0jczKkaRoysvmrxFOyIpb1pvC4qqVKwc4FkceB2Mq\/TtTbeK6hyYeJYmwutkFZh2Q2WfOQ9V47D\/NIhYK2E1xIwcTiDrKLZAIT9A1mmynXEC0LI2JospntbnAFlyntadt43eC65FY1AisIH05QIfAKL5KoNjW1qzQPYZrkPSUVJd+pC3hLhuieVSmzgqvllPYFe9MLljSmY5ldjyQQ+AYZp44Q0CL1aT6fCuHTUVmKKfUcGvdQrV7fSFHqlAureIS\/VopMAWFcq4CUj7YNQBQhoB1b7yKXThRacxxPlJqiKoKv43HCYhc47H\/BZi1N2WiHHQceYPUfNkRxLnxrSmXYC1USPwPn41nIJq2VMbx1XUnDp5PIYAcqXjavpAj1mX7kZHZwO6I3mDNBMnAFQArLoD83YDyB+jjAhXS\/oXrMuVTdIoFysFt90zoMMGnwNpQZHuARkhVl3Mx4lTuCWl1GUWIkROdKQjAH8vSpNxNZznZRNbEyR7L42nWrpTSEqzoWpFLpErsV8ICsZtGtWklDnMtEE1Vv40OS5QCullmHpbLjqkn7LWbJxBP9k8Gg99rmeYY50iPaNXpeakP5Zp7kdJ6JhkNQV1XLDlfcipB1w6WQ1ULO2K8Y7WuhN+9hxysZku1FatCElFm5R8cKifs8rI3ZZsrFHKUMcg6jXbRemf+Gp0GNoMY6tWdxf1\/hoG3yMF9MRZqlEToKkzhIk6wvwhgTkXpyHKrG8A3mQKJ2MqZ5foW\/ZbkInikW9MOvA3ubbrdpdZB1FWxSRlSsUV4c+bjKrcwMbQwtr3CEmaNxHUfBtVXuOWKwdd60ud2wud609Pad8fd1CBqv71HcA+NI6tdimZHR84zb1fy1Ty7tUErIHRYp2Cc9qojiDR8rUjIW6UhO5THrYVDrM9SmUjYftle3m7olr4HCT6vtY1WOFfw2mHAqkMNL2gOd9K40mosNLwDT\/yFYtREspLzVQ8WmUtZUlo0pNVuh9KVvPrJIRlxLuOe7whhlphXLtEsM9M4367yz76iaav3+Cao9zxEUFU76314s7VouvbK9CkptfzT+KaDpq6xjtHh0L+9yr+Se8st\/ktbJWZs5M1qdIarLbwR7aSZAfBzsKmO+fLYUe0kgajdEsZGeElSALCzzRerhMRhXVOj0\/nF\/ZGRuvWtkJZFajo+3qC5lEu+155WVUoQ56pGOZQ0NRdaCNh0ucpXb71f19RZKbYIup+CX+BPtnLu2OSKYrPxknbn6JPgrODyx6Xa06I2I6qrg2nDKGAwxmugEvLVjG0YH8grQcOm+hYEQL2lKEEZQ\/v1eGMHm2tjadTodWkILIazmyYjzM+J70+oLD83u\/jzFHqnvbX3h5a01tYxS4Nh8r12P9LPqAV3KQ2jlsrLSnZ\/1fMFD+M0wOrntAKk968HhAjx8+2nxwR0tO0U4wzvLGPiNaf\/x0g9boKebA5tP1xfcv1R+r39FPPz7Z3Nj4lR5s9k2UuH1GN7C\/h9evnxF6I4r\/AA==\" \/> \t\t<a href=\"https:\/\/www.pdf24.org\" target=\"_blank\" title=\"www.pdf24.org\" rel=\"nofollow\"><img src=\"https:\/\/www.hohenlohe-ungefiltert.de\/wp-content\/plugins\/pdf24-post-to-pdf\/img\/pdf_32x32.png\" alt=\"\" border=\"0\" height=\"32\" \/><\/a> \t\t<span class=\"pdf24Plugin-cp-space\">&nbsp;&nbsp;<\/span> \t\t<span class=\"pdf24Plugin-cp-text\">Sende Artikel als PDF<\/span> \t\t<span class=\"pdf24Plugin-cp-space\">&nbsp;&nbsp;<\/span> \t\t<input class=\"pdf24Plugin-cp-input\" style=\"margin: 0px;\" type=\"text\" name=\"sendEmailTo\" placeholder=\"Emailadresse\" \/> \t\t<input class=\"pdf24Plugin-cp-submit\" style=\"margin: 0px;\" type=\"submit\" value=\"Senden\" \/> \t<\/form> <\/div>","protected":false},"excerpt":{"rendered":"<p>Der Tag der Arbeit (Dienstag, 1. Mai 2012) steht dieses Jahr unter dem Motto \u201cGute Arbeit f\u00fcr Europa. Gerechte L\u00f6hne \u2013 Soziale Sicherheit\u201c. Beginnen werden die Aktionen des Deutschen Gewerkschaftsbunds (DGB) zum 1. Mai 2012 in Schw\u00e4bisch Hall um 10.30 Uhr an der Agentur f\u00fcr Arbeit. Nach einem kurzen Auftakt startet dort der Demonstrationszug durch [&hellip;]<\/p>\n","protected":false},"author":3,"featured_media":0,"comment_status":"open","ping_status":"open","sticky":false,"template":"","format":"standard","meta":[],"categories":[],"tags":[],"_links":{"self":[{"href":"https:\/\/www.hohenlohe-ungefiltert.de\/index.php?rest_route=\/wp\/v2\/posts\/13703"}],"collection":[{"href":"https:\/\/www.hohenlohe-ungefiltert.de\/index.php?rest_route=\/wp\/v2\/posts"}],"about":[{"href":"https:\/\/www.hohenlohe-ungefiltert.de\/index.php?rest_route=\/wp\/v2\/types\/post"}],"author":[{"embeddable":true,"href":"https:\/\/www.hohenlohe-ungefiltert.de\/index.php?rest_route=\/wp\/v2\/users\/3"}],"replies":[{"embeddable":true,"href":"https:\/\/www.hohenlohe-ungefiltert.de\/index.php?rest_route=%2Fwp%2Fv2%2Fcomments&post=13703"}],"version-history":[{"count":3,"href":"https:\/\/www.hohenlohe-ungefiltert.de\/index.php?rest_route=\/wp\/v2\/posts\/13703\/revisions"}],"predecessor-version":[{"id":13707,"href":"https:\/\/www.hohenlohe-ungefiltert.de\/index.php?rest_route=\/wp\/v2\/posts\/13703\/revisions\/13707"}],"wp:attachment":[{"href":"https:\/\/www.hohenlohe-ungefiltert.de\/index.php?rest_route=%2Fwp%2Fv2%2Fmedia&parent=13703"}],"wp:term":[{"taxonomy":"category","embeddable":true,"href":"https:\/\/www.hohenlohe-ungefiltert.de\/index.php?rest_route=%2Fwp%2Fv2%2Fcategories&post=13703"},{"taxonomy":"post_tag","embeddable":true,"href":"https:\/\/www.hohenlohe-ungefiltert.de\/index.php?rest_route=%2Fwp%2Fv2%2Ftags&post=13703"}],"curies":[{"name":"wp","href":"https:\/\/api.w.org\/{rel}","templated":true}]}}