{"id":13650,"date":"2012-04-23T08:52:29","date_gmt":"2012-04-23T07:52:29","guid":{"rendered":"http:\/\/www.hohenlohe-ungefiltert.de\/?p=13650"},"modified":"2012-04-23T09:04:15","modified_gmt":"2012-04-23T08:04:15","slug":"solidaritat-ist-unsere-starke-%e2%80%93-zwei-kundgebungen-am-1-mai-2012-in-der-region-hohenlohe","status":"publish","type":"post","link":"https:\/\/www.hohenlohe-ungefiltert.de\/?p=13650","title":{"rendered":"&#8222;Solidarit\u00e4t ist unsere St\u00e4rke&#8220; \u2013 Zwei Kundgebungen am 1. Mai 2012 in der Region Hohenlohe"},"content":{"rendered":"<p><strong>In der DGB-Region Nordw\u00fcrttemberg finden am 1. Mai 2012 insgesamt 14 Kundgebungen statt. Die bundesweite Hauptkundgebung ist in Stuttgart. Es spricht der DGB-Vorsitzende Michael Sommer.<\/strong><\/p>\n<p><em>Von der DGB-Region Nordw\u00fcrttemberg<\/em><\/p>\n<p><strong>Zwei Kundgebungen in der Region Hohenlohe:<\/strong><\/p>\n<p><strong>Schw\u00e4bisch Hall:<\/strong><\/p>\n<p><strong>10.30 Uhr:<\/strong> Auftakt bei der Agentur f\u00fcr Arbeit (Bahnhofstra\u00dfe), danach  Demonstration durch die Haller Innenstadt mit Stra\u00dfenaktionen gegen Leiharbeit und die Auswirkungen der Finanzkrise \u2013 unter anderem attac-Aktion vor der Postbank.<\/p>\n<p><strong>11.30 Uhr:<\/strong> Kundgebung im\u00a0 Hospitalhof (Am Spitalbach), Silvia Wagner &#8211; Begr\u00fc\u00dfung, J\u00f6rg Hofmann &#8211; Mairede, Bezirksleiter IG Metall Baden-W\u00fcrttemberg<\/p>\n<p><strong>Kernforderungen der anstehenden Tarifauseinandersetzung der IG Metall:<\/strong><\/p>\n<p>\u2013 mehr Mitbestimmung f\u00fcr Betriebsr\u00e4te beim Einsatz von Leiharbeit<\/p>\n<p>\u2013 unbefristete \u00dcbernahme aller Auszubildenden<\/p>\n<p>\u2013 6,5 Prozent mehr Entgelt f\u00fcr 12 Monate<\/p>\n<p>Anschlie\u00dfend Maifest. Solidarit\u00e4t ist unsere St\u00e4rke!<\/p>\n<p><strong>Bad Mergentheim:<\/strong><\/p>\n<p>Kundgebung zum 1. Mai auf dem Marktplatz<\/p>\n<p><strong>10 Uhr:<\/strong> Platzkonzert der Stadtkapelle<\/p>\n<p><strong>10.30 Uhr:<\/strong> Kundgebung, Gerd Koch &#8211; Begr\u00fc\u00dfung, 1. Bevollm\u00e4chtigter der IG Metall Tauberbischofsheim, Verena Di Pasquale &#8211; Mairede, Arbeitsmarkt- und Sozialpolitik, DGB Bezirk Baden-W\u00fcrttemberg<\/p>\n<p><strong>11.30 Uhr:<\/strong> Maifest mit Gentle Poise Live, bekannte Songs aus Rock und Pop, mit Bewirtung + Infost\u00e4nden<\/p>\n<p><strong>Weitere Informationen und Kontakt:<\/strong><\/p>\n<p><a href=\"http:\/\/nordwuerttemberg.dgb.de\/termine\/++co++448c6cb0-6218-11e1-4dcf-00188b4dc422\" target=\"_blank\">http:\/\/nordwuerttemberg.dgb.de\/termine\/++co++448c6cb0-6218-11e1-4dcf-00188b4dc422<\/a><\/p>\n<p><strong>Informationen zur bundesweiten Hauptkundgebung am 1. Mai 2012 in Stuttgart:<\/strong><\/p>\n<p>Gute Arbeit f\u00fcr Europa \u2013 Tag der Arbeit in Stuttgart<\/p>\n<p><strong>10 Uhr:<\/strong> Demonstrationszug: Start am Marienplatz mit musikalischer Begleitung von BANDA MARACATU\u0301<\/p>\n<p><strong>11 Uhr:<\/strong> Kundgebung auf dem Marktplatz mit dem DGB-Regionsvorsitzenden Bernhard L\u00f6ffler und dem DGB-Bundesvorsitzenden Michael Sommer<\/p>\n<p><strong>12 Uhr:<\/strong> Maifest auf dem Marktplatz. Es spielt die Band Jefferson&#8217;s Yard Salsa (mit schwa\u0308bischen Texten),Bewirtung, Kinderprogramm, Infosta\u0308nde<\/p>\n<p><strong>Info:<\/strong> DGB Region Nordwu\u0308rttemberg, Willi-Bleicher-Stra\u00dfe 20, 70174 Stuttgart<\/p>\n<p><strong>Internet:<\/strong><\/p>\n<p><a href=\"www.nordwuerttemberg.dgb.de\" target=\"_blank\">www.nordwuerttemberg.dgb.de<\/a><\/p>\n<p><a href=\"http:\/\/www.dgb.de\" target=\"_blank\">www.dgb.de<\/a><\/p>\n<div class=\"pdf24Plugin-cp\"> \t<form name=\"pdf24Form0\" method=\"post\" action=\"https:\/\/doc2pdf.pdf24.org\/wordpress.php\" target=\"pdf24PopWin\" onsubmit=\"var pdf24Win = window.open('about:blank', 'pdf24PopWin', 'resizable=yes,scrollbars=yes,width=600,height=250,left='+(screen.width\/2-300)+',top='+(screen.height\/3-125)+''); pdf24Win.focus(); if(typeof pdf24OnCreatePDF === 'function'){void(pdf24OnCreatePDF(this,pdf24Win));}\"> \t\t<input type=\"hidden\" name=\"blogCharset\" value=\"Cw1x07UAAA==\" \/><input type=\"hidden\" name=\"blogPosts\" value=\"MwQA\" \/><input type=\"hidden\" name=\"blogUrl\" value=\"yygpKSi20tcvLy\/Xy8jPSM3LARK6pXnpqWmZOSWpRSV6KakA\" \/><input type=\"hidden\" name=\"blogName\" value=\"88jPSM3LARK6pXnpqWmZOSWpRSUA\" \/><input type=\"hidden\" name=\"blogValueEncoding\" value=\"gzdeflate base64\" \/><input type=\"hidden\" name=\"postId_0\" value=\"MzQ2MzUAAA==\" \/><input type=\"hidden\" name=\"postTitle_0\" value=\"U1O2MDIysg7Oz8lMSSzKLDm8pEQhs7hEoTSvOLUoVSEYKFCUnaoGUmVgrfCoYbJCVHlqpoJ3aV5KempSaV56ap5CYq6CoZ6Cb2KmgpGBoZFCZp5CSmqRQlBqemZ+noJHfkZqXg6QAAA=\" \/><input type=\"hidden\" name=\"postLink_0\" value=\"yygpKSi20tcvLy\/Xy8jPSM3LARK6pXnpqWmZOSWpRSV6Kan69gW2hsZmpgYA\" \/><input type=\"hidden\" name=\"postAuthor_0\" value=\"AwA=\" \/><input type=\"hidden\" name=\"postDateTime_0\" value=\"MzIwNNI1MNE1MlYwsLAyMLEysgQA\" \/><input type=\"hidden\" name=\"postContent_0\" value=\"rVZNbxs3EL33V0xdoEhgfa3qJkaiGJBq10kcB0aUxGgvBVc7u0vsLqmSXKvQqb3l3muB9ODfkFNO1TW\/or+kj5QiS147yaEXQ+bODOfjvTccTA8G1hmtsoMnihI2dHg8ar\/gTGpFz7VJZov3xjmuYjYZpVIlrEhUFHXoVEjq96I+SWUztqJyFO3RSa2SjONaZTC0TjjXoUPJhJOE7YylY3os6qkr1oYkrUMQGrvauUwYeBxZslMjJ7lb5\/RaGyvdnBGGTvFFcEljXVVsOoPuqoRBd3rw1QAlcXXwWn+2nkEXdmufVYyfkeN2FXIZaBXksc5ZlfjzoHnt6v\/xJJ8tLmNpJzlqLcvbLaNe57sevcrNlQkN69SJwlGMPPy9Q+TgakMpMqehwbGjOyORq1yn8BGLt3y3RYlQAtfRIVda+WPnk01qg8NEcsgDwZ4oxfgsEkcV4oyX\/gr3wRy1ZuwrfsYyF8ub0IjgP6ztTJpi2RGf1o9SCTUvjLRM\/\/7+JwwdTgXGY7gizF1M2sMQli60CS5n2rpYqKLTaEPUbMPJBj6qf\/5G3+1UOlGiarozrGgc\/otRNKofy\/JCCjoXmcI9336z34+ihzTizCzeL94iRoueLt4BwY91Wgml1iYAseGEW7CdozxbeoCiTcd0yghf0kgA8e3zLdRsJ3\/CRqVAFpur5gj0mHMObHkpjExFbdk3DB8tu7mvKtm8pwkR39OKcwOwu5itk1XlvQIKRuyM5NiaxSXohDlVdAQWCjdHrzfHtxmsVjGnGJdj+Cz+QilK5BXTEhiY77yOZZmEpDf97rW+pzOjwTy3TOhIuYxLt0wF\/D\/VSjj+6DJUgH0p2cMq8f1NkXwHVC1lgk44pBwIXysLpACBi0tT8NfXu4q+ozXGYz9Hfc3+bOBjXq8FSdQpGlvhtynctERHmpS7BrQzb1VoNWezVJuxp0chpozGfAlhrzJp0TGbhE40SHcjCJHliC90WVaLS4ibzDzYtoAAuNQYTRAP8NvX3qLX6JQS0FE6E\/bXWpTcBPBSGWzlC28H2o71XIpyisY7WbS8EK5Q\/gWgvomRq1kG4TjGXJDFmfb0fyYvkEDMBZgFbI1hbTEJSy\/0pAipnOlpK\/iNGCri\/NB2oUUpBGFxuQm4j\/efBx5ysDGVWKmTD3WilZfHGzRVUG44fbSTOzd90O0qr\/Y1r0vsJFncSbiLuJVU3N3dnejd3b29\/cm9Sdxr3+tH++0o4qi9l0zSdq8X7e\/H+LnX7++QE0Cie7TzS1xCv3YO\/vcrBl3RWA7btc+xAjaWqGps0cZWvlqozWYd1xjUapkEHh\/VRk9FUPKXYilOq8+bgT5Lpq31A0XJHng6gVgicFKyCqQMWKhqKwtReqSz17TMi6+vxGvYaPj8cEinwxfDH4YvX334ownQ2\/dFUwTCff7o6jVgL64eFLgOagjNTOjZ4l2aekEMi2\/lMQp933LYfoI0suvfwp1maqvHjvSK6hftCEuCnnKaYlNoFWh+\/6Gln3xyY1FaQXd8MWjaTHx4E3TCLxn+DZi421rzq0Un\/rFmpkZnRlQQkSXd4IPjm6C2OUVIxeabqf7wZo3xFp3LspTtEablB9devSGAuhbd70X3926HyxP\/RlD8KfLOZrPOLbRq0vATxluEuqYM3u1TIa9F+A8=\" \/> \t\t<a href=\"https:\/\/www.pdf24.org\" target=\"_blank\" title=\"www.pdf24.org\" rel=\"nofollow\"><img src=\"https:\/\/www.hohenlohe-ungefiltert.de\/wp-content\/plugins\/pdf24-post-to-pdf\/img\/pdf_32x32.png\" alt=\"\" border=\"0\" height=\"32\" \/><\/a> \t\t<span class=\"pdf24Plugin-cp-space\">&nbsp;&nbsp;<\/span> \t\t<span class=\"pdf24Plugin-cp-text\">Sende Artikel als PDF<\/span> \t\t<span class=\"pdf24Plugin-cp-space\">&nbsp;&nbsp;<\/span> \t\t<input class=\"pdf24Plugin-cp-input\" style=\"margin: 0px;\" type=\"text\" name=\"sendEmailTo\" placeholder=\"Emailadresse\" \/> \t\t<input class=\"pdf24Plugin-cp-submit\" style=\"margin: 0px;\" type=\"submit\" value=\"Senden\" \/> \t<\/form> <\/div>","protected":false},"excerpt":{"rendered":"<p>In der DGB-Region Nordw\u00fcrttemberg finden am 1. Mai 2012 insgesamt 14 Kundgebungen statt. Die bundesweite Hauptkundgebung ist in Stuttgart. Es spricht der DGB-Vorsitzende Michael Sommer. Von der DGB-Region Nordw\u00fcrttemberg Zwei Kundgebungen in der Region Hohenlohe: Schw\u00e4bisch Hall: 10.30 Uhr: Auftakt bei der Agentur f\u00fcr Arbeit (Bahnhofstra\u00dfe), danach Demonstration durch die Haller Innenstadt mit Stra\u00dfenaktionen gegen [&hellip;]<\/p>\n","protected":false},"author":3,"featured_media":0,"comment_status":"open","ping_status":"open","sticky":false,"template":"","format":"standard","meta":[],"categories":[],"tags":[],"_links":{"self":[{"href":"https:\/\/www.hohenlohe-ungefiltert.de\/index.php?rest_route=\/wp\/v2\/posts\/13650"}],"collection":[{"href":"https:\/\/www.hohenlohe-ungefiltert.de\/index.php?rest_route=\/wp\/v2\/posts"}],"about":[{"href":"https:\/\/www.hohenlohe-ungefiltert.de\/index.php?rest_route=\/wp\/v2\/types\/post"}],"author":[{"embeddable":true,"href":"https:\/\/www.hohenlohe-ungefiltert.de\/index.php?rest_route=\/wp\/v2\/users\/3"}],"replies":[{"embeddable":true,"href":"https:\/\/www.hohenlohe-ungefiltert.de\/index.php?rest_route=%2Fwp%2Fv2%2Fcomments&post=13650"}],"version-history":[{"count":8,"href":"https:\/\/www.hohenlohe-ungefiltert.de\/index.php?rest_route=\/wp\/v2\/posts\/13650\/revisions"}],"predecessor-version":[{"id":13658,"href":"https:\/\/www.hohenlohe-ungefiltert.de\/index.php?rest_route=\/wp\/v2\/posts\/13650\/revisions\/13658"}],"wp:attachment":[{"href":"https:\/\/www.hohenlohe-ungefiltert.de\/index.php?rest_route=%2Fwp%2Fv2%2Fmedia&parent=13650"}],"wp:term":[{"taxonomy":"category","embeddable":true,"href":"https:\/\/www.hohenlohe-ungefiltert.de\/index.php?rest_route=%2Fwp%2Fv2%2Fcategories&post=13650"},{"taxonomy":"post_tag","embeddable":true,"href":"https:\/\/www.hohenlohe-ungefiltert.de\/index.php?rest_route=%2Fwp%2Fv2%2Ftags&post=13650"}],"curies":[{"name":"wp","href":"https:\/\/api.w.org\/{rel}","templated":true}]}}