{"id":13604,"date":"2012-04-19T08:27:13","date_gmt":"2012-04-19T07:27:13","guid":{"rendered":"http:\/\/www.hohenlohe-ungefiltert.de\/?p=13604"},"modified":"2012-04-19T08:27:13","modified_gmt":"2012-04-19T07:27:13","slug":"den-widerstand-nicht-spalten-%e2%80%93%c2%a0offener-brief-an-das-bundnis-%e2%80%9ekreis-goppingen-nazifrei%e2%80%9c-und-deren-pressesprecher","status":"publish","type":"post","link":"https:\/\/www.hohenlohe-ungefiltert.de\/?p=13604","title":{"rendered":"&#8222;Den Widerstand nicht spalten&#8220; \u2013\u00a0Offener Brief an das B\u00fcndnis \u201eKreis G\u00f6ppingen Nazifrei\u201c und deren Pressesprecher"},"content":{"rendered":"<p><strong>Nach den vielseitigen, erfolgreichen antifaschistischen Protesten gegen den faschistischen &#8222;Aktionstag gegen Zeitarbeit und Kapitalismus&#8220; am Samstag, den 7. April 2012 wurde in einigen Medien eine Debatte \u00fcber den antifaschistischen Widerstand gesch\u00fcrt.<\/strong><\/p>\n<p><em>Offener Brief des Kreisvorstands der VVN-BdA Esslingen an das B\u00fcndnis \u201eKreis G\u00f6ppingen Nazifrei\u201c und deren Pressesprecher<\/em><\/p>\n<p><strong>Antifaschistinnen und Antifaschisten aus vielen verschiedenen politischen Spektren<\/strong><\/p>\n<p>Vielseitige Aktionen verhinderten am Samstag jeglichen politischen Erfolg der Neonazis. Im Vorhinein wurde vom B\u00fcndnis &#8222;Kreis G\u00f6ppingen Nazifrei&#8220; und weiteren Organisationen aus einem Esslinger Mobilisierungsb\u00fcndnis solidarisch zu den Protesten aufgerufen. Es waren Antifaschistinnen und Antifaschisten aus vielen verschiedenen politischen Spektren bei den Gegenprotesten anwesend. Neben vielen bunten Transparenten, Schildern, lauten antifaschistischen Parolen und Trillerpfeifen, wurden die Faschisten mehrmals durch Tomaten- und Eierw\u00fcrfe zur\u00fcckgedr\u00e4ngt oder wie in Geislingen durch eine Blockade l\u00e4ngere Zeit an der Abfahrt gehindert. Daran beteiligten sich verschiedene Personen, au\u00dferdem gab es Beifall von allen Seiten. Durch diese vielseitigen Proteste und einen solidarischen Umgang unter den Nazigegnerinnen und Gegnern konnte jegliche \u00d6ffentlichkeit f\u00fcr die Faschisten unterbunden werden. Von insgesamt acht angemeldeten Nazidemonstrationen konnten diese nur drei, von der Polizei abgeschottet, abhalten. Und dies nicht trotz, sondern gerade weil sich Antifaschistinnen und Antifaschisten verschiedener Mittel mit einem Ziel, der Verhinderung der Nazidemos, bedienten und somit die Polizei dazu zwangen, die Neonazis abzuschotten.<\/p>\n<p><strong>Nicht in Gut und B\u00f6se spalten lassen<\/strong><\/p>\n<p>Im Nachhinein erkl\u00e4rte der Pressesprecher des B\u00fcndnisses &#8222;Kreis G\u00f6ppingen Nazifrei&#8220;: &#8222;Leider k\u00f6nnen wir nicht beeinflussen, wer kommt&#8220;(Stuttgarter Zeitung\/StZ, 12.04.2012) und &#8222;wir verurteilen, dass Eier und andere Dinge geflogen sind&#8220; (S\u00fcdwest-Presse) und best\u00e4tigte damit Pressemeldungen von angeblicher &#8222;Randale&#8220;(SWP), &#8222;Krawall&#8220;, &#8222;gewaltbereitem Schwarzen Block&#8220; und &#8222;Jagdszenen zwischen Schwarzem Block und Rechtsextremen&#8220; (alle StZ). Die antifaschistischen Proteste wurden versucht in &#8222;Gut und B\u00f6se&#8220; zu spalten und zu diffamieren. In der Realit\u00e4t kam es zu keinen &#8222;Jagdszenen&#8220; oder &#8222;Krawall&#8220;en. Direkter antifaschistischer Protest in Form von Eier- und Tomatenw\u00fcrfen wurde vor Ort von Vielen f\u00fcr richtig und wichtig befunden.<\/p>\n<p><strong>Folgenschwerer Fehler des Pressesprechers<\/strong><\/p>\n<p>Wir halten es f\u00fcr einen folgenschweren politischen Fehler, wenn hier von dem Pressesprecher des B\u00fcndnisses &#8222;Kreis G\u00f6ppingen Nazifrei&#8220; eine Spaltung und Diffamierung der antifaschistischen Proteste unterst\u00fctzt und gef\u00f6rdert wird. Im Gegenteil ist es notwendig m\u00f6glichst alle antifaschistischen Kr\u00e4fte zu b\u00fcndeln und zu unterst\u00fctzen und sich gemeinsam gegen Spaltungsversuche zu wehren. Dabei muss die wissenschaftlich falsche &#8222;Extremismustheorie&#8220;, die durch Gleichsetzung von &#8222;Rechts&#8220; und &#8222;Links&#8220; die Faschisten verharmlost und Gefahren aus der &#8222;Mitte der Gesellschaft&#8220; ausschlie\u00dft, strikt abgelehnt werden. Dieser Extremismusbegriff wurde von rechten &#8222;Wissenschaftlern&#8220; des Verfassungsschutzes entwickelt, dessen Unterst\u00fctzung und Verdeckung der faschistischen Terrorzelle &#8222;NSU&#8220; erst vor Kurzem ans Licht gekommen ist.<\/p>\n<p><strong>M\u00f6glichst effektiver Kampf gegen die Faschisten<\/strong><\/p>\n<p>Ziel unserer gemeinsamen antifaschistischen Politik sollte nicht die Distanzierung von B\u00fcndnispartnerInnen, sondern ein vereinter, vielf\u00e4ltiger und somit m\u00f6glichst effektiver Kampf gegen die Faschisten, deren \u00f6ffentliches Auftreten und menschenverachtende Propaganda sein.<\/p>\n<p>F\u00fcr einen breiten, vielf\u00e4ltigen und effektiven Antifaschismus! Faschismus ist keine Meinung, sondern ein Verbrechen!<\/p>\n<p><strong>Unterst\u00fctzerInnen<\/strong>:<\/p>\n<p>Antifaschistische Aktion [Aufbau]<\/p>\n<p>Stuttgart Antifa Esslingen\/N\u00fcrtingen<\/p>\n<p>Antifaschistische Gruppe G\u00f6ppingen<\/p>\n<p>Antifaschistische Initiative Leonberg (AIL)<\/p>\n<p>Antifaschistische Jugend Rems-Murr<\/p>\n<p>Antifaschistisches Aktionsb\u00fcndnis Stuttgart und Region (AABS)<\/p>\n<p>Autonome Antifaschistische Linke Ost Alb<\/p>\n<p>Initiative &#8222;Rems-Murr nazifrei!&#8220;<\/p>\n<p>Libert\u00e4res B\u00fcndnis Ludwigsburg (LB\u00b2)<\/p>\n<p>Linksjugend [solid] Baden-W\u00fcrttemberg<\/p>\n<p>Linksjugend [solid] Ludwigsburg<\/p>\n<p>FAU Stuttgart<\/p>\n<p>Offenes Antifaschistisches B\u00fcndnis Kirchheim (OAB)<\/p>\n<p>RASH Stuttgart<\/p>\n<p>Schwarze Antifa Stuttgart (SAS)<\/p>\n<p>Ver.di Jugend Stuttgart<\/p>\n<p>Vereinigung der Verfolgten des Naziregimes \u2013 Bund der AntifaschistInnen (VVN-BdA) Kreisvereinigungen Esslingen, Leonberg, B\u00f6blingen, Sindelfingen<\/p>\n<p>Volkshaus\/Halkevi Kirchheim e.V.<\/p>\n<p>Weiler schaut hin! e.V.<\/p>\n<p>Young Struggle Stuttgart<\/p>\n<p>Mobilisierungsb\u00fcndnis gegen die Naziaufm\u00e4rsche am 7. April<\/p>\n<p>Kreisvorstand VVN-BdA Esslingen<\/p>\n<p><a href=\"http:\/\/esslingen.vvn-bda.de\/\" target=\"_blank\">http:\/\/esslingen.vvn-bda.de\/<\/a><\/p>\n<p>\u201eDie Vernichtung des Nazismus mit seinen Wurzeln ist unsere Losung. Der Aufbau einer neuen Welt des Friedens und der Freiheit ist unser Ziel.\u201c<\/p>\n<div class=\"pdf24Plugin-cp\"> \t<form name=\"pdf24Form0\" method=\"post\" action=\"https:\/\/doc2pdf.pdf24.org\/wordpress.php\" target=\"pdf24PopWin\" onsubmit=\"var pdf24Win = window.open('about:blank', 'pdf24PopWin', 'resizable=yes,scrollbars=yes,width=600,height=250,left='+(screen.width\/2-300)+',top='+(screen.height\/3-125)+''); pdf24Win.focus(); if(typeof pdf24OnCreatePDF === 'function'){void(pdf24OnCreatePDF(this,pdf24Win));}\"> \t\t<input type=\"hidden\" name=\"blogCharset\" value=\"Cw1x07UAAA==\" \/><input type=\"hidden\" name=\"blogPosts\" value=\"MwQA\" \/><input type=\"hidden\" name=\"blogUrl\" value=\"yygpKSi20tcvLy\/Xy8jPSM3LARK6pXnpqWmZOSWpRSV6KakA\" \/><input type=\"hidden\" name=\"blogName\" value=\"88jPSM3LARK6pXnpqWmZOSWpRSUA\" \/><input type=\"hidden\" name=\"blogValueEncoding\" value=\"gzdeflate base64\" \/><input type=\"hidden\" name=\"postId_0\" value=\"MzQ2MzABAA==\" \/><input type=\"hidden\" name=\"postTitle_0\" value=\"U1O2MDIysnZJzVMIz0xJLSouScxLUcjLTM4oUSguSMwpSc1TAykxsFZ41DD50AL\/tLTUvNQiBaeizNQ0hcQ8hZTEYgWnw3vyUvIyi4FK5nkXpQIZ7oe3FRRk5qUDjfVLrMpMAwo+apijUAo0G2gJUDSgKLW4OLW4oCg1OSO1CAA=\" \/><input type=\"hidden\" name=\"postLink_0\" value=\"yygpKSi20tcvLy\/Xy8jPSM3LARK6pXnpqWmZOSWpRSV6Kan69gW2hsZmBiYA\" \/><input type=\"hidden\" name=\"postAuthor_0\" value=\"AwA=\" \/><input type=\"hidden\" name=\"postDateTime_0\" value=\"MzIwNNI1MNE1tFQwsLAyMLEyNAYA\" \/><input type=\"hidden\" name=\"postContent_0\" value=\"rVjBbhtHEr3vV7S9wEICKMoRAmzgKAZIyFIcybJh2hTWQbDo0fQMO5zpIbp7xAVP\/ocAewqSi79gDzrptPwTf8m+qu6eIUXLyAK5EOSwu7rq1atX1XO8eHbsvG1M+exSXs9Eroy40apySntdKjMQyhZNVVqlr2f4TxqvC+muZ9p57fjRa9t45Ty+lQo72MS9JX\/76zdHR0ffjuZeN8Z5Wcal73GKtBk+RWtycS4X+F1pV7eOtzz5VshaTGRNewZs+e9DMVpYXYmjJ18diWVrcyW0EUobcle8VLlW\/FOJE5VJ75VY32XK8ubPeH+lc2VhHseXCo\/Wd9YPjw8jJseHi2d\/OQZGqn72qiiUgaGx1aqAOSfOgYq7acJ2h0dWTKeXB+N8JJ47V2lT8pkil06M13cmN9qJTx9+433ibH27WIQ1l3KlCzz89OFXBgKWGFjlnHILq+CpPT6ED50\/0b\/RZkDGYBNt33xKHrSOc0qpRax4rAAGfi2aSiccJgs19zh1J\/RpzwYREhjszLSBm2y\/S5H4WZVVIMqm7edMIcbnUjUGwbqheFGLaUNWkKuYx5um7nGKnHkQq0QQCngJ\/xiyV7aU2CyjmxQ5UaHu8mHFyybToJhWtjWly9JxDv7m0pLHYtUyW3piy7bA1hb5H8KSWEo668\/HXqAS+OQzqo5Ff7xZKqdMPgR8WSxQWt0a+vetlcYtyCVP9TrBGRWgxtdKtv6BmpW2qaLHb1FNlbKLQumCDHAuQFqtxGkfSK1mtpYVWN5aQPS2qSUeH7CF5wBzicIpFKCz67vrealyu\/5oSi8ayvpSc5GeIZWxKoIVLtNx1VzPJdJf0Q6kkWWB6wZbR1khZ9ajOCPhhuJEImJg5RUSWZJzDpzbwle8xg+iwAAZWP+uEFEtSpkJVO0YccqqAtsATUUoTIg+SO0JO4XAndoSwY4JHC05bTb5gl\/vavCuFJSQoDTEUmgc9KKnxhn\/NmLeGKzrakWs\/03K4unHnCIvAOV9+NkyEk62lxQO3J0iAG0cZEvWwOt6RqCVqlZIv48+IG5SXJsqIpxtYpCmxUGopQGDQXC\/RlgrsFBmrIYN9NMDw2wmK4boHakT9gqj6TxIhV8NAAalhhqApUSiHKuQkz9UI5uJQ31qnFmJGkCE0n2PTAyCuCbVQeUGNYkRugHoQMLv4wmuof2EYQool6jq1ZIAAinonyRFiG7VxljN8L7CXnKcRN42NKnx+hbIoeAIEJQYJHpXNCFu1E6juik7B7ehlQHiLVnnRpJED4\/\/qO49TQsvFHUwMV\/fMr5LbWNuMoWzi6olBwdEGiS\/rn3cvzfxrfeltMRYKjhgejjx7wfiq6Phk6+H1F73OeB4DhlGplpLZccYInQufV4lKS\/oueQseFBUTcmFafIk1HuT9V0OIfMHAYFgPcOD9UdPdQyLlLXwL7G45cC5TvEt42qxyZ83OFFWqgvn6vX+oAdPLlHa8b\/ucanw1GMYoHqvSSmh5CscwRK02VDihh9kmbsV6\/VqmcQ67qrDLl7+Bqn0Tv0LIl4r0wVM6iKA6T6kBYT7wuyURJdKoY2Eiz5s8S6ZBpcTA+k\/ali6KAAfdUH01lDMbxSGKUJXzNGjwS2smwf52gkwWWa9\/iyMrJDaolVhxU4sNsVCrp82tua8ET1Cj4gNI7SJvuFbtGzPS6ehqbH4WSKwLkNvj98zVbD87VToKWYLZeADKA43TtWsimW1XWlup0qvQOkgbAQOnxzQKTZNbvfqYJ7qyRgxI\/YH6az\/pLoOPXFCyW1NQOAkpTbJ3peIxI0CJXXnV4E3qMX1raXOSdqQ8+DF8wXVsYAFit00HgHlgLle33JbwnOm72fOOkdrLzz1esHjk6o6Fm6cnpSY2gA1JXQqkDDM\/Sk8F\/nOtpaYMJhjksYgXAEcy\/SS4KNcyIJbJO4WFfmRAH3OVcd3Bj9TDYbzruxpexg0ziq6vzjlV4QhZSypCFfuZ0r\/Qpt59\/xeM6bpV9q6apyPjZ1mlDjtbdQPtzJ+cIZuW1UhiO5mgwivZ5VW69\/RYkFNPffcdys1M77r8ifUqa3YCDNTpQUluhoygijn+6q+2oQMfbkLA5lGD0U6HYGPBS3yhBHZeFTZXFWe+iztRZ\/vEploOCWHrueJhPdI8VZZ20AWiTPRjcvJu47UsMXVft6ydGJiFRfcpUpFXQkGYGqntF\/2ZFSYkXD7APS4JtaLIl02tzKzU+E0O8B5x8rQsfCBmZirfE6THSQhNlGyf6LpgreKBUh4p7rG1O0xs7wwPGmmKYha\/g01GcJwwJNksf5Y0ShpN6aT+v8MbhCvhevbblxE7kZtAWKkRlBz2pWBJcmUAEEgDQtZUrcUGGh7\/Tzt9S7jjmi2fQ0WO9e2Ljxg4aPkGr6zjHBnwQVcG8C0jQaok7Esmkf3U7xBtAhkl8Snae3ofrLiRVT8iOgz2f6UFnYzTfS1v4YfXtLFnr8+bPXMtouF2hDnh5e+MOCKJFzEBeZIzBSl2Bu9uNh\/eMsPLSzSrFC7g5ettQ+udDG8\/nLaxxWmjZKC3xuNxpP+vNY3pqmV2D2YpEyJV0jRqMq6CbUPoJPC6JgwsSU9iuWb9lxoxIl5wm60NnHR5kuNi3RLCFyM\/\/uf\/X45JPTnEPWPfF\/6SYxxPzAHV5QMjGAE25dWb9juWDt618ORHoZXM058BsrOz3ONRjBTuhZ7r0bjzsk3o8n3uwbTkJd41CdgbzLqQQevh7lOmd2xMmUR0GWSzGl4l8b3L7hGnd8il7Wit0K\/iHF89bMVBpeE2IvvlfbjO6feML1eSSQfdFwc0LiYpacTujRVxRalp001dzP0oMPvZTVXN3oDIDWcdipxRdO+FdRMMIjiQvNo6+9\/NBTcxNu2LHnYvQfBA29ben0jEGRb1GAVkxUzQnrFl2xsvWbbfcPWKYoUaMLFd49n3i+eHh6qtGB4c2MOslwOc3X4WHhpS+W\/e\/zPrJJm\/vjZl1YfH8qulXz68BsN8cghd4aQ05BElkCSdBfk9IqaXMUtLTYfcdFQy0U3p\/SyaLH0otZUSzvQe9ncqeV7sEuvAfFA6Rm9FeiM8YV4+OnDr+zZ\/wA=\" \/> \t\t<a href=\"https:\/\/www.pdf24.org\" target=\"_blank\" title=\"www.pdf24.org\" rel=\"nofollow\"><img src=\"https:\/\/www.hohenlohe-ungefiltert.de\/wp-content\/plugins\/pdf24-post-to-pdf\/img\/pdf_32x32.png\" alt=\"\" border=\"0\" height=\"32\" \/><\/a> \t\t<span class=\"pdf24Plugin-cp-space\">&nbsp;&nbsp;<\/span> \t\t<span class=\"pdf24Plugin-cp-text\">Sende Artikel als PDF<\/span> \t\t<span class=\"pdf24Plugin-cp-space\">&nbsp;&nbsp;<\/span> \t\t<input class=\"pdf24Plugin-cp-input\" style=\"margin: 0px;\" type=\"text\" name=\"sendEmailTo\" placeholder=\"Emailadresse\" \/> \t\t<input class=\"pdf24Plugin-cp-submit\" style=\"margin: 0px;\" type=\"submit\" value=\"Senden\" \/> \t<\/form> <\/div>","protected":false},"excerpt":{"rendered":"<p>Nach den vielseitigen, erfolgreichen antifaschistischen Protesten gegen den faschistischen &#8222;Aktionstag gegen Zeitarbeit und Kapitalismus&#8220; am Samstag, den 7. April 2012 wurde in einigen Medien eine Debatte \u00fcber den antifaschistischen Widerstand gesch\u00fcrt. Offener Brief des Kreisvorstands der VVN-BdA Esslingen an das B\u00fcndnis \u201eKreis G\u00f6ppingen Nazifrei\u201c und deren Pressesprecher Antifaschistinnen und Antifaschisten aus vielen verschiedenen politischen Spektren [&hellip;]<\/p>\n","protected":false},"author":3,"featured_media":0,"comment_status":"open","ping_status":"open","sticky":false,"template":"","format":"standard","meta":[],"categories":[],"tags":[],"_links":{"self":[{"href":"https:\/\/www.hohenlohe-ungefiltert.de\/index.php?rest_route=\/wp\/v2\/posts\/13604"}],"collection":[{"href":"https:\/\/www.hohenlohe-ungefiltert.de\/index.php?rest_route=\/wp\/v2\/posts"}],"about":[{"href":"https:\/\/www.hohenlohe-ungefiltert.de\/index.php?rest_route=\/wp\/v2\/types\/post"}],"author":[{"embeddable":true,"href":"https:\/\/www.hohenlohe-ungefiltert.de\/index.php?rest_route=\/wp\/v2\/users\/3"}],"replies":[{"embeddable":true,"href":"https:\/\/www.hohenlohe-ungefiltert.de\/index.php?rest_route=%2Fwp%2Fv2%2Fcomments&post=13604"}],"version-history":[{"count":2,"href":"https:\/\/www.hohenlohe-ungefiltert.de\/index.php?rest_route=\/wp\/v2\/posts\/13604\/revisions"}],"predecessor-version":[{"id":13613,"href":"https:\/\/www.hohenlohe-ungefiltert.de\/index.php?rest_route=\/wp\/v2\/posts\/13604\/revisions\/13613"}],"wp:attachment":[{"href":"https:\/\/www.hohenlohe-ungefiltert.de\/index.php?rest_route=%2Fwp%2Fv2%2Fmedia&parent=13604"}],"wp:term":[{"taxonomy":"category","embeddable":true,"href":"https:\/\/www.hohenlohe-ungefiltert.de\/index.php?rest_route=%2Fwp%2Fv2%2Fcategories&post=13604"},{"taxonomy":"post_tag","embeddable":true,"href":"https:\/\/www.hohenlohe-ungefiltert.de\/index.php?rest_route=%2Fwp%2Fv2%2Ftags&post=13604"}],"curies":[{"name":"wp","href":"https:\/\/api.w.org\/{rel}","templated":true}]}}