{"id":13602,"date":"2012-06-18T06:04:31","date_gmt":"2012-06-18T05:04:31","guid":{"rendered":"http:\/\/www.hohenlohe-ungefiltert.de\/?p=13602"},"modified":"2012-06-18T09:17:02","modified_gmt":"2012-06-18T08:17:02","slug":"bundesgerichtshof-entscheidet-uber-fusion-des-haller-tagblatts-mit-der-sudwestpresse-%e2%80%93-mundliche-verhandlung-am-19-juni-2012","status":"publish","type":"post","link":"https:\/\/www.hohenlohe-ungefiltert.de\/?p=13602","title":{"rendered":"&#8222;Bundesgerichtshof entscheidet \u00fcber Fusion des Haller Tagblatts mit der S\u00fcdwestpresse&#8220; \u2013 M\u00fcndliche Verhandlung am 19. Juni 2012"},"content":{"rendered":"<p><strong>Das Fusionsvorhaben &#8222;Neue Pressegesellschaft (S\u00fcdwestpresse Ulm) und Zeitungsverlag Schw\u00e4bisch Hall wird am Dienstag, 19. Juni 2012, ab 9 Uhr, vor dem Kartellsenat des Bundesgerichtshofs (BGH) in Karlsruhe im Raum N 004 m\u00fcndlich verhandelt. Dies teilten der BGH und das Bundeskartellamt auf Nachfrage von Hohenlohe-ungefiltert mit. Das Verfahren tr\u00e4gt das Aktenzeichen KVR 15\/11. Die Verhandlung ist \u00f6ffentlich.<\/strong><\/p>\n<p><em>Von Ralf Garmatter, Hohenlohe-ungefiltert<\/em><\/p>\n<p><strong>Bundeskartellamt hatte Fusion untersagt<\/strong><\/p>\n<p>Hintergrund: Die S\u00fcdwestpresse Ulm will das Haller Tagblatt \u00fcbernehmen. Das Bundeskartellamt hat diese Fusion untersagt. Das Oberlandesgericht D\u00fcsseldorf hob den Beschluss des Bundeskartellamts auf. Ende Februar 2011 hatte das Bundeskartellamt Rechtsbeschwerde gegen die Entscheidung des Oberlandesgerichts (OLG) D\u00fcsseldorf in Sachen Haller Tagblatt eingelegt.<\/p>\n<p><strong>Eine Chronologie der bisherigen Ereignisse:<\/strong><\/p>\n<p><strong>Der Tenor der Entscheidung des Oberlandesgerichts D\u00fcsseldorf lautete:<\/strong><\/p>\n<p>Auf die Beschwerden von Claus Detjen aus Ingolstadt, Verleger des Haller Tagblatts, dem Zeitungsverlag Schw\u00e4bisch Hall GmbH und der S\u00fcdwestpresse Ulm (Neue Pressegesellschaft mbH &amp; Co. KG, Ulm) wird der Beschluss des Bundeskartellamtes vom 21. April 2009 (B 6 \u2013 150\/08) aufgehoben. Das Bundeskartellamt tr\u00e4gt die Kosten des Beschwerdeverfahrens. Es hat zudem den Beteiligten die im Beschwerdeverfahren zur zweckentsprechenden Rechtsverfolgung entstandenen notwendigen Kosten zu erstatten. Die Rechtsbeschwerde wird zugelassen. Der Beschwerdewert wird auf zwei Millionen Euro festgesetzt.<\/p>\n<p><strong>Verlage erwarten die schriftliche Begr\u00fcndung in der Woche nach Weihnachten 2010<\/strong><\/p>\n<p>Das Hohenloher Tagblatt in Crailsheim, das mehrheitlich der S\u00fcdwestpresse Ulm geh\u00f6rt, berichtete auf der Wirtschaftseite der Donnerstagsausgabe (23. Dezember 2010\/Seite 12), dass der &#8222;Verleger des Haller Tagblatts, Claus Detjen&#8220;, durch die Fusion eine &#8222;zukunftsorientierte Grundlage f\u00fcr das Blatt schaffen will&#8220;. Laut Hohenloher Tagblatt hat das Oberlandesgericht &#8222;auf Antrag des Kartellamts die Revision beim Bundesgerichtshof zugelassen&#8220;. Die Verlage (Haller Tagblatt und S\u00fcdwestpresse Ulm) wollen erst &#8222;nach Kenntnis der Begr\u00fcndung des D\u00fcsseldorfer Urteils dazu Stellung nehmen&#8220;. Nach Angaben des Hohenloher Tagblatts wird die schriftliche Begr\u00fcndung in der Woche nach Weihnachten erwartet.<\/p>\n<p>Das Oberlandesgericht D\u00fcsseldorf (OLG) hatte schon drei Mal eine entsprechende m\u00fcndliche Verhandlung vertagt. Die letzte Schriftsatzfrist endete laut OLG D\u00fcsseldorf bereits am 19. Juli 2010.<\/p>\n<p>Das Bundeskartellamt hatte im April 2009 entschieden, dass die S\u00fcdwestpresse Ulm (Neue Pressegesellschaft) die Lokalzeitung Haller Tagblatt in Schw\u00e4bisch Hall nicht \u00fcbernehmen darf. Gegen die Entscheidung des Kartellamts hat Claus Detjen, der Verleger des Haller Tagblatts, anschlie\u00dfend Beschwerde beim Oberlandesgericht D\u00fcsseldorf eingelegt. Das Verfahren tr\u00e4gt beim D\u00fcsseldorfer Oberlandesgericht (OLG) das Aktenzeichen VI \u2013 Kart 4\/09 (V). Das Oberlandesgerichts ist f\u00fcr die Beschwerde Detjens zust\u00e4ndig, weil sich das Bundeskartellamt in Bonn (Nordrhein-Westfalen) befindet.<\/p>\n<p><strong>Kartellamt bef\u00fcrchtet marktbeherrschende Stellung<\/strong><\/p>\n<p>Zu seiner Entscheidung vom April 2009 teilte das Bundeskartellamt im Einzelnen folgendes mit: Die Parteien in dem Fusionsfall B6-150\/08 Neue Pressegesellschaft (NPG)\/Zeitungsverlag Schw\u00e4bisch Hall (ZVSH), Objekt \u201cHaller Tagblatt\u201d haben am Dienstag, 21. April 2009 eine Untersagungsentscheidung erhalten.<br \/>\nDas Zusammenschlussvorhaben ist bereits deshalb zu untersagen, weil es die Verst\u00e4rkung der marktbeherrschenden Stellung des ZVSH auf dem Lesermarkt f\u00fcr Abonnement-Tageszeitungen mit lokaler bzw. regionaler Berichterstattung im Raum Schw\u00e4bisch Hall erwarten l\u00e4sst. Zus\u00e4tzlich l\u00e4sst es die Verst\u00e4rkung der marktbeherrschenden Stellung der HDV auf dem Lesermarkt f\u00fcr Abonnement-Tageszeitungen mit lokaler beziehungsweise regionaler Berichterstattung im Raum Crailsheim erwarten. Dies gilt ebenso f\u00fcr die Verst\u00e4rkung der marktbeherrschenden Stellung der NKR (Neue Kreisrundschau, Gaildorf) auf dem Lesermarkt f\u00fcr Abonnement-Tageszeitungen mit lokaler beziehungsweise regionaler Berichterstattung im Raum Gaildorf. Ferner l\u00e4sst das Zusammenschlussvorhaben die Verst\u00e4rkung der marktbeherrschenden Stellung des ZVSH auf dem lokalen Anzeigenmarkt beziehungsweise auf dem lokalen Anzeigenmarkt ohne Rubrikenanzeigen im Raum Schw\u00e4bisch Hall erwarten. Verbesserungen der Wettbewerbsbedingungen, welche die Nachteile des Marktbeherrschung \u00fcberw\u00f6gen (\u00a7 36 Abs. 1, 2. Hs. GWB) sind von den Beteiligten weder schl\u00fcssig vorgetragen noch nachgewiesen worden.<\/p>\n<p><strong>Internetseite des Bundeskartellamts:<\/strong> <a href=\"http:\/\/www.bundeskartellamt.de\/\" target=\"_blank\">www.bundeskartellamt.de\/<\/a><\/p>\n<p>Chronologie der bisher angesetzten Gerichtsverhandlungen am Oberlandesgericht D\u00fcsseldorf:<\/p>\n<p><strong>Bundeskartellamt muss noch Stellung zur Wettbewerbssituation nehmen<\/strong><\/p>\n<p>&#8222;Die Sitzung wurde vertagt&#8220;, sagte OLG-Pressesprecher Ulrich Egger am 6. Mai 2010 auf Nachfrage von Hohenlohe-ungefiltert. Das Bundeskartellamt m\u00fcsse noch &#8222;erg\u00e4nzend Stellung zur potenziellen Wettbewerbssituation nehmen&#8220;, so Egger weiter. Der OLG-Sprecher nannte noch keinen neuen Termin f\u00fcr die Gerichtsverhandlung.<\/p>\n<p><strong>Erster Verhandlungstermin sollte urspr\u00fcnglich schon am 27. Januar 2010 sein<\/strong><\/p>\n<p>Der Verhandlungstermin vor dem OLG D\u00fcsseldorf war zuletzt am 10. M\u00e4rz 2010 auf den 5. Mai 2010 verschoben worden. Als Grund nannte das OLG im M\u00e4rz 2010, dass der Gerichtstermin &#8222;im Hinblick auf eine umfangreiche Beschwerdeerwiderung des Bundeskartellamts und deshalb zu gew\u00e4hrender Stellungnahmefristen verlegt worden&#8220; sei. Bereits am 27. Januar 2010 h\u00e4tte es wegen der geplanten \u00dcbernahme des Haller Tagblatts zur Verhandlung vor dem OLG D\u00fcsseldorf kommen sollen. \u201cDie geplante \u00dcbernahme des Haller Tagblatts durch die S\u00fcdwest-Presse (SWP) ist weiter offen\u201d, schrieb der Fachzeitschriftenverlag Werben &amp; Verkaufen (w&amp;v) am 27. Januar 2010 in einem Newsletter. Claus Detjen, Verleger des Haller Tagblatts, hatte vor dem Oberlandesgericht D\u00fcsseldorf die Entscheidung des Kartellamts angefochten, eine \u00dcbernahme der Regionalzeitung durch die S\u00fcdwestpresse in Ulm (SWP) zu untersagen. Am 27. Januar 2010 sollte laut w&amp;v die Entscheidung fallen. Doch dazu kam es nicht. Auf Nachfrage von Hohenlohe-ungefiltert teilte OLG-Pressesprecher Ulrich Egger mit, dass der Verhandlungstermin vom 27. Januar 2010 zun\u00e4chst auf den 10. M\u00e4rz 2010 verlegt worden sei, &#8222;weil das Bundeskartellamt Fristverl\u00e4ngerung zur Beschwerdeerwiderung beantragt hatte, die bewilligt worden war&#8220;.<\/p>\n<p><strong>Weitere Informationen zur geplanten \u00dcbernahme des Haller Tagblatts durch die S\u00fcdwestpresse Ulm auf Hohenlohe-ungefiltert:<\/strong><\/p>\n<p>Bundeskartellamt hat entschieden: S\u00fcdwestpresse Ulm darf das Haller Tagblatt nicht \u00fcbernehmen <a href=\"https:\/\/www.hohenlohe-ungefiltert.de\/?p=1641\" target=\"_blank\">https:\/\/www.hohenlohe-ungefiltert.de\/?p=1641<\/a><\/p>\n<p>Warum die S\u00fcdwestpresse das Haller Tagblatt nicht \u00fcbernehmen darf \u2013 Ausf\u00fchrliche Begr\u00fcndung des Kartellamts zum Download bei Hohenlohe-ungefiltert <a href=\"https:\/\/www.hohenlohe-ungefiltert.de\/?p=3063\" target=\"_blank\">https:\/\/www.hohenlohe-ungefiltert.de\/?p=3063<\/a><\/p>\n<p>Verleger des Haller Tagblatts hat wegen geplatzter \u00dcbernahme durch die S\u00fcdwestpresse Ulm Beschwerde beim Oberlandesgericht D\u00fcsseldorf eingelegt \u2013 Gerichtsverhandlung voraussichtlich erst im Jahr 2010 <a href=\"https:\/\/www.hohenlohe-ungefiltert.de\/?p=2622\" target=\"_blank\">https:\/\/www.hohenlohe-ungefiltert.de\/?p=2622<\/a><\/p>\n<p>Haller Tagblatt \u2013 Detjen: \u201cEs muss nicht unbedingt verkauft werden\u201d <a href=\"https:\/\/www.hohenlohe-ungefiltert.de\/?p=681\" target=\"_blank\">https:\/\/www.hohenlohe-ungefiltert.de\/?p=681<\/a><\/p>\n<p>Kartellamt verl\u00e4ngert erneut seine Frist zur Entscheidung \u00fcber die geplante \u00dcbernahme des Haller Tagblatts durch die S\u00fcdwestpresse <a href=\"https:\/\/www.hohenlohe-ungefiltert.de\/?p=302\" target=\"_blank\">https:\/\/www.hohenlohe-ungefiltert.de\/?p=302<\/a><\/p>\n<p>Gewerkschaft verdi h\u00e4lt \u00dcbernahme des Haller Tagblatts durch die S\u00fcdwestpresse f\u00fcr nicht genehmigungsw\u00fcrdig <a href=\"https:\/\/www.hohenlohe-ungefiltert.de\/?p=859\" target=\"_blank\">https:\/\/www.hohenlohe-ungefiltert.de\/?p=859<\/a><\/p>\n<p>DJV-Gesch\u00e4ftsf\u00fchrer: \u00dcbernahme des Haller Tagblatts k\u00f6nnte die lokale Vielfalt gef\u00e4hrden <a href=\"https:\/\/www.hohenlohe-ungefiltert.de\/?p=1047\" target=\"_blank\">https:\/\/www.hohenlohe-ungefiltert.de\/?p=1047<br \/>\n<\/a><br \/>\n\u00dcbernahme von Haller Tagblatt durch S\u00fcdwest-Presse weiter offen <a href=\"http:\/\/www.wuv.de\/nachrichten\/medien\/uebernahme_von_haller_tagblatt_durch_suedwest_presse_weiter_offen\" target=\"_blank\">http:\/\/www.wuv.de\/nachrichten\/medien\/uebernahme_von_haller_tagblatt_durch_suedwest_presse_weiter_offen<\/a><\/p>\n<p><strong>Internet:<\/strong> <a href=\"http:\/\/www.olg-duesseldorf.nrw.de\" target=\"_blank\">www.olg-duesseldorf.nrw.de<\/a><\/p>\n<p><strong>Weitere Informationen und Kontakt:<\/strong><\/p>\n<p>Bundeskartellamt, Presse, Kommunikation, \u00d6ffentlichkeitsarbeit, Kaiser-Friedrich-Stra\u00dfe 16, 53113 Bonn<\/p>\n<p>Telefon: +49 (0)228 9499 0<\/p>\n<p>Fax:  +49 (0)228 9499 143<\/p>\n<p>E-Mail: info@bundeskartellamt.bund.de<\/p>\n<p>Internet: <a href=\"http:\/\/www.bundeskartellamt.de\/\" target=\"_blank\">http:\/\/www.bundeskartellamt.de\/<\/a><\/p>\n<p><strong>Internetseite des Bundesgerichtshofs in Karlsruhe:<\/strong><\/p>\n<p><a href=\"http:\/\/www.bundesgerichtshof.de\/DE\/BGH\/bgh_node.html\" target=\"_blank\">http:\/\/www.bundesgerichtshof.de\/DE\/BGH\/bgh_node.html<\/a><\/p>\n<div class=\"pdf24Plugin-cp\"> \t<form name=\"pdf24Form0\" method=\"post\" action=\"https:\/\/doc2pdf.pdf24.org\/wordpress.php\" target=\"pdf24PopWin\" onsubmit=\"var pdf24Win = window.open('about:blank', 'pdf24PopWin', 'resizable=yes,scrollbars=yes,width=600,height=250,left='+(screen.width\/2-300)+',top='+(screen.height\/3-125)+''); pdf24Win.focus(); if(typeof pdf24OnCreatePDF === 'function'){void(pdf24OnCreatePDF(this,pdf24Win));}\"> \t\t<input type=\"hidden\" name=\"blogCharset\" value=\"Cw1x07UAAA==\" \/><input type=\"hidden\" name=\"blogPosts\" value=\"MwQA\" \/><input type=\"hidden\" name=\"blogUrl\" value=\"yygpKSi20tcvLy\/Xy8jPSM3LARK6pXnpqWmZOSWpRSV6KakA\" \/><input type=\"hidden\" name=\"blogName\" value=\"88jPSM3LARK6pXnpqWmZOSWpRSUA\" \/><input type=\"hidden\" name=\"blogValueEncoding\" value=\"gzdeflate base64\" \/><input type=\"hidden\" name=\"postId_0\" value=\"MzQ2MzACAA==\" \/><input type=\"hidden\" name=\"postTitle_0\" value=\"FYwxCgIxEEWv8kHYUnZTKdtZiAhWin12MyaBbFYyE2y9g9dJl5t4EmP5\/vu8brNTSo2HHA2xpeRnJ+zWBygKz468IUEtEyUcM\/s1ov1w0iG05abtFLQIY\/HSRMK1FvMilmciZur+8X7E9\/3BpZZoQssT7pScbpCjhV4w7Lc45+ih+kH9AA==\" \/><input type=\"hidden\" name=\"postLink_0\" value=\"yygpKSi20tcvLy\/Xy8jPSM3LARK6pXnpqWmZOSWpRSV6Kan69gW2hsZmBkYA\" \/><input type=\"hidden\" name=\"postAuthor_0\" value=\"AwA=\" \/><input type=\"hidden\" name=\"postDateTime_0\" value=\"MzIwNNI1MNM1tFAwMLMCImNDAA==\" \/><input type=\"hidden\" name=\"postContent_0\" value=\"xVrdThtJFr6fpyhlpRHWGv9BmMAw2YVAICGTiWACUm5QOS5397h\/UFU1Xvlq3mGlvZrV3CDtG+QqV+s3mSfZ75yqttvuNiZkV3uTQLurzv93vnPM\/s3zfWN1lgbPj6QRL3MTZam5zXQo+yoV3\/7pWa\/X+\/6typV4p5UxKlBGxbH5GMqhFRsX08+DsTL2hj8T7+OkIfJ0ID6oyOZpYG6VjmUgLj6G4+ldP8IxcSrjWIwjPRAyEUeRSo2VQVN0d1vidZ5Gotfp9ppC9sWueB\/qpoAuYqAScSa1JckqlRYPjDiEIGUCpaOPoTVhNjRi4\/DktCGilF6Ojc5DJaJEnMs8EW9Fp7MtkunndBDjgIBmocQFsW2RFkZYFcUWJg+UFriGzRjIQszISZeJFTIfirfyYzjUMlBQLxWnWajSGP9swmY1pHu0FUlEV+OGS6WHMtS42+rpXWD52oMRhE0UVMHzs8tz0X3a7nZZFzpAusW4TUTGiumn4VCllvRu7bd9uPbbN8+\/2Uf4VPL8Ekqcy3goTqROpIX4Zr1S+228PTvpb6pYGNIVPhfgBxw0MrAVyacRfRRoHN9jvavZgEAj2mQvhR2e\/VkG\/RjXi+nnvtKpChOVOi\/VaSEGiExVE3fgpz4lVykHxNH0M+TGg0wPRZj1EcpUHCokXZwbU8qZuRBD0WyJYzwVL1Vf51JTAna9C2rjf64o3\/p071hpHAxQFCmpinssnqpoQJEjeRUdkaM\/vTlpLKiKfL2QnAfLTlIRQhcrWLwcs+MoVeJFiJ+zOAsgmtIWBRZCDGlzrFUUpBFk7FUzpih4EqVSri\/9IN3LWscyt8rWXH+A+iBnHM48lHKVvMAJXKHsL3hAP75KgyxG9Q9sk1IedirNkpfcYJoMAOsw5STp+6rF2ZpU3FiFYnTuW5ncfC9eZC1xdtJ0OMYYxWhwbwrh0W2WiB5q9+BGRzHyp7MLJBI74o9f\/46y7rQ7zxqUZ4FCUq5M9wIb4LmzzDgkMiUn3hYoYpCvhqtjkpNfXJYTfEWB9YkI1Ks5iQNaTMbq4whoYuAaSjo67lKa3svigOJPn1uKfYpP08yO8R7nlVdtkguUoqUiSR1mVaqC3TfJkb8SDqe3Clfy52OCSNcGkC9QKhI\/AitQ55S9uc7EEOGjONlJNf0vOQcUlBiTB53RuFpHQ4ZJyr5AE9gzhjpUv8rogxSlJq5UFNIPdBT13qkkMYVohqClisRVL7SMYhRalDQZIBIVavzGclflHkI\/\/aSR531XSggX281qRdq6TDS4xVXyUZam7ODAoFIC9GKx0dsiH05UgjtY6fYFv9\/tNVgRwyd9x15TT+Va5BOd73FHrsmCaAa4ikDGXzjJR3kKFTONlm0jRE+JE4J+jsNw+lk7tGQvsTloWQz\/\/v6WeAPEqHUqI30tonvh5KqD1KLhsj1nJfwecO7dRqxwX1HiL\/OCUhbOdPFtlpXfWIZdApE6ZjPO8F7KmV9oxtl0ptLUAmw9WswTj5QtYSY+fa+pUPGmRAldkBX0nuuDM+WIXcDegCkYB7DqNOPx6fF572tnXlzrm6rrXa43Qio8PtBUuDJ2ubIAK3OytchoADPWNXHoHlN5KwJzMsFIOxlqojx0AZ5TkxEQuqAFVETiG+KPjjXGzBo7C4asIDXIjxJKK+55kQLOFSVUT2NW9Y4GH3iTjWQ8ce2p0sOpuy+3qpQ9W6JAEK7BQ05WM4lyzlO9lCu4yWFeU\/IypS4Wqenv8G0JiF3R3B\/3OQ+pJ7R8xWKiVy90yVPhvpevuE+SfWK7Ta3zsrGC4Blmww5rFgiG94NBpRs7vaNe1RRoKbEwDMp1+YC4HAJlEdpMDwjA080rBH0oUeINWDSMKAUrnWceB3oHqjCai0Tqke0rVKg2Pv2L6q70lg+5MFQuS5yLWEQpN908skL3RIAATlRMzZJ6Ngk0NHE4Iv6OXgVOOwRIirFuSLl3uLPpOIlYOdW9fXfSaK+jWxsfLi9O0Xl+6v+iRhYx\/G0p5\/749Z\/CTZELg94SUWLceO+ZPclTZZ8QbNBU1trva9F+\/g2lxYfcyAQ140nZbFal3CigAd7AwT7xlGJqoDLhlFCuyi8Jxqd3euQqTNeEMJ0jNLmXDPZdOxFv4DHNR1xCHvSpZUMtuwkHKOPhAHcgKiImhCCGPhm3hFYBosG\/H3o64LgUY7afVyv+nlGdeHpnDCoRfpje2QnTDvfssaZpcXp0+bWWqUmkQgognAzUfJCRcyo1M89P4wGSXyiE1WTzgv9yu96enXvsPkNiGOIrlOR5E5NyxFDV+H\/YXQhvYejUBAQ+foN70vu\/kLNO5xTUArbAEGfssgX3v52FqNfzvK8jDBHSf7Q+a1uke5+gRjsfMjFRFsoDwfsYHAboMfwRlWlMpIEsfstkJYoVW\/PjgrlkI\/fQ8fQTXbnx73+JrR3EDRNSF0DTEqf46eTqsIE2gJ5HQ+jysDRWpAj5mrpXRCisA0VMkwcfmEF0KVBjWkTg9YzG2UpTeEUYk6oZga9ZNMznZLEvBZrn8IcnobU3e+32eDxu9Zfebw1U+4mwkpT54ck1ADUdPXm+6s39tpx1l\/qlANq\/n6VgxYlvp7dzVuZQ+l4WsLd2b5TQjMxOm+UgTZylMBuUkLRE1R3vqfRGT6t5mxTZCV0xzqnDe9Y4G1ZoD6SIGm66DuZ5Jxh2TJqL44CoEGzaaSFtHEF86OpuxYSesC+cgV5PpQPQjQkxqgWTbzJiOJHieeEe++fmZF7jMaWQdtMyWXdR2IViQ5Y56SPqmnRHjn9\/Bmqhz89Qsia61fURcMRRxuIV+p2uMZhxICbXcCj4e8DtxXF9OLP3Hfi2TP2arMM8pjo7199cLHKX6TwAAj7jQYApfQcBA8ZN5iGjon1aCiMsI43684IUB5ipeBwt\/MTzJCQBmea3lebkwkteOR9PvH0apX0YPWLJzE7yZIjq0crPVwXpBO5EA4azFatFt4uaERGAyPSOWDPvCHy2pBJpwCMPbcmYwVtvlM8N8nGLekkx8yzHIAQLgMFQYawKZA3UDeqY7pz+RkMGSamdCzhbF6azFVEaZdSUOD3I36B7VKOFnLVi5ruFYrrydSs2Lq7eNZi8udQXGW0OQB6bbrBVfbboJcqWOrAfdlXqeekVtZXU7+9gyAhho14w5ie3jTqPRW61kYABjw0SjwtucaBaM0y5YXLmq3uHp7XjHEHzMOOhvOkybsGbWpx7TlGMmFVn+lEVhvG0yi5d4L6okJrqdbXOQ7b3V1VbGhqYlmU8SeHWEVwKE3iIxb0P\/DrEzzPrEBvcqlSltTBSNQR9Ynr3MTR2BhdLKLJYWVRSzaLkeSaonbJeUlnSSUB84AqdqqUWAfpK8n7K7xma7EeAPq0053IBdcWSZxmRrzj5lXiVDjP6DsctQknew2t5ZV5QUpBnaiNT3eDXfhVT2pXs1d1PG4zab3qqy44FAmQ8AwprOzHIzV9ufujubHerbOhLTpcZ0pXUoKo1bnqY9mworSwOcoOmG+rq4m25wieQd5SNoaAc0LJkRYl8sV+2Ojtbj\/cLnS775V7M4xxwDYYTkpikXsjI+5LvkesmdnMNnyHkBVrTcset3Xkli3tfy9BDwhf7srfT6z3el3S67MvlNCJDXG\/Zo955bDxZZtvz1I0\/lnCKGhh5mgCDVihfbMjOs6+oFRwum1Hads2BEFiAWkDP4C2Wg0lGqoW+wSXD+fAVJMGn0CMKo\/c1dbEQyhOi7iO\/G4MXBhFRrtg+3hym6i70qCegSsSbrzEeDzCCfrG1z57uPt5aHC5be\/T6cvOEqnV6N7QO35TeW2vraPrJ0W7a6fPiQFxi\/AF5IBuHRHwHj0L+zvZ3X4H8OO03h2yj+7FkC9OVpVJ1YVumqWVyWjvBj\/NbkkrrArf2SdsJqhr\/5aqQdw151yHLu7Ze3jXLuza5YnnXLkeunbxrllfvgP+93HJeLK861uwzsjjYHOSqgPRWqsfQsn6jUf9unfB6kkRz1lmWWjl6AJdp+o13E0eSJE+jEV\/TFNN\/zP7IZkRzhsRcQVz0TEZG6U2gnBqQgzcvwPOmvyvR3WmKp1vd7hZ\/j1DI+xmNa5gB5f+8vSs2Oo1e75nY3d7dFZ3ijZfyb3ui8nF3e6t44XgTk268BzY\/zP5aWffQA3aPe3kWj69YK605cF8aLG+8Fv4cq\/yHWDV\/hrJS39IlJP\/ouH14ctruB+F1mg1UK7RJ\/AAjHnDLzLL\/AA==\" \/> \t\t<a href=\"https:\/\/www.pdf24.org\" target=\"_blank\" title=\"www.pdf24.org\" rel=\"nofollow\"><img src=\"https:\/\/www.hohenlohe-ungefiltert.de\/wp-content\/plugins\/pdf24-post-to-pdf\/img\/pdf_32x32.png\" alt=\"\" border=\"0\" height=\"32\" \/><\/a> \t\t<span class=\"pdf24Plugin-cp-space\">&nbsp;&nbsp;<\/span> \t\t<span class=\"pdf24Plugin-cp-text\">Sende Artikel als PDF<\/span> \t\t<span class=\"pdf24Plugin-cp-space\">&nbsp;&nbsp;<\/span> \t\t<input class=\"pdf24Plugin-cp-input\" style=\"margin: 0px;\" type=\"text\" name=\"sendEmailTo\" placeholder=\"Emailadresse\" \/> \t\t<input class=\"pdf24Plugin-cp-submit\" style=\"margin: 0px;\" type=\"submit\" value=\"Senden\" \/> \t<\/form> <\/div>","protected":false},"excerpt":{"rendered":"<p>Das Fusionsvorhaben &#8222;Neue Pressegesellschaft (S\u00fcdwestpresse Ulm) und Zeitungsverlag Schw\u00e4bisch Hall wird am Dienstag, 19. Juni 2012, ab 9 Uhr, vor dem Kartellsenat des Bundesgerichtshofs (BGH) in Karlsruhe im Raum N 004 m\u00fcndlich verhandelt. Dies teilten der BGH und das Bundeskartellamt auf Nachfrage von Hohenlohe-ungefiltert mit. Das Verfahren tr\u00e4gt das Aktenzeichen KVR 15\/11. Die Verhandlung ist [&hellip;]<\/p>\n","protected":false},"author":3,"featured_media":0,"comment_status":"open","ping_status":"open","sticky":false,"template":"","format":"standard","meta":[],"categories":[],"tags":[],"_links":{"self":[{"href":"https:\/\/www.hohenlohe-ungefiltert.de\/index.php?rest_route=\/wp\/v2\/posts\/13602"}],"collection":[{"href":"https:\/\/www.hohenlohe-ungefiltert.de\/index.php?rest_route=\/wp\/v2\/posts"}],"about":[{"href":"https:\/\/www.hohenlohe-ungefiltert.de\/index.php?rest_route=\/wp\/v2\/types\/post"}],"author":[{"embeddable":true,"href":"https:\/\/www.hohenlohe-ungefiltert.de\/index.php?rest_route=\/wp\/v2\/users\/3"}],"replies":[{"embeddable":true,"href":"https:\/\/www.hohenlohe-ungefiltert.de\/index.php?rest_route=%2Fwp%2Fv2%2Fcomments&post=13602"}],"version-history":[{"count":6,"href":"https:\/\/www.hohenlohe-ungefiltert.de\/index.php?rest_route=\/wp\/v2\/posts\/13602\/revisions"}],"predecessor-version":[{"id":13624,"href":"https:\/\/www.hohenlohe-ungefiltert.de\/index.php?rest_route=\/wp\/v2\/posts\/13602\/revisions\/13624"}],"wp:attachment":[{"href":"https:\/\/www.hohenlohe-ungefiltert.de\/index.php?rest_route=%2Fwp%2Fv2%2Fmedia&parent=13602"}],"wp:term":[{"taxonomy":"category","embeddable":true,"href":"https:\/\/www.hohenlohe-ungefiltert.de\/index.php?rest_route=%2Fwp%2Fv2%2Fcategories&post=13602"},{"taxonomy":"post_tag","embeddable":true,"href":"https:\/\/www.hohenlohe-ungefiltert.de\/index.php?rest_route=%2Fwp%2Fv2%2Ftags&post=13602"}],"curies":[{"name":"wp","href":"https:\/\/api.w.org\/{rel}","templated":true}]}}