{"id":13505,"date":"2012-04-10T12:01:16","date_gmt":"2012-04-10T11:01:16","guid":{"rendered":"http:\/\/www.hohenlohe-ungefiltert.de\/?p=13505"},"modified":"2012-04-11T11:05:54","modified_gmt":"2012-04-11T10:05:54","slug":"elr-landkreis-schwabisch-hall","status":"publish","type":"post","link":"https:\/\/www.hohenlohe-ungefiltert.de\/?p=13505","title":{"rendered":"&#8222;ELR-Mittel: Knapp drei Millionen Euro flie\u00dfen in den Landkreis Schw\u00e4bisch Hall&#8220;"},"content":{"rendered":"<p><strong>&#8222;Auch der Wahlkreis Schw\u00e4bisch Hall kann auf Gr\u00fcn-Rot bauen&#8220;, sagt der Gr\u00fcnen-Landtagsabgeordnete Muhterem Aras. \u201eF\u00f6rdergelder sind ein aktiver Beitrag zur \u00f6kologischen Modernisierung der Wirtschaft und zur Sicherung und Schaffung von neuen Arbeitspl\u00e4tzen.\u201c In den Landkreis Schw\u00e4bisch Hall flie\u00dfen aus dem Entwicklungsprogramm L\u00e4ndlicher Raum (ELR) knapp drei Millionen Euro.<\/strong><\/p>\n<p><em>Von der Pressestelle des Umweltministeriums Baden-W\u00fcrttemberg<\/em><\/p>\n<p><strong>Ins Entwicklungsprogramm L\u00e4ndlicher Raum (ELR) des Landes aufgenommen<\/strong><\/p>\n<p>\u201eEin toller Erfolg f\u00fcr Gemeinde Schw\u00e4bisch-Hall\u201c, freut sich die Landtagsabgeordnete Muhterem Aras der Fraktion Gr\u00fcne. \u201eDer Antrag der Gemeinde war so \u00fcberzeugend, dass er in die F\u00f6rderung nach dem Entwicklungsprogramm L\u00e4ndlicher Raum (ELR) des Landes aufgenommen wurde, herzlichen Gl\u00fcckwunsch an die Gemeinde Schw\u00e4bisch Hall.\u201c<\/p>\n<p><strong>Hessental und Sulzdorf profitieren<\/strong><\/p>\n<p>Anlass zu Freude und Gl\u00fcckw\u00fcnschen gibt es ganz aktuell: Das Ministerium f\u00fcr L\u00e4ndlichen Raum und Verbraucherschutz (MLR) hat gerade die Zusage f\u00fcr 570.330 Euro zur Unterst\u00fctzung des Neubaus einer Produktionshalle zur umweltschonenden Herstellung von verleimten Brettschichtholzteilen in Sulzdorf erteilt. Au\u00dferdem wird in Hessental  die Erweiterung der Produktionshalle einer Werbedienstfirma und drei Neubauten von Lagerhallen gef\u00f6rdert. Die Gemeinde Schw\u00e4bisch Hall hatte in 2011 eine F\u00f6rderung im Rahmen des ELR beantragt. Nun wurden die Projekte ausgewertet und die Programmentscheidung bekannt gegeben.<\/p>\n<p><strong>Vom \u00f6kologischen See bis zum Dorfladen<\/strong><\/p>\n<p>Aber nicht nur die Stadt Schw\u00e4bisch Hall, sondern einige Gemeinden im Wahlkreis Schw\u00e4bisch Hall kommen in den Genuss der F\u00f6rdergelder. So erhalten Projekte in den Gemeinden Ilshofen 480.010 Euro, in Kirchberg an der Jagst 234.000 Euro, in Kre\u00dfberg 170.315 Euro, in Rosengarten 178.760 Euro, in Vellberg 100.025 Euro, in Satteldorf 120.160 Euro und in Sontheim 112.380 Euro. Die Palette der f\u00f6rderungsf\u00e4higen Projekte reicht von neuen Fertigungshallen \u00fcber die Schaffung von zeitgem\u00e4\u00dfen Wohnungen, Errichtung einer Biomasse-Heizanlage, Anlegung eines \u00f6ffentlichen Gr\u00fcnbereichs und \u00f6kologischen Sees bis zur Dorfplatzgestaltung und den Einbau eines Dorfladens und eines Caf\u00e9s.<\/p>\n<p><strong>Mehr Geld f\u00fcr den L\u00e4ndlichen Raum<\/strong><\/p>\n<p>\u201eEs ist mir ein besonderes Anliegen, dass die Lebens- und Arbeitsbedingungen in unseren l\u00e4ndlichen Regionen verbessert werden\u201c, so die Gr\u00fcnen-Wahlkreisabgeordnete Muhterem Aras. \u201eIch freue ich mich, dass sich unser Einsatz f\u00fcr eine bessere Mittelausstattung des L\u00e4ndlichen Raums im Haushaltsverfahren bezahlt gemacht hat und mit den ausgew\u00e4hlten Projekten ein aktiver Beitrag zur \u00f6kologischen Modernisierung unserer Wirtschaft und zur Sicherung und Schaffung neuer Arbeitspl\u00e4tze geleistet wird.\u201c<\/p>\n<p><strong>Ressourceneffizienz f\u00fchrt zur Energieeinsparung<\/strong><\/p>\n<p>Das ELR ist das zentrale F\u00f6rderprogramm f\u00fcr den L\u00e4ndlichen Raum. Ziel ist es, den L\u00e4ndlichen Raum attraktiv zu erhalten. Die gr\u00fcn-rote Landesregierung hat das ELR noch st\u00e4rker als bisher auf die aktuellen Herausforderungen im Bereich Klimaschutz und Ressourceneffizienz ausgerichtet. So m\u00fcssen die Antragsteller nachweisen, wie ein zu f\u00f6rderndes Projekt dazu einen Beitrag leistet. Im Sinne unserer Politik f\u00fcr Klimaschutz und Ressourceneffizienz f\u00fchren Energieeinsparung, hohe Energieeffizienz, erneuerbare Energien oder die Anwendung umweltfreundlicher Bauweisen bei privaten Projekten zu einem F\u00f6rdervorrang und sind f\u00fcr kommunale Projekte F\u00f6rdervoraussetzung.<\/p>\n<p><strong>Voraussetzung: Schl\u00fcssiges Gesamtkonzept<\/strong><\/p>\n<p>Die Auswahl der Orte und Projekte erfolgte in einem Wettbewerb der besten Ideen. Die Entscheidung \u00fcber die F\u00f6rderung von Orten und Projekten wird in einer j\u00e4hrlichen Programmentscheidung durch das MLR getroffen. Bis zur Aufnahme der Orte und Projekte in die Programmentscheidung werden die Projekte in einem mehrstufigen Verfahren auch hinsichtlich ihrer strukturverbessernden Wirkung beurteilt. Je schwerwiegender die strukturellen M\u00e4ngel, je schl\u00fcssiger und realistischer das Entwicklungskonzept und die geplanten strukturverbessernden Aktionen sind, desto gr\u00f6\u00dfer ist die Chance zur Aufnahme in das ELR-Programm.<\/p>\n<p><strong> Entwicklungsprogramm L\u00e4ndlicher Raum 2012<\/strong><\/p>\n<p><strong>Minister Alexander Bonde (Gr\u00fcne): \u201eStarkes Bekenntnis der Landesregierung zum L\u00e4ndlichen Raum\u201c<\/strong><\/p>\n<p>&nbsp;<\/p>\n<p>\u201eDas Entwicklungsprogramm L\u00e4ndlicher Raum ist das bedeutendste F\u00f6rderinstrument des Landes, um die Strukturentwicklung der Gemeinden im L\u00e4ndlichen Raum zu unterst\u00fctzen. Die Landesregierung stellt in diesem Jahr Zusch\u00fcsse in H\u00f6he von 52,6 Millionen Euro zur Verf\u00fcgung. Diese kommen 825 Projekten in 362 Gemeinden des Landes zugute. Damit bringen wir auch die \u00f6kologische und soziale Modernisierung von Wirtschaft und Gesellschaft im L\u00e4ndlichen Raum voran\u201c, sagte der Minister f\u00fcr L\u00e4ndlichen Raum und Verbraucherschutz, Alexander Bonde, am Montag (2. April 2012) in Stuttgart. Der Minister stellte Grundz\u00fcge der st\u00e4rker an Nachhaltigkeit und Ressourcenschutz ausgerichteten Programmentscheidung f\u00fcr das Jahr 2012 vor.<\/p>\n<p><strong>\u00dcber 80 Prozent der F\u00f6rdermittel f\u00fcrs ELR<\/strong><\/p>\n<p>\u201eDas ELR ist und bleibt das zentrale F\u00f6rderprogramm f\u00fcr den L\u00e4ndlichen Raum. Dorthin flie\u00dfen in diesem Jahr \u00fcber 80 Prozent der F\u00f6rdermittel\u201c, so Bonde. Die \u00fcbrigen Mittel gingen in l\u00e4ndlich gepr\u00e4gte Orte der Verdichtungsr\u00e4ume und in die Randzonen der Verdichtungsr\u00e4ume. Mit den F\u00f6rdermitteln sollen Investitionen in H\u00f6he von 437 Millionen Euro ausgel\u00f6st und \u00fcber 1800 neue Arbeitspl\u00e4tze geschaffen werden.<\/p>\n<p><strong>Neues \u00f6kologisches Programmprofil<\/strong><\/p>\n<p>Das \u00f6kologische Profil des ELR wurde angesichts der enormen Herausforderungen durch den Klimaschutz gesch\u00e4rft. So sind die Verwendung erneuerbarer Energien und nachwachsender Rohstoffe, hohe Energieeffizienz oder eine umweltfreundliche Bauweise, beispielsweise durch W\u00e4rmed\u00e4mmung oder Holz als Baustoff, bei kommunalen Projekten F\u00f6rdervoraussetzung. Bei privaten Projekten f\u00fchrt die Beachtung dieser Kriterien zu einem F\u00f6rdervorrang. \u201eDurch diese klaren Vorgaben zu den F\u00f6rdervoraussetzungen nutzen wir das ELR als Instrument zur \u00f6kologischen und sozialen Modernisierung des Landes\u201c, sagte Bonde.<\/p>\n<p><strong>St\u00e4rkere \u00f6kologische Orientierung findet gro\u00dfen Zuspruch<\/strong><\/p>\n<p>Antragsteller im Jahresprogramm 2012 mussten darlegen, auf welche Art und Weise das Projekt einen Beitrag zum Klima- und Ressourcenschutz leistet. \u201eDieser Nachweis ist in hervorragender und vielf\u00e4ltiger Weise gelungen. Energieeinsparung, der Einsatz erneuerbarer Energien, Ressourceneffizienz, Kraft-W\u00e4rme-Kopplung oder umweltfreundliche Bauweisen sind Themen, die in unseren Kommunen und Unternehmen nicht nur aus \u00f6kologischen Gr\u00fcnden l\u00e4ngst pr\u00e4sent sind. Sie flie\u00dfen auch aus wirtschaftlichen Gr\u00fcnden in die Entscheidungen vor Ort ein\u201c, so der Minister. \u201eDass wir mit der Neuausrichtung des Programms auf dem richtigen Weg sind, zeigt sich auch daran, dass f\u00fcr das Jahresprogramm 2012 mehr Antr\u00e4ge als im Vorjahr gestellt worden sind\u201c, meint Bonde.<\/p>\n<p><strong>144 kommunale Vorhaben, 290 private Wohnbauprojekte und 391 Unternehmensf\u00f6rderungen<\/strong><\/p>\n<p>Die Sch\u00e4rfung des \u00f6kologischen Profils sei nicht nur ein Beitrag zum Umwelt- und Klimaschutz, sondern zugleich ein Beitrag zu Innovation und technologischer Entwicklung. \u201eDamit sichern wir langfristig Wettbewerbsvorteile\u201c, so Bonde. Die 825 Projekte, die in das Jahresprogramm 2012 aufgenommen werden, verteilen sich auf 144 kommunale Vorhaben, 290 private Wohnbauprojekte und 391 Unternehmensf\u00f6rderungen. \u201eDamit zeigt sich, dass das ELR ein breit angelegtes Wirtschafts- und Strukturf\u00f6rderungsprogramm ist\u201c, betonte Bonde.<\/p>\n<p><strong>Wirtschaftsfaktor L\u00e4ndlicher Raum wird gest\u00e4rkt<\/strong><\/p>\n<p>Bonde w\u00fcrdigte den L\u00e4ndlichen Raum als Wirtschaftsfaktor, in dem ein Drittel der Menschen des Landes lebe und arbeite. Diese leisteten 30 Prozent der gesamten Wertsch\u00f6pfung in Baden-W\u00fcrttemberg. \u201eZiel der Landesregierung ist es, den L\u00e4ndlichen Raum stark und als Lebens- und Wirtschaftsraum f\u00fcr die Menschen attraktiv zu halten\u201c, so der Minister. Zus\u00e4tzlich zu den 52,6 Millionen Euro im ELR stelle die Landesregierung daher weitere 10 Millionen Euro f\u00fcr die F\u00f6rderung des Breitbandausbaus bereit und damit mehr Mittel f\u00fcr den L\u00e4ndlichen Raum als im Vorjahr.<\/p>\n<p><strong>Mittelverteilung in Baden-W\u00fcrttemberg nach Kreisen:<\/strong><\/p>\n<p>Alb-Donau-Kreis 1.923.580 Euro<\/p>\n<p>Baden-Baden 495.570 Euro<\/p>\n<p>Biberach 998.100 Euro<\/p>\n<p>Bodenseekreis 1.003.710 Euro<\/p>\n<p>B\u00f6blingen 72.160 Euro<\/p>\n<p>Breisgau-Hochschwarzwald 1.362.820 Euro<\/p>\n<p>Calw 1.857.568 Euro<\/p>\n<p>Emmendingen 1.104.500 Euro<\/p>\n<p>Enzkreis 503.360 Euro<\/p>\n<p>Esslingen 120.000 Euro<\/p>\n<p>Freudenstadt 1.519.440 Euro<\/p>\n<p>G\u00f6ppingen 1.242.420 Euro<\/p>\n<p>Heidenheim 857.210 Euro<\/p>\n<p><strong>Heilbronn 1.440.720 Euro<\/strong><\/p>\n<p><strong>Hohenlohekreis 1.579.774 Euro<\/strong><\/p>\n<p>Karlsruhe 1.354.590 Euro<\/p>\n<p>Konstanz 1.196.495 Euro<\/p>\n<p>L\u00f6rrach 1.141.215 Euro<\/p>\n<p>Ludwigsburg 156.380 Euro<\/p>\n<p><strong>Main-Tauber-Kreis 2.870.020 Euro<\/strong><\/p>\n<p><strong>Neckar-Odenwald-Kreis 1.434.385 Euro<\/strong><\/p>\n<p>Ortenaukreis 1.760.535 Euro<\/p>\n<p><strong>Ostalbkreis 4.232.310 Euro<\/strong><\/p>\n<p>Rastatt 988.040 Euro<\/p>\n<p>Ravensburg 2.079.570 Euro<\/p>\n<p><strong>Rems-Murr-Kreis 1.044.820 Euro<\/strong><\/p>\n<p>Reutlingen 2.598.495 Euro<\/p>\n<p>Rhein-Neckar-Kreis 496.135 Euro<\/p>\n<p>Rottweil 1.708.760 Euro<\/p>\n<p><strong>Schw\u00e4bisch Hall 2.997.410 Euro<\/strong><\/p>\n<p>Schwarzwald-Baar-Kreis 2.227.430 Euro<\/p>\n<p>Sigmaringen 1.721.500 Euro<\/p>\n<p>T\u00fcbingen 323.730 Euro<\/p>\n<p>Tuttlingen 2.449.080 Euro<\/p>\n<p>Waldshut 1.402.700 Euro<\/p>\n<p>Zollern-Alb-Kreis 2.408.725 Euro<\/p>\n<p><strong>Hintergrund:<\/strong><\/p>\n<p>Das ELR ist ein kommunales Entwicklungsprogramm zur integrierten Strukturentwicklung von Gemeinden im L\u00e4ndlichen Raum sowie von l\u00e4ndlich gepr\u00e4gten Orten im Verdichtungsraum und den Randzonen um den Verdichtungsraum. Diesem integrierten F\u00f6rderansatz entsprechend werden Projekte in den F\u00f6rderschwerpunkten Arbeiten, Grundversorgung, Gemeinschaftseinrichtungen und Wohnen unterst\u00fctzt. Mit dem ELR soll die inner\u00f6rtliche Entwicklung gest\u00e4rkt werden, damit die Ortskerne attraktiv bleiben und neuer Fl\u00e4chenverbrauch im Au\u00dfenbereich vermieden werden kann. F\u00f6rdervoraussetzung ist ein \u00f6rtliches Entwicklungskonzept, in dem die strukturelle Ausgangssituation, Ziele und Ma\u00dfnahmen zum Erreichen der Ziele dargestellt sind. Es werden kommunale, privat-gewerbliche und private Projekte gef\u00f6rdert.<\/p>\n<p><strong>Regelf\u00f6rdersatz betr\u00e4gt 10 Prozent pro Projekt<\/strong><\/p>\n<p>Bei den Unternehmensf\u00f6rderungen handelt es sich meist um Investitionen in die Erweiterung von mittelst\u00e4ndischen Unternehmen. In den Genuss von F\u00f6rdermitteln kommen Unternehmen mit weniger als 100 Besch\u00e4ftigten. Der Regelf\u00f6rdersatz betr\u00e4gt 10 Prozent, der maximale Zuschuss 200.000 Euro pro Projekt. Bei den privaten Wohnbauprojekten handelt es sich vor allem um die Umnutzung von leer stehenden Geb\u00e4uden zu Wohnraum oder die Modernisierung oder den Neubau von Wohnungen in Baul\u00fccken. Weil die Umnutzung von Geb\u00e4uden Fl\u00e4chen spart und das traditionelle Ortsbild st\u00e4rker erh\u00e4lt als die Modernisierung oder der Neubau von Wohnungen, werden Umnutzungsvorhaben mit bis zu 40.000 Euro pro Wohnung doppelt so hoch gef\u00f6rdert wie Modernisierungen oder Neubauten. Bei den kommunalen Ma\u00dfnahmen \u00fcberwiegen Projekte zur Verbesserung des Wohnumfeldes, beispielsweise durch die Neugestaltung eines Dorfplatzes durch Begr\u00fcnungsma\u00dfnahmen und neue Sitzgelegenheiten oder die Integration eines Baches in den Ort, damit dieser f\u00fcr die Menschen erlebbarer wird.<\/p>\n<p><strong>Voraussetzung: Beitrag zur Strukturverbesserung eines Ortes<\/strong><\/p>\n<p>Das ELR ist ein Wettbewerbsprogramm. Die Auswahl der gef\u00f6rderten Orte und Projekte erfolgt in einem mehrstufigen Auswahlverfahren. Auf der unteren Ebene sind die Landrats\u00e4mter und auf der mittleren Verwaltungsebene die Regierungspr\u00e4sidien beteiligt. Ein wichtiger Aspekt f\u00fcr die Aufnahme von Projekten ist ihr erwartbarer Beitrag zur Strukturverbesserung eines Ortes. Je schwerwiegender die strukturellen M\u00e4ngel in einem Ort sind, je schl\u00fcssiger und realistischer das Entwicklungskonzept und die geplanten strukturverbessernden Ma\u00dfnahmen sind, desto gr\u00f6\u00dfer ist die Chance zur Programmaufnahme.<\/p>\n<p><strong>Das Verfahren:<\/strong><\/p>\n<p>Die Antr\u00e4ge werden von den Gemeinden beim Ministerium f\u00fcr L\u00e4ndlichen Raum und Verbraucherschutz eingereicht. Dabei sind die strukturelle Ausgangslage, die Ziele der kommunalen Entwicklung und die beabsichtigten Ma\u00dfnahmen zur Erreichung dieser Ziele darzustellen. Nach einer Vorabstimmung mit Regierungspr\u00e4sidien und Landrats\u00e4mtern werden die Programmentscheidungen im Rahmen der verf\u00fcgbaren Haushaltsmittel getroffen.<\/p>\n<p><strong>EU-Strukturf\u00f6rderung<\/strong><\/p>\n<p>Im F\u00f6rderschwerpunkt Arbeiten werden die Zusch\u00fcsse teilweise durch die Europ\u00e4ische Union im Rahmen der EU-Strukturf\u00f6rderung im Ziel \u201eRegionale Wettbewerbsf\u00e4higkeit und Besch\u00e4ftigung\u201c kofinanziert. 25 Prozent oder 13,4 Millionen Euro dieser Programmentscheidung werden f\u00fcr besonders innovative und umweltfreundliche Projekte im F\u00f6rderschwerpunkt Arbeiten bereitgestellt. Land und Europ\u00e4ische Union finanzieren diese Projekte jeweils zur H\u00e4lfte. F\u00f6rderempf\u00e4nger sind Unternehmen.<\/p>\n<p><strong>R\u00e4umliche Mittelverteilung:<\/strong><\/p>\n<p>69 Prozent der Landesfl\u00e4che geh\u00f6rt zum L\u00e4ndlichen Raum. In ihm leben 34 Prozent der Baden-W\u00fcrttemberger. 82 Prozent oder knapp 44 Millionen Euro der diesj\u00e4hrigen Programmentscheidung flie\u00dfen in Projekte im l\u00e4ndlichen Raum. Die restlichen knapp 9 Millionen Euro flie\u00dfen in l\u00e4ndlich gepr\u00e4gte Orte im Verdichtungsraum oder in die Randzonen um die Verdichtungsr\u00e4ume nach den Kategorien des Landesentwicklungsplans.<\/p>\n<p><strong>Weitere Informationen und Kontakt:<\/strong><\/p>\n<p>MUHTEREM ARAS, Mitglied des Landtags von Baden-W\u00fcrttemberg, Haus der Abgeordneten, Konrad-Adenauer-Stra\u00dfe 12, 70173 Stuttgart<\/p>\n<p>Telefon: 0711 2063 661<\/p>\n<p>E-Mail: muhterem.aras@gruene.landtag-bw.de<\/p>\n<p>Fax: 0711 2063 660<\/p>\n<p>MINISTERIUM F\u00dcR L\u00c4NDLICHEN RAUM UND VERBRAUCHERSCHUTZ, PRESSESTELLE, Kernerplatz 10, 70182 Stuttgart<\/p>\n<p>Telefon: 0711 126-2354 \/ 2383 \/ 2476 \/ 2355<\/p>\n<p>Fax: 0711 126-2379<\/p>\n<p>E-Mail: pressestelle@mlr.bwl.de<\/p>\n<p><strong>Internet:<\/strong> <a href=\"http:\/\/www.mlr.baden-wuerttemberg.de\" target=\"_blank\">www.mlr.baden-wuerttemberg.de<\/a><\/p>\n<div class=\"pdf24Plugin-cp\"> \t<form name=\"pdf24Form0\" method=\"post\" action=\"https:\/\/doc2pdf.pdf24.org\/wordpress.php\" target=\"pdf24PopWin\" onsubmit=\"var pdf24Win = window.open('about:blank', 'pdf24PopWin', 'resizable=yes,scrollbars=yes,width=600,height=250,left='+(screen.width\/2-300)+',top='+(screen.height\/3-125)+''); pdf24Win.focus(); if(typeof pdf24OnCreatePDF === 'function'){void(pdf24OnCreatePDF(this,pdf24Win));}\"> \t\t<input type=\"hidden\" name=\"blogCharset\" value=\"Cw1x07UAAA==\" \/><input type=\"hidden\" name=\"blogPosts\" value=\"MwQA\" \/><input type=\"hidden\" name=\"blogUrl\" value=\"yygpKSi20tcvLy\/Xy8jPSM3LARK6pXnpqWmZOSWpRSV6KakA\" \/><input type=\"hidden\" name=\"blogName\" value=\"88jPSM3LARK6pXnpqWmZOSWpRSUA\" \/><input type=\"hidden\" name=\"blogValueEncoding\" value=\"gzdeflate base64\" \/><input type=\"hidden\" name=\"postId_0\" value=\"MzQ2NTAFAA==\" \/><input type=\"hidden\" name=\"postTitle_0\" value=\"U1O2MDIysnb1CdL1zSwpSc2xUvDOSywoUEgpSs1U8M3MycnMz0vNU3AtLcpXSMvJTD08H8jLzFNIAVI+iXkp2UB1xQrByRnlh5ckZRYnZyh4JObkqIGMNbAGAA==\" \/><input type=\"hidden\" name=\"postLink_0\" value=\"yygpKSi20tcvLy\/Xy8jPSM3LARK6pXnpqWmZOSWpRSV6Kan69gW2hsamBqYA\" \/><input type=\"hidden\" name=\"postAuthor_0\" value=\"AwA=\" \/><input type=\"hidden\" name=\"postDateTime_0\" value=\"MzIwNNI1MNE1NFAwNLIyMLEyNAMA\" \/><input type=\"hidden\" name=\"postContent_0\" value=\"tVvJjhtHtt2\/rwj4AQ0bIFOcapLVRldZtKssVdmoklSANw+RYjCZrhyIyMyiwZUX\/RlG96Y27we00o5\/4i95594bOTAzKQ94vbDMYmZE3LjjuQNfrL96keU2TYKv\/vbfp5PJ5Mvz4v1KLYxV93oVPVgTZuru\/Wqze\/LDDE8udRSpB50kShdL9a3dfUyGt2mufF2YhLcYfTlQmQ5y3oRfMMnwtU4WuQ4y7QcmtYvE5EZdF6vcWBOrc6szT\/32y7++2X2wWBWYiNZmYbJQJsRJD3n4iC8uTJhbHahtYdXuw0MapQHRZBJ1nWJBEmahsUUSCPmhzfFQL3NVYB9acxfiZX6Bvrmjh0v66zFNVGJAPyjxcUa2jnZP+dYk3m+\/\/KquEuyXKLrBAXYso9Ds\/m2IJRnejdU8yTfh+4cIm2drmwZWx7F6vXtKFhGToG51EavP569vv1APiV6v1QI7q+swisIU7FLzwqbei2dOMi+erb\/6rxeQlIm\/epcmfL0frMkyk+Umigy+yNTbeGOiPA7BBXA1LOJMXWgQPrzffbR5bmIfjH3xDFtU27ntr5LsT1FMpxE38D\/oQGCSNI5N0qEW8pxDeHkKCq2a22UaBWoJYtS3JoZYF6bJySFxEuweqKU1RQ7hkxqGRv2u5jA7vrGkJOCNKBxr00t8f56wxrAqlqduNHQrVbuP4MjWFLjAYqAWOssU3gLFdKrTRNKORLNBxP8PPFKbArsOFF7e8hrQG+0+vn\/YFAlpk5bD+\/jDmkb62JbeJelBkutIlLqItovULhUIXIY57KFHMudJRLfdFmCbKXAOrXSEgHtiUkHo5wrkBzrZkgUW0LTn6iX4fV3rmMiz5kEiPKD93hnrW10QY7BhkW\/V59fEmZXOVWAsVJPv+mMBX2Fkn6OTkTedjlj72WDfJjgmy3cf862YdaZuTOGTmYFBbAXpomDBZytNlkCrCrYEHEqmRKZ7SZuA\/NLW4UsiE8Y5Hl1Yk9OrID5fpdE2N2GEr6EFFSeNpS9zT50XMHJLmrAJ7YLeqXnPd5nbDbxH7YI61AnR9+CMwftJli9DG2tmFzsAuRzRRWS+BmMsL4Q0zFI0EnS8\/JSKEH9hISBuMhqP+cSmMocxJLQiVSRmQlWVbzTbCDa+KZyGihqC\/J\/MAzYDvwOzIT6IL3UP2QBwfdKXcEG7+4YiA8k3MD7cZ1tX36Vxy3HfGaNAPOQWq5fgdkQuq6uwsFSVkIxUAgHT+Xe5XuSd2yPypAmFArp4GNR8Sujmn4poYp+h+PpvTVJkzrE0Q5Kn7lLFMiEZVfypVpVnXUXZKl3iw+x05I3GotEDeu9VaN+vyBOzrWP\/7+DacjWZzrzRqPmeRUTh98ZkFOOj+tFtCp0LtCUSxien3slxY907qLksG+HkSWPZHelFxBo9noy8sVvFAqXHaZJDjLEajyfe9FQeiq79oCNDOkXkLitVypa7pxVY3OADWEsiqsPpN9CZMKCXnRqzzxX57UXfLewmMPHuicPofbpK8MQkA5iUpT3pPTGeizCN4bzM8NKEWw1HFsCfwqGZoHwng4otwfy89LAUEXAsEZfxdTsqmDkdtKyD60jn2wCxFWIuwQJJFdEM1unOqJRVtpQvv9bL3f9mHbW\/NisKP9FC3ByjiZbL7I2emYKfVXFoGQX5RnQb5+C+oWH+cNjiMEkGlw2ZGIdiyMkkATOSJIwQQ9FARc2jTSCA45F8Ethqc7UhH5dwKEaU5HjkQFxlP59GcVcwKgriMAx8ivGPo5NjOpNBvMzAZWEIOyk5HvuFpKdwOeB\/npduv82vjOz5Em+RLWagfqlXdDnfbEEkeaBYky5StCGWxGHOfBdXBs3ds+Dkr8FM4eifgppkF7YFM0EswlFG3pUCS1+QvwVz0sK+N4lZLsMtYgezbgVx0WlzWEYQGlwiW2s6taNOFLfJ25NCQRYwOHL6URUbKjxzUEM99WNoIt7AZIPeVxQExjjskbBF6SfFiQScKdg0Nw4XWaiecIhktHD0JSlUBBH\/yT6ATzpiyyRsRdkG6aJDIhLVIc1l6vyRuPgLsXP1KgrhJgR3kAT6GMi6wO7F5OzZ491Hiud8jgBHwdeWMSBie0Ymtwk5kNMVnTdkmOd0CTfZio9IKkVy0vXUVQzFSBJTac4PaQSQ9iBc\/yM0s9DJF7UlDlCZrkz1fblgADGwzvnaVk8TRXrsrrkBRmI9ZdREdlvh2QtdyKVhViEQZfio963G3TQutegxtVY7nefsje9FsbVISNmqSFG\/T4ZuGN71oIXG0+dkRBEJCDEngzfNdJw\/pMnWrPOuttPNimwDV8BR63sESyaqIsBwOiKxW65wjxjnE8rxeYlPuRUi+cKUGjxvIp06kDXAFUWy7zkuN89KKrgoEewneB\/rrKYXRS0g8xVbBAAznAPuRvHMQ+yTIHVeLBMCcQfuFiaHEZo49314V7EgRpzK8mLJUf1d5VMJxKsVNI1MhQhX4YqUF0wHui1sFTsY+8AZPggWLErg\/J1RGdmP3XDUKnWvXC\/mfA1nAkc4UD\/x26WoLd\/NGh3BhtgNW3EWjWTMqUGFTQODEJ4Q5\/tJPGdMTo9DTv0g6pQc1AfC9+IiscvXK528N\/sMJ9aKpxqW7O2o7R\/MEwHPJ90Mv0QMLsVS55H5WTPHLij4q88lFn\/xnAItMDDcJPJ882AAu7GENaLtXwlbt101x5jW4X9L\/Gz9ZQOAvNR\/tDBQhhVADkP5yyKrjRyKAymQGjay4gH8jcPxTgnqc\/aydfbqnUADx1PUuWFpoe2Ls\/fOnT1kUPDvoNCUcb5fsafnFG73AW6TLPdoMjhulWBY+GQIu4+Eo\/gULHPJwingdW3k2Gt6PGnQ3SgBbIsAXMFyTTjEB0sCcQtiW8SHJtAQ\/5luQ\/KZLcxBlLbwBnwh7um+6OMWuVkH6HTggHylYX8igx+01XGgdAwCkQEH6vMJMmTEiIg1+wvOKfIizylTwc2bR4pcCFfimC14KyTVYT9RNwi4BB\/C4AFBtBUOXYxsxu9DvlTgDDSTRU+UETc6Nrv7ldw5sh5sshVNrVK\/mAEp78SW3wfVm\/CKaPUR8v2\/jrSQXORwuHVhsaXCEn0+RW4J31lMYh1YZNmzC8JWQVhmBlVGQJ7T7p5IRzis0LbQgoVLwTI8gyGXKSOp7S20Ycv20v+uR6fxLffIg+tN2etfJY\/wvqHzx3v2OJuetM2RJR7tPjguCxvGp0icCeN0YTXbBOXhEvY6Yr\/BqmzP9LJKjbiAFvUC6T1b\/YHfq8opXD+BBuNw4oR4ZJOkNu6FrC7W41MT\/THlMIal4FKGUsRt8LeEaw1YZ2tcR1xhrIr\/Mom0t+kK4Q1cOIAQBQtyCtaBgBUCHBACzNZIADL+29F9Dxpjs9g9EcALZKfLNNoycMdaPpjX1iCwiR97YSDB5j6w6fId4sOF0a4owFYB6Gyp7hYehqRSEBZmiw+PNGEbYMxA+7JucYAifJ0UFGXYY5eZCl3xqg5t3WSx4cR7GhRlbGi4ZbHVto7eOa\/YChHf021zt92SIg6SXpuyt0CEW1v47Z7CbzOpCcWbmDqus3+MKfUm1dQ2kiID5V7QDDr23Irp3YsW6Drv2U95CHOwRg\/7fXeVEpFYRIY3LsdiJwpPsHLCc4iRtnmEAi53TxQWuI5KNMAhsIy8vpxo0Sg19FrMoC\/LGkCfEEuHot7DV+l6HVX6fdhIBE+qNytAACrNhKZZdnnFBuD0ggvbieFCbF3XpLr2vg4x2lu4og0VCsk9U8mZj4JzwBmN7hO1ELDHpsIHzRLYoooje6kMF5s5jSARVmWfRrwWIVEBh\/RfKimWatU4q6rOLRquM5NsHUbIjzno3JvAwe2tCQPX3xH0o2GgrkK0F647ikllNFJhRCjD9gcNhgH\/RCExMA7tbVLOcOgsvgzBsfyAbY1ns0Z2iq1W5AsGanI2Kj0QFyN9XazLbInENz0bN0WY1VXRnuL1S6l2kjsvGbUvZIkgmcrg92ploBJD05qkvyfm1IgVdcUbIDPi2sf+SjipJMVNqDlGa3PzfpVUp9smwHeCJglnDO7F4yGXCpaW0q+gkSVn0BrulvRAjSYyrgzhkFj3+mMcpwdUjnSdGKcnS\/WfkFXjwrVWlkVV5+e59GoJhFJQh0fMIcAagbuSa5nGNOrj1S3BOeaRb3JA5UN+vrHlUj\/kqe1mWVxHIEWniNCtekiGuIEJLUKB+X0lumiPejlqIC2MmC\/70go+ZBdgXDewkcxExhfOaoZbpsyKnEvHy9N9YBpwrYZ9AJ+7+7BmSyA17XSoWSRcaexLZT9ZfcwoHRbKcMlmQbxxYavLriWpZXW\/vcql1C37XSFiK6FLRssOM\/QljvBMpDxlf74nOV1okqs0DI0aj9o7VDQ2CkzE\/gvSRR+bwftyJ5RbG674warMfvK6zloOK0LtP7s9C17v7PCgtKQ5\/spy+HvexRuRP3yZJroY8itq7J1Npt6R6y5Vesvb8r9qdnbkHZ20noc4is45Ozv1xqPWw5R6MMY8uANGo6l3Mm69s\/vgR5LtnEyqzlf1lFYGoPEyBWgm7Gy3Gx0tsBkSeu90sv\/61zra4NHp0Yl3dHy692hOPmwhB41B6cw7alE7T7ZC6BHInLYImWeZo5IadKPWUmnVA3BS33PsHY3PvNls\/5VvYVnr8vjJbOLNWrRfIuSbhNt8RP+kxad6pCCMfHyibXCGd1Jtc6BcdYnEIonwTymFo5Mz7+Rk1r\/qFYBlZgsgJ3D4CEw62yfjVUq3RGYCHp4de1CJvcevYQ+sDng8wz3HrcfFYhMGmV9QE\/TouOpldhRch8nwjS6gW047IesTapr+zmVvzPsHbYffg5OkJpVqz6YzHHbUv5jLwroo+XNyPPKOpke9hH1PjUdf3px5k+nEm44PkHSruUmmzk5PvVFLGW71I7SF2TDxRpBH26zq3lKcDa8La6ubjGazhtq3zzRF7tR0AtGdduRzC\/1Kho5LsuUMYhy3rnub5jm8X0TcGNVd7E760+7UT7yzsxNvdogld7UBw6XoWraTCVZN9w+5C4NY29JiTibjjsG+2X305fkUnuuktf5Nkde8mM3OvFFL2e5BRgaYRuoxmuCi+49\/5NmoZEh+sqRzRsyY9KvGZUhAJqCy2fNPtvgojldg6UARlzJW2i9AJslNi75SLBViPl2KzVJqiNF7PWWksh9CgaZZGypLjAvepSwhUUlYOg97bzqAEe9T68KidskdMpq1NUTWomxytOcz3AppRayLhKsKUjMiIMnVSAS8LLUBJ49yb4cb8KnMdVwOR2CTP1Z16LysdrngD+k68ItsE4dLOtaURo3mKugrMZyWgXXZA+HWBjrhwmJZ6OFe8jdgO137sazWErN5VKkceiA0HYdmUeFrnt\/0emsdlfZU5Pa2WirA2O7jUNstAFDOsjAvOOkYcN9YEOO13v07kfEjSmnmlulzxUN5DdlglcpJjjvPKrJLjR44xD\/ksSRf2EoHlIlAJfrG3FTX7wVUTRCdIB0CPmetJTBW4ldYS7lZF28jXyOyDmUXwJGwmoin6DiNiQ3Xh+Nu1bM9PUbmJJVSUg9gCkGpjZO8ci7VzSrRilaJ1bUpmrUGUq2NSbh8QgCQ0NSFFBuXOSUNiZTq\/whvpLoS65+Ri0ZG2ipEyWRUg5cm\/6SwRyRXxb1WvtblGFUmaHIoLttFb2MqxZUsiox0E1Yy5\/et8XdPBJIImdPe7GeqXnerBiff42WZupPOSjl5JHC34JlIYso9RaouAfWJpRkqqj2VaDxTsNuFyJmMgyzaDwEtq1aHsSuqZ7EwDtNoe2kclHZR0UQ5OafFLGiZaVKzljjcerVI12viNVKcVcpOuzQVHnHYp6ScGagmFGtpNiq7Dfvm2rz0e2trdO00acWWCQ3TEy9pwC47UGcmztzQpG41k1UPYfG0Fj7LmxeGB02IF3FNTOkt1V1Ik11c1lyx26+144qDi9RJZPcLze7PRQ\/IruGcs7JztpdF0lypLwVGnuT5nYmG5qDRXbtTXd+SQmj2u+G+UZkpQ7wUY5qDELWMXWjunYo4MBHgNqqGrWgidqmkNptzjXMO1TN1u4JSXnAUCXOcuwqudivIR0W8hnoaItTM8HJuK5VpcsYFz5CmZckHwQpDmlSlwfKNqy1adZ6tqQJdyaNq15O5NDq0VFdekc0BIeYipj8jgj83yFAzkUqrUvr8z482NCzwjw43lFVb7bjW0VrStGoa5Hn\/sE1ZlXUe6TFtj8T6lHT+1clxQxhbpkupiU79pErJetGHjIXyfLmgCmObfqqJwErO+kb7mahUvs9InrATqNJoOVVwZVtIlQf2QC0MN+VDpu5DrNIZI6\/Rq9N0+r6ZJK0ZnU5PW+B0NcVtCd7RgILPDa1qJtK1revxobZY52+H3aplR7pXcQ9urlBzk9bGXAXZadt\/U\/xZ756ke\/U2ITe7f41eeugdrgb+9su\/ZFiVsEbD18kUcjUk0AAzWE0\/33lIl2Gik23Is\/NSmGZox55\/PB3M2pU3J+BPzU+x8pYDuRQipMT+KP602yKqU5FPs1NqeSUA9lg1eMse7lXXMm44oD7lJ0OZtQyLXQJfLKlK68418XrJHsr9wKqJKTsQmXr4coN2PbDrB47P9qq+Uu9cCiyCGq4oo+idRWIoG65iriwj0Z7t7dMtOlIZ9nSyL0f5FdWsK0tx0RkP3ZXT6j1jIo1Bi6asou5oRkhz7lnZWZNzzzrF28Z+B6cr+pJivkxntsKB355RDPfjpES9AqAOUm6B17V608z7ETe6o+n3rv58lSxTG2uXkXCPicZ6HvKunK\/fXr6Z386v1fnt+d2AFCPAbRfVsfRjLQ4AXckN2D2xUM7rEXIAWRwGoDw8X1CRzFhyBPC\/Ro0nA3UyGp9M61miqvYC97tMk+dqdDIeI+k4nqrj43FVSx1e6zB6rmI3ne5pq7N\/BLYAwvAioXLob7yFqeqr+uf9vUbVha9uru5w5au31zCiX2+hwP+8efn66uvL+Y26Pce3b29eqnfz2wv8gS9v776+fPvmx4H64XZ+dzfH0tev57gjmZlluIosiu8FLf6de40nx8PJ9GimnqnJ9HRK\/5udHPNfR0dd0uX1k7M2G9aNXwv+I46s52+ixt3rXwKyL2gIXb3QCmF\/+ffPVnm+fv7s2Waz8XgDFu4Gwqo6Nwvzmcopfc\/\/\/tn\/+GDyw2dfffL1F8+0aNX\/AQ==\" \/> \t\t<a href=\"https:\/\/www.pdf24.org\" target=\"_blank\" title=\"www.pdf24.org\" rel=\"nofollow\"><img src=\"https:\/\/www.hohenlohe-ungefiltert.de\/wp-content\/plugins\/pdf24-post-to-pdf\/img\/pdf_32x32.png\" alt=\"\" border=\"0\" height=\"32\" \/><\/a> \t\t<span class=\"pdf24Plugin-cp-space\">&nbsp;&nbsp;<\/span> \t\t<span class=\"pdf24Plugin-cp-text\">Sende Artikel als PDF<\/span> \t\t<span class=\"pdf24Plugin-cp-space\">&nbsp;&nbsp;<\/span> \t\t<input class=\"pdf24Plugin-cp-input\" style=\"margin: 0px;\" type=\"text\" name=\"sendEmailTo\" placeholder=\"Emailadresse\" \/> \t\t<input class=\"pdf24Plugin-cp-submit\" style=\"margin: 0px;\" type=\"submit\" value=\"Senden\" \/> \t<\/form> <\/div>","protected":false},"excerpt":{"rendered":"<p>&#8222;Auch der Wahlkreis Schw\u00e4bisch Hall kann auf Gr\u00fcn-Rot bauen&#8220;, sagt der Gr\u00fcnen-Landtagsabgeordnete Muhterem Aras. \u201eF\u00f6rdergelder sind ein aktiver Beitrag zur \u00f6kologischen Modernisierung der Wirtschaft und zur Sicherung und Schaffung von neuen Arbeitspl\u00e4tzen.\u201c In den Landkreis Schw\u00e4bisch Hall flie\u00dfen aus dem Entwicklungsprogramm L\u00e4ndlicher Raum (ELR) knapp drei Millionen Euro. Von der Pressestelle des Umweltministeriums Baden-W\u00fcrttemberg Ins [&hellip;]<\/p>\n","protected":false},"author":3,"featured_media":0,"comment_status":"open","ping_status":"open","sticky":false,"template":"","format":"standard","meta":[],"categories":[],"tags":[],"_links":{"self":[{"href":"https:\/\/www.hohenlohe-ungefiltert.de\/index.php?rest_route=\/wp\/v2\/posts\/13505"}],"collection":[{"href":"https:\/\/www.hohenlohe-ungefiltert.de\/index.php?rest_route=\/wp\/v2\/posts"}],"about":[{"href":"https:\/\/www.hohenlohe-ungefiltert.de\/index.php?rest_route=\/wp\/v2\/types\/post"}],"author":[{"embeddable":true,"href":"https:\/\/www.hohenlohe-ungefiltert.de\/index.php?rest_route=\/wp\/v2\/users\/3"}],"replies":[{"embeddable":true,"href":"https:\/\/www.hohenlohe-ungefiltert.de\/index.php?rest_route=%2Fwp%2Fv2%2Fcomments&post=13505"}],"version-history":[{"count":15,"href":"https:\/\/www.hohenlohe-ungefiltert.de\/index.php?rest_route=\/wp\/v2\/posts\/13505\/revisions"}],"predecessor-version":[{"id":13543,"href":"https:\/\/www.hohenlohe-ungefiltert.de\/index.php?rest_route=\/wp\/v2\/posts\/13505\/revisions\/13543"}],"wp:attachment":[{"href":"https:\/\/www.hohenlohe-ungefiltert.de\/index.php?rest_route=%2Fwp%2Fv2%2Fmedia&parent=13505"}],"wp:term":[{"taxonomy":"category","embeddable":true,"href":"https:\/\/www.hohenlohe-ungefiltert.de\/index.php?rest_route=%2Fwp%2Fv2%2Fcategories&post=13505"},{"taxonomy":"post_tag","embeddable":true,"href":"https:\/\/www.hohenlohe-ungefiltert.de\/index.php?rest_route=%2Fwp%2Fv2%2Ftags&post=13505"}],"curies":[{"name":"wp","href":"https:\/\/api.w.org\/{rel}","templated":true}]}}