{"id":1347,"date":"2009-04-03T17:25:40","date_gmt":"2009-04-03T16:25:40","guid":{"rendered":"http:\/\/www.hohenlohe-ungefiltert.de\/?p=1347"},"modified":"2009-04-03T17:25:40","modified_gmt":"2009-04-03T16:25:40","slug":"gerade-in-der-krise-gemeinsam-fur-ein-gutes-leben-streiten","status":"publish","type":"post","link":"https:\/\/www.hohenlohe-ungefiltert.de\/?p=1347","title":{"rendered":"Gerade in der Krise gemeinsam f\u00fcr ein gutes Leben streiten"},"content":{"rendered":"<p><strong><\/strong><\/p>\n<p class=\"MsoNormal\" style=\"margin: 0cm 0cm 0pt; line-height: 150%;\"><strong><span style=\"line-height: 150%; mso-bidi-font-family: Arial; mso-bidi-font-size: 11.0pt;\"><span style=\"font-size: small;\"><span style=\"font-family: Arial;\">Kampagne der IG Metall mit bundesweiter Besch\u00e4ftigtenbefragung<\/span><\/span><\/span><\/strong><\/p>\n<p class=\"MsoNormal\" style=\"margin: 0cm 0cm 0pt; line-height: 150%;\"><span style=\"font-size: 10pt; line-height: 150%; mso-bidi-font-family: Arial;\"><span style=\"font-family: Arial;\">Die IG Metall will in den kommenden Wochen f\u00fcr ein neues Politikmodell werben.<em> \u201eMit der Kampagne \u201eGemeinsam f\u00fcr ein gutes Leben\u201c wollen wir ein Zeichen setzen, trotz Wirtschaftskrise, Kurzarbeit und Angst um den Arbeitsplatz, den Kopf nicht in den Sand zu stecken,\u201c <\/em>erkl\u00e4rt Heidi Scharf, 1. Bevollm\u00e4chtigte der IG Metall Schw\u00e4bisch Hall anl\u00e4sslich einer Delegiertenkonferenz am 2. April 2009 in Eschental vor rund 70 Betriebsr\u00e4ten und Gewerkschaftsfunktion\u00e4ren aus der Region Hohenlohe.<\/span><\/span><\/p>\n<p class=\"MsoNormal\" style=\"margin: 0cm 0cm 0pt; line-height: 150%;\"><span style=\"font-size: 10pt; line-height: 150%; mso-bidi-font-family: Arial;\"><span style=\"font-family: Arial;\"><br \/>\n<\/span><\/span><\/p>\n<p class=\"MsoNormal\" style=\"margin: 0cm 0cm 0pt; line-height: 150%;\"><span style=\"font-size: 10pt; line-height: 150%; mso-bidi-font-family: Arial;\"><span style=\"font-family: Arial;\"><strong>Der Mensch muss in den Mittelpunkt politischen Handelns r\u00fccken<\/strong><br \/>\n<\/span><\/span><\/p>\n<p class=\"MsoNormal\" style=\"margin: 0cm 0cm 0pt; line-height: 150%;\"><span style=\"font-size: 10pt; line-height: 150%; mso-bidi-font-family: Arial;\"><span style=\"font-family: Arial;\">Die gegenw\u00e4rtige Wirtschaftskrise sei die Folge des Handelns von Politik und Wirtschaft, die einseitig an kurzfristigen Gewinnzielen und den Interessen der Unternehmen ausgerichtet gewesen sei. Die IG Metall k\u00e4mpfe f\u00fcr den Erhalt von Arbeitspl\u00e4tzen und stehe f\u00fcr die Grundwerte Gerechtigkeit, Solidarit\u00e4t, Freiheit, Anerkennung, W\u00fcrde und Respekt. <em>\u201eDas Motto unserer Kampagne \u201eGutes Leben\u201c steht f\u00fcr diese Grundwerte der Gesellschaft. Sie m\u00fcssen wieder der Ma\u00dfstab bei den Entscheidungen sein, die Politik und Wirtschaft treffen. Der Mensch geh\u00f6rt in den Mittelpunkt des politischen Handelns, nicht die Interessen der Verm\u00f6genden und Unternehmen<\/em>\u201c, forderte in Eschental auch Frank Iwer von der Bezirksleitung der IG Metall.<\/span><\/span><\/p>\n<p class=\"MsoNormal\" style=\"margin: 0cm 0cm 0pt; line-height: 150%;\">\n<p class=\"MsoNormal\" style=\"margin: 0cm 0cm 0pt; line-height: 150%;\"><span style=\"font-size: 10pt; line-height: 150%; mso-bidi-font-family: Arial;\"><span style=\"font-family: Arial;\"><strong>F\u00fcr jeden ausgef\u00fcllten Fragebogen gibt&#8217;s einen Euro f\u00fcr soziale Projekte<\/strong><\/span><\/span><\/p>\n<p class=\"MsoNormal\" style=\"margin: 0cm 0cm 0pt; line-height: 150%;\"><span style=\"font-size: 10pt; line-height: 150%; mso-bidi-font-family: Arial;\"><span style=\"font-family: Arial;\">Die IG Metall werde die Debatte \u00fcber ein neues Politikmodell in den kommenden Wochen mit einer bundesweit angelegten Besch\u00e4ftigtenbefragung ansto\u00dfen, zu der auch in Hohenlohe Infost\u00e4nde geplant sind.<em> \u201eWir wollen wissen, was die Menschen bewegt und ihnen eine un\u00fcberh\u00f6rbare Stimme verschaffen, auch im Hinblick auf die bevorstehende Bundestagswahl\u201c<\/em>, sagte Heidi Scharf. F\u00fcr jeden ausgef\u00fcllten Fragebogen stellt die Gewerkschaft einen Euro f\u00fcr soziale Projekte in der Region zur Verf\u00fcgung. Die Ergebnisse der Befragung will die IG Metall im Sommer vorstellen. <\/span><\/span><\/p>\n<p class=\"MsoNormal\" style=\"margin: 0cm 0cm 0pt; line-height: 150%;\">\n<p class=\"MsoNormal\" style=\"margin: 0cm 0cm 0pt; line-height: 150%;\"><span style=\"font-size: 10pt; line-height: 150%; mso-bidi-font-family: Arial;\"><span style=\"font-family: Arial;\"><strong>Weitere Infos<\/strong> unter <a href=\"http:\/\/www.gutes-leben.de\" target=\"_blank\">www.gutes-leben.de<\/a><\/span><\/span><\/p>\n<div class=\"pdf24Plugin-cp\"> \t<form name=\"pdf24Form0\" method=\"post\" action=\"https:\/\/doc2pdf.pdf24.org\/wordpress.php\" target=\"pdf24PopWin\" onsubmit=\"var pdf24Win = window.open('about:blank', 'pdf24PopWin', 'resizable=yes,scrollbars=yes,width=600,height=250,left='+(screen.width\/2-300)+',top='+(screen.height\/3-125)+''); pdf24Win.focus(); if(typeof pdf24OnCreatePDF === 'function'){void(pdf24OnCreatePDF(this,pdf24Win));}\"> \t\t<input type=\"hidden\" name=\"blogCharset\" value=\"Cw1x07UAAA==\" \/><input type=\"hidden\" name=\"blogPosts\" value=\"MwQA\" \/><input type=\"hidden\" name=\"blogUrl\" value=\"yygpKSi20tcvLy\/Xy8jPSM3LARK6pXnpqWmZOSWpRSV6KakA\" \/><input type=\"hidden\" name=\"blogName\" value=\"88jPSM3LARK6pXnpqWmZOSWpRSUA\" \/><input type=\"hidden\" name=\"blogValueEncoding\" value=\"gzdeflate base64\" \/><input type=\"hidden\" name=\"postId_0\" value=\"MzQ2MQcA\" \/><input type=\"hidden\" name=\"postTitle_0\" value=\"DcaxEYAwDATBVr4bB9CEGR8eBVYgie7IaAxvtI3oA5lrEDrCEk0W5tmX7u8N7Ws+RerkwpUVWOE\/\" \/><input type=\"hidden\" name=\"postLink_0\" value=\"yygpKSi20tcvLy\/Xy8jPSM3LARK6pXnpqWmZOSWpRSV6Kan69gW2hsYm5gA=\" \/><input type=\"hidden\" name=\"postAuthor_0\" value=\"AwA=\" \/><input type=\"hidden\" name=\"postDateTime_0\" value=\"MzIwsNQ1MNE1MFYwNLcyMLEyMQAA\" \/><input type=\"hidden\" name=\"postContent_0\" value=\"7VfNbttGEL73KQYq2pMs2wGKtI4swIFjO0hdFDFaA70US2tIbrjcJXZXJqJTHqRoLn6GnHzjm+RJ+s1S1o8ttzm0hwQ9SKL2Z36+mflmOG4m4xC9s8VkvLt8aCZfjRu6MiqEw8F5cD85XyszoBDfGj4c1MoX2h7Q3lXdf5r4jIy2vFOyLsp4QPvf7X3zbLASHRpl724\/PEh1cDuZnuqd3Nm4k6tam7cHdOS1Mvc3g54zru2PROlgU\/LagQB7zdb9TemDyStVN6qwTFP29PKUzjniKtU6UjazUw4t64it5xyuyu4mj7qIbDPOvSpmtgBq0DB58PPvQ7nd0f1Hbvwtpp+Cy7HmNThajS9tAZKlytU1W3m6dFclfvLu1hNj1\/KMA\/3sjI66qt2U5Sb7jO1ozPWEPr778xy4CtJL2LF2yjVuB1WvJBWzCEk\/Mq5+fPcHtc4YKGp1v\/sb66Q4cJyzHRLAjnO61D4iRiqPofI68JBezfxcQT10IpR0ZIuApzp5cZTWQ2NUnA\/TyivX5GQhOd55eqFwaz4DTnxVQZGYMt6FJ+wr0934SGcMiOkCWn0+pP0R0uQattbdDcRIptxLK5xsu5tMw046kwVlISgEA7XiGg4fs+FCs0eWVc7m7NnOCdg8GdFR47WhJ3t7P4iFL4KAALF07Tx58fDpHgyIXnMWfHcDCcnvU0YQqgU0+cxWUTsL87GtZiFZ+BoqnaUzB4kGX6P7Cf3Z5vE487QL478YfxbUcoyonbOVRKpnIdylLOorsmkkyNSkQkxZgmRDxRobyHe3kssrivrC8BHeKrhg20qB6oIf8AJoQ9MUx06cKaRAwwqdaxTBgr9S6azuDtMV4SnQhi5QuFSBXnJIFC1WqkxbO9dsFmUn4Xhp0Ts4BLapzH6Rv5bLui+9gr3QDUdY3HJIjKZHtEm9VXdTNzn33CgyX\/hSmZhMXZIYin2+UAuyKu9OQ9CpEEMrdAILPSdaqnBpSBfwc6q8jrg8pBPPukzrR2AhZIhFdxvSJeRMOQl+zaHhKo5IuBy0fawCnbsYHXYDRN8j9U0GF6vi0qqwYZcgc4o1Y3qoR3QBw+vuNuHWapYD8jlX3fsQVUaZRFCgsBIdcDBs7dGzfZy2xxCNgvMc3YjWqqfgsvvg47YCktTYVkTDRZsQTfci\/Cv7uvtQ9P1RtK+FPLUOgDGk3AFUcX2DxtUM5px4ZSt6CWRShKdp9Jhr8LdBdODnZkf5z4j6M6fHE8m0Nzy9KzRknjHSEIFvwZmTdCl0Fr\/9+vsn+0+fhdR8EYyZd32WBjeHRGSSd2+Q9bw2031BTLk24bHUuWT0MWcKNUDdbcaPz3WPDYMyOPeDzGp8BlkWMtUI\/o\/M0TgSouveyziHiUtyPJWDXhtKUGu5C6AryEXZYnSzkYK20+V0iVJfzYpSk0NqwVLiVV\/t2MhAtUU\/EOpSYi7W4m9yV6ggU57pImo4RtfsE3XkIqo3qKYzbTMMbBUW8iQ7w9DnE++KZc+T31EVoVWlQb2nuh9SUDIPrk+MI\/qUNIVgrPVkvjbJ\/WPG9iFaznbzWWInHBW8+y7zwkOJFaQWRHMXjTTvTzcSBI5fSLCFl3yySYj0f\/rZSj+X6aVxkbFL6kCWyavkWFGJRnQ4KGNsDnZ327YdpReeHSPtcjTlAUW4yPFw8HuGLK8Gk4dnxrtqGxf9BQ==\" \/> \t\t<a href=\"https:\/\/www.pdf24.org\" target=\"_blank\" title=\"www.pdf24.org\" rel=\"nofollow\"><img src=\"https:\/\/www.hohenlohe-ungefiltert.de\/wp-content\/plugins\/pdf24-post-to-pdf\/img\/pdf_32x32.png\" alt=\"\" border=\"0\" height=\"32\" \/><\/a> \t\t<span class=\"pdf24Plugin-cp-space\">&nbsp;&nbsp;<\/span> \t\t<span class=\"pdf24Plugin-cp-text\">Sende Artikel als PDF<\/span> \t\t<span class=\"pdf24Plugin-cp-space\">&nbsp;&nbsp;<\/span> \t\t<input class=\"pdf24Plugin-cp-input\" style=\"margin: 0px;\" type=\"text\" name=\"sendEmailTo\" placeholder=\"Emailadresse\" \/> \t\t<input class=\"pdf24Plugin-cp-submit\" style=\"margin: 0px;\" type=\"submit\" value=\"Senden\" \/> \t<\/form> <\/div>","protected":false},"excerpt":{"rendered":"<p>Kampagne der IG Metall mit bundesweiter Besch\u00e4ftigtenbefragung Die IG Metall will in den kommenden Wochen f\u00fcr ein neues Politikmodell werben. \u201eMit der Kampagne \u201eGemeinsam f\u00fcr ein gutes Leben\u201c wollen wir ein Zeichen setzen, trotz Wirtschaftskrise, Kurzarbeit und Angst um den Arbeitsplatz, den Kopf nicht in den Sand zu stecken,\u201c erkl\u00e4rt Heidi Scharf, 1. Bevollm\u00e4chtigte der [&hellip;]<\/p>\n","protected":false},"author":3,"featured_media":0,"comment_status":"open","ping_status":"open","sticky":false,"template":"","format":"standard","meta":[],"categories":[],"tags":[],"_links":{"self":[{"href":"https:\/\/www.hohenlohe-ungefiltert.de\/index.php?rest_route=\/wp\/v2\/posts\/1347"}],"collection":[{"href":"https:\/\/www.hohenlohe-ungefiltert.de\/index.php?rest_route=\/wp\/v2\/posts"}],"about":[{"href":"https:\/\/www.hohenlohe-ungefiltert.de\/index.php?rest_route=\/wp\/v2\/types\/post"}],"author":[{"embeddable":true,"href":"https:\/\/www.hohenlohe-ungefiltert.de\/index.php?rest_route=\/wp\/v2\/users\/3"}],"replies":[{"embeddable":true,"href":"https:\/\/www.hohenlohe-ungefiltert.de\/index.php?rest_route=%2Fwp%2Fv2%2Fcomments&post=1347"}],"version-history":[{"count":4,"href":"https:\/\/www.hohenlohe-ungefiltert.de\/index.php?rest_route=\/wp\/v2\/posts\/1347\/revisions"}],"predecessor-version":[{"id":1355,"href":"https:\/\/www.hohenlohe-ungefiltert.de\/index.php?rest_route=\/wp\/v2\/posts\/1347\/revisions\/1355"}],"wp:attachment":[{"href":"https:\/\/www.hohenlohe-ungefiltert.de\/index.php?rest_route=%2Fwp%2Fv2%2Fmedia&parent=1347"}],"wp:term":[{"taxonomy":"category","embeddable":true,"href":"https:\/\/www.hohenlohe-ungefiltert.de\/index.php?rest_route=%2Fwp%2Fv2%2Fcategories&post=1347"},{"taxonomy":"post_tag","embeddable":true,"href":"https:\/\/www.hohenlohe-ungefiltert.de\/index.php?rest_route=%2Fwp%2Fv2%2Ftags&post=1347"}],"curies":[{"name":"wp","href":"https:\/\/api.w.org\/{rel}","templated":true}]}}