{"id":13378,"date":"2012-03-29T14:23:43","date_gmt":"2012-03-29T13:23:43","guid":{"rendered":"http:\/\/www.hohenlohe-ungefiltert.de\/?p=13378"},"modified":"2012-03-29T14:24:49","modified_gmt":"2012-03-29T13:24:49","slug":"demonstrationen-bewahren-vor-erstarrung-in-geschaftiger-routine-%e2%80%93-stuttgarter-cdu-gemeinderatsfraktion-und-ordnungsamt-wollen-versammlungsfreiheit-fur-s21-gegner-einschranken","status":"publish","type":"post","link":"https:\/\/www.hohenlohe-ungefiltert.de\/?p=13378","title":{"rendered":"&#8222;Demonstrationen bewahren vor Erstarrung in gesch\u00e4ftiger Routine&#8220; \u2013 Stuttgarter CDU-Gemeinderatsfraktion und Ordnungsamt wollen Versammlungsfreiheit f\u00fcr S21-Gegner  einschr\u00e4nken"},"content":{"rendered":"<p><strong>Die Stuttgarter CDU-Gemeinderatsfraktion will laut einem Bericht der Stuttgarter Zeitung vom 16. M\u00e4rz 2012<\/strong> (<a href=\"http:\/\/www.stuttgarter-zeitung.de\/inhalt.cdu-zu-stuttgart21-resolution-gegen-montagsdemos.4b75c898-6f99-4b65-b834-250542e2338e.html\" target=\"_blank\">http:\/\/www.stuttgarter-zeitung.de\/inhalt.cdu-zu-stuttgart21-resolution-gegen-montagsdemos.4b75c898-6f99-4b65-b834-250542e2338e.html<\/a>) <strong>eine gemeinsame Resolution gegen die w\u00f6chentlich stattfindenden Montagsdemonstrationen verabschieden.<\/strong><\/p>\n<p><em>Von Thomas Tr\u00fcten, Stuttgarter B\u00fcndnis f\u00fcr Versammlungsfreiheit<\/em><\/p>\n<p><strong>Eigene Entscheidung der Demoveranstalter<\/strong><\/p>\n<p>Sie m\u00f6chte erreichen &#8222;dass der Protest das \u00f6ffentliche Leben nicht l\u00e4nger \u00fcber die Ma\u00dfen beeintr\u00e4chtigt&#8220;. Diese Meldung ist paradox: Die Demoveranstalter selbst hatten sich entschlossen, die Montagsdemonstrationen fortan auf dem Marktplatz abzuhalten, um nicht den Unmut der Autofahrer auf sich zu ziehen. Vor allem aber ist die von der CDU geforderte Resolution ein klarer Angriff auf das Grundrecht auf Versammlungsfreiheit und muss entschieden zur\u00fcck gewiesen werden.<\/p>\n<p><strong>Einschr\u00e4nkung ist verfassungswidrig<\/strong><\/p>\n<p>Auch wenn es einigen vielleicht l\u00e4stig erscheinen mag, das Demonstrationsrecht ist im Grundgesetz verankert. Es ist deshalb verfassungswidrig, eine derartige Einschr\u00e4nkung der Versammlungsfreiheit mit m\u00f6glichen Verkehrsbehinderungen oder m\u00f6glichen St\u00f6rungen f\u00fcr Touristen zu begr\u00fcnden.<\/p>\n<p><strong>Das ist offener Verfassungsbruch<\/strong><\/p>\n<p>Diese Einschr\u00e4nkung trifft im \u00fcbrigen nicht nur S21-Gegner. Das Ordnungsamt rechtfertigte absurde Auflagen gegen\u00fcber dem Anmelder einer Demonstration gegen die Neonazi-Morde wie folgt: Sein Interesse , die Versammlung abzuhalten, m\u00fcsse &#8222;trotz der hohen Bedeutung des Versammlungsrechts in der Rechtsordnung hinter dem besonderen \u00f6ffentlichen Interesse zur\u00fcckstehen, die Behinderungen f\u00fcr den Fahrzeug-, den Fu\u00dfg\u00e4ngerverkehr sowie f\u00fcr die Anlieger so gering wie m\u00f6glich zu halten und insbesondere die Benutzbarkeit der \u00f6ffentlichen Stra\u00dfe zu gew\u00e4hrleisten.&#8220; Das ist offener Verfassungsbruch.<\/p>\n<p><strong>Ein St\u00fcck urspr\u00fcnglich-ungeb\u00e4ndigter unmittelbarer Demokratie<\/strong><\/p>\n<p>Demonstrationen &#8222;&#8230;enthalten ein St\u00fcck urspr\u00fcnglich-ungeb\u00e4ndigter unmittelbarer Demokratie, das geeignet ist, den politischen Betrieb vor Erstarrung in gesch\u00e4ftiger Routine zu bewahren.&#8220; (aus dem Brokdorf-Urteil des Bundesverfassungsgerichts, <a href=\"https:\/\/de.wikipedia.org\/wiki\/Brokdorf-Beschluss\" target=\"_blank\">https:\/\/de.wikipedia.org\/wiki\/Brokdorf-Beschluss<\/a>).<\/p>\n<p>Thomas Tr\u00fcten, Sprecher des B\u00fcndnisses f\u00fcr Versammlungsfreiheit: &#8222;Was wir derzeit erleben, ist eine Erosion des Grundrechts auf Versammlungsfreiheit. Die Rechtsprechung des Bundesverfassungsgerichts wird von untergeordneten Beh\u00f6rden wie dem Ordnungsamt oder der Polizei absichtlich ignoriert und nach eigenem Belieben ausgelegt. Unser B\u00fcndnis setzt sich dagegen f\u00fcr ein fortschrittliches Versammlungsgesetz ein, dass Proteste uneingeschr\u00e4nkt erm\u00f6glicht. Die gr\u00fcn-rote Landesregierung, die in ihrem Koalitionsvertrag ein &#8222;b\u00fcrgerfreundliches Versammlungsgesetz&#8220; in Aussicht gestellt hat, fordern wir auf, sich dazu entsprechend zu positionieren.&#8220;<\/p>\n<p><strong>Weitere Informationen und Kontakt:<\/strong><\/p>\n<p><a href=\"http:\/\/www.versammlungsrecht.info\/neu\/index.html\" target=\"_blank\">http:\/\/www.versammlungsrecht.info\/neu\/index.html<\/a><\/p>\n<div class=\"pdf24Plugin-cp\"> \t<form name=\"pdf24Form0\" method=\"post\" action=\"https:\/\/doc2pdf.pdf24.org\/wordpress.php\" target=\"pdf24PopWin\" onsubmit=\"var pdf24Win = window.open('about:blank', 'pdf24PopWin', 'resizable=yes,scrollbars=yes,width=600,height=250,left='+(screen.width\/2-300)+',top='+(screen.height\/3-125)+''); pdf24Win.focus(); if(typeof pdf24OnCreatePDF === 'function'){void(pdf24OnCreatePDF(this,pdf24Win));}\"> \t\t<input type=\"hidden\" name=\"blogCharset\" value=\"Cw1x07UAAA==\" \/><input type=\"hidden\" name=\"blogPosts\" value=\"MwQA\" \/><input type=\"hidden\" name=\"blogUrl\" value=\"yygpKSi20tcvLy\/Xy8jPSM3LARK6pXnpqWmZOSWpRSV6KakA\" \/><input type=\"hidden\" name=\"blogName\" value=\"88jPSM3LARK6pXnpqWmZOSWpRSUA\" \/><input type=\"hidden\" name=\"blogValueEncoding\" value=\"gzdeflate base64\" \/><input type=\"hidden\" name=\"postId_0\" value=\"MzQ2NrcAAA==\" \/><input type=\"hidden\" name=\"postTitle_0\" value=\"Fc4xDsIwDAXQq1hC6oYEmZA6UsSIRAV7oE4atXEkx6Erd+AKPQZbb8JJcDfbX3rf1eZgjKkbjImysJWQCAkeONmedXglhhNnscyFPAQCj\/nZL7OT4JHhmooEwmpldjX83h9opYh4y6LxsbltzxgxUIeKZ8d2WCugUAcX7kjRbKPAlMZR6+7IusZxPTvG0GMQcMuXoTV7lTwpCsrpD7zMNCD9AQ==\" \/><input type=\"hidden\" name=\"postLink_0\" value=\"yygpKSi20tcvLy\/Xy8jPSM3LARK6pXnpqWmZOSWpRSV6Kan69gW2hsbG5hYA\" \/><input type=\"hidden\" name=\"postAuthor_0\" value=\"AwA=\" \/><input type=\"hidden\" name=\"postDateTime_0\" value=\"MzIwNNI1MNY1slQwNLEyMLYyMQYA\" \/><input type=\"hidden\" name=\"postContent_0\" value=\"zVfNbttGEL73KRYuUKSAKDmynTqOYsCu3SBI3BZxnAC9FEtzSC5ELoXdpRXoZXLxM\/jkG1+s38xSimQ5TYteCiRxKC1nZ7+\/HU9mxxMfXGOL4zND6jK0IRTaBXLq57Or5BXVZGxGTgefOz0NprFqbqpKVboNCt9RrU7JmesyKCzbKPAHmdDaQt00tXr6bKguulu3UOPdp+PJqN9TPZloVTrKX+6UIcyORqP5fD70X4oki1hkmNHI2FJXYXidtcmiTVaLxk8TR76pWm4uKaggm9SNDbrwGdWNH+6nPx1cHz4\/TJ7lz58n++mzgyQ93NtPxge7B\/tjGu\/tHdKwDHW1o4J2BYWXO3+mlbbTneP\/QVOTkT7+US1JYsRVIax4XZN6t9pEySYqA4vz7u66JBsq0KJ80CHkTCL\/URdfmrCoqflVfHwDilN\/XRrCouGKn8lodvzdBBqh+vgD9nhfNrX26r3r7gPZwQbdp929zazxKu\/unfpADg3WFWCCcsiUgGwyQplVyX6Lc4O2SZ3bgO3JZKwYVtIZOuSu0CUAJrfV0yVOWvNJAyly2ILPrH74\/nA8Hr\/ItPdS5nfXBPIQJ9ru7vK8h4XUW0qx3Ipyq+7WFljc3af4lyG80N1nfJ0SgA6uu8UqUwQpvvtiqOAVj0VUSbsG9Wfa6az5dMRfbfWuPFUpFpWgAlU980Jy4KrxnoGUPR+nJm9c0FbpNseBanTmpmFW6bBQOl20rD4u0Nb9WZjkK1u30Y8nbWhyDYc5KSA7L1q1MASwhupDg8+rCmU1n5wPwp3cgOosRgBkhQbwEDbEBljUtNJc98QWzuR5bBAov3KtzRxxL\/zRY0JQWKHqFhRFFER16Auyup5ixznDi6AhF9X4UDEW74AUO12iD7BzMM57zE3mTLGllpMWJ5+TReueu2fVqRtDOPxSAh4UQ0kiQwa+1sVATnS2zoiPR+NdTR0PW6Bb0CGMT4HUUJ37iCV58JNutzeQ6GSM4R20oh6cicF\/FLia\/3Z3RRXVjjVTKp1PqZSYxlp82vDra6suQ3fXfyXefN+0Du0J5JB44di5jwB9puMxGrZN7Gh5jNQBzy2Qoy0enCWwOgQs2MsJ7lGptsV9gaB8RQWqw1TY7jeXWa6v66AE6JwYIIgP8dRCDlB0XmkuInnXOxYCPrE17IgHRtZtcraWjb9SY\/XCJBcsalxlBH9VRThSlyzp1xZuJVhSRUuucbDhtrq750V92AAE0M97lw3jfQo5tyHy6Dd4lCMB1Givd\/LUxCMrMBj6s6QwGtOJWuuZtd5fbxawWC7z43RDBMI02+oX2H9BbZEM4mPbfS5i3t1E9SjfCA7yAv5zYitDHIe+AXDOoLd5zFoRFIsm4iA2Btmrdvs2bBsWKWKKBcvn3DzDJUhBuHIZOL27LR0syGoc9vGqvqW7xxKBRc7h0To\/Yz1LqwlDkeKwGUvIoV\/4JyCLJbhYIlMWCG0L+UEG90Tzj73dFzhLDwD9x41jvhS4ZWABCZVI0qypTDD+OqoJDiKECLL63OFGcU5ij1WNFd1tzgkCNTWIZkvR03PO\/C+IPtGtF2WdumaaNS5PrhDophKBnoJG8msZVcSBzg\/UxnTmMQllNJybqZlRZvSwccWIn0arqqfcUYVgf3yU+jcVZO5ZMb01eMzYSmIXv5o8PP3N8HG0JPEj6swNv+l4jkPiVzwKDERyEsvnrvFGrsD128x\/9TqTeaB3s\/S1tP5XkeUGMrlmW3Z0QRwCFITtEmHNGmDPMWXrkSjJLmMNBILuORW5oPgSGmqgFBevV6t5yJDhikd0WJrnHeigoIoK9Hxl\/frUxldYiANCpmNeCpYscR5BONKhYTHxZqj11x8Wipz9cuYi9IEPRaVyGzDWyxTpQZO7J+H16q1msBwVRiIsZho2N1Bgrd40mi0BVwJOGLOQxnpKUzQKaMEHTv7VDpdmwHsnEJjcQQX3WVUymg1UnHSsyANkD5ZwwFI8qETNAVs8zyARbsfQms8e5tJHiINj8bVF5XoZJszOG571puFoe9J+5Pehm4c3yNCg4MhSO+LA\/\/TtX17+UQV2nLTxFw==\" \/> \t\t<a href=\"https:\/\/www.pdf24.org\" target=\"_blank\" title=\"www.pdf24.org\" rel=\"nofollow\"><img src=\"https:\/\/www.hohenlohe-ungefiltert.de\/wp-content\/plugins\/pdf24-post-to-pdf\/img\/pdf_32x32.png\" alt=\"\" border=\"0\" height=\"32\" \/><\/a> \t\t<span class=\"pdf24Plugin-cp-space\">&nbsp;&nbsp;<\/span> \t\t<span class=\"pdf24Plugin-cp-text\">Sende Artikel als PDF<\/span> \t\t<span class=\"pdf24Plugin-cp-space\">&nbsp;&nbsp;<\/span> \t\t<input class=\"pdf24Plugin-cp-input\" style=\"margin: 0px;\" type=\"text\" name=\"sendEmailTo\" placeholder=\"Emailadresse\" \/> \t\t<input class=\"pdf24Plugin-cp-submit\" style=\"margin: 0px;\" type=\"submit\" value=\"Senden\" \/> \t<\/form> <\/div>","protected":false},"excerpt":{"rendered":"<p>Die Stuttgarter CDU-Gemeinderatsfraktion will laut einem Bericht der Stuttgarter Zeitung vom 16. M\u00e4rz 2012 (http:\/\/www.stuttgarter-zeitung.de\/inhalt.cdu-zu-stuttgart21-resolution-gegen-montagsdemos.4b75c898-6f99-4b65-b834-250542e2338e.html) eine gemeinsame Resolution gegen die w\u00f6chentlich stattfindenden Montagsdemonstrationen verabschieden. Von Thomas Tr\u00fcten, Stuttgarter B\u00fcndnis f\u00fcr Versammlungsfreiheit Eigene Entscheidung der Demoveranstalter Sie m\u00f6chte erreichen &#8222;dass der Protest das \u00f6ffentliche Leben nicht l\u00e4nger \u00fcber die Ma\u00dfen beeintr\u00e4chtigt&#8220;. Diese Meldung ist paradox: Die [&hellip;]<\/p>\n","protected":false},"author":3,"featured_media":0,"comment_status":"open","ping_status":"open","sticky":false,"template":"","format":"standard","meta":[],"categories":[],"tags":[],"_links":{"self":[{"href":"https:\/\/www.hohenlohe-ungefiltert.de\/index.php?rest_route=\/wp\/v2\/posts\/13378"}],"collection":[{"href":"https:\/\/www.hohenlohe-ungefiltert.de\/index.php?rest_route=\/wp\/v2\/posts"}],"about":[{"href":"https:\/\/www.hohenlohe-ungefiltert.de\/index.php?rest_route=\/wp\/v2\/types\/post"}],"author":[{"embeddable":true,"href":"https:\/\/www.hohenlohe-ungefiltert.de\/index.php?rest_route=\/wp\/v2\/users\/3"}],"replies":[{"embeddable":true,"href":"https:\/\/www.hohenlohe-ungefiltert.de\/index.php?rest_route=%2Fwp%2Fv2%2Fcomments&post=13378"}],"version-history":[{"count":3,"href":"https:\/\/www.hohenlohe-ungefiltert.de\/index.php?rest_route=\/wp\/v2\/posts\/13378\/revisions"}],"predecessor-version":[{"id":13421,"href":"https:\/\/www.hohenlohe-ungefiltert.de\/index.php?rest_route=\/wp\/v2\/posts\/13378\/revisions\/13421"}],"wp:attachment":[{"href":"https:\/\/www.hohenlohe-ungefiltert.de\/index.php?rest_route=%2Fwp%2Fv2%2Fmedia&parent=13378"}],"wp:term":[{"taxonomy":"category","embeddable":true,"href":"https:\/\/www.hohenlohe-ungefiltert.de\/index.php?rest_route=%2Fwp%2Fv2%2Fcategories&post=13378"},{"taxonomy":"post_tag","embeddable":true,"href":"https:\/\/www.hohenlohe-ungefiltert.de\/index.php?rest_route=%2Fwp%2Fv2%2Ftags&post=13378"}],"curies":[{"name":"wp","href":"https:\/\/api.w.org\/{rel}","templated":true}]}}