{"id":13342,"date":"2012-03-14T09:57:54","date_gmt":"2012-03-14T08:57:54","guid":{"rendered":"http:\/\/www.hohenlohe-ungefiltert.de\/?p=13342"},"modified":"2012-03-14T10:01:42","modified_gmt":"2012-03-14T09:01:42","slug":"landrat-bauer-will-hinter-verschlossenen-turen-verhandeln-%e2%80%93%c2%a0kreisrat-feuchter-grune-fordert-offentliche-sitzung-des-kreistagsausschusses-zum-thema-hohenlohebahn","status":"publish","type":"post","link":"https:\/\/www.hohenlohe-ungefiltert.de\/?p=13342","title":{"rendered":"&#8222;Landrat Bauer will hinter verschlossenen T\u00fcren verhandeln&#8220; \u2013\u00a0Kreisrat Feuchter (Gr\u00fcne) fordert \u00f6ffentliche Sitzung des Kreistagsausschusses zum Thema Hohenlohebahn"},"content":{"rendered":"<p><strong>Einen Offenen Brief an den Schw\u00e4bisch Haller Landrat Gerhard Bauer hat Hans-Joachim Feuchter, Vorsitzender der Kreistagsfraktion Gr\u00fcne\/\u00d6dp, geschrieben. Feuchter fordert, dass der Verwaltungs- und Finanzausschuss am 20. M\u00e4rz 2012 zum Thema Hohenlohebahn \u00f6ffentlich tagt. Auch solle sich der Kreistag mit den Zielen und dem weiteren Vorgehen befassen. <\/strong><\/p>\n<p><em>Von Hans-Joachim Feuchter, Fraktionsvorsitzender Gr\u00fcne\/\u00d6dp im Kreistag Schw\u00e4bisch Hall<\/em><\/p>\n<p><strong>TOP 1 n\u00f6. Verw.u.Fin.A am 20.3. 2012<\/strong><\/p>\n<p><strong>Sehr geehrter Herr Landrat,<\/strong><\/p>\n<p>ich m\u00f6chte hiermit vorschlagen und beantragen den o.a. TOP zur Hohenlohebahn \u00f6ffentlich zu behandeln \u2013 in den Aussch\u00fcssen und im Kreistag. Erstens ist der Sachverhalt durch die Sitzung in Waldenburg bereits \u00f6ffentlich.<\/p>\n<p>Zweitens verlangen Sie durch die Beschlussvorlage  &#8222;Kenntnisnahme&#8220;  eigentlich unausgesprochen das Einverst\u00e4ndnis mit dem von Ihnen geplanten Vorgehen (zun\u00e4chst Absprache mit dem Hohenlohekreis \u00fcber ein von Ihnen festgelegtes Ziel). Dieses Vorgehen m\u00f6chten wir und vielleicht auch andere so nicht, zumindest nicht mit dem formulierten Ziel. Also geht das so \u00fcberhaupt nicht. Sie k\u00f6nnen einen Beschluss zu Vorgehen und Ziel nicht einfach auf diese Weise umgehen, schlie\u00dflich ist die Weiterentwicklung der  Hohenlohebahn ein wichtiges infrastrukturelles Vorhaben in der Region.<\/p>\n<p>Drittens der Beschluss zum Vorgehen (Verhandlungen mit dem Hohenlohekreis mit dem Ziel&#8230;)  geh\u00f6rt, wenn er nicht\u00f6ffentlich gefasst wird, anschlie\u00dfend zudem in den Kreistag, bevor Sie Verhandlungen mit einem bestimmten Ziel aufnehmen. Das ist aber nach ihren \u00dcberlegungen nicht vorgesehen. Sie wollen gleich unmittelbar nach nicht\u00f6ffentlichen Sitzung \u00fcber Ziel und Vorhaben mit dem Nachbarkreis verhandeln.<\/p>\n<p><strong>Wir sehen deshalb zwei M\u00f6glichkeiten:<\/strong><\/p>\n<p>Entweder Sie behandeln den TOP im Ausschuss weiter nicht \u00f6ffentlich und setzen ihn dann auf die \u00f6ffentliche TO des n\u00e4chsten Kreistags (am 27.3.2012) \u2013 vor weiteren Verhandlungen mit dem Hohenlohekreis (zum Ziel und Inhalt der Verhandlungen haben Sie ja bereits  einen Antrag von uns).<\/p>\n<p>Oder Sie machen den Ausschuss \u00f6ffentlich und verhandeln anschlie\u00dfend ohne weiteren Kreistagsbeschluss. Dabei ist aber zu bedenken, dass ein Ausschuss eine Kreistagsangelegenheit (durch die Vorstellung in Waldenburg) vom grunds\u00e4tzlichen Vorgehen und von  der Zielsetzung her so nicht festlegen darf.<\/p>\n<p>Wir m\u00f6chten Sie bitten uns m\u00f6glichst bald mitzuteilen, wie Sie verfahren wollen, damit wir die o.a. strittige Einsch\u00e4tzungen unter Umst\u00e4nden rechtzeitig kl\u00e4ren lassen k\u00f6nnen.<\/p>\n<p>Mit freundlichen Gr\u00fc\u00dfen<\/p>\n<p>Hans-Joachim Feuchter<\/p>\n<p><strong>Weitere Informationen und Kontakt:<\/strong><\/p>\n<p><a href=\"http:\/\/gruene-sha.de\/kreistag\/\" target=\"_blank\">http:\/\/gruene-sha.de\/kreistag\/<\/a><\/p>\n<p><a href=\"http:\/\/www.lrasha.de\/\" target=\"_blank\">http:\/\/www.lrasha.de\/<\/a><\/p>\n<div class=\"pdf24Plugin-cp\"> \t<form name=\"pdf24Form0\" method=\"post\" action=\"https:\/\/doc2pdf.pdf24.org\/wordpress.php\" target=\"pdf24PopWin\" onsubmit=\"var pdf24Win = window.open('about:blank', 'pdf24PopWin', 'resizable=yes,scrollbars=yes,width=600,height=250,left='+(screen.width\/2-300)+',top='+(screen.height\/3-125)+''); pdf24Win.focus(); if(typeof pdf24OnCreatePDF === 'function'){void(pdf24OnCreatePDF(this,pdf24Win));}\"> \t\t<input type=\"hidden\" name=\"blogCharset\" value=\"Cw1x07UAAA==\" \/><input type=\"hidden\" name=\"blogPosts\" value=\"MwQA\" \/><input type=\"hidden\" name=\"blogUrl\" value=\"yygpKSi20tcvLy\/Xy8jPSM3LARK6pXnpqWmZOSWpRSV6KakA\" \/><input type=\"hidden\" name=\"blogName\" value=\"88jPSM3LARK6pXnpqWmZOSWpRSUA\" \/><input type=\"hidden\" name=\"blogValueEncoding\" value=\"gzdeflate base64\" \/><input type=\"hidden\" name=\"postId_0\" value=\"MzQ2NjECAA==\" \/><input type=\"hidden\" name=\"postTitle_0\" value=\"HY0xCsJQEESvsiAE7SSVkM5CBe2SC3yTTfbDzwZ2\/1dI5R28gKewSmVu4knc2MwMA28mW+3yPC8ujhtxEfYuocDdhwDkOVq+oWhNYVBFRoZqnsTMWjIEA2fLwLaA7+P5eZ0FvS47B0w1Lfj6KPPEuIF2kAYlwvxuW+QYfE0IpY9j4g4aVPiz0XXqktqjiZVj6qEi7B2cBkIOJldH\/AM=\" \/><input type=\"hidden\" name=\"postLink_0\" value=\"yygpKSi20tcvLy\/Xy8jPSM3LARK6pXnpqWmZOSWpRSV6Kan69gW2hsbGJkYA\" \/><input type=\"hidden\" name=\"postAuthor_0\" value=\"AwA=\" \/><input type=\"hidden\" name=\"postDateTime_0\" value=\"MzIwNNI1MNY1NFEwsLQyMLYyNQEA\" \/><input type=\"hidden\" name=\"postContent_0\" value=\"jVbNbttGEL73KQYuUNiATDnOoUWsGHAQJ06d1EWdOkAuxVIakluRK2F3aQE69R0K9FSgFz+DT77xTfok\/WZIUYyVBD1Y0q535+f7vpnZyfJ0EqJfuPz03Dp2dJVlLN8vvOWMjKMZFtfTYtXcpTZMC7owZcme3ho38ybSa\/aF8TN6YWrsFti5MC4c\/rgw08JW9IrraRHZj+hm4YONa3YznJO\/S882RJOHzJt5tAtHr33z4Hjc\/DVbjihneEMQKbukN0PZwuNuHNHMhKBmbtivTBlrl4dDqt2MXlln3NrUAffxQaai46OE3jV3fo1fT45pXVf0vuDK0MWiYFfiIzWFo+Zeko+lRZoILCZ0BrcUFsiYguwO46bKRkXno+USX+J7xhWt2CJSbCDjnGGfUs4QreQxGXdgT8bL028mAJ+r0xuk\/gXQXnXQhNshegOcCMf7gB7TNBnDeu+p8\/z+6md6Qq65TxS6pE4AWHLWwfQ0UYh24+zW11x4UINPYeOCfa+E0c4dAaxq7iUVKix7wUvymBalyTvAUjYuel0KlIvEJCQRrmv\/FXLWNS4W8Mulo3\/\/+JNse\/1MSW8eBGw1P0AnoXMfIrtAWCqR10D7VuRbYl17odcyXQNmiElMfjAlrKa1z+EOZmIYRpFs8vyojMMwjJXGSS7XMLQ1+UKkXCI2ZC+pE3337Q\/Hx8cnl+xcdDY4U1Sse0cnRGzzTaK1g45RCUu\/mIqSoHpCncJRiM2dm+FuJ8MK0Dp6U0jt5rxEHHEowX3k1NxNC6R+lsIcUuf+Zg\/0XLCi5gHZIgo3MJlxiDlknkcOKviDhF5aDlj1PjquHa2sV\/Rvca5k5BHJSCEJYR6VtCAnmyMpRIs9BKUbfUCo8qouIZnYlRcqscQ1+ImKAX5rlIWpl93lREGfN\/dO4mVtZj3wopg+TglNjHZOcTQzEl2dCVuB6QNQYKorPT4isWG5+UcZUfFYPaNVHld2Oi9FMCKpR5oVDFfiBIxCdw6dDjVSz2PtBRnFrjDocK2APf3COaq9V9ZLb6MqS\/43TKYaMHsjMLiZxCAkfJ7TzbbkLUJ7enRyQIJncy\/ddAUhEnwoIsNKy7V1RaF0NgKBGyzQiBCGWOxKb1NmI5QKZK5k7EYmtFQ4EaKtqg25grxjVAAa5EvT1qcRCTqhxRbSS5u\/sQH5taZa4m4FgiAgtNyvpE9D\/So5sFwJeGVqOkOPc9MybWu9VbzGIuLoWdmg9hPuw04L5W2bFVpP8rg7foDwNSDcCugrKa3RGzB67nPxONc+8WynUZ5DRawdCVlsG5vAKr0QTeysn2btdOkQGDIlgQeWEQHIpFOA0U7Sw3MMkxIdde1gQF2gfRkC32MIyAw40M4qXG4n2v+R2r7Is8fyjWv7azupB7dbhCXj303fXru6PdOZoO2nduGgx\/lqA1Jl2nbY93yB5jEaW6IeCXeBlrZNqk8\/3RSYyDAFb70Qdd7A2Vzagb48pLK3niXqrR0ZAZAquwIuaH87B+QJBEWWO+PlAKlWlHtEHZq7uO7k+UnHEjAURoFWiBYrBdabdqo9Wv0iRJ\/1oIko+9asCtOmIsjKvioTiaaIRihd15FtKYmudBqy4JgZrcK2wgQC4V7avKSlQxuShln0OZlPMoTvNEL1I4L9tWonFjY8I5Y1sLE5zUs8y7BX6gNp07772N\/BTeYZ+XeQyNNHSNwc+Oy7aacsW6qhRRksRh5UHaiXCxfxwtotyYkhZJw93ytiXD4bj8ENnsWHKOpkxuN5R\/V4D+9EcBSf7\/2WYuTO906\/fn4yNl90sVqtkhIDor3yRcufHusN\/gc=\" \/> \t\t<a href=\"https:\/\/www.pdf24.org\" target=\"_blank\" title=\"www.pdf24.org\" rel=\"nofollow\"><img src=\"https:\/\/www.hohenlohe-ungefiltert.de\/wp-content\/plugins\/pdf24-post-to-pdf\/img\/pdf_32x32.png\" alt=\"\" border=\"0\" height=\"32\" \/><\/a> \t\t<span class=\"pdf24Plugin-cp-space\">&nbsp;&nbsp;<\/span> \t\t<span class=\"pdf24Plugin-cp-text\">Sende Artikel als PDF<\/span> \t\t<span class=\"pdf24Plugin-cp-space\">&nbsp;&nbsp;<\/span> \t\t<input class=\"pdf24Plugin-cp-input\" style=\"margin: 0px;\" type=\"text\" name=\"sendEmailTo\" placeholder=\"Emailadresse\" \/> \t\t<input class=\"pdf24Plugin-cp-submit\" style=\"margin: 0px;\" type=\"submit\" value=\"Senden\" \/> \t<\/form> <\/div>","protected":false},"excerpt":{"rendered":"<p>Einen Offenen Brief an den Schw\u00e4bisch Haller Landrat Gerhard Bauer hat Hans-Joachim Feuchter, Vorsitzender der Kreistagsfraktion Gr\u00fcne\/\u00d6dp, geschrieben. Feuchter fordert, dass der Verwaltungs- und Finanzausschuss am 20. M\u00e4rz 2012 zum Thema Hohenlohebahn \u00f6ffentlich tagt. Auch solle sich der Kreistag mit den Zielen und dem weiteren Vorgehen befassen. Von Hans-Joachim Feuchter, Fraktionsvorsitzender Gr\u00fcne\/\u00d6dp im Kreistag Schw\u00e4bisch [&hellip;]<\/p>\n","protected":false},"author":3,"featured_media":0,"comment_status":"open","ping_status":"open","sticky":false,"template":"","format":"standard","meta":[],"categories":[],"tags":[],"_links":{"self":[{"href":"https:\/\/www.hohenlohe-ungefiltert.de\/index.php?rest_route=\/wp\/v2\/posts\/13342"}],"collection":[{"href":"https:\/\/www.hohenlohe-ungefiltert.de\/index.php?rest_route=\/wp\/v2\/posts"}],"about":[{"href":"https:\/\/www.hohenlohe-ungefiltert.de\/index.php?rest_route=\/wp\/v2\/types\/post"}],"author":[{"embeddable":true,"href":"https:\/\/www.hohenlohe-ungefiltert.de\/index.php?rest_route=\/wp\/v2\/users\/3"}],"replies":[{"embeddable":true,"href":"https:\/\/www.hohenlohe-ungefiltert.de\/index.php?rest_route=%2Fwp%2Fv2%2Fcomments&post=13342"}],"version-history":[{"count":3,"href":"https:\/\/www.hohenlohe-ungefiltert.de\/index.php?rest_route=\/wp\/v2\/posts\/13342\/revisions"}],"predecessor-version":[{"id":13344,"href":"https:\/\/www.hohenlohe-ungefiltert.de\/index.php?rest_route=\/wp\/v2\/posts\/13342\/revisions\/13344"}],"wp:attachment":[{"href":"https:\/\/www.hohenlohe-ungefiltert.de\/index.php?rest_route=%2Fwp%2Fv2%2Fmedia&parent=13342"}],"wp:term":[{"taxonomy":"category","embeddable":true,"href":"https:\/\/www.hohenlohe-ungefiltert.de\/index.php?rest_route=%2Fwp%2Fv2%2Fcategories&post=13342"},{"taxonomy":"post_tag","embeddable":true,"href":"https:\/\/www.hohenlohe-ungefiltert.de\/index.php?rest_route=%2Fwp%2Fv2%2Ftags&post=13342"}],"curies":[{"name":"wp","href":"https:\/\/api.w.org\/{rel}","templated":true}]}}