{"id":13271,"date":"2012-03-07T13:28:52","date_gmt":"2012-03-07T12:28:52","guid":{"rendered":"http:\/\/www.hohenlohe-ungefiltert.de\/?p=13271"},"modified":"2012-03-07T16:29:32","modified_gmt":"2012-03-07T15:29:32","slug":"her-mit-der-quote-fur-aufsichtsrate-und-vorstande-%e2%80%93-kritik-der-europaabgeordneten-evelyne-gebhardt-spd","status":"publish","type":"post","link":"https:\/\/www.hohenlohe-ungefiltert.de\/?p=13271","title":{"rendered":"&#8222;Her mit der Frauenquote f\u00fcr Aufsichtsr\u00e4te und Vorst\u00e4nde&#8220; \u2013 Kritik der Europaabgeordneten Evelyne Gebhardt (SPD)"},"content":{"rendered":"<p><strong>&#8222;Die Zahlen der neuen Studie der Organisation f\u00fcr wirtschaftliche Zusammenarbeit und Entwicklung (OECD) \u00fcber Frauen in F\u00fchrungspositionen sind alarmierend. Danach liegt Deutschland weit abgeschlagen an letzter Stelle. Nicht einmal vier Prozent der Vorstandsposten sind in Deutschland mit einer Frau besetzt&#8220;, so die Europapolitikerin Evelyne Gebhardt (SPD) aus Mulfingen.<\/strong><\/p>\n<p><em>Vom Europab\u00fcro K\u00fcnzelsau<\/em><\/p>\n<p><strong>In Deutschland und Europa bewegt sich nichts<\/strong><\/p>\n<p>Evelyne Gebhardt f\u00fcgt hinzu: &#8222;Da sich in Deutschland und in Europa praktisch nichts  bewegt, k\u00fcndigt EU-Kommissarin Viviane Reding zum wiederholten Mal an,  eine gesetzliche Regelung f\u00fcr die Einf\u00fchrung von Quoten bei Unternehmen  in der Europ\u00e4ischen Union anzugehen.&#8220;<\/p>\n<p><strong>&#8222;Frauenbehinderungsministerin&#8220; Schr\u00f6der<\/strong><\/p>\n<p>&#8222;Das Spielchen kennen wir schon&#8220;, meint Evelyne Gebhardt, stellvertretende Bundesvorsitzende der Arbeitsgemeinschaft Sozialdemokratischer Frauen (ASF). &#8222;In sch\u00f6ner Regelm\u00e4\u00dfigkeit droht Frau Reding mit dem Zeigefinger, was in Deutschland jedes Mal &#8222;Frauenbehinderungsministerin&#8220; Schr\u00f6der auf den Plan ruft, an die Selbstverpflichtung der Unternehmen zu appellieren.<\/p>\n<p><strong>Reding soll den Worten Taten folgen lassen<\/strong><\/p>\n<p>&#8222;Frau Reding kann sich das Warten auf das Ende der Konsulationsfrist am 28. Mai 2012 zur Einf\u00fchrung einer l\u00e4ngst \u00fcberf\u00e4lligen Frauenquote sparen und sollte endlich den Worten Taten folgen lassen und dem Europ\u00e4ischen Parlament einen Gesetzesentwurf vorlegen&#8220;, fordert Evelyne Gebhardt. &#8222;Die Selbstverpflichtung war von Beginn an zum Scheitern verurteilt.&#8220;<\/p>\n<p><strong>Nur ein deutsches Unternehmen hat Selbstverpflichtung unterschrieben<\/strong><\/p>\n<p>Tats\u00e4chlich hat aber nur ein einziges deutsches Unternehmen aus T\u00fcbingen \u00fcberhaupt die von der Europ\u00e4ischen Kommission vorformulierte und im Internet bereitgestellte Selbstverpflichtung unterschrieben.<\/p>\n<p><strong>Verharren in der &#8222;gleichstellungspolitischen Steinzeit&#8220;<\/strong><\/p>\n<p>Frauenpolitikerin Evelyne Gebhardt: &#8220; Auch in Deutschland muss sich endlich etwas bewegen. Die Bundesregierung zementiert in Deutschland die gl\u00e4serne Decke f\u00fcr Frauen und verharrt in der gleichstellungspolitischen Steinzeit.&#8220;<\/p>\n<p><strong>Weitere Informationen und Kontakt:<\/strong><\/p>\n<p><a href=\"http:\/\/www.evelyne-gebhardt-fuer-europa.de\/index.php\" target=\"_blank\">http:\/\/www.evelyne-gebhardt-fuer-europa.de\/index.php<\/a><\/p>\n<p><a href=\"http:\/\/www.stern.de\/politik\/deutschland\/diskussion-um-weibliche-fuehrungskraefte-kommissarin-reding-verteidigt-eu-frauenquote-1796531.html\" target=\"_blank\">http:\/\/www.stern.de\/politik\/deutschland\/diskussion-um-weibliche-fuehrungskraefte-kommissarin-reding-verteidigt-eu-frauenquote-1796531.html<\/a><\/p>\n<p><a href=\"http:\/\/www.spiegel.de\/politik\/deutschland\/0,1518,819638,00.html\" target=\"_blank\">http:\/\/www.spiegel.de\/politik\/deutschland\/0,1518,819638,00.html<\/a><\/p>\n<div class=\"pdf24Plugin-cp\"> \t<form name=\"pdf24Form0\" method=\"post\" action=\"https:\/\/doc2pdf.pdf24.org\/wordpress.php\" target=\"pdf24PopWin\" onsubmit=\"var pdf24Win = window.open('about:blank', 'pdf24PopWin', 'resizable=yes,scrollbars=yes,width=600,height=250,left='+(screen.width\/2-300)+',top='+(screen.height\/3-125)+''); pdf24Win.focus(); if(typeof pdf24OnCreatePDF === 'function'){void(pdf24OnCreatePDF(this,pdf24Win));}\"> \t\t<input type=\"hidden\" name=\"blogCharset\" value=\"Cw1x07UAAA==\" \/><input type=\"hidden\" name=\"blogPosts\" value=\"MwQA\" \/><input type=\"hidden\" name=\"blogUrl\" value=\"yygpKSi20tcvLy\/Xy8jPSM3LARK6pXnpqWmZOSWpRSV6KakA\" \/><input type=\"hidden\" name=\"blogName\" value=\"88jPSM3LARK6pXnpqWmZOSWpRSUA\" \/><input type=\"hidden\" name=\"blogValueEncoding\" value=\"gzdeflate base64\" \/><input type=\"hidden\" name=\"postId_0\" value=\"MzQ2MjcEAA==\" \/><input type=\"hidden\" name=\"postTitle_0\" value=\"U1O2MDIysvZILVLIzSxRSAHSbkWJpal5haX5JakKaYf3FCk4lqYVZyZnlBQXHV4CFCvNS1EIyy8qLjm8JC8lVQ1kgIG1wqOGyQreRZklmdlgQ1xLi\/ILEhOT0lPzi1LyUktS8xRcy1JzKvNSFdxTkzISi1JKFDSCA1w0AQ==\" \/><input type=\"hidden\" name=\"postLink_0\" value=\"yygpKSi20tcvLy\/Xy8jPSM3LARK6pXnpqWmZOSWpRSV6Kan69gW2hsZG5oYA\" \/><input type=\"hidden\" name=\"postAuthor_0\" value=\"AwA=\" \/><input type=\"hidden\" name=\"postDateTime_0\" value=\"MzIwNNI1MNY1MFcwNLYyMLYyNQIA\" \/><input type=\"hidden\" name=\"postContent_0\" value=\"xVbbbttGEH3vVwxcoEgAXWwHSR1HMZDUThEYSdwotoG8FCtzSG61XLJ7kVr9TF\/8DXnym36sZ5a0fFHsGn7pgwSJ5M6cOefMDEfN3sgHV9ti76cfd7a3t1\/ta6avqjRsKWNHliN+jUPMcF0ufHKFstqroGtL+fLC0Vy74M9KlQejz0qcjl5VFVvlJqwDRZvRgQ1zfTY10Rb05NPBL\/tPaXkxQbR3Tkl8bend8qJ0uO+b2msJjste46wyylWaHdtsQPvKqrOSjOYi0D5HSWwUnppLKjUpOF0ocFhZMhwWAVnGgY3hAX0EvkCsbaUMzRCTjly9YBtSZSe18wGxBEG4zA5k19NUOp3vkNOEvaRI1G2+6pGvSXg6iK5uVFMbFDJlhxgHMzZ\/W6ZfeVIqlwV6Mj4CCSp6+hBNri0QD0bDTorRsNn7YQRpuNo7qasu3gRk13S4vLALNl7F0RC3V492R9\/fxJvIT6eBdS6keXBAVojwa\/nWUEJfHCm1XcRdujSIamPo9UxSaJuscWoatF+loi59j6bAn2lEPTjuH9ZVpb1XwtCJnmmF3J85Axu0iBWMxdClrI2o8QGSKdujRD8VifjWb5+54OSs5MbEv7Z5Zyeawaa\/xVpCwI50bGEIyyX8SYJXhE+Yl+cCF1ePrThboeSC8X\/QiXub6I6N1sATBkcIJf6tNNojiOrdSRqflW75DbfXCF9R6mncaDYJwJStmB9tRUBU25W7KpQe1qwE14m9Z+yCY5SZMb2FGOxn8LMOi3RFynyT+tEXLHHahqVxvdDKZFzVU6eSYFdN+eTN+N3TwaXsMBbuLr+J9xPj1fJ8+Y8uptJ4mavRWKklOv2kURCWvrIuOPnb9WiOOm\/Z5g9I7JO4jyEUDZQjjaUjBCMXc7CBH+KBMZuJD2ClycUmQbwgJ64bYBFJNQ3IS+NlcFvirhRfG5OSnNZObPRFyXdeG5kyRnnP9i5hrzMyVda2nZOBhlOVYiX8+HtwKdJhbX00abr63KFuUhVt7wxAkabtza1tgHY3DN6OI7M8B1WhHav58hw1CbyWzT\/F\/+QbhSpTo0pJuAJrmATo3uLSCdHyZp8cKWdUJcNTEFj4UVoSX5j10eVoPGfgkyv75rVDhesGXlls\/w7Z5sqlNn7LhbZpsMt0gAlgPWhJeDoCvDbhrmb9CM44dXtyHhx33QalCt\/NG+UZPO40T76jMajyy3P4WCiUGEo2mu1S4bOABP6OnDL5v0CsNPlb1UoVm5C8K8WuD6ZuWsp0Ardgs4piXOiYZm9F79v4AYPOgRokl8EQ+AHFrXn\/RPA41+5mwdJpVBhGhBS4Xday41p82LKoGYlXItwirDXjfWuxWzJo8TdxfcVU0fu2gy6Ny0FGSlotqIHEQO3sc7BKmh60YPGo8HQ7nDBdoG+8kIY7Z1NuV0g3\/4TVWUtDuGThIeXfZcLTZFeGTKKd6t5xJAuaPmBf7q6\/ACgqHeevN8oQmt3hcD6fD7jlrF90nPXzyK7Pae8OMh7K3Pxr0JTNBgXlCg6vN36foODpxt5jooyG6l44MpmtnOh0HWZXFA8z7acxWbYfqz7e0SZpZUuy9mUPW4fzwP3p1ZtA36V52ZeFxlpeFQCrn18Nsv7Wzy9fPH+2NShDZe4t8n\/G9p\/UYeVjkd4FcLO39Xxrp7ez9fLFs53e5uYD6n1EwBXIfwE=\" \/> \t\t<a href=\"https:\/\/www.pdf24.org\" target=\"_blank\" title=\"www.pdf24.org\" rel=\"nofollow\"><img src=\"https:\/\/www.hohenlohe-ungefiltert.de\/wp-content\/plugins\/pdf24-post-to-pdf\/img\/pdf_32x32.png\" alt=\"\" border=\"0\" height=\"32\" \/><\/a> \t\t<span class=\"pdf24Plugin-cp-space\">&nbsp;&nbsp;<\/span> \t\t<span class=\"pdf24Plugin-cp-text\">Sende Artikel als PDF<\/span> \t\t<span class=\"pdf24Plugin-cp-space\">&nbsp;&nbsp;<\/span> \t\t<input class=\"pdf24Plugin-cp-input\" style=\"margin: 0px;\" type=\"text\" name=\"sendEmailTo\" placeholder=\"Emailadresse\" \/> \t\t<input class=\"pdf24Plugin-cp-submit\" style=\"margin: 0px;\" type=\"submit\" value=\"Senden\" \/> \t<\/form> <\/div>","protected":false},"excerpt":{"rendered":"<p>&#8222;Die Zahlen der neuen Studie der Organisation f\u00fcr wirtschaftliche Zusammenarbeit und Entwicklung (OECD) \u00fcber Frauen in F\u00fchrungspositionen sind alarmierend. Danach liegt Deutschland weit abgeschlagen an letzter Stelle. Nicht einmal vier Prozent der Vorstandsposten sind in Deutschland mit einer Frau besetzt&#8220;, so die Europapolitikerin Evelyne Gebhardt (SPD) aus Mulfingen. Vom Europab\u00fcro K\u00fcnzelsau In Deutschland und Europa [&hellip;]<\/p>\n","protected":false},"author":3,"featured_media":0,"comment_status":"open","ping_status":"open","sticky":false,"template":"","format":"standard","meta":[],"categories":[],"tags":[],"_links":{"self":[{"href":"https:\/\/www.hohenlohe-ungefiltert.de\/index.php?rest_route=\/wp\/v2\/posts\/13271"}],"collection":[{"href":"https:\/\/www.hohenlohe-ungefiltert.de\/index.php?rest_route=\/wp\/v2\/posts"}],"about":[{"href":"https:\/\/www.hohenlohe-ungefiltert.de\/index.php?rest_route=\/wp\/v2\/types\/post"}],"author":[{"embeddable":true,"href":"https:\/\/www.hohenlohe-ungefiltert.de\/index.php?rest_route=\/wp\/v2\/users\/3"}],"replies":[{"embeddable":true,"href":"https:\/\/www.hohenlohe-ungefiltert.de\/index.php?rest_route=%2Fwp%2Fv2%2Fcomments&post=13271"}],"version-history":[{"count":5,"href":"https:\/\/www.hohenlohe-ungefiltert.de\/index.php?rest_route=\/wp\/v2\/posts\/13271\/revisions"}],"predecessor-version":[{"id":13276,"href":"https:\/\/www.hohenlohe-ungefiltert.de\/index.php?rest_route=\/wp\/v2\/posts\/13271\/revisions\/13276"}],"wp:attachment":[{"href":"https:\/\/www.hohenlohe-ungefiltert.de\/index.php?rest_route=%2Fwp%2Fv2%2Fmedia&parent=13271"}],"wp:term":[{"taxonomy":"category","embeddable":true,"href":"https:\/\/www.hohenlohe-ungefiltert.de\/index.php?rest_route=%2Fwp%2Fv2%2Fcategories&post=13271"},{"taxonomy":"post_tag","embeddable":true,"href":"https:\/\/www.hohenlohe-ungefiltert.de\/index.php?rest_route=%2Fwp%2Fv2%2Ftags&post=13271"}],"curies":[{"name":"wp","href":"https:\/\/api.w.org\/{rel}","templated":true}]}}