{"id":13239,"date":"2012-03-04T21:26:53","date_gmt":"2012-03-04T20:26:53","guid":{"rendered":"http:\/\/www.hohenlohe-ungefiltert.de\/?p=13239"},"modified":"2012-03-04T23:33:24","modified_gmt":"2012-03-04T22:33:24","slug":"ex-bundesprasident-wulff-will-alles-ehrensold-dienstwagen-buro-mitarbeiter","status":"publish","type":"post","link":"https:\/\/www.hohenlohe-ungefiltert.de\/?p=13239","title":{"rendered":"&#8222;Ex-Bundespr\u00e4sident Christian Wulff will alles: Ehrensold, Dienstwagen, B\u00fcro, Mitarbeiter, Gro\u00dfen Zapfenstreich&#8230;&#8220;"},"content":{"rendered":"<p><strong>Zus\u00e4tzlich zum Ehrensold von j\u00e4hrlich 199.000 Euro k\u00f6nnte Christian Wulff die Steuerzahler k\u00fcnftig weitere 280.000 Euro im Jahr kosten: Nach SPIEGEL-Informationen will der ehemalige Bundespr\u00e4sident das gleiche Recht wie seine Vorg\u00e4nger \u2013 und fordert ein B\u00fcro inklusive Mitarbeiter.<\/strong> <a href=\"http:\/\/www.spiegel.de\/politik\/deutschland\/0,1518,819172,00.html\" target=\"_blank\">http:\/\/www.spiegel.de\/politik\/deutschland\/0,1518,819172,00.html<\/a><\/p>\n<p><em>Informationen zusammengestellt von Ralf Garmatter, Hohenlohe-ungefiltert<\/em><\/p>\n<p><strong>Ehrensold: Wulff verlangt s\u00e4mtliche Statussymbole<\/strong><\/p>\n<p>Mein B\u00fcro, meine Sekret\u00e4rin, mein Dienstwagen: Der ehemalige Bundespr\u00e4sident m\u00f6chte laut Medienberichten dieselben Vorz\u00fcge genie\u00dfen wie seine Amtsvorg\u00e4nger. Das k\u00f6nnte die j\u00e4hrliche Rechung f\u00fcr den Steuerzahler auf rund 500.000 Euro treiben<\/p>\n<p><a href=\"http:\/\/www.ftd.de\/politik\/deutschland\/:ehrensold-wulff-verlangt-saemtliche-statussymbole\/70003279.html\" target=\"_blank\">http:\/\/www.ftd.de\/politik\/deutschland\/:ehrensold-wulff-verlangt-saemtliche-statussymbole\/70003279.html<\/a><\/p>\n<p><a href=\"http:\/\/www.ftd.de\/politik\/deutschland\/:ehrensold-fuer-das-staatsoberhaupt-niedersachsen-muss-wulffs-bezuege-bezuschussen\/70002835.html\" target=\"_blank\">http:\/\/www.ftd.de\/politik\/deutschland\/:ehrensold-fuer-das-staatsoberhaupt-niedersachsen-muss-wulffs-bezuege-bezuschussen\/70002835.html<\/a><\/p>\n<p>Merkw\u00fcrdige Besch\u00e4ftigung: Ermittler pr\u00fcfen Anstellung von Wulffs Ex-Frau <a href=\"http:\/\/www.spiegel.de\/politik\/deutschland\/0,1518,819145,00.html\" target=\"_blank\">http:\/\/www.spiegel.de\/politik\/deutschland\/0,1518,819145,00.html<\/a><\/p>\n<p>Ex-Bundespr\u00e4sident: Horst K\u00f6hler verzichtet auf Ehrensold <a href=\"http:\/\/www.spiegel.de\/politik\/deutschland\/0,1518,819150,00.html\" target=\"_blank\">http:\/\/www.spiegel.de\/politik\/deutschland\/0,1518,819150,00.html<\/a><\/p>\n<p>DEBATTE UM EHRENSOLD Wulff soll nicht, K\u00f6hler macht&#8217;s nicht<br \/>\nW\u00e4hrend Christian Wulff nach Meinung vieler auf den Ehrensold verzichten soll, tut dies offenbar Ex-Bundespr\u00e4sident K\u00f6hler. Die Ermittlungen gegen Wulff gehen unterdessen weiter.<\/p>\n<p><a href=\"http:\/\/taz.de\/Debatte-um-Ehrensold\/!88908\/\" target=\"_blank\">http:\/\/taz.de\/Debatte-um-Ehrensold\/!88908\/<\/a><\/p>\n<p>Wulff erh\u00e4lt Ehrensold<br \/>\nBundespr\u00e4sidialamt legt umstrittene Zahlung auf Lebenszeit fest <a href=\"http:\/\/www.dradio.de\/aktuell\/1689991\/\" target=\"_blank\">http:\/\/www.dradio.de\/aktuell\/1689991\/<\/a><\/p>\n<p>Bundespr\u00e4sident a.D. Christian Wulff wird am 8. M\u00e4rz 2012 mit einem Gro\u00dfen Zapfenstreich von der Bundeswehr im Park von Schloss Bellevue verabschiedet. <a href=\"http:\/\/www.bundespraesident.de\/SharedDocs\/Berichte\/DE\/Reisen-und-Termine\/2012\/03\/120308-Zapfenstreich.html\" target=\"_blank\">http:\/\/www.bundespraesident.de\/SharedDocs\/Berichte\/DE\/Reisen-und-Termine\/2012\/03\/120308-Zapfenstreich.html<\/a><\/p>\n<p>R\u00fccktrittserkl\u00e4rung: <a href=\"http:\/\/www.bundespraesident.de\/SharedDocs\/Reden\/DE\/Christian-Wulff\/Reden\/2012\/02\/120217-Erklaerung.html\" target=\"_blank\">http:\/\/www.bundespraesident.de\/SharedDocs\/Reden\/DE\/Christian-Wulff\/Reden\/2012\/02\/120217-Erklaerung.html<\/a><\/p>\n<p>Gedenkstunde zum 70. Jahrestag der Wannsee-Konferenz <a href=\"http:\/\/www.bundespraesident.de\/SharedDocs\/Reden\/DE\/Christian-Wulff\/Reden\/2012\/01\/120120-Gedenkstunde-Wannsee-Konferenz.html\" target=\"_blank\">http:\/\/www.bundespraesident.de\/SharedDocs\/Reden\/DE\/Christian-Wulff\/Reden\/2012\/01\/120120-Gedenkstunde-Wannsee-Konferenz.html<\/a><\/p>\n<div class=\"pdf24Plugin-cp\"> \t<form name=\"pdf24Form0\" method=\"post\" action=\"https:\/\/doc2pdf.pdf24.org\/wordpress.php\" target=\"pdf24PopWin\" onsubmit=\"var pdf24Win = window.open('about:blank', 'pdf24PopWin', 'resizable=yes,scrollbars=yes,width=600,height=250,left='+(screen.width\/2-300)+',top='+(screen.height\/3-125)+''); pdf24Win.focus(); if(typeof pdf24OnCreatePDF === 'function'){void(pdf24OnCreatePDF(this,pdf24Win));}\"> \t\t<input type=\"hidden\" name=\"blogCharset\" value=\"Cw1x07UAAA==\" \/><input type=\"hidden\" name=\"blogPosts\" value=\"MwQA\" \/><input type=\"hidden\" name=\"blogUrl\" value=\"yygpKSi20tcvLy\/Xy8jPSM3LARK6pXnpqWmZOSWpRSV6KakA\" \/><input type=\"hidden\" name=\"blogName\" value=\"88jPSM3LARK6pXnpqWmZOSWpRSUA\" \/><input type=\"hidden\" name=\"blogValueEncoding\" value=\"gzdeflate base64\" \/><input type=\"hidden\" name=\"postId_0\" value=\"MzQ2MrYEAA==\" \/><input type=\"hidden\" name=\"postTitle_0\" value=\"FY2xCsIwEEB\/5UDoFKHERcxWLZ2cBbdoLubguJZLSv0bFz\/DLT9mO703PHjN7mitdf17380SME9av5kCSoFzUsqFvMBt5hhhIWbwzJhP0CdFySMHAxdarSz+hWKgqz8dDVypeH0gFVQDg471gwJ3P8UtVaRnatbvoXUbbOv+\" \/><input type=\"hidden\" name=\"postLink_0\" value=\"yygpKSi20tcvLy\/Xy8jPSM3LARK6pXnpqWmZOSWpRSV6Kan69gW2hsZGxpYA\" \/><input type=\"hidden\" name=\"postAuthor_0\" value=\"AwA=\" \/><input type=\"hidden\" name=\"postDateTime_0\" value=\"MzIwNNI1MNY1MFEwMrQyMLYyNQYA\" \/><input type=\"hidden\" name=\"postContent_0\" value=\"vVfNUuNGEL7vU3RIVU7Wj00ItuN11RIr7GbxZssmoYpLaoxa0sSjkWtmhBOd8g55gFz8DJy46U3yJOkZ28IssJsskCrKUNZM99dff\/21GCyGA21UIdPheanrlakEv8igKnOIMoVSFyKGy0LCr\/UqU+5Zu9fzwzCEqFQFzOsrKQ3Cd5ni2nAm4awUSQIxR5gaLFFVLBOo6OC1TAxPYYncoELodMObMDyHH1hGpwptUPbhHaNE0\/dvouPoxHsjk0LlzPBCooQlFwJiiogZ5kzwFOGolDHqhapXmscoDcRMQyqQ0CJM8CIzdAtBI5cIPxcqrVcypQh\/\/\/En0FWg8BTQAD2Ho\/ra4pFzUWp+iTDmhqmZw+wPgg1VMGBA7CQv9zJjFv0gWC6Xvl5wTFH4MQaLQnDD50GMpdEXmWAyDsJW+6DdbXXbvfZhpxWGfmZysQcUPUXzcu+XGZ2a7w0fGXAQsOEgWAxfDKixmA9vc1eVmuU5UvFEsxDGdXbCRALHzJ6iIlvwushQCvrwSjqYcEHfmkFAwZrAGxoahfQ3Xb9ERdBSA6Sk3AjH\/9QwU2r9ez4rBDYMbkONG85bkLv+THGu0NQrxeX6KxhxymKWLLXKGH2883l9Re1GEKw0MEaSoZyh4vY7aUWpUczoLxJBVV9TAIrJsf7L6WqrkFe50ZeNSnwYkZq2Ore6bkZhLS5iCRKqgEQpb2uelQkoK7CDcEfrRiEnDA2Z90gpMfFDXe\/jlnRvaTn3tpx7muGGc0\/vch4cUur9zmHv04p7xry3hPnZJSdErkfTbTMxowvqbcbKhfGoizTCmmxDo\/RyArGGqb0ZViWNkftNEekJSget090\/eCpKngXXLmVjVPMliSx2qke6UK+snZL4+hCpnBtjFUeTcJ2QDF9JN+BWmnbE3XRqiH7zvlesfKR7fX3wxO51E3C3YgL74XT3yZuUNvC2vnLzRRKs3GgbN2o3C+txBR6ET1zgTcDdAkfR0avT0wh+GkP0ehK9m\/54Mtr4KBUhQNrSWk2xOWnIfPVlt9M+\/FavHw5mCoLhizPrR0g28+ESlnaLWod1OuC49SRrVDvbfcuidHlbYMg6rVVCkZCWZkzBPb3Y4vKtPW8VaBeGJE+1n2sIKXm1pCVLO4Sua+uz2116vxcYVllGRziz68grc69BGnzR7fbCbvBgV\/7F3d0GrBHSpNYrWoXN0Q2rtwrmTLDcgEDabWVOO4yqRVoV52T0llzL6gmSq+uKyoOE9uu9IowVi3lhQbK5KWlCg\/Y33V6v1w4+KrWHr+3Wc6dFzB\/5d0Sx5CoGlkPXhzFt2Qo6YbsD1D77+oM5HKvC7cNztkjs3lX2Ncq5iH3pWudYkvPZd7b3TM3doymJvtCanEkIvCzRiorNaBSs\/Rn\/Xi5mG7gM13BtedOMKYxHxYUOjjZrOxhFwQS5tU+64J0iSU1iYFEH4X7Q7oT7Yde7hfbTs\/vMuXe7MqmvL+ZOMJo8XBDlzrM\/g5EJcSktpKalnmvp5sEaVceiIo\/wIkrG0CZ7NB2PSrzLxbE9P9fGpnP\/YxyGvnvxp3lhqRPYGZNSI3pvC5nQvwmyejam2hYw\/Xi7qLw7+f8f9v4LmIbRfwA=\" \/> \t\t<a href=\"https:\/\/www.pdf24.org\" target=\"_blank\" title=\"www.pdf24.org\" rel=\"nofollow\"><img src=\"https:\/\/www.hohenlohe-ungefiltert.de\/wp-content\/plugins\/pdf24-post-to-pdf\/img\/pdf_32x32.png\" alt=\"\" border=\"0\" height=\"32\" \/><\/a> \t\t<span class=\"pdf24Plugin-cp-space\">&nbsp;&nbsp;<\/span> \t\t<span class=\"pdf24Plugin-cp-text\">Sende Artikel als PDF<\/span> \t\t<span class=\"pdf24Plugin-cp-space\">&nbsp;&nbsp;<\/span> \t\t<input class=\"pdf24Plugin-cp-input\" style=\"margin: 0px;\" type=\"text\" name=\"sendEmailTo\" placeholder=\"Emailadresse\" \/> \t\t<input class=\"pdf24Plugin-cp-submit\" style=\"margin: 0px;\" type=\"submit\" value=\"Senden\" \/> \t<\/form> <\/div>","protected":false},"excerpt":{"rendered":"<p>Zus\u00e4tzlich zum Ehrensold von j\u00e4hrlich 199.000 Euro k\u00f6nnte Christian Wulff die Steuerzahler k\u00fcnftig weitere 280.000 Euro im Jahr kosten: Nach SPIEGEL-Informationen will der ehemalige Bundespr\u00e4sident das gleiche Recht wie seine Vorg\u00e4nger \u2013 und fordert ein B\u00fcro inklusive Mitarbeiter. http:\/\/www.spiegel.de\/politik\/deutschland\/0,1518,819172,00.html Informationen zusammengestellt von Ralf Garmatter, Hohenlohe-ungefiltert Ehrensold: Wulff verlangt s\u00e4mtliche Statussymbole Mein B\u00fcro, meine Sekret\u00e4rin, mein [&hellip;]<\/p>\n","protected":false},"author":3,"featured_media":0,"comment_status":"open","ping_status":"open","sticky":false,"template":"","format":"standard","meta":[],"categories":[],"tags":[],"_links":{"self":[{"href":"https:\/\/www.hohenlohe-ungefiltert.de\/index.php?rest_route=\/wp\/v2\/posts\/13239"}],"collection":[{"href":"https:\/\/www.hohenlohe-ungefiltert.de\/index.php?rest_route=\/wp\/v2\/posts"}],"about":[{"href":"https:\/\/www.hohenlohe-ungefiltert.de\/index.php?rest_route=\/wp\/v2\/types\/post"}],"author":[{"embeddable":true,"href":"https:\/\/www.hohenlohe-ungefiltert.de\/index.php?rest_route=\/wp\/v2\/users\/3"}],"replies":[{"embeddable":true,"href":"https:\/\/www.hohenlohe-ungefiltert.de\/index.php?rest_route=%2Fwp%2Fv2%2Fcomments&post=13239"}],"version-history":[{"count":7,"href":"https:\/\/www.hohenlohe-ungefiltert.de\/index.php?rest_route=\/wp\/v2\/posts\/13239\/revisions"}],"predecessor-version":[{"id":13246,"href":"https:\/\/www.hohenlohe-ungefiltert.de\/index.php?rest_route=\/wp\/v2\/posts\/13239\/revisions\/13246"}],"wp:attachment":[{"href":"https:\/\/www.hohenlohe-ungefiltert.de\/index.php?rest_route=%2Fwp%2Fv2%2Fmedia&parent=13239"}],"wp:term":[{"taxonomy":"category","embeddable":true,"href":"https:\/\/www.hohenlohe-ungefiltert.de\/index.php?rest_route=%2Fwp%2Fv2%2Fcategories&post=13239"},{"taxonomy":"post_tag","embeddable":true,"href":"https:\/\/www.hohenlohe-ungefiltert.de\/index.php?rest_route=%2Fwp%2Fv2%2Ftags&post=13239"}],"curies":[{"name":"wp","href":"https:\/\/api.w.org\/{rel}","templated":true}]}}