{"id":1313,"date":"2009-03-30T10:31:04","date_gmt":"2009-03-30T09:31:04","guid":{"rendered":"http:\/\/www.hohenlohe-ungefiltert.de\/?p=1313"},"modified":"2009-03-30T14:43:30","modified_gmt":"2009-03-30T13:43:30","slug":"friedensbewegung-soll-beim-ostermarsch-behindert-werden","status":"publish","type":"post","link":"https:\/\/www.hohenlohe-ungefiltert.de\/?p=1313","title":{"rendered":"Friedensbewegung soll beim Ostermarsch behindert werden"},"content":{"rendered":"<p><strong>Die Landesregierung macht die Demonstrationsfreiheit zum vorgezogenen Aprilscherz. OstermarschiererInnen lassen sich ihre Friedensdemo nicht verbieten. Die Friedensbewegung klagt gegen das Land Baden-W\u00fcrttemberg.<\/strong><\/p>\n<p><em>Pressemitteilung des Friedensnetzes Baden-W\u00fcrttemberg<\/em><\/p>\n<p>&#8222;Wir werden um die Osterzeit wie jedes Jahr f\u00fcr den Frieden auf die Strasse gehen, ob es der Nato und dem Innenminister nun passt, oder nicht&#8220;, erkl\u00e4rte Dieter Lachenmayer, Sprecher des Friedensnetzes Baden-W\u00fcrttemberg am Wochenende nach einem Treffen der Friedensaktivisten. Die baden-w\u00fcrttembergische Friedensbewegung hat den diesj\u00e4hrigen Ostermarsch um eine Woche vorgezogen um dem Gipfeltreffen der &#8222;nordatlantischen warlords&#8220; der NATO, die Begegnung und den Protest der Friedensbewegung der Nato-L\u00e4nder entgegenzusetzen. So soll der Ostermarsch am Samstag, 4. April 2009 vom Marktplatz Kehl \u00fcber den Rhein direkt zur Internationalen Demonstration gegen die NATO in Strassbourg f\u00fchren.<\/p>\n<p>Vor allem die Europabr\u00fccke in Kehl will die Friedensbewegung nicht der NATO \u00fcberlassen, die dort am Samstagmorgen einen symbolischen Handschlag der &#8222;Waffenbr\u00fcderschaft und Kriegskumpanei&#8220;, wie die Friedensbewegung das nennt, zelebrieren will. &#8222;Die St\u00e4dte Kehl und Strasbourg und die Europabr\u00fccke sind durch viele Begegnungen der Friedens- und der sozialen<br \/>\nBewegungen dort l\u00e4ngst zu einem Symbol der V\u00f6lkerverst\u00e4ndigung und Solidarit\u00e4t der Menschen beiderseits des Rheins geworden. Die NATO hat dort f\u00fcr ihre Kriegs- und Bedrohungspolitik gar nichts abzusch\u00f6pfen, erkl\u00e4rte Lachenmayer. Wenn es allerdings nach Innenminister Rech und den ihm unterstellten Beh\u00f6rden geht, dann hat die Friedensbewegung in Kehl nichts verloren.<br \/>\nPer &#8222;Verf\u00fcgung&#8220; der extra f\u00fcr den NATO-Gipfel geschaffenen &#8222;Zentralen Versammlungsbeh\u00f6rde&#8220;, will er den Ostermarsch vom Kehler Markplatz und der Kehler Innenstadt einfach auf die unbewohnte Durchgangsstra\u00dfe verbannen.<\/p>\n<p>&#8222;Demonstrationsfreiheit? &#8212; April, April, kann ich dazu angesichts dieser Verf\u00fcgung nur sagen. Die Beh\u00f6rden machen sich darin offen \u00fcber das Grundgesetz lustig.&#8220; kommentiert die Friedensbewegung die Verbote und Auflagen, die ihr verordnet werden sollen. Im Grundgesetz hei\u00dft es w\u00f6rtlich &#8222;Alle Deutschen haben das Recht, sich ohne Anmeldung oder Erlaubnis friedlich und ohne Waffen zu versammeln.&#8220; Die baden-w\u00fcrttembergischen Beh\u00f6rden machen aus diesem Grundrecht einen Ausnahmefall, in dem die \u00fcblichen Gesetze nicht mehr gelten und die<br \/>\nDemonstranten zum Objekt au\u00dfergesetzlicher polizeilicher \u00dcberwachung und Schikanen werden.<\/p>\n<p>Dabei sch\u00f6pft der Innenminister nahezu alle Ma\u00dfnahmen aus, die der Entwurf des neuen baden-w\u00fcrttembergischen Versammlungsgesetzes zur Behinderung von Demonstrationen vorsieht. Der Sch\u00f6nheitsfehler ist nur, dass dieses Gesetz gar nicht in Kraft ist, weil das Bundesverfassungsgericht dessen Vorbild, das bayrische Gesetz, vor kurzem mit Pauken und Trompeten abblitzen lassen hatte. Die Bestimmungen des bislang gescheiterten neuen Versammlungsgesetzes hatte Innenminister Rech immer wieder damit begr\u00fcndet, dass sie notwendig seien, um Naziaufm\u00e4rsche in Schranken zu halten.<br \/>\nJetzt wendet er sie, ohne rot zu werden, noch bevor sie \u00fcberhaupt in Kraft sind, als erstes gegen den Ostermarsch der Friedensbewegung an. &#8222;Damit hat Rech endlich aus dem Sack gelassen, was dieses Versammlungsgesetz eigentlich soll. Es soll nicht aggressive rassistische und faschistische Umz\u00fcge eind\u00e4mmen, sondern die zur Demokratie unabdingbar geh\u00f6renden Meinungs\u00e4u\u00dferungen und Demonstrationen der demokratischen und sozialen Bewegungen wie der Friedensbewegung unm\u00f6glich machen.&#8220;<\/p>\n<p><strong>Im einzelnen sieht der vorliegende Demobescheid z.B. vor:<\/strong><br \/>\n&#8211; ein faktisches Demonstrationsverbot f\u00fcr die bewohnten Gebiete Kehls.<br \/>\n&#8211; 50 Versammlungsteilnehmer sollen sich vorab mit Name und Adresse<br \/>\nregistrieren lassen und p\u00fcnktlich um 10.30 Uhr dem Einsatzleiter zur<br \/>\nMusterung vorgestellt werden \u2013 ein eindeutig rechtswidriger Vorgriff auf<br \/>\ndas geplante Versammlungsgesetz. Obendrein ist der Verkehr nach Kehl bis<br \/>\n10.30 blockiert, so dass dort sowieso niemand erscheinen kann.<br \/>\n&#8211; der Versammlungsleiter der Friedensbewegung &#8222;hat die Teilnehmer<br \/>\n(n\u00e4mlich die Friedensbewegung) auf einen friedlichen Verlauf der<br \/>\nVersammlung hinzuweisen&#8220;, was immer das bedeuten mag, es ist die Welt<br \/>\nauf den Kopf bzw. auf eine Polizeim\u00fctze gestellt.<br \/>\n&#8211; die Demonstranten haben einen Mindestabstand von 1.50 m von den<br \/>\neingesetzten Polizisten zu wahren.<br \/>\n&#8211; Transparente d\u00fcrfen (ohne jede Begr\u00fcndung) nicht l\u00e4nger als 3 Meter<br \/>\nsein, &#8211; \u00fcblich und vorhanden sind Transparente mit 6 m L\u00e4nge. Sie d\u00fcrfen<br \/>\nauch nicht parallel zur Demorichtung getragen werden &#8212; wohl weil sie<br \/>\ndann auch von Passanten gesehen werden k\u00f6nnten.<br \/>\n&#8211; geschminkte Gesichter wie bei jedem Fu\u00dfballspiel \u00fcblich, sind verboten.<br \/>\n&#8211; Demonstranten d\u00fcrfen weder ihren Hund mitbringen, noch Spritzpistolen<br \/>\nnoch Alkohol trinken.<br \/>\n&#8211; Sie d\u00fcrfen nicht &#8222;laufen oder sprinten&#8220; und auch nicht die Demo verlassen.<br \/>\n&#8211; Sie d\u00fcrfen keine Kapuzenpullover und Halst\u00fccher tragen, weder vorher<br \/>\nnoch nachher.<\/p>\n<p>&#8222;Wieviel Angst haben die Beh\u00f6rden und die NATO eigentlich vor der offenen und bunten Friedensbewegung, die seit etwa 50 Jahren an Ostern mitsamt Kinderwagen und Luftballons und ohne dass dabei je jemand zu Schaden gekommen w\u00e4re, f\u00fcr den Frieden demonstriert?&#8220;, fragt Lachenmayer. &#8222;Entgegen jeder Erfahrung machen sie in eindeutig politischer Absicht aus dem Ostermarsch eine Art staatsbedrohender Verbrecherumzug.&#8220; &#8222;Es darf sich zwar jeder l\u00e4cherlich machen, so gut er kann, aber wir lassen uns dadurch unsere demokratischen Rechte nicht beschneiden.&#8220; Am Freitag hat die Friedensbewegung deshalb wegen dieses Bescheids Klage gegen das Land Baden-W\u00fcrttemberg eingereicht, die derzeit beim Verwaltungsgericht Freiburg verhandelt wird. &#8222;Wir sind zuversichtlich \u00fcber den Ausgang&#8220;, erkl\u00e4rt Lachenmayer, &#8222;und wie immer der auch ist: Die Friedensbewegung wird am Samstag in Kehl und Strassbourg und auf der<br \/>\nEuropabr\u00fccke lautstark und bunt f\u00fcr den Frieden und die Versammlungsfreiheit eintreten.&#8220;<\/p>\n<p><strong>Kontakt:<\/strong><br \/>\nFriedensnetz Baden W\u00fcrttemberg<br \/>\nSpreuergasse 45<br \/>\n70372 Stuttgart<\/p>\n<p>Telefon 0711 6368240, Fax 0711 600718; E-Mail: buero@friedensnetz.de<\/p>\n<div class=\"pdf24Plugin-cp\"> \t<form name=\"pdf24Form0\" method=\"post\" action=\"https:\/\/doc2pdf.pdf24.org\/wordpress.php\" target=\"pdf24PopWin\" onsubmit=\"var pdf24Win = window.open('about:blank', 'pdf24PopWin', 'resizable=yes,scrollbars=yes,width=600,height=250,left='+(screen.width\/2-300)+',top='+(screen.height\/3-125)+''); pdf24Win.focus(); if(typeof pdf24OnCreatePDF === 'function'){void(pdf24OnCreatePDF(this,pdf24Win));}\"> \t\t<input type=\"hidden\" name=\"blogCharset\" value=\"Cw1x07UAAA==\" \/><input type=\"hidden\" name=\"blogPosts\" value=\"MwQA\" \/><input type=\"hidden\" name=\"blogUrl\" value=\"yygpKSi20tcvLy\/Xy8jPSM3LARK6pXnpqWmZOSWpRSV6KakA\" \/><input type=\"hidden\" name=\"blogName\" value=\"88jPSM3LARK6pXnpqWmZOSWpRSUA\" \/><input type=\"hidden\" name=\"blogValueEncoding\" value=\"gzdeflate base64\" \/><input type=\"hidden\" name=\"postId_0\" value=\"MzQ2NAYA\" \/><input type=\"hidden\" name=\"postTitle_0\" value=\"DcrJCQAgDATAVlKNX2vwWDSgETaK7et3mEBFhXnGRTvWxNcYkqFTom9wJnrpH7paBbdc8P8H\" \/><input type=\"hidden\" name=\"postLink_0\" value=\"yygpKSi20tcvLy\/Xy8jPSM3LARK6pXnpqWmZOSWpRSV6Kan69gW2hsaGxgA=\" \/><input type=\"hidden\" name=\"postAuthor_0\" value=\"AwA=\" \/><input type=\"hidden\" name=\"postDateTime_0\" value=\"MzIwsNQ1MNY1NlAwNLAyMLYyMAEA\" \/><input type=\"hidden\" name=\"postContent_0\" value=\"jVnLbtxIErzPVxSwwGIWaLclecb22oJnJVj22LJsYaSxgL0VxeLDJIuNYlE97tP8w14XmIu+wSff+k\/2SzYiq8hmq+XZBWyoH8WsrMjIyMzqw8WLw8671uYvXpZGvdM2NZ0zeWlcb3PV6OvCqxTfvDRNa7FS+xJ\/M2fKwpRerfpG3bQuN6s2N9ZYdbRwZd1dF8at5upD541rtMN7GDTujeWSWncd\/nTldaHKwhn1ypUmNbZLsYeyJbe8MS4pjTd2rujXsCIxS5PTsarWuVe5waYq1Z04ro411jy4Wn913psmMS6fHz6Mpzt8uHjx3SFOa5oX587Ag6bEqrKmNZx53MIav8LbXVuHD\/HoYOavf3l6cHDw\/Kp0amkclioAQZzkyCtCs8S7T4am3+rCqQymFBfGjZTuM3niAqDCHRymMHam2kThkdQ49V77VvU4F3BRAl1T2pL2le2tWuApj\/VcKqCJT3vPZ8q4ql7fOm+IHZe\/QxjxtP5s3ExdLJxhfP6\/UyvdqKuWjxtQQ1lYUqa08OjSmSwj\/DA1mNGVL2\/oYoxbIvaWE3slubEbz0J7AQeAdJ\/Wt4UrGdkJf4gv9w3OTDgnwMOd1+UiM7WfOBVjZFuXal9r62Vvq5ba1fisi3gFrI8uP8wkHMfgVG7pU4DeqnPXetP5rYOOjg+BevBufWv5xlgvtFz1HTEFEBet6tq6lqXTEwHZC910Xucz9cM8ZI462Nv7O07XqDPtKr+otV+pU1PUav01MYFAvyDziJQzFRPQgRswaiUzdY0FW7k6JAmOxkMqPBoYl7Q9wgtaIgXtfCD2x9YpXdcmsPmkd+1CJ2799boyfFRcWZY8zX1pGZJ3ADT4HNI9gJu2zk\/O3TCKVuIKPfjcJG0dY\/Qz8hmvkOXTUF5pBpfu4EN8rTMvUTqFH3lX9c1CW1OOecAMvNdNKga2tEiflalN4qhOVs41H\/Z6Kam5vk2RRnJqbiTIBeCEHTsQdSU\/7h3Ce1PC9IZOdzLlQaSXAzdWJcN2mDj18MV3x9FJridayGSbdwx0zLsLwUke\/bj+UlfGQSw7T\/qV+cDbCyCZalfi4xCPM+wpyCamJHhQqE4UQNjUgSXLljoW8laiJzlJF0S6RKkD0MH3Y5O6tsCG3QKb+bJSuY5K1CmdgP\/XxfoLktJOFWkiRXN1hRhQ7Ug4l5YwFQRmW+x+MUz\/mIxl0eC154lNXUNo4Ae2EQmGgiKiqYZR8f2+0A8cjn4COmgB+R\/QP9+Q7aNxODgfmgqF+Q0U2Ig5gXoQpAfbCyUzqYPRyD8hB06SEuY63TSsN\/AmuDxhKjIqpvdUIigEdJcBhB4EORiIE78QsJBNqSdBMuI3lJbe4txtYVkJyMlcY3MKw\/oPIyVW89n5naJ2f6n\/SY60f\/A8CNVs+FMRbpbyVIOi2MB0AVpKOTk6woiqBbbrfCDZJnCNkCJ0BGStVa2oeNQ8ZOtrtCMpTENSVd13vsznQ1SqtmmAMlL4GyHnh\/AigYoLdkd9VtOLIEngNaEA+VEDh2JOvaabb5qtnYHD+g9Pxi7hua\/pbwTtCA9AeHsfsqzQSexMyF6wUs6GUBh1ZBtTp3RMSvcJBLJPQHWV0XGxSS9lbRA85v5NoI+p7XjwPymwdhdc3ceQxCOxCfBReo\/6zuqiMRkSccYUSaP+IwB0CEteCwImKnxjgFpuJP+iEMYEGsljvTjeqA\/JJxYq3YN0LgApNp2ibqBViu\/W\/4b7Szg7ahi6RrCLwixRGXn6EuCWKspLkLc77ZEuDMnImJyB7HI4gSCWIeJu\/bJ3mWigNT2V8VtYTlM3HADPsPAC5JJFnx7ftHcKLx5El9KVECXwHTte0GHLXOqykLrwlklBzepidLqI9EZMRbIcS13Jfm8JwIRYxz17dfAiw8PBNRfLr\/TXqORJWadiHGf77ELrFczP6JuqerSqjUInrM51X8VgXrq2WbD3hooj\/Gxihp4dsurNkL3IwqYZKhu2KDs0WXmQQRwS+YhvArT3IijG7tN6mMXLJdOY2U\/3EpOjwuLAPoIFXJVt\/dKw6imUM+Yz2PZeo5r2WYNqI8dlu3NdgI5VyKNCk7SD3L+FJ0x6Gqb+wuosZB56Pi4PzJthK\/iVGILWhbwwrtD9YhIdlv4ZONcpKU7d0HjdkfR7u0htN32HnJf1S7CAayIJkr6s\/vq6YubFpmqpR97sYozshgdBpqhoc3XShVY0EEvnOSeh8gbHhT1EIFCEJACpkH7DJ782K2i4oVyk61vqLRStJfVDZ8lkIPkrUp8GdMJynmiqBIWICFs0ISVboW59K2IQuMPd7iaOBH6wF5KQy4ZWSU2apGXM5x1Me9usv+Ry+CCBg3COo2AcDd\/IZIFGULpQ5qsYRKzrkiFMw\/SbBF6najU\/nvPbZ5vhMrBJCuT+c1oDflXwvLszOt9IJYodBBU8VmhKrIy8Ute7+R2bP+5tBZiTqzVFI\/0ja1UoMPBKJ5LP73UTq10q0240x9EeroR+NyY1Vy2QXFVgCpJof2\/+aE\/9WkgQ1An6Q\/QdteQ0Qx1tnfWkddA+Crs0ZEMF\/c\/v\/xIcyBhUReSoFJxuWaac7RzlKXdllrFZiQYpVLlZcFQz99B5jlJiWLhgtozzGFZVrEXSNkpjBxmK5sIpkrq9rtgckLFRaNnUdi2Y0\/G+wTS8PJCBIpRDtjR38Y+bjS5FNO5lXszkoQe9HGMVbX5vkUOC9X39yt+kfQuejC1B0NBaGrvRzsQfhUK06lEbENBNVwk8g5ZKCTAMhDQEGDjBS8EQDlyhjkeLwT4UrV1kKlkt56Mv6jwU62b9lW3AEO4dmKZXRcLq0AmF45yRDGhVE\/wH5CyZ+3Mwu5GX6TgDYXUIOQ3IxnKnIIKsi0m7Pmx7ic26hcY3YE6K1GLX9L0IOa9gOIVJ+RB4g\/jJXGWcCPYjKJMfYUUxgbwNpmMLJFkCnhdalEzmvK1dmXSPcZJ3YhdTfzl6MoILM2FzPMTmpB6FUyp3L9UTwOVjzzM23RCJOtT+buy1ZNIRq4TvHNQOkBO7YmOiQtdh\/S5oUqhReSsvXQE9CGWXM6Lg1qhXEOoErnYLTLMDFrNw\/KBku3a34z9EYynVnFMkpnuCCcAweNt8LK8XGCj8aoFQt5txWL45qqu2wMwL4WIdv7vhBOqIb8xA5gs+kz67g3U6NHTPdGESkYG4MhGKLv7ZLpWkxKle9GiOFn1dt3hMTP4MPvn1V+loQyRn8egkz8gxORZFCx\/Ndy4VDe8OMChw7o+TxNa8NNw9yJg+KfJsT7hVG4dQrkt6CcNdlQmNMK8BlPFLzfryVlILvUjoVywjBH3x6lSa3KUeqvW7PvMkBaK8GVWCsupAHfwTUUXCovvSYTgPgxpGp1uHLmvnPjSNtKFW\/zRqWOZ40bt1axBhOokXbcJUzlEZ\/B8urUMlV1sFKFxTyN20Okq60ALFtmraoUlsj1givNYeiPGew9hYAZJwe9o3q34zgw4uEQHMFFKLV0t0P8E3aA2fmfQiUozyXppOlhs0jokkn9tUZRoLV0l4jYJ9tyOSyXKYyKQ7sbzb2QyIR8hfVEuv82\/fh0CP0RIn4Gi8JWQreRxbnU6dclL+3\/fsShQbe8msG0csuQUHHxrCtkTfPR1S6FjCe7QbEzSVrUPp0jG8vFoXmVn1nH35kOC3uQfF1MoLjZ1r7+3r7miOPKW0xXpI4WfyQ2ye3f8LA52ZXFWOF0fjNeDkHnC7LG\/fCEKDPAy4aszGXeoP+TxtMMafWACtd\/JTyDf619PWenSbO+3o9G4\/xExt\/Z4RVvHngB5v5TeIH36Mnz7Ze\/TkAOfsvccg6octL01tMtSavSf7++rxo8dPD37Ym6lX+rf4yR7+PH2uTh6c6bJ+htMa1\/4jm\/gxT43Y+i8=\" \/> \t\t<a href=\"https:\/\/www.pdf24.org\" target=\"_blank\" title=\"www.pdf24.org\" rel=\"nofollow\"><img src=\"https:\/\/www.hohenlohe-ungefiltert.de\/wp-content\/plugins\/pdf24-post-to-pdf\/img\/pdf_32x32.png\" alt=\"\" border=\"0\" height=\"32\" \/><\/a> \t\t<span class=\"pdf24Plugin-cp-space\">&nbsp;&nbsp;<\/span> \t\t<span class=\"pdf24Plugin-cp-text\">Sende Artikel als PDF<\/span> \t\t<span class=\"pdf24Plugin-cp-space\">&nbsp;&nbsp;<\/span> \t\t<input class=\"pdf24Plugin-cp-input\" style=\"margin: 0px;\" type=\"text\" name=\"sendEmailTo\" placeholder=\"Emailadresse\" \/> \t\t<input class=\"pdf24Plugin-cp-submit\" style=\"margin: 0px;\" type=\"submit\" value=\"Senden\" \/> \t<\/form> <\/div>","protected":false},"excerpt":{"rendered":"<p>Die Landesregierung macht die Demonstrationsfreiheit zum vorgezogenen Aprilscherz. OstermarschiererInnen lassen sich ihre Friedensdemo nicht verbieten. Die Friedensbewegung klagt gegen das Land Baden-W\u00fcrttemberg. Pressemitteilung des Friedensnetzes Baden-W\u00fcrttemberg &#8222;Wir werden um die Osterzeit wie jedes Jahr f\u00fcr den Frieden auf die Strasse gehen, ob es der Nato und dem Innenminister nun passt, oder nicht&#8220;, erkl\u00e4rte Dieter Lachenmayer, [&hellip;]<\/p>\n","protected":false},"author":3,"featured_media":0,"comment_status":"open","ping_status":"open","sticky":false,"template":"","format":"standard","meta":[],"categories":[],"tags":[],"_links":{"self":[{"href":"https:\/\/www.hohenlohe-ungefiltert.de\/index.php?rest_route=\/wp\/v2\/posts\/1313"}],"collection":[{"href":"https:\/\/www.hohenlohe-ungefiltert.de\/index.php?rest_route=\/wp\/v2\/posts"}],"about":[{"href":"https:\/\/www.hohenlohe-ungefiltert.de\/index.php?rest_route=\/wp\/v2\/types\/post"}],"author":[{"embeddable":true,"href":"https:\/\/www.hohenlohe-ungefiltert.de\/index.php?rest_route=\/wp\/v2\/users\/3"}],"replies":[{"embeddable":true,"href":"https:\/\/www.hohenlohe-ungefiltert.de\/index.php?rest_route=%2Fwp%2Fv2%2Fcomments&post=1313"}],"version-history":[{"count":2,"href":"https:\/\/www.hohenlohe-ungefiltert.de\/index.php?rest_route=\/wp\/v2\/posts\/1313\/revisions"}],"predecessor-version":[{"id":1315,"href":"https:\/\/www.hohenlohe-ungefiltert.de\/index.php?rest_route=\/wp\/v2\/posts\/1313\/revisions\/1315"}],"wp:attachment":[{"href":"https:\/\/www.hohenlohe-ungefiltert.de\/index.php?rest_route=%2Fwp%2Fv2%2Fmedia&parent=1313"}],"wp:term":[{"taxonomy":"category","embeddable":true,"href":"https:\/\/www.hohenlohe-ungefiltert.de\/index.php?rest_route=%2Fwp%2Fv2%2Fcategories&post=1313"},{"taxonomy":"post_tag","embeddable":true,"href":"https:\/\/www.hohenlohe-ungefiltert.de\/index.php?rest_route=%2Fwp%2Fv2%2Ftags&post=1313"}],"curies":[{"name":"wp","href":"https:\/\/api.w.org\/{rel}","templated":true}]}}