{"id":13099,"date":"2012-02-23T15:13:47","date_gmt":"2012-02-23T14:13:47","guid":{"rendered":"http:\/\/www.hohenlohe-ungefiltert.de\/?p=13099"},"modified":"2012-02-23T15:29:10","modified_gmt":"2012-02-23T14:29:10","slug":"inhaltliche-kritik-an-schmalzl-vollig-gestrichen-%e2%80%93-kritik-von-grunen-kreisrat-hans-joachim-feuchter-am-haller-tagblatt","status":"publish","type":"post","link":"https:\/\/www.hohenlohe-ungefiltert.de\/?p=13099","title":{"rendered":"&#8222;Inhaltliche Kritik an Schmalzl v\u00f6llig gestrichen&#8220; \u2013 Kritik von Gr\u00fcnen-Kreisrat Hans-Joachim Feuchter am Haller Tagblatt"},"content":{"rendered":"<p><strong>Einen Offenen Brief zur geplanten Abl\u00f6sung des Regierungspr\u00e4sidenten Schmalzl und dem Pressebericht im Haller Tagblatt von Mittwoch, 22. Februar 2012 hat Hans-Joachim Feuchter, Vorsitzender der Fraktion Gr\u00fcne\/\u00f6dp im Schw\u00e4bisch Haller Kreistag an die Redaktionsleiterin des Haller Tagblatt, Tanja Kurz geschrieben. Hohenlohe-ungefiltert ver\u00f6ffentlicht den Brief und eine Pressemitteilung.<\/strong><\/p>\n<p><em>Zugesandt von Hans-Joachim Feuchter aus Schrozberg, Vorsitzender der Fraktion Gr\u00fcne\/\u00f6dp im Schw\u00e4bisch Haller Kreistag<\/em><\/p>\n<p><strong>Bericht auch im Hohenloher Tagblatt und der Rundschau Gaildorf erschienen<\/strong><\/p>\n<p>Der Artikel des Haller Tagblatt-Redakteurs Karsten Dyba mit der \u00dcberschrift &#8222;Gr\u00fcne: Herbe Kritik am Landrat&#8220; ist auch auf der Kreisseite des Hohenloher Tagblatts (Crailsheim) und der Rundschau Gaildorf erschienen. Hohenlohe-ungefiltert hat den Artikel ganz unten verlinkt.<\/p>\n<p><strong>Der Offene Brief von Hans-Joachim Feuchter an Tanja Kurz, Redaktionsleiterin des Haller Tagblatts, zum Nachlesen:<em> <\/em><\/strong><\/p>\n<p><strong>Hallo Frau Kurz,<\/strong><\/p>\n<p>Herr Dyba ist ja heute wieder seiner Lieblingsbesch\u00e4ftigung nachgegangen: durch Weglassungen, Hinzuf\u00fcgungen und versteckte Kommentierungen gezielt  falsche Eindr\u00fccke zu vermitteln. Nun st\u00f6rt mich in seinem Bericht zur Abl\u00f6sung der Regierungspr\u00e4sidenten nicht prim\u00e4r, dass er die inhaltliche Kritik an Schmalzl v\u00f6llig gestrichen (wirklich! komplett!) hat \u2013 so als g\u00e4be es die als R\u00fcckgrat unserer Argumentation gar nicht. Aber ich wei\u00df ja, wen interessieren schon Inhalte, wenn der Journalist nur den Knaller (endlich kritisiert der Feuchter den Landrat!) will.<\/p>\n<p><strong>Gr\u00fcne wollen f\u00fcr Schmalzl auch keine Pensionen bezahlen<\/strong><\/p>\n<p>Es st\u00f6rt mich auch weniger, dass wir gerade Schmalzls Parteizugeh\u00f6rigkeit nicht st\u00f6rend finden (siehe Verweis auf Bulling und den T\u00fcbinger Pr\u00e4sidenten). Besonders \u00e4rgerlich finde ich die Hinzuf\u00fcgung einer Kommentierung von Herrn Sakellariou, der f\u00fcr Schmalzl keine Pensionen zahlen will. Dummerweise sehen wir das aber genauso und haben das am Ende der Presseerkl\u00e4rung auch deutlichst geschrieben. Jetzt kommt der Artikel so daher, als wollten die Gr\u00fcnen f\u00fcr Schmalz Pensionen zahlen und der SPD-MdL nicht. Die so transportierte Info ist schlicht und einfach falsch und wissentlich irref\u00fchrend. Und ich sage, Herr Dyba wei\u00df das auch.<\/p>\n<p><strong>Besser in eine seri\u00f6se Berichterstattung einbinden<\/strong><\/p>\n<p>Ich wei\u00df nun schon lange, dass es Herr Dyba mit dem, was Fakt ist, nicht so genau nimmt. Ich wei\u00df aber nicht so genau, ob das dem generellen Kurs des Haller Tagblatts entspricht und deshalb wende ich mich an Sie. Vielleicht k\u00f6nnten Sie ja versuchen Ihren jungen Kollegen etwas besser in eine seri\u00f6se Berichterstattung einzubinden. Ich werde mir erlauben Ihnen noch heute einen sehr kurz gehaltenen Leserbrief zur Richtigstellung des o.a. falschen Eindrucks zukommen zu lassen, mit der Bitte ihn  zeitnah zu ver\u00f6ffentlichen.<\/p>\n<p>Gr\u00fc\u00dfe<\/p>\n<p>Hans-Joachim Feuchter, Fraktionsvorsitzender Die Gr\u00fcnen\/\u00d6DP im Kreistag Schw\u00e4bisch Hall, Bovenzenweiler 6, 74575  Schrozberg<\/p>\n<p><strong>Weitere Informationen und Kontakt:<\/strong><\/p>\n<p>Hans-Joachim Feuchter<\/p>\n<p>Telefon: 07939-8025<\/p>\n<p>Fax: 07939-8027<\/p>\n<p>E-Mail: Fam-Feuchter@t-online.de<\/p>\n<p><strong>Leserbrief\/Presseerkl\u00e4rung (PE) zum heutigen Dybatext,  Regierungspr\u00e4sident Schmalz betreffend (Haller Tagblatt, Hohenloher Tagblatt, Rundschau Gaildorf vom Mittwoch, 22. Februar 2012)<\/strong><\/p>\n<p>Wenn Sie das als PE oder sachliche Richtigstellung ver\u00f6ffentlichen wollen (wogegen wir gar nichts haben), legen wir Wert darauf, dass die weggelassenen inhaltlichen Komponenten eingef\u00fcgt werden (s.u.)! Gerne liefern wir dazu (auch schnell) eine Vorlage.<\/p>\n<p>&#8220; Zum Bericht in der S\u00fcdwestpresse vom 22.2.  zur anstehenden Abl\u00f6sung des Regierungspr\u00e4sidenten Schmalzl  erkl\u00e4ren die Gr\u00fcnen:<\/p>\n<p>Die Gr\u00fcnen st\u00f6rt die FDP-Parteizugeh\u00f6rigkeit Schmalzls keineswegs. Auch Mitglieder anderer Parteien k\u00f6nnen gute Regierungspr\u00e4sidenten sein. Der fr\u00fchere Pr\u00e4sident Bulling und der gegenw\u00e4rtige aus T\u00fcbingen (beide CDU) sind hier f\u00fcr die Gr\u00fcnen gelebte  (!) Beispiele.<\/p>\n<p>Herr Schmalzl ist aus unserer Sicht kein guter Regierungspr\u00e4sident. Wir haben daher Herrn Schmalz prim\u00e4r inhaltlich kritisiert (seinen Umgang mit Stra\u00dfenbauma\u00dfnahmen und mit dem Denkmalschutz an zwei  repr\u00e4sentativen F\u00e4llen, die sich erg\u00e4nzen lassen).<\/p>\n<p>Wir wollen Herrn Schmalzl auch nicht in den vorzeitigen Ruhestand versetzen und ihm ein dickes  Ruhegehalt zahlen, sondern er soll an &#8222;weniger bedeutender Stelle&#8220; weiterarbeiten.<\/p>\n<p>Dies alles war und ist Bestandteil unserer Presseerkl\u00e4rung gewesen. Dem zust\u00e4ndigen Redakteur des Haller Tagblatts hat es aber gefallen, diese essentiellen Teile \u2013 aus welchen Gr\u00fcnden auch immer \u2013 wegzulassen. Er hat damit auf jeden Fall einen falschen Eindruck erweckt und unsere Absichten verf\u00e4lscht, teilweise sogar ins Gegenteil verkehrt.&#8220;<\/p>\n<p>Hans-Joachim Feuchter, Schrozberg-Bovenzenweiler<\/p>\n<p><strong>Der Bericht von Karsten Dyba auf der Kreisseite des Haller Tagblatts, des Hohenloher Tagblatts und der Rundschau Gaildorf:<\/strong><\/p>\n<p><a href=\"http:\/\/www.swp.de\/crailsheim\/lokales\/landkreis_schwaebisch_hall\/Gruene-Herbe-Kritik-am-Landrat;art5722,1347362\" target=\"_blank\">http:\/\/www.swp.de\/crailsheim\/lokales\/landkreis_schwaebisch_hall\/Gruene-Herbe-Kritik-am-Landrat;art5722,1347362<\/a><\/p>\n<p>&nbsp;<\/p>\n<div class=\"pdf24Plugin-cp\"> \t<form name=\"pdf24Form0\" method=\"post\" action=\"https:\/\/doc2pdf.pdf24.org\/wordpress.php\" target=\"pdf24PopWin\" onsubmit=\"var pdf24Win = window.open('about:blank', 'pdf24PopWin', 'resizable=yes,scrollbars=yes,width=600,height=250,left='+(screen.width\/2-300)+',top='+(screen.height\/3-125)+''); pdf24Win.focus(); if(typeof pdf24OnCreatePDF === 'function'){void(pdf24OnCreatePDF(this,pdf24Win));}\"> \t\t<input type=\"hidden\" name=\"blogCharset\" value=\"Cw1x07UAAA==\" \/><input type=\"hidden\" name=\"blogPosts\" value=\"MwQA\" \/><input type=\"hidden\" name=\"blogUrl\" value=\"yygpKSi20tcvLy\/Xy8jPSM3LARK6pXnpqWmZOSWpRSV6KakA\" \/><input type=\"hidden\" name=\"blogName\" value=\"88jPSM3LARK6pXnpqWmZOSWpRSUA\" \/><input type=\"hidden\" name=\"blogValueEncoding\" value=\"gzdeflate base64\" \/><input type=\"hidden\" name=\"postId_0\" value=\"MzQ2sLQEAA==\" \/><input type=\"hidden\" name=\"postTitle_0\" value=\"NYs7CsJAEECvMiCkC8hWQnp\/KfUC4zLsDs5OYHaSwso7eBcru9zEk5gUdg\/ee81mF0LoTppRXDhmgt7Y+Q6ocIm5oDwEpvktwgkSVbc10mb9th18n6\/\/MA0KB5s\/Str2RlwNHY6otT0PGDMX2NMYs5MBlkWILHTFdBN0\/wE=\" \/><input type=\"hidden\" name=\"postLink_0\" value=\"yygpKSi20tcvLy\/Xy8jPSM3LARK6pXnpqWmZOSWpRSV6Kan69gW2hsYGlpYA\" \/><input type=\"hidden\" name=\"postAuthor_0\" value=\"AwA=\" \/><input type=\"hidden\" name=\"postDateTime_0\" value=\"MzIwNNI1MNI1MlYwNLUyMLIyMQcA\" \/><input type=\"hidden\" name=\"postContent_0\" value=\"vVhNbxtHEr3vryh7gUAC+OHQcZTIirBRJPlDdlawbAvIxejRFIdtzvQQ3TNmlqf9DwFyWiAX\/QadfOM\/2V+yr6pnhpRIZRNgsQdb5HCmu+rVq1ev52B2eBAqX7rs8MQ6dvT38Zjl75G3PKZF7SnjWW5chWvfJ\/nyJtQuo5QDveHMsse3MPPL62BT1psuriaFyRc51S7FfQWdew6BE\/b2alKRLei5yXP29NZkSW6qij6Vjl7bqpqXV5MejUYDOuXE18bT6NGXI5qYCo+40H9ZmqsJnj\/lGiux79H70gdbLdilWE\/+nXozrSzWe+aXnx0PlzfpTLZEUPPldWLD1aTd\/syzDZXJyDhKLSOdND4bcrZY3TrN8k6wPXxyHw2d1X4BZLAecErYDeh5OWGX478+IOGxzbEGcmO\/vBFIq1zTTztoBR4G5A0+BQBgm+PZwcGwqcjBcHb4lwNUiIvDn2rsZlwa4dqKB5k6SKa+XADt7H8Dz8EQm3eBNIEdNcU02Fgr2ua+VtVYfk9v8AHrmpqeGZunpR8Te1ywQrONVI\/xxPe+slPOt8Hfj1Xi2gc6Mz4I4Y7\/kRgCfLrb8l+Jru7tuKIv\/vrNaDR6GpPdp+fsE0ZiFsuTKegV4PSm0rsePSWkGxMy9VjXUgiCkCGGsplkoJ0fPLIKE7bF7h9L+T6mCM2FHW32mXELrCgZgkS5ddNqcLcOglZs2IZUv8MNt8bc3h9ke+hBAQr6EWvlHNjtCxOpocRdkjbfZYlSmFbHrTZuRBl8LJogjogmXAPiuWXBLkhPeHqFrkLOWUikx5bX48pmIjwOoWQMbDJEQ2ntUa9LznITRJfY9ei5dYt6vPyc6XetCfADU67AGzoriwLNGIULP2e8sJxXRGOTYyMmqGAKvlxNGanLk9qYOcr2Y+0oVMsb1KqwwnsXgy2obQdRy3WN9PdppNPbZ94Wy2vIWIroSVoUMmTdxOQqFiuqronqp+VNnttMpKeSTbHYztz6qTzwgKZlMcu5qh7sKp3+\/c9fKJSEzChDezOhwrKHXHgjOWagPxAK7LXtslqwMaoQGeRXwxwgJfwqGc\/ZLn9DxXr45BApeAPpQoL4BvDw1AuNnvUGpwi8LGvvTC6ldrVXhp+5yLIdCJPETVPJU9aJPdxxVm5umhQZzW2eb3RA7G2al1jREcruV1hpM0+jxrILyAq3JLwwIPOm8pyEW9XVh5GFzbitEHAG7t6k3O0R6Nx46PYC6jzBwzbDflVTX10OOdIYnJJCIUVU9T17ABlUZo7qXFjeKAdadPk5wXfkfr7Gl90BKBZKkfFAYEwmeoDwdF2tjFR1nfgUu+gW26M4oPlAJwOFyY23Zd1TyG8DdxeziFgsAB3XWFMzYPB\/ote9AERGeIKmwhgqNaMJrrj4U0EnEmuqmcm8Y3AWqUhcCnUKEZCkwJNbY\/UlV4tKiF1EcrTyiC1SM5HaCJul\/tJYgkOkxG0ybCbTavXF+XH\/dfqq5foxFsDSlYeIzkov0EE1XrhxqWqFwOIcb6b32EgZVDr00lwGRpz1ZL1nxDARCgzoHX6Vq8FkaI+VBsaeUowAw2Bz0mJBL1qjNcFnC3nhVnJE2KDTTcUT5dkGs190revqtlFzUdBWecJaPHGQFuhghHSKGSF591pGl7G++Ip6DGi1stb+9k09KhNNTEwgrkAmtEnPZHhvGzYE5KCTHb64B2qSSBc2NI+dCf5aHtB7K+vp3dPljYvmE+XDRBHBr1UcXwj89DGK\/ZmohHzgSrJL\/gy2izqi2ybtEVIB4qMVTZ3oTsIuBw\/bDDRWP40W8TSNblG1US6+wjD1Seew38h2NsOMyvPWXZcDM2iHkotTqb6aBtw\/1aaW6SRTT0Zea36OZFSRnTiiBWTImUkzw9YsKDJoeSGNsvyNu7m83WO3njF8WneTx6tGGy5\/PT4XF9g56rt2skdH5Sd2eBRkkZJ\/3aO9r57sPaE1u3qX+ZfqS2Lv+UKHUtO2ZyWG1LTa33QW2zJof3zLOY9LmIZHe98+\/rb\/zaPRk\/anU\/Pz2uW9biL0X8O+7aMLin672t+qfukg2TxI+W7Eq6oONzRu5\/xkV72UcMNmjW2t+Gf01laX0ClXwhV0ZCxzZGfjMLLFk\/a22c9PZfE7R6zdDSQvZXxLM6kwyZg7oVLtmYkKyBukvUuzdibvzMtMm07HZ+sqQhwOuz3Kux8v1QAYOMdxo0wi53POMo5MV9PR2SPp52ImrJDOZxmbMv2q2Jwybgf1YPcBPWOP7s5RFnxohhXaYkfHDnBySGA3SgAOTDn0ueuQ9mjwU70yeTb6movl53QOEzbTSivAgBXAakeDiJXMxvRPn5qpIc3tYbbfnY\/WBlxjV+S20+Pz\/lYnsjIqOtQD0AxwdJI6+JDl0XQb6WkZzboEllZBFXssQnZPyGJ+MTDFPSCgifTqyrTccTbiC1BmqIIX9utJtfU6qFTCeIh+OH63S8GKcbCtJ1kf6KABJ4iHduAGj6A1M0yAVbF0hnU4xtNc6NztRRwUiFmT2m7NB3QJerS2Rbqq8UtNLzaOfY2F6951J0TJf1fI+URV+QJGAhLrElMX+ABFLhoRa+Ys8HPTQmW+rhYy2xbQSCLPGlW049BOOl1eSzv1FJEgO0Mzl9ciqs0c2O2QkCSa7rsVf2OJ3YrHOFuWXmaFStKbegJGm+bExKL1GqudFNIf2BrHokB6X5xmjZvqUXSnTk4xATtLIs3pu\/HQ0DGxeHF6XIhocNtdc1V6g8M5\/q7GE6gu2oODJ7yIj4GgqEcxRHlZ0hV3Q24znst5VehZoCHRKdcujTm2LxC2WxA5NnFnZcemwzzI6SmomVZg38ok0xOWsGzOuSqSUlVgbd6MwCnrPWi7RR3LNKATHw\/7Rjggp4CPLI+cYrPGNGzMfRLHjQOsohCzhq4EtSn6fmAMeuARqL8A07jzUuTWugAJzKRngRhuncKRVIMG\/P8y\/FfjuX97hG97E9EqpJwzbr2cue+FysbLhntfs9z\/ZmXTBRwYgukbf\/dwUlWz\/eFwPp8PwnyGgT286l7WDPNyakCtIYxwOpW4PmDduWF1LR\/A7Xz4zNeYOX19bdSPZ\/E+rEBzIn0KrXyyNxr1vnz81d7jr0cPqTI4mVXfPfyAoN304eH\/d\/+Doekg+MIlYRZr+x8=\" \/> \t\t<a href=\"https:\/\/www.pdf24.org\" target=\"_blank\" title=\"www.pdf24.org\" rel=\"nofollow\"><img src=\"https:\/\/www.hohenlohe-ungefiltert.de\/wp-content\/plugins\/pdf24-post-to-pdf\/img\/pdf_32x32.png\" alt=\"\" border=\"0\" height=\"32\" \/><\/a> \t\t<span class=\"pdf24Plugin-cp-space\">&nbsp;&nbsp;<\/span> \t\t<span class=\"pdf24Plugin-cp-text\">Sende Artikel als PDF<\/span> \t\t<span class=\"pdf24Plugin-cp-space\">&nbsp;&nbsp;<\/span> \t\t<input class=\"pdf24Plugin-cp-input\" style=\"margin: 0px;\" type=\"text\" name=\"sendEmailTo\" placeholder=\"Emailadresse\" \/> \t\t<input class=\"pdf24Plugin-cp-submit\" style=\"margin: 0px;\" type=\"submit\" value=\"Senden\" \/> \t<\/form> <\/div>","protected":false},"excerpt":{"rendered":"<p>Einen Offenen Brief zur geplanten Abl\u00f6sung des Regierungspr\u00e4sidenten Schmalzl und dem Pressebericht im Haller Tagblatt von Mittwoch, 22. Februar 2012 hat Hans-Joachim Feuchter, Vorsitzender der Fraktion Gr\u00fcne\/\u00f6dp im Schw\u00e4bisch Haller Kreistag an die Redaktionsleiterin des Haller Tagblatt, Tanja Kurz geschrieben. Hohenlohe-ungefiltert ver\u00f6ffentlicht den Brief und eine Pressemitteilung. Zugesandt von Hans-Joachim Feuchter aus Schrozberg, Vorsitzender der [&hellip;]<\/p>\n","protected":false},"author":3,"featured_media":0,"comment_status":"open","ping_status":"open","sticky":false,"template":"","format":"standard","meta":[],"categories":[],"tags":[],"_links":{"self":[{"href":"https:\/\/www.hohenlohe-ungefiltert.de\/index.php?rest_route=\/wp\/v2\/posts\/13099"}],"collection":[{"href":"https:\/\/www.hohenlohe-ungefiltert.de\/index.php?rest_route=\/wp\/v2\/posts"}],"about":[{"href":"https:\/\/www.hohenlohe-ungefiltert.de\/index.php?rest_route=\/wp\/v2\/types\/post"}],"author":[{"embeddable":true,"href":"https:\/\/www.hohenlohe-ungefiltert.de\/index.php?rest_route=\/wp\/v2\/users\/3"}],"replies":[{"embeddable":true,"href":"https:\/\/www.hohenlohe-ungefiltert.de\/index.php?rest_route=%2Fwp%2Fv2%2Fcomments&post=13099"}],"version-history":[{"count":5,"href":"https:\/\/www.hohenlohe-ungefiltert.de\/index.php?rest_route=\/wp\/v2\/posts\/13099\/revisions"}],"predecessor-version":[{"id":13107,"href":"https:\/\/www.hohenlohe-ungefiltert.de\/index.php?rest_route=\/wp\/v2\/posts\/13099\/revisions\/13107"}],"wp:attachment":[{"href":"https:\/\/www.hohenlohe-ungefiltert.de\/index.php?rest_route=%2Fwp%2Fv2%2Fmedia&parent=13099"}],"wp:term":[{"taxonomy":"category","embeddable":true,"href":"https:\/\/www.hohenlohe-ungefiltert.de\/index.php?rest_route=%2Fwp%2Fv2%2Fcategories&post=13099"},{"taxonomy":"post_tag","embeddable":true,"href":"https:\/\/www.hohenlohe-ungefiltert.de\/index.php?rest_route=%2Fwp%2Fv2%2Ftags&post=13099"}],"curies":[{"name":"wp","href":"https:\/\/api.w.org\/{rel}","templated":true}]}}