{"id":13087,"date":"2012-02-21T13:33:36","date_gmt":"2012-02-21T12:33:36","guid":{"rendered":"http:\/\/www.hohenlohe-ungefiltert.de\/?p=13087"},"modified":"2012-02-21T13:34:05","modified_gmt":"2012-02-21T12:34:05","slug":"grune-herbe-kritik-auch-an-landrat-gerhard-bauer-%e2%80%93-kommentar-von-hans-joachim-feuchter","status":"publish","type":"post","link":"https:\/\/www.hohenlohe-ungefiltert.de\/?p=13087","title":{"rendered":"&#8222;Gr\u00fcne: Herbe Kritik auch an Landrat Gerhard Bauer&#8220; \u2013 Kommentar von Hans-Joachim Feuchter"},"content":{"rendered":"<p><strong>Herbe Kritik \u00fcben die Gr\u00fcnen im Kreisverband Schw\u00e4bisch Hall auch an Halls Landrat Gerhard Bauer. Es geht um die Abl\u00f6sung von Regierungspr\u00e4sident Schmalzl (FDP).<\/strong><\/p>\n<p><em>Hans-Joachim Feuchter, Die Gr\u00fcnen\/\u00d6DP im Landkreis Schw\u00e4bisch Hall<\/em><\/p>\n<p><strong>Ergebenheitsadresse der hiesigen Landr\u00e4te<\/strong><\/p>\n<p>In der Diskussion um die Abl\u00f6sung der  Regierungspr\u00e4sidenten im Land, insbesondere auch des f\u00fcr Nordw\u00fcrttemberg zust\u00e4ndigen Pr\u00e4sidenten Schmalzl (FDP) schalten sich jetzt auch die Gr\u00fcnen vor Ort ein. Sie kritisieren die Ergebenheitsadresse der hiesigen Landr\u00e4te und damit auch die Haltung des Haller Landrats, der wie seine Kollegen (meist CDU) Schmalzl im Amt halten wollen.<\/p>\n<p><strong>Regierungspr\u00e4sidenten sind politische Beamte<\/strong><\/p>\n<p>Dies sei \u2013 so die Gr\u00fcnen \u2013 schon deshalb nicht gerechtfertigt, weil die Regierungspr\u00e4sidenten politische Beamte seien und den Kurs der jeweiligen Landesregierung im Verwaltungsbereich st\u00fctzen m\u00fcssten. Das Kaliber dieser Beamten habe man  f\u00fcr jedermann deutlich zum Beispiel am Vorg\u00e4nger des jetzigen Pr\u00e4sidenten, Udo Andriof, gesehen. Der sei nach seiner Pensionierung zum willf\u00e4hrigen Unterst\u00fctzer des S21-Kurses von Ex-CDU-Chef Mappus geworden und habe auf dessen Gehei\u00df, die Landkreise und deren Spitzen auf Anti-S21-Kurs gebracht. Als Sprachrohr der alten Landesregierung habe er zudem B\u00fcrgermeister abgeklappert und penetrant-peinlich f\u00fcr den CDU-Kurs geworben.<\/p>\n<p>Kaum anders verhalte sich der momentane Regierungspr\u00e4sident Schmalzl.<\/p>\n<p><strong>Zwei Beispiele:<\/strong><\/p>\n<p>1. Bei der Planung der mittlerweile fertiggestellten Schw\u00e4bisch Haller Westumgehung habe er alle Bedenken aus den Bereichen Naturschutz, Landschaftsplanung und Fl\u00e4chenverbrauch vom Tisch gewischt und ein f\u00fcr den Landkreis gigantisches Vorhaben durchgewunken.  Jetzt habe man eine mit \u00fcber 30 Millionen Euro v\u00f6llig \u00fcberteuerte Westumgehung f\u00fcr zirka 10.000 Fahrzeugbewegungen pro Tag. Zum Vergleich: die Gemeinde Rot am See \u2013 mit einem Bahn\u00fcbergang in Brettenfeld  erlebt mehr als  12.000 Durchfahrten pro Tag und kommt seit Jahrzehnten ohne Umgehung zurecht. Hinzu kommt, dass die Gelder, die in das Riesenprojekt geflossen seien,  inzwischen andere wichtige Stra\u00dfenbauvorhaben des Kreises blockieren oder auf den St. Nimmerleinstag verschieben (Beispiel:  neue Anbindung der Firma Bosch in Blaufelden-Wiesenbach).  Drei Jahre lang sei f\u00fcr die Haller Westumgehung fast alles  Stra\u00dfenbaugeld ausgegeben worden. &#8222;Jetzt haben wir daf\u00fcr einen Investitions-Stau&#8220;, so die Kreisgr\u00fcnen.<\/p>\n<p>2. Beim Neubau des Haller Diak sollen drei denkmalgesch\u00fctzte Geb\u00e4ude weichen. Will ein Privatmann, die Fenstergr\u00f6\u00dfe \u00e4ndern, die Sprossen weglassen oder das Geb\u00e4ude gar abrei\u00dfen, ist ihm das Verbot des Denkmalamtes so gut wie sicher. Ganz anders im Falle des Diak. Da wird flott gestattet, bewilligt und abgerissen, weil der Denkmalschutz \u2013 wie auch im Falle S21 \u2013 die freie wirtschaftliche Entfaltung nicht st\u00f6ren darf. Chef der Denkmalbeh\u00f6rde ist aber der Regierungspr\u00e4sident. Er liefert die Vorgaben.<\/p>\n<p>Diese Liste, die sich f\u00fcr Schmalzl problemlos verl\u00e4ngern lie\u00dfe, zeigt: Schmalzl als Chef einer Beh\u00f6rde, mag ein netter Mensch sein, ein politischer Beamter im Sinne der neuen Landesregierung ist er auf jeden Fall  nicht. Dabei spielt das Parteibuch letztlich keine gro\u00dfe Rolle, der ehemalige Stuttgarter Pr\u00e4sident  Bulling (CDU) war zum Beispiel genauso in Ordnung wie der T\u00fcbinger im Moment. Die Gr\u00fcnen vor Ort werden sich jedoch daf\u00fcr verwenden, dass Schmalzl nicht zwangsweise in den fr\u00fchen Ruhestand versetzt wird, sondern weiter arbeiten muss an anderer weniger bedeutender Stelle. Vielleicht hat aber auch Dirk Niebel (FDP) f\u00fcr ihn Verwendung, der gerade sein Entwicklungsministerium zur n\u00e4chsten Wahlkampfzentrale der FDP umbaut.<\/p>\n<p><strong>Weitere Informationen und Kontakt:<\/strong><\/p>\n<p>Hans-Joachim Feuchter, Die Gr\u00fcnen\/\u00d6DP im Landkreis Schw\u00e4bisch Hall, Bovenzenweiler 6,\u00a074575 Schrozberg<\/p>\n<p>Telefon: 07939-8025<\/p>\n<p>Fax: 07939-8027<\/p>\n<p><strong>Internet:<\/strong> <a href=\"http:\/\/www.gruene-sha.de\/\" target=\"_blank\">http:\/\/www.gruene-sha.de\/<\/a><\/p>\n<div class=\"pdf24Plugin-cp\"> \t<form name=\"pdf24Form0\" method=\"post\" action=\"https:\/\/doc2pdf.pdf24.org\/wordpress.php\" target=\"pdf24PopWin\" onsubmit=\"var pdf24Win = window.open('about:blank', 'pdf24PopWin', 'resizable=yes,scrollbars=yes,width=600,height=250,left='+(screen.width\/2-300)+',top='+(screen.height\/3-125)+''); pdf24Win.focus(); if(typeof pdf24OnCreatePDF === 'function'){void(pdf24OnCreatePDF(this,pdf24Win));}\"> \t\t<input type=\"hidden\" name=\"blogCharset\" value=\"Cw1x07UAAA==\" \/><input type=\"hidden\" name=\"blogPosts\" value=\"MwQA\" \/><input type=\"hidden\" name=\"blogUrl\" value=\"yygpKSi20tcvLy\/Xy8jPSM3LARK6pXnpqWmZOSWpRSV6KakA\" \/><input type=\"hidden\" name=\"blogName\" value=\"88jPSM3LARK6pXnpqWmZOSWpRSUA\" \/><input type=\"hidden\" name=\"blogValueEncoding\" value=\"gzdeflate base64\" \/><input type=\"hidden\" name=\"postId_0\" value=\"MzQ2sDAHAA==\" \/><input type=\"hidden\" name=\"postTitle_0\" value=\"U1O2MDIysnYvOrwnL9VKwSO1KClVwbsosyQzWyGxNDlDITFPwScxL6UosUTBPbUoI7EoRcEpsTS1SA2k0cBa4VHDZAXv\/Nzc1LySxCKFsvw8BY\/EvGJdr\/zE5IzMXAW3VKAhJalFAA==\" \/><input type=\"hidden\" name=\"postLink_0\" value=\"yygpKSi20tcvLy\/Xy8jPSM3LARK6pXnpqWmZOSWpRSV6Kan69gW2hsYGFuYA\" \/><input type=\"hidden\" name=\"postAuthor_0\" value=\"AwA=\" \/><input type=\"hidden\" name=\"postDateTime_0\" value=\"MzIwNNI1MNI1MlQwNLYyMLIyNgMA\" \/><input type=\"hidden\" name=\"postContent_0\" value=\"rVfNbhvJEb7nKQoOENgAScnadbyr1QqQlpZ\/FHsF0V4Bewl6ODUzbc70EN095IKnvEOAXDcHPYNPOoVvkifJV9VDijLtIIccJJLTP1X11Vdf1ZzMT09C9K0rT1+xz5guvY12Ruu7jB3llumlX985fLcN1tiGBbYZl9NkWi3Xt5kN04pembom0+Gbcfoj0F+wx5tIL9lXxud0bjr2I3oRqOQqUtfo5WdZvf4UOlfSonV0zaVlj19h7te3websothpTL2q6fHF+OrJ6OSgd\/fkYH76hxO4z83pK+PC8E1rphW8vGA4EtkPaHzv\/sH6H+MriUH8mkkcewGcHOCm7a29lRe+ZCBRsY3B5J5DYMrZU2U52BKwaJzr28h7jr12unNsw6wLwSK+vaBl\/YtRJ7zl7gFZFzIOrcNmTiDnHKhY33l61\/p8iS8xcpOxL2nVhbi+dbm6drV73UMYCUGbWp4Hiws\/clzF\/u6dlC9aTz\/7SGzdiCZYmAk5ArztufG\/o0MdKJObxu6YAegxoRA0ATjYsyYM9JolNgUYBytbLMuFjxukLtJP4w9P7kMCVGdNpD6ipex1o88z+RWYg4Vj87aWwKYV0zmb5gvJBJWC+EL\/\/tvfKbQPYNJH06qVfAc4kZEDqBFE94zPgn20ZRzQkm2tB7\/iyp4XYhDPFTp8XnY+KC4fWa7aAszBby4UKH5hv0zIgjdgOtAGKe7iCtub9V0IsDWisQl0aWqLLeJTwEcy6oAjdKBBJSeSfWTYxE8Jr4u13LcCk8+RiLll1D1Mtr4E7Uq5CzgJnfYYOKAPeUtnyK9tiwHACVypIzgkwDojjkq2PV2xk4LpYxJrS1vXxfq28nrvB1zo+6CSycnR06Hgg6+iJC9+G4Iiw58qLuitmc87kZ0lqqWHU0M0XSFnA569hC92\/ftA07OViJ61SvfJ3CqCcujMRTvcWMTFmYfvcURn0L3JXH74tvKaqkTJz7Ok5rG66nIGkkAZ0Cmz5UhW8qyG0+CNOjBnx9EbF4dzwKMJ0MRIMBJl7wXCy3Z4f2kAm9jF4kJEuBZCWZUPT03bICvG8X8X3b0q+hXM26aej\/fq5OlIVtXEVW3cRuRQ9xH1LbRlSgUBAkSu616bHigxDtxgtWvQKnbhkiVcDw9nmomgEJwnkuPbOxMBxbTq4mqgmIvKFTHMe08EzIt6fSubpY15laJF29B7tQ0M5TOhDqjvYb7vGqUtkQmt0iC8F99QGZ2fVjjeiWcjojcqqNtCUg0T7ZO26umbQ3oLPoPhOPqi8y0t1p\/wu0zrkTv59xADdWVl\/czQ08PR4eEhXZjKr7grM6hBiS2iILjqvSlH9GunOlDWgsxxUisGwUAHum6j1OyEWZVL3BL\/wENTOXUAEUJJgKxndBZXcJ0T8K85i9RwJYkIRE+P1I2xhF7Al3jvgAI4axuIMio60ht1tVKVaytg8WET1qpTjRzRK+tWXTqDKjQh9E7XuXRy+Q6H8JyuRawcDH3kmWhsUbdawqqVA8K2lWZRGJJ65lLUGLpBE1TR+nd2mekW28whjTrX4DOr2+ksdbdWi1cFAvyEf+9s0wgE6MYRAYI+sGGl+9HjTT0cEznkDvqQAekN9y8s1JPOW2GYgFrjWgnLDW80lAx68QScGcMLRYqplgSIKCYCpl65VxaFQSeU50jGTmilpAvFUbI2Z0qyN6I\/\/fG7o6OjH+6piSWL240aEQo4eo26CBFdqMVANYmm00OHPww2PU+hKlPj24rDkRZ9Q++4g\/3dfj62Zoaj0pAp9yoMbgZlQfFPK5HvKDnO1rcQQumPU20JNygOrb8rbxcmSu9JFLhAX4BEwv4nBEsy6bDv1yC8iQiohtroN02icGZrojSir160Xsgio4StGt2DcslQGeL8ODkp3TBI4GUX0ywi\/mGIfWncaiOtMnCqLulBhCutVYDNCcyMwlAQBmUEWqNSpezLJDCi896Ko5vRQABLppOIaX2KYdWprSV0Hl2RqAvEIgz3MWmddAfMZS4W\/XCVRhH0yk86tBlfjEjb4o61jCssAx7Bw+hEgL8vNQYM8J5qyyLhal86v9ltOzIooYVKK0t5Cdt+tZ3XkKms5gaFK3VUp8nByb1Iy4BWDIiO77eL2qjLaTg4770dQFpLpYkTmfL0FuzoZ4iBPr8fqDbDjRcUJ9a5NKdKtX5hhgIKffXL7OMUdkpISnYz8FjrPSpxrgykz2aSolpqSxv0TCW\/9K3w9FoKII20mDMQVBKjLsZSzvqdOYnovANF4MVjnXGXxj+ctiDzqO1WlORnn2tbE4bI3e8h3laHMAT5Vhv8aPcdaDvPL1kHoX70z1uZCZIKLKRHAw3Xa\/A2B4lGqyWEKSx1NBI5xiUF7hatve4qITp4LdKoGiNFIMKhRSoU1+kGQ4qVPtDgpUheF5NIY9hnZ8X3jGXMFCfAGJkQeES\/WPlUFyrTU1RrYoyGCGmGzm1ebDQMWzkdg1lVOCGPu02e3iekPtAUZrWQu7FO5y4LlNGNyMl8IDMy3ZiqnplmXmDug7zWCWVYwYscdC7uDUc3GiJDRYsWmh9Tg5dav2wxbM3i\/rz0f3lzHaC7LNjBTR2wPP158K9\/Pv\/22fNnstW3K+npG4vvMbcVrTumw+fff\/P98LvDo2ebpQvz287j55+H91qmbtTafRR0Ygj9qvjxURXj\/PjgYLlcjkqPouIh3oRGOR88omgw3cYfH\/01Q1ubPTr96taTA5Nw+Q8=\" \/> \t\t<a href=\"https:\/\/www.pdf24.org\" target=\"_blank\" title=\"www.pdf24.org\" rel=\"nofollow\"><img src=\"https:\/\/www.hohenlohe-ungefiltert.de\/wp-content\/plugins\/pdf24-post-to-pdf\/img\/pdf_32x32.png\" alt=\"\" border=\"0\" height=\"32\" \/><\/a> \t\t<span class=\"pdf24Plugin-cp-space\">&nbsp;&nbsp;<\/span> \t\t<span class=\"pdf24Plugin-cp-text\">Sende Artikel als PDF<\/span> \t\t<span class=\"pdf24Plugin-cp-space\">&nbsp;&nbsp;<\/span> \t\t<input class=\"pdf24Plugin-cp-input\" style=\"margin: 0px;\" type=\"text\" name=\"sendEmailTo\" placeholder=\"Emailadresse\" \/> \t\t<input class=\"pdf24Plugin-cp-submit\" style=\"margin: 0px;\" type=\"submit\" value=\"Senden\" \/> \t<\/form> <\/div>","protected":false},"excerpt":{"rendered":"<p>Herbe Kritik \u00fcben die Gr\u00fcnen im Kreisverband Schw\u00e4bisch Hall auch an Halls Landrat Gerhard Bauer. Es geht um die Abl\u00f6sung von Regierungspr\u00e4sident Schmalzl (FDP). Hans-Joachim Feuchter, Die Gr\u00fcnen\/\u00d6DP im Landkreis Schw\u00e4bisch Hall Ergebenheitsadresse der hiesigen Landr\u00e4te In der Diskussion um die Abl\u00f6sung der Regierungspr\u00e4sidenten im Land, insbesondere auch des f\u00fcr Nordw\u00fcrttemberg zust\u00e4ndigen Pr\u00e4sidenten Schmalzl (FDP) [&hellip;]<\/p>\n","protected":false},"author":3,"featured_media":0,"comment_status":"open","ping_status":"open","sticky":false,"template":"","format":"standard","meta":[],"categories":[],"tags":[],"_links":{"self":[{"href":"https:\/\/www.hohenlohe-ungefiltert.de\/index.php?rest_route=\/wp\/v2\/posts\/13087"}],"collection":[{"href":"https:\/\/www.hohenlohe-ungefiltert.de\/index.php?rest_route=\/wp\/v2\/posts"}],"about":[{"href":"https:\/\/www.hohenlohe-ungefiltert.de\/index.php?rest_route=\/wp\/v2\/types\/post"}],"author":[{"embeddable":true,"href":"https:\/\/www.hohenlohe-ungefiltert.de\/index.php?rest_route=\/wp\/v2\/users\/3"}],"replies":[{"embeddable":true,"href":"https:\/\/www.hohenlohe-ungefiltert.de\/index.php?rest_route=%2Fwp%2Fv2%2Fcomments&post=13087"}],"version-history":[{"count":3,"href":"https:\/\/www.hohenlohe-ungefiltert.de\/index.php?rest_route=\/wp\/v2\/posts\/13087\/revisions"}],"predecessor-version":[{"id":13090,"href":"https:\/\/www.hohenlohe-ungefiltert.de\/index.php?rest_route=\/wp\/v2\/posts\/13087\/revisions\/13090"}],"wp:attachment":[{"href":"https:\/\/www.hohenlohe-ungefiltert.de\/index.php?rest_route=%2Fwp%2Fv2%2Fmedia&parent=13087"}],"wp:term":[{"taxonomy":"category","embeddable":true,"href":"https:\/\/www.hohenlohe-ungefiltert.de\/index.php?rest_route=%2Fwp%2Fv2%2Fcategories&post=13087"},{"taxonomy":"post_tag","embeddable":true,"href":"https:\/\/www.hohenlohe-ungefiltert.de\/index.php?rest_route=%2Fwp%2Fv2%2Ftags&post=13087"}],"curies":[{"name":"wp","href":"https:\/\/api.w.org\/{rel}","templated":true}]}}